{"id":8676,"date":"2019-02-07T14:01:14","date_gmt":"2019-02-07T11:01:14","guid":{"rendered":"http:\/\/www.tvturk.com\/index.php\/iki-adaydan-centilmenlik-vurgusu\/"},"modified":"2019-02-07T14:01:15","modified_gmt":"2019-02-07T11:01:15","slug":"iki-adaydan-centilmenlik-vurgusu","status":"publish","type":"post","link":"http:\/\/www.tvturk.com\/index.php\/iki-adaydan-centilmenlik-vurgusu\/","title":{"rendered":"\u0130ki adaydan centilmenlik vurgusu"},"content":{"rendered":"<p>Osmangazi Belediye Ba\u015fkan\u0131 Mustafa D\u00fcndar, Cumhuriyet Halk Partisi Osmangazi Belediye Ba\u015fkan Aday\u0131 Erkan Ayd\u0131n\u2019\u0131 makam\u0131nda a\u011f\u0131rlad\u0131. G\u00f6r\u00fc\u015fmede, her iki ba\u015fkan aday\u0131 se\u00e7imler i\u00e7in birbirlerine ba\u015far\u0131lar diledi.<\/p>\n<p>Ba\u015fkan Mustafa D\u00fcndar\u2019\u0131n makam\u0131nda ger\u00e7ekle\u015fen g\u00f6r\u00fc\u015fme, olduk\u00e7a samimi bir havada ge\u00e7ti. Mustafa D\u00fcndar, nazik ziyaretinden dolay\u0131 Erkan Ayd\u0131n\u2019a te\u015fekk\u00fcr etti. Yakla\u015fan mahall\u00ee se\u00e7imlerin ele al\u0131nd\u0131\u011f\u0131 g\u00f6r\u00fc\u015fmede Erkan Ayd\u0131n\u2019a ba\u015far\u0131 dileklerini ileten Ba\u015fkan D\u00fcndar, \u201cDemokrasimizin vazge\u00e7ilmez unsuru olan se\u00e7imde, farkl\u0131 iki partinin aday\u0131 olarak yar\u0131\u015f i\u00e7erisindeyiz. Erkan Bey\u2019e centilmence bir se\u00e7im ge\u00e7irmemiz dile\u011fiyle, ba\u015far\u0131lar diliyorum. G\u00fczel bir se\u00e7im s\u00fcreci ge\u00e7irmek en b\u00fcy\u00fck arzumuz. Ortak g\u00e2yemiz Osmangazi\u2019ye en g\u00fczel \u015fekilde hizmet etmek. Bu anlamda birlik ve beraberlik \u00e7er\u00e7evesinde, se\u00e7im s\u00fcrecinde hizmetlerimiz ve projelerimiz yar\u0131\u015fs\u0131n. Centilmenlik, insaniyet ve dostluk bozulmas\u0131n. Sonunda Osmangazi\u2019nin kazanaca\u011f\u0131 bir se\u00e7im olsun\u201d diye konu\u015ftu.<\/p>\n<p>Erkan Ayd\u0131n\u2019da kendisini \u00e7ok g\u00fczel \u015fekilde a\u011f\u0131rlayan Ba\u015fkan D\u00fcndar\u2019a misafirperverli\u011finden dolay\u0131 te\u015fekk\u00fcr ederek, \u201cFarkl\u0131 partilerin adaylar\u0131 olarak birlik ve beraberlik i\u00e7erisinde bir se\u00e7im s\u00fcreci ya\u015fanaca\u011f\u0131m\u0131zdan eminim. Siyasi partiler memlekete hizmet etmek i\u00e7indir. Bizlerin de maksad\u0131 il\u00e7emize ve vatanda\u015flar\u0131m\u0131za en g\u00fczel \u015fekilde hizmet etmek. Osmangazi\u2019de sadece hizmet yar\u0131\u015f\u0131n\u0131n temel es\u00e2s\u0131na dayanan bir se\u00e7im s\u00fcreci ge\u00e7irece\u011fimizden eminim. Mustafa Bey\u2019e ba\u015far\u0131lar diliyorum\u201d dedi.<div class=\"tiled-gallery type-rectangular tiled-gallery-unresized\" data-original-width=\"500\" data-carousel-extra='null' itemscope itemtype=\"http:\/\/schema.org\/ImageGallery\" > <div class=\"gallery-row\" style=\"width: 500px; height: 334px;\" data-original-width=\"500\" data-original-height=\"334\" > <div class=\"gallery-group images-1\" style=\"width: 500px; height: 334px;\" data-original-width=\"500\" data-original-height=\"334\" > <div class=\"tiled-gallery-item tiled-gallery-item-large\" itemprop=\"associatedMedia\" itemscope itemtype=\"http:\/\/schema.org\/ImageObject\"> <a href=\"http:\/\/www.tvturk.com\/index.php\/iki-adaydan-centilmenlik-vurgusu\/iki-adaydan-centilmenlik-vurgusu-3\/\" border=\"0\" itemprop=\"url\"> <meta itemprop=\"width\" content=\"496\"> <meta itemprop=\"height\" content=\"330\"> <img decoding=\"async\" class=\"\" data-attachment-id=\"8678\" data-orig-file=\"http:\/\/www.tvturk.com\/wp-content\/uploads\/2019\/02\/iki-adaydan-centilmenlik-vurgusu_e83da57.jpg\" data-orig-size=\"1000,666\" data-comments-opened=\"\" data-image-meta=\"{&quot;aperture&quot;:&quot;0&quot;,&quot;credit&quot;:&quot;IHA&quot;,&quot;camera&quot;:&quot;&quot;,&quot;caption&quot;:&quot;G\\u00d6R\\u00dc\\u015eMEDE, HER \\u0130K\\u0130 BA\\u015eKAN ADAYI SE\\u00c7\\u0130MLER \\u0130\\u00c7\\u0130N B\\u0130RB\\u0130RLER\\u0130NE BA\\u015eARILAR D\\u0130LED\\u0130. (\\u0130HA\\\/BURSA-\\u0130HA)&quot;,&quot;created_timestamp&quot;:&quot;0&quot;,&quot;copyright&quot;:&quot;\\u0130HLAS HABER AJANSI, www.iha.com.tr&quot;,&quot;focal_length&quot;:&quot;0&quot;,&quot;iso&quot;:&quot;0&quot;,&quot;shutter_speed&quot;:&quot;0&quot;,&quot;title&quot;:&quot;\\u0130K\\u0130 ADAYDAN CENT\\u0130LMENL\\u0130K VURGUSU BA\\u015eKAN MUSTAFA D\\u00dcNDAR, ERKAN AYDIN\\u2019I A\\u011eIRLADI&quot;,&quot;orientation&quot;:&quot;0&quot;}\" data-image-title=\"\u0130ki adaydan centilmenlik vurgusu\" data-image-description=\"&lt;p&gt;\u0130ki adaydan centilmenlik vurgusu&lt;\/p&gt; \" data-medium-file=\"https:\/\/i0.wp.com\/www.tvturk.com\/wp-content\/uploads\/2019\/02\/iki-adaydan-centilmenlik-vurgusu_e83da57.jpg?fit=300%2C200\" data-large-file=\"https:\/\/i0.wp.com\/www.tvturk.com\/wp-content\/uploads\/2019\/02\/iki-adaydan-centilmenlik-vurgusu_e83da57.jpg?fit=1000%2C666\" src=\"https:\/\/i0.wp.com\/www.tvturk.com\/wp-content\/uploads\/2019\/02\/iki-adaydan-centilmenlik-vurgusu_e83da57.jpg?w=496&#038;h=330\" srcset=\"https:\/\/i0.wp.com\/www.tvturk.com\/wp-content\/uploads\/2019\/02\/iki-adaydan-centilmenlik-vurgusu_e83da57.jpg?w=1000 1000w, https:\/\/i0.wp.com\/www.tvturk.com\/wp-content\/uploads\/2019\/02\/iki-adaydan-centilmenlik-vurgusu_e83da57.jpg?resize=150%2C100 150w, https:\/\/i0.wp.com\/www.tvturk.com\/wp-content\/uploads\/2019\/02\/iki-adaydan-centilmenlik-vurgusu_e83da57.jpg?resize=300%2C200 300w, https:\/\/i0.wp.com\/www.tvturk.com\/wp-content\/uploads\/2019\/02\/iki-adaydan-centilmenlik-vurgusu_e83da57.jpg?resize=768%2C511 768w, https:\/\/i0.wp.com\/www.tvturk.com\/wp-content\/uploads\/2019\/02\/iki-adaydan-centilmenlik-vurgusu_e83da57.jpg?resize=170%2C113 170w, https:\/\/i0.wp.com\/www.tvturk.com\/wp-content\/uploads\/2019\/02\/iki-adaydan-centilmenlik-vurgusu_e83da57.jpg?resize=120%2C80 120w\" width=\"496\" height=\"330\" loading=\"lazy\" data-original-width=\"496\" data-original-height=\"330\" itemprop=\"http:\/\/schema.org\/image\" title=\"\u0130ki adaydan centilmenlik vurgusu\" alt=\"\u0130ki adaydan centilmenlik vurgusu\" style=\"width: 496px; height: 330px;\" \/> <\/a> <\/div> <\/div> <!-- close group --> <\/div> <!-- close row --> <\/div><\/p>\n","protected":false},"excerpt":{"rendered":"<p>G\u00d6R\u00dc\u015eMEDE, HER \u0130K\u0130 BA\u015eKAN ADAYI SE\u00c7\u0130MLER \u0130\u00c7\u0130N B\u0130RB\u0130RLER\u0130NE BA\u015eARILAR D\u0130LED\u0130.<\/p>\n","protected":false},"author":1,"featured_media":8677,"comment_status":"closed","ping_status":"open","sticky":false,"template":"","format":"standard","meta":{"jetpack_post_was_ever_published":false,"_jetpack_newsletter_access":"","_jetpack_dont_email_post_to_subs":false,"_jetpack_newsletter_tier_id":0,"_jetpack_memberships_contains_paywalled_content":false,"_jetpack_memberships_contains_paid_content":false,"footnotes":"","jetpack_publicize_message":"","jetpack_publicize_feature_enabled":true,"jetpack_social_post_already_shared":false,"jetpack_social_options":{"image_generator_settings":{"template":"highway","default_image_id":0,"font":"","enabled":false},"version":2}},"categories":[9],"tags":[4641,4642,1220,490],"class_list":["post-8676","post","type-post","status-publish","format-standard","has-post-thumbnail","hentry","category-siyaset","tag-adaydan","tag-centilmenlik","tag-iki","tag-vurgusu"],"jetpack_publicize_connections":[],"jetpack_featured_media_url":"https:\/\/i0.wp.com\/www.tvturk.com\/wp-content\/uploads\/2019\/02\/iki-adaydan-centilmenlik-vurgusu_584fced.jpg?fit=1000%2C783","jetpack_sharing_enabled":true,"jetpack_shortlink":"https:\/\/wp.me\/paKIfm-2fW","_links":{"self":[{"href":"http:\/\/www.tvturk.com\/index.php\/wp-json\/wp\/v2\/posts\/8676","targetHints":{"allow":["GET"]}}],"collection":[{"href":"http:\/\/www.tvturk.com\/index.php\/wp-json\/wp\/v2\/posts"}],"about":[{"href":"http:\/\/www.tvturk.com\/index.php\/wp-json\/wp\/v2\/types\/post"}],"author":[{"embeddable":true,"href":"http:\/\/www.tvturk.com\/index.php\/wp-json\/wp\/v2\/users\/1"}],"replies":[{"embeddable":true,"href":"http:\/\/www.tvturk.com\/index.php\/wp-json\/wp\/v2\/comments?post=8676"}],"version-history":[{"count":1,"href":"http:\/\/www.tvturk.com\/index.php\/wp-json\/wp\/v2\/posts\/8676\/revisions"}],"predecessor-version":[{"id":8679,"href":"http:\/\/www.tvturk.com\/index.php\/wp-json\/wp\/v2\/posts\/8676\/revisions\/8679"}],"wp:featuredmedia":[{"embeddable":true,"href":"http:\/\/www.tvturk.com\/index.php\/wp-json\/wp\/v2\/media\/8677"}],"wp:attachment":[{"href":"http:\/\/www.tvturk.com\/index.php\/wp-json\/wp\/v2\/media?parent=8676"}],"wp:term":[{"taxonomy":"category","embeddable":true,"href":"http:\/\/www.tvturk.com\/index.php\/wp-json\/wp\/v2\/categories?post=8676"},{"taxonomy":"post_tag","embeddable":true,"href":"http:\/\/www.tvturk.com\/index.php\/wp-json\/wp\/v2\/tags?post=8676"}],"curies":[{"name":"wp","href":"https:\/\/api.w.org\/{rel}","templated":true}]}}