{"id":8697,"date":"2019-02-07T14:11:52","date_gmt":"2019-02-07T11:11:52","guid":{"rendered":"http:\/\/www.tvturk.com\/index.php\/boyle-zam-gorulmedi\/"},"modified":"2019-02-07T14:11:53","modified_gmt":"2019-02-07T11:11:53","slug":"boyle-zam-gorulmedi","status":"publish","type":"post","link":"http:\/\/www.tvturk.com\/index.php\/boyle-zam-gorulmedi\/","title":{"rendered":"B\u00f6yle zam g\u00f6r\u00fclmedi"},"content":{"rendered":"<p>\u0130mzalanan protokol sonras\u0131 Bay\u0131rk\u00f6y Belediyesinde Hizmet \u0130\u015f Sendikas\u0131\u2019na ba\u011fl\u0131 10 i\u015f\u00e7inin \u00fccretine y\u00fczde 52\u2019lik zam yap\u0131ld\u0131.<\/p>\n<p>Bay\u0131rk\u00f6y Belediyesinde ger\u00e7ekle\u015fen protokol, Bay\u0131rk\u00f6y Belde Belediye Ba\u015fkan\u0131 Mustafa Yaman, Hizmet \u0130\u015f Sendikas\u0131 Ege B\u00f6lge Ba\u015fkan\u0131 Ahmet \u00d6zen ve Hizmet \u0130\u015f Sendikas\u0131 \u0130\u015f Yeri Temsilcisi \u015e\u00fckriye Atay Alkan aras\u0131nda imzaland\u0131. Protokole g\u00f6re; Bay\u0131rk\u00f6y Belediyesinde Hizmet \u0130\u015f Sendikas\u0131\u2019na ba\u011fl\u0131 10 i\u015f\u00e7isinin \u00fccretine y\u00fczde 52\u2019lik zam yap\u0131ld\u0131.<\/p>\n<p>&#8220;\u0130\u015f\u00e7i karde\u015flerimize imzalanan s\u00f6zle\u015fmenin hay\u0131rl\u0131 olsun&#8221;<\/p>\n<p>\u0130mzalanan s\u00f6zle\u015fme sonras\u0131 bir a\u00e7\u0131klama yapan Bay\u0131rk\u00f6y Belediye Ba\u015fkan\u0131 Mustafa Yaman, &#8220;Belediyemizde birlikte \u00e7al\u0131\u015ft\u0131\u011f\u0131m\u0131z i\u015f\u00e7i karde\u015flerimizin ba\u011fl\u0131 bulunduklar\u0131 Hizmet \u0130\u015f Sendikas\u0131yla i\u015f\u00e7ilerimize y\u00fczde 52 zam verilmesine dair s\u00f6zle\u015fmemizi imzalad\u0131k. Beldemizin geli\u015fiminde b\u00fcy\u00fck katk\u0131lar\u0131 olan i\u015f\u00e7i karde\u015flerimize imzalanan s\u00f6zle\u015fmenin hay\u0131rlara vesile getirmesini temenni ediyorum\u201d dedi.<\/p>\n<p>\u00d6te yandan, imzalanan s\u00f6zle\u015fme sonras\u0131 Hizmet \u0130\u015f Sendikas\u0131 \u0130\u015f Yeri Temsilcisi \u015e\u00fckriye Atay Alkan, Bay\u0131rk\u00f6y Belediye Ba\u015fkan\u0131 Mustafa Yaman\u2019a verdikleri y\u00fczde 52\u2019lik zamdan dolay\u0131 t\u00fcm \u00e7al\u0131\u015fanlar ad\u0131na te\u015fekk\u00fcr etti.<div class=\"tiled-gallery type-rectangular tiled-gallery-unresized\" data-original-width=\"500\" data-carousel-extra='null' itemscope itemtype=\"http:\/\/schema.org\/ImageGallery\" > <div class=\"gallery-row\" style=\"width: 500px; height: 376px;\" data-original-width=\"500\" data-original-height=\"376\" > <div class=\"gallery-group images-1\" style=\"width: 500px; height: 376px;\" data-original-width=\"500\" data-original-height=\"376\" > <div class=\"tiled-gallery-item tiled-gallery-item-large\" itemprop=\"associatedMedia\" itemscope itemtype=\"http:\/\/schema.org\/ImageObject\"> <a href=\"http:\/\/www.tvturk.com\/index.php\/boyle-zam-gorulmedi\/boyle-zam-gorulmedi-3\/\" border=\"0\" itemprop=\"url\"> <meta itemprop=\"width\" content=\"496\"> <meta itemprop=\"height\" content=\"372\"> <img decoding=\"async\" class=\"\" data-attachment-id=\"8699\" data-orig-file=\"http:\/\/www.tvturk.com\/wp-content\/uploads\/2019\/02\/boyle-zam-gorulmedi_22549d1.jpg\" data-orig-size=\"960,720\" data-comments-opened=\"\" data-image-meta=\"{&quot;aperture&quot;:&quot;0&quot;,&quot;credit&quot;:&quot;IHA&quot;,&quot;camera&quot;:&quot;&quot;,&quot;caption&quot;:&quot;BA\\u015eKAN YAMAN, H\\u0130ZMET \\u0130\\u015e SEND\\u0130KASIYLA S\\u00d6ZLE\\u015eME \\u0130MZALADI (CEM KAAN TOKA\\\/B\\u0130LEC\\u0130K-\\u0130HA)&quot;,&quot;created_timestamp&quot;:&quot;0&quot;,&quot;copyright&quot;:&quot;\\u0130HLAS HABER AJANSI, www.iha.com.tr&quot;,&quot;focal_length&quot;:&quot;0&quot;,&quot;iso&quot;:&quot;0&quot;,&quot;shutter_speed&quot;:&quot;0&quot;,&quot;title&quot;:&quot;B\\u00d6YLE ZAM G\\u00d6R\\u00dcLMED\\u0130 BAYIRK\\u00d6Y BELED\\u0130YES\\u0130\\u0027NDE \\u00c7ALI\\u015eAN H\\u0130ZMET \\u0130\\u015e SEND\\u0130KASI\\u0027NA BA\\u011eLI 10 \\u0130\\u015e\\u00c7\\u0130N\\u0130N \\u00dcCRET\\u0130NE Y\\u00dcZDE 52\\u0027L\\u0130K ZAM YAPILDI&quot;,&quot;orientation&quot;:&quot;0&quot;}\" data-image-title=\"B\u00f6yle zam g\u00f6r\u00fclmedi\" data-image-description=\"&lt;p&gt;B\u00f6yle zam g\u00f6r\u00fclmedi&lt;\/p&gt; \" data-medium-file=\"https:\/\/i0.wp.com\/www.tvturk.com\/wp-content\/uploads\/2019\/02\/boyle-zam-gorulmedi_22549d1.jpg?fit=300%2C225\" data-large-file=\"https:\/\/i0.wp.com\/www.tvturk.com\/wp-content\/uploads\/2019\/02\/boyle-zam-gorulmedi_22549d1.jpg?fit=960%2C720\" src=\"https:\/\/i0.wp.com\/www.tvturk.com\/wp-content\/uploads\/2019\/02\/boyle-zam-gorulmedi_22549d1.jpg?w=496&#038;h=372\" srcset=\"https:\/\/i0.wp.com\/www.tvturk.com\/wp-content\/uploads\/2019\/02\/boyle-zam-gorulmedi_22549d1.jpg?w=960 960w, https:\/\/i0.wp.com\/www.tvturk.com\/wp-content\/uploads\/2019\/02\/boyle-zam-gorulmedi_22549d1.jpg?resize=150%2C113 150w, https:\/\/i0.wp.com\/www.tvturk.com\/wp-content\/uploads\/2019\/02\/boyle-zam-gorulmedi_22549d1.jpg?resize=300%2C225 300w, https:\/\/i0.wp.com\/www.tvturk.com\/wp-content\/uploads\/2019\/02\/boyle-zam-gorulmedi_22549d1.jpg?resize=768%2C576 768w\" width=\"496\" height=\"372\" loading=\"lazy\" data-original-width=\"496\" data-original-height=\"372\" itemprop=\"http:\/\/schema.org\/image\" title=\"B\u00f6yle zam g\u00f6r\u00fclmedi\" alt=\"B\u00f6yle zam g\u00f6r\u00fclmedi\" style=\"width: 496px; height: 372px;\" \/> <\/a> <\/div> <\/div> <!-- close group --> <\/div> <!-- close row --> <\/div><\/p>\n","protected":false},"excerpt":{"rendered":"<p>BA\u015eKAN YAMAN, H\u0130ZMET \u0130\u015e SEND\u0130KASIYLA S\u00d6ZLE\u015eME \u0130MZALADI<\/p>\n","protected":false},"author":1,"featured_media":8698,"comment_status":"closed","ping_status":"open","sticky":false,"template":"","format":"standard","meta":{"jetpack_post_was_ever_published":false,"_jetpack_newsletter_access":"","_jetpack_dont_email_post_to_subs":false,"_jetpack_newsletter_tier_id":0,"_jetpack_memberships_contains_paywalled_content":false,"_jetpack_memberships_contains_paid_content":false,"footnotes":"","jetpack_publicize_message":"","jetpack_publicize_feature_enabled":true,"jetpack_social_post_already_shared":false,"jetpack_social_options":{"image_generator_settings":{"template":"highway","default_image_id":0,"font":"","enabled":false},"version":2}},"categories":[655],"tags":[836,4653,4652],"class_list":["post-8697","post","type-post","status-publish","format-standard","has-post-thumbnail","hentry","category-son-dakika","tag-boyle","tag-gorulmedi","tag-zam"],"jetpack_publicize_connections":[],"jetpack_featured_media_url":"https:\/\/i0.wp.com\/www.tvturk.com\/wp-content\/uploads\/2019\/02\/boyle-zam-gorulmedi_e040464.jpg?fit=960%2C720","jetpack_sharing_enabled":true,"jetpack_shortlink":"https:\/\/wp.me\/paKIfm-2gh","_links":{"self":[{"href":"http:\/\/www.tvturk.com\/index.php\/wp-json\/wp\/v2\/posts\/8697","targetHints":{"allow":["GET"]}}],"collection":[{"href":"http:\/\/www.tvturk.com\/index.php\/wp-json\/wp\/v2\/posts"}],"about":[{"href":"http:\/\/www.tvturk.com\/index.php\/wp-json\/wp\/v2\/types\/post"}],"author":[{"embeddable":true,"href":"http:\/\/www.tvturk.com\/index.php\/wp-json\/wp\/v2\/users\/1"}],"replies":[{"embeddable":true,"href":"http:\/\/www.tvturk.com\/index.php\/wp-json\/wp\/v2\/comments?post=8697"}],"version-history":[{"count":1,"href":"http:\/\/www.tvturk.com\/index.php\/wp-json\/wp\/v2\/posts\/8697\/revisions"}],"predecessor-version":[{"id":8700,"href":"http:\/\/www.tvturk.com\/index.php\/wp-json\/wp\/v2\/posts\/8697\/revisions\/8700"}],"wp:featuredmedia":[{"embeddable":true,"href":"http:\/\/www.tvturk.com\/index.php\/wp-json\/wp\/v2\/media\/8698"}],"wp:attachment":[{"href":"http:\/\/www.tvturk.com\/index.php\/wp-json\/wp\/v2\/media?parent=8697"}],"wp:term":[{"taxonomy":"category","embeddable":true,"href":"http:\/\/www.tvturk.com\/index.php\/wp-json\/wp\/v2\/categories?post=8697"},{"taxonomy":"post_tag","embeddable":true,"href":"http:\/\/www.tvturk.com\/index.php\/wp-json\/wp\/v2\/tags?post=8697"}],"curies":[{"name":"wp","href":"https:\/\/api.w.org\/{rel}","templated":true}]}}