{"id":8729,"date":"2019-02-07T14:16:00","date_gmt":"2019-02-07T11:16:00","guid":{"rendered":"http:\/\/www.tvturk.com\/index.php\/antalyada-baraj-tasti-yollar-su-altinda-kaldi\/"},"modified":"2019-02-07T14:16:05","modified_gmt":"2019-02-07T11:16:05","slug":"antalyada-baraj-tasti-yollar-su-altinda-kaldi","status":"publish","type":"post","link":"http:\/\/www.tvturk.com\/index.php\/antalyada-baraj-tasti-yollar-su-altinda-kaldi\/","title":{"rendered":"Antalya\u2019da baraj ta\u015ft\u0131, yollar su alt\u0131nda kald\u0131"},"content":{"rendered":"<p>Antalya\u2019n\u0131n Kumluca il\u00e7esi\u2019nde etkili olan ya\u011f\u0131\u015flar, Alak\u0131r \u00c7ay\u0131 \u00fczerinde bulunan Kumluca Baraj\u0131\u2019n\u0131n ta\u015fmas\u0131na neden oldu.<\/p>\n<p>Kumluca\u2019da ge\u00e7ti\u011fimiz Aral\u0131k ay\u0131 ba\u015f\u0131ndan bu yana etkili olan ya\u011f\u0131\u015f kaynak sular\u0131nda art\u0131\u015fa neden oldu. Toroslar\u2019a ya\u011fan karlar havalar\u0131n \u0131s\u0131nmas\u0131 ve ya\u011fmur ya\u011f\u0131\u015f\u0131 ile erimeye ba\u015flad\u0131. Kar ve ya\u011fmur sular\u0131n\u0131n debisini y\u00fckseltti\u011fi Alak\u0131r \u00c7ay\u0131 \u00fczerinde bulunan baraj ta\u015fmaya ba\u015flad\u0131. Ayr\u0131ca baraj\u0131n sular\u0131n\u0131n y\u00fckselmesinden dolay\u0131 baraj k\u0131y\u0131s\u0131nda bulunan baz\u0131 evlere giden yollar su alt\u0131nda kald\u0131. Evlere giden yollar\u0131n yeniden a\u00e7\u0131lmas\u0131 i\u00e7in Kumluca Belediyesi Fen \u0130\u015fleri M\u00fcd\u00fcrl\u00fc\u011f\u00fc ekipleri yol a\u00e7ma \u00e7al\u0131\u015fmalar\u0131 ba\u015flatt\u0131.<\/p>\n<p>Baraj sular\u0131n\u0131n y\u00fckselmesi nedeniyle evine ula\u015f\u0131lamayan 65 ya\u015f\u0131ndaki Ahmet Ali \u00c7o\u015fan, &#8220;2009 y\u0131l\u0131nda ilk defa y\u00fckseldi. Her 5 senede bir y\u00fckseliyor. \u015eu an k\u0131y\u0131 band\u0131ndaki yol tamamen kapanm\u0131\u015f durumda. Bu su bu \u015fekilde \u015fi\u015fti\u011fi zaman yol tam 4 ay kapal\u0131 kal\u0131yor. Muhtarl\u0131\u011f\u0131m\u0131z taraf\u0131ndan belediyemize m\u00fcracaat yapt\u0131k. Belediyemiz ilgilendi. \u015eu an zor \u015fartlar alt\u0131nda \u00e7al\u0131\u015fma yap\u0131yorlar. Yap\u0131lan \u00e7al\u0131\u015fma k\u0131\u015f ay\u0131 i\u00e7in ge\u00e7ici olarak yap\u0131lmaktad\u0131r. Yaz ay\u0131nda gereken \u015fekilde yap\u0131lmas\u0131n\u0131 istiyoruz&#8221; dedi.<\/p>\n<p>\u00c7ayi\u00e7i Mahallesi\u2019nde ya\u015fayan 56 ya\u015f\u0131ndaki Himmet Kocaba\u015f da &#8220;Baraj sular\u0131 5 y\u0131lda bir y\u00fckseliyor. Evlerimiz mahsur kal\u0131yor. Sular\u0131n y\u00fckselmesinden dolay\u0131 yol kapan\u0131yor&#8221; ifadelerini kaydetti.<\/p>\n<p>50 ya\u015f\u0131ndaki Osman Yavuz ise &#8220;Eskiden piknik yapmaya geldi\u011fimiz alanlar sular alt\u0131nda kald\u0131&#8221; dedi. Mustafa Ba\u015ft\u00fcrk isimli vatanda\u015f, &#8220;20 y\u0131ldan beri buralarda ya\u015f\u0131yorum. Baraj k\u0131y\u0131s\u0131na s\u00fcrekli gelip gidiyorum. Baraj sular\u0131n\u0131n bu kadar h\u0131zl\u0131 y\u00fckseldi\u011fini g\u00f6rmemi\u015ftim&#8221; dedi.<\/p>\n<p>\u00c7ayi\u00e7i Mahalle Muhtar\u0131 Osman \u00c7al\u0131\u015f\u0131r, &#8220;Ya\u011f\u0131\u015f\u0131n \u00e7ok oldu\u011fu y\u0131llarda baraj\u0131n suyu y\u00fckseliyor. Baz\u0131 evlerimizin yollar\u0131 kapan\u0131yor. Belediyemiz de ta\u015fk\u0131nlardan tar\u0131m alanlar\u0131n\u0131n etkilenmemesi i\u00e7in devaml\u0131 uyar\u0131lar yap\u0131yor&#8221; diye konu\u015ftu.<\/p>\n<p>DS\u0130 yetkilileri ise, &#8220;B\u00f6lgemiz, 1 Aral\u0131k\u2019tan beri s\u00fcrekli sa\u011fanak ya\u011f\u0131\u015f al\u0131yor. Ya\u011f\u0131\u015f\u0131n \u00e7ok olmas\u0131 kaynak sular\u0131n\u0131 artt\u0131r\u0131yor. Ayr\u0131ca havalar \u0131s\u0131nmaya ba\u015flad\u0131. Toroslar\u2019daki karlar erimeye ba\u015flad\u0131. Bunlara ba\u011fl\u0131 olarak Alak\u0131r \u00c7ay\u0131\u2019n\u0131n debisi y\u00fckseldi. Baraja gelen akarsu 30 bin metrek\u00fcp, barajdan elektrik santraline b\u0131rakt\u0131\u011f\u0131m\u0131z su 10 bin metrek\u00fcp. 20 bin metrek\u00fcp su, baraj\u0131m\u0131z\u0131 fazlas\u0131 ile beslemekte&#8221; dedi.<div class=\"tiled-gallery type-rectangular tiled-gallery-unresized\" data-original-width=\"500\" data-carousel-extra='null' itemscope itemtype=\"http:\/\/schema.org\/ImageGallery\" > <div class=\"gallery-row\" style=\"width: 500px; height: 224px;\" data-original-width=\"500\" data-original-height=\"224\" > <div class=\"gallery-group images-1\" style=\"width: 334px; height: 224px;\" data-original-width=\"334\" data-original-height=\"224\" > <div class=\"tiled-gallery-item tiled-gallery-item-large\" itemprop=\"associatedMedia\" itemscope itemtype=\"http:\/\/schema.org\/ImageObject\"> <a href=\"http:\/\/www.tvturk.com\/index.php\/antalyada-baraj-tasti-yollar-su-altinda-kaldi\/antalyada-baraj-tasti-yollar-su-altinda-kaldi-3\/\" border=\"0\" itemprop=\"url\"> <meta itemprop=\"width\" content=\"330\"> <meta itemprop=\"height\" content=\"220\"> <img decoding=\"async\" class=\"\" data-attachment-id=\"8731\" data-orig-file=\"http:\/\/www.tvturk.com\/wp-content\/uploads\/2019\/02\/antalyada-baraj-tasti-yollar-su-altinda-kaldi_d7b4576.jpg\" data-orig-size=\"1000,666\" data-comments-opened=\"\" data-image-meta=\"{&quot;aperture&quot;:&quot;0&quot;,&quot;credit&quot;:&quot;IHA&quot;,&quot;camera&quot;:&quot;&quot;,&quot;caption&quot;:&quot;ANTALYA\\u2019NIN KUMLUCA \\u0130L\\u00c7ES\\u0130NDE ETK\\u0130L\\u0130 OLAN YA\\u011eI\\u015eLAR ALAKIR \\u00c7AYI \\u00dcZER\\u0130NDE BULUNAN BARAJI\\u0027NIN TA\\u015eMASINA YOL A\\u00c7TI. (RAMAZAN SARIKAYALI\\\/ANTALYA-\\u0130HA)&quot;,&quot;created_timestamp&quot;:&quot;0&quot;,&quot;copyright&quot;:&quot;\\u0130HLAS HABER AJANSI, www.iha.com.tr&quot;,&quot;focal_length&quot;:&quot;0&quot;,&quot;iso&quot;:&quot;0&quot;,&quot;shutter_speed&quot;:&quot;0&quot;,&quot;title&quot;:&quot;ANTALYA\\u2019DA BARAJ TA\\u015eTI, YOLLAR SU ALTINDA KALDI ANTALYA\\u2019NIN KUMLUCA \\u0130L\\u00c7ES\\u0130NDE ETK\\u0130L\\u0130 OLAN YA\\u011eI\\u015eLAR ALAKIR \\u00c7AYI \\u00dcZER\\u0130NDE BULUNAN BARAJIN TA\\u015eMASINA YOL A\\u00c7TI&quot;,&quot;orientation&quot;:&quot;0&quot;}\" data-image-title=\"Antalya\u2019da baraj ta\u015ft\u0131, yollar su alt\u0131nda kald\u0131\" data-image-description=\"&lt;p&gt;Antalya\u2019da baraj ta\u015ft\u0131, yollar su alt\u0131nda kald\u0131&lt;\/p&gt; \" data-medium-file=\"https:\/\/i0.wp.com\/www.tvturk.com\/wp-content\/uploads\/2019\/02\/antalyada-baraj-tasti-yollar-su-altinda-kaldi_d7b4576.jpg?fit=300%2C200\" data-large-file=\"https:\/\/i0.wp.com\/www.tvturk.com\/wp-content\/uploads\/2019\/02\/antalyada-baraj-tasti-yollar-su-altinda-kaldi_d7b4576.jpg?fit=1000%2C666\" src=\"https:\/\/i0.wp.com\/www.tvturk.com\/wp-content\/uploads\/2019\/02\/antalyada-baraj-tasti-yollar-su-altinda-kaldi_d7b4576.jpg?w=330&#038;h=220\" srcset=\"https:\/\/i0.wp.com\/www.tvturk.com\/wp-content\/uploads\/2019\/02\/antalyada-baraj-tasti-yollar-su-altinda-kaldi_d7b4576.jpg?w=1000 1000w, https:\/\/i0.wp.com\/www.tvturk.com\/wp-content\/uploads\/2019\/02\/antalyada-baraj-tasti-yollar-su-altinda-kaldi_d7b4576.jpg?resize=150%2C100 150w, https:\/\/i0.wp.com\/www.tvturk.com\/wp-content\/uploads\/2019\/02\/antalyada-baraj-tasti-yollar-su-altinda-kaldi_d7b4576.jpg?resize=300%2C200 300w, https:\/\/i0.wp.com\/www.tvturk.com\/wp-content\/uploads\/2019\/02\/antalyada-baraj-tasti-yollar-su-altinda-kaldi_d7b4576.jpg?resize=768%2C511 768w, https:\/\/i0.wp.com\/www.tvturk.com\/wp-content\/uploads\/2019\/02\/antalyada-baraj-tasti-yollar-su-altinda-kaldi_d7b4576.jpg?resize=170%2C113 170w, https:\/\/i0.wp.com\/www.tvturk.com\/wp-content\/uploads\/2019\/02\/antalyada-baraj-tasti-yollar-su-altinda-kaldi_d7b4576.jpg?resize=120%2C80 120w\" width=\"330\" height=\"220\" loading=\"lazy\" data-original-width=\"330\" data-original-height=\"220\" itemprop=\"http:\/\/schema.org\/image\" title=\"Antalya\u2019da baraj ta\u015ft\u0131, yollar su alt\u0131nda kald\u0131\" alt=\"Antalya\u2019da baraj ta\u015ft\u0131, yollar su alt\u0131nda kald\u0131\" style=\"width: 330px; height: 220px;\" \/> <\/a> <\/div> <\/div> <!-- close group --> <div class=\"gallery-group images-2\" style=\"width: 166px; height: 224px;\" data-original-width=\"166\" data-original-height=\"224\" > <div class=\"tiled-gallery-item tiled-gallery-item-small\" itemprop=\"associatedMedia\" itemscope itemtype=\"http:\/\/schema.org\/ImageObject\"> <a href=\"http:\/\/www.tvturk.com\/index.php\/antalyada-baraj-tasti-yollar-su-altinda-kaldi\/antalyada-baraj-tasti-yollar-su-altinda-kaldi-4\/\" border=\"0\" itemprop=\"url\"> <meta itemprop=\"width\" content=\"162\"> <meta itemprop=\"height\" content=\"108\"> <img decoding=\"async\" class=\"\" data-attachment-id=\"8732\" data-orig-file=\"http:\/\/www.tvturk.com\/wp-content\/uploads\/2019\/02\/antalyada-baraj-tasti-yollar-su-altinda-kaldi_d1da254.jpg\" data-orig-size=\"1000,666\" data-comments-opened=\"\" data-image-meta=\"{&quot;aperture&quot;:&quot;0&quot;,&quot;credit&quot;:&quot;IHA&quot;,&quot;camera&quot;:&quot;&quot;,&quot;caption&quot;:&quot;ANTALYA\\u2019NIN KUMLUCA \\u0130L\\u00c7ES\\u0130NDE ETK\\u0130L\\u0130 OLAN YA\\u011eI\\u015eLAR ALAKIR \\u00c7AYI \\u00dcZER\\u0130NDE BULUNAN BARAJI\\u0027NIN TA\\u015eMASINA YOL A\\u00c7TI. (RAMAZAN SARIKAYALI\\\/ANTALYA-\\u0130HA)&quot;,&quot;created_timestamp&quot;:&quot;0&quot;,&quot;copyright&quot;:&quot;\\u0130HLAS HABER AJANSI, www.iha.com.tr&quot;,&quot;focal_length&quot;:&quot;0&quot;,&quot;iso&quot;:&quot;0&quot;,&quot;shutter_speed&quot;:&quot;0&quot;,&quot;title&quot;:&quot;ANTALYA\\u2019DA BARAJ TA\\u015eTI, YOLLAR SU ALTINDA KALDI ANTALYA\\u2019NIN KUMLUCA \\u0130L\\u00c7ES\\u0130NDE ETK\\u0130L\\u0130 OLAN YA\\u011eI\\u015eLAR ALAKIR \\u00c7AYI \\u00dcZER\\u0130NDE BULUNAN BARAJIN TA\\u015eMASINA YOL A\\u00c7TI&quot;,&quot;orientation&quot;:&quot;0&quot;}\" data-image-title=\"Antalya\u2019da baraj ta\u015ft\u0131, yollar su alt\u0131nda kald\u0131\" data-image-description=\"&lt;p&gt;Antalya\u2019da baraj ta\u015ft\u0131, yollar su alt\u0131nda kald\u0131&lt;\/p&gt; \" data-medium-file=\"https:\/\/i0.wp.com\/www.tvturk.com\/wp-content\/uploads\/2019\/02\/antalyada-baraj-tasti-yollar-su-altinda-kaldi_d1da254.jpg?fit=300%2C200\" data-large-file=\"https:\/\/i0.wp.com\/www.tvturk.com\/wp-content\/uploads\/2019\/02\/antalyada-baraj-tasti-yollar-su-altinda-kaldi_d1da254.jpg?fit=1000%2C666\" src=\"https:\/\/i0.wp.com\/www.tvturk.com\/wp-content\/uploads\/2019\/02\/antalyada-baraj-tasti-yollar-su-altinda-kaldi_d1da254.jpg?w=162&#038;h=108\" srcset=\"https:\/\/i0.wp.com\/www.tvturk.com\/wp-content\/uploads\/2019\/02\/antalyada-baraj-tasti-yollar-su-altinda-kaldi_d1da254.jpg?w=1000 1000w, https:\/\/i0.wp.com\/www.tvturk.com\/wp-content\/uploads\/2019\/02\/antalyada-baraj-tasti-yollar-su-altinda-kaldi_d1da254.jpg?resize=150%2C100 150w, https:\/\/i0.wp.com\/www.tvturk.com\/wp-content\/uploads\/2019\/02\/antalyada-baraj-tasti-yollar-su-altinda-kaldi_d1da254.jpg?resize=300%2C200 300w, https:\/\/i0.wp.com\/www.tvturk.com\/wp-content\/uploads\/2019\/02\/antalyada-baraj-tasti-yollar-su-altinda-kaldi_d1da254.jpg?resize=768%2C511 768w, https:\/\/i0.wp.com\/www.tvturk.com\/wp-content\/uploads\/2019\/02\/antalyada-baraj-tasti-yollar-su-altinda-kaldi_d1da254.jpg?resize=170%2C113 170w, https:\/\/i0.wp.com\/www.tvturk.com\/wp-content\/uploads\/2019\/02\/antalyada-baraj-tasti-yollar-su-altinda-kaldi_d1da254.jpg?resize=120%2C80 120w\" width=\"162\" height=\"108\" loading=\"lazy\" data-original-width=\"162\" data-original-height=\"108\" itemprop=\"http:\/\/schema.org\/image\" title=\"Antalya\u2019da baraj ta\u015ft\u0131, yollar su alt\u0131nda kald\u0131\" alt=\"Antalya\u2019da baraj ta\u015ft\u0131, yollar su alt\u0131nda kald\u0131\" style=\"width: 162px; height: 108px;\" \/> <\/a> <\/div> <div class=\"tiled-gallery-item tiled-gallery-item-small\" itemprop=\"associatedMedia\" itemscope itemtype=\"http:\/\/schema.org\/ImageObject\"> <a href=\"http:\/\/www.tvturk.com\/index.php\/antalyada-baraj-tasti-yollar-su-altinda-kaldi\/antalyada-baraj-tasti-yollar-su-altinda-kaldi-5\/\" border=\"0\" itemprop=\"url\"> <meta itemprop=\"width\" content=\"162\"> <meta itemprop=\"height\" content=\"108\"> <img decoding=\"async\" class=\"\" data-attachment-id=\"8733\" data-orig-file=\"http:\/\/www.tvturk.com\/wp-content\/uploads\/2019\/02\/antalyada-baraj-tasti-yollar-su-altinda-kaldi_e1aca92.jpg\" data-orig-size=\"1000,666\" data-comments-opened=\"\" data-image-meta=\"{&quot;aperture&quot;:&quot;0&quot;,&quot;credit&quot;:&quot;IHA&quot;,&quot;camera&quot;:&quot;&quot;,&quot;caption&quot;:&quot;ANTALYA\\u2019NIN KUMLUCA \\u0130L\\u00c7ES\\u0130NDE ETK\\u0130L\\u0130 OLAN YA\\u011eI\\u015eLAR ALAKIR \\u00c7AYI \\u00dcZER\\u0130NDE BULUNAN BARAJI\\u0027NIN TA\\u015eMASINA YOL A\\u00c7TI. (RAMAZAN SARIKAYALI\\\/ANTALYA-\\u0130HA)&quot;,&quot;created_timestamp&quot;:&quot;0&quot;,&quot;copyright&quot;:&quot;\\u0130HLAS HABER AJANSI, www.iha.com.tr&quot;,&quot;focal_length&quot;:&quot;0&quot;,&quot;iso&quot;:&quot;0&quot;,&quot;shutter_speed&quot;:&quot;0&quot;,&quot;title&quot;:&quot;ANTALYA\\u2019DA BARAJ TA\\u015eTI, YOLLAR SU ALTINDA KALDI ANTALYA\\u2019NIN KUMLUCA \\u0130L\\u00c7ES\\u0130NDE ETK\\u0130L\\u0130 OLAN YA\\u011eI\\u015eLAR ALAKIR \\u00c7AYI \\u00dcZER\\u0130NDE BULUNAN BARAJIN TA\\u015eMASINA YOL A\\u00c7TI&quot;,&quot;orientation&quot;:&quot;0&quot;}\" data-image-title=\"Antalya\u2019da baraj ta\u015ft\u0131, yollar su alt\u0131nda kald\u0131\" data-image-description=\"&lt;p&gt;Antalya\u2019da baraj ta\u015ft\u0131, yollar su alt\u0131nda kald\u0131&lt;\/p&gt; \" data-medium-file=\"https:\/\/i0.wp.com\/www.tvturk.com\/wp-content\/uploads\/2019\/02\/antalyada-baraj-tasti-yollar-su-altinda-kaldi_e1aca92.jpg?fit=300%2C200\" data-large-file=\"https:\/\/i0.wp.com\/www.tvturk.com\/wp-content\/uploads\/2019\/02\/antalyada-baraj-tasti-yollar-su-altinda-kaldi_e1aca92.jpg?fit=1000%2C666\" src=\"https:\/\/i0.wp.com\/www.tvturk.com\/wp-content\/uploads\/2019\/02\/antalyada-baraj-tasti-yollar-su-altinda-kaldi_e1aca92.jpg?w=162&#038;h=108\" srcset=\"https:\/\/i0.wp.com\/www.tvturk.com\/wp-content\/uploads\/2019\/02\/antalyada-baraj-tasti-yollar-su-altinda-kaldi_e1aca92.jpg?w=1000 1000w, https:\/\/i0.wp.com\/www.tvturk.com\/wp-content\/uploads\/2019\/02\/antalyada-baraj-tasti-yollar-su-altinda-kaldi_e1aca92.jpg?resize=150%2C100 150w, https:\/\/i0.wp.com\/www.tvturk.com\/wp-content\/uploads\/2019\/02\/antalyada-baraj-tasti-yollar-su-altinda-kaldi_e1aca92.jpg?resize=300%2C200 300w, https:\/\/i0.wp.com\/www.tvturk.com\/wp-content\/uploads\/2019\/02\/antalyada-baraj-tasti-yollar-su-altinda-kaldi_e1aca92.jpg?resize=768%2C511 768w, https:\/\/i0.wp.com\/www.tvturk.com\/wp-content\/uploads\/2019\/02\/antalyada-baraj-tasti-yollar-su-altinda-kaldi_e1aca92.jpg?resize=170%2C113 170w, https:\/\/i0.wp.com\/www.tvturk.com\/wp-content\/uploads\/2019\/02\/antalyada-baraj-tasti-yollar-su-altinda-kaldi_e1aca92.jpg?resize=120%2C80 120w\" width=\"162\" height=\"108\" loading=\"lazy\" data-original-width=\"162\" data-original-height=\"108\" itemprop=\"http:\/\/schema.org\/image\" title=\"Antalya\u2019da baraj ta\u015ft\u0131, yollar su alt\u0131nda kald\u0131\" alt=\"Antalya\u2019da baraj ta\u015ft\u0131, yollar su alt\u0131nda kald\u0131\" style=\"width: 162px; height: 108px;\" \/> <\/a> <\/div> <\/div> <!-- close group --> <\/div> <!-- close row --> <div class=\"gallery-row\" style=\"width: 500px; height: 168px;\" data-original-width=\"500\" data-original-height=\"168\" > <div class=\"gallery-group images-1\" style=\"width: 250px; height: 168px;\" data-original-width=\"250\" data-original-height=\"168\" > <div class=\"tiled-gallery-item tiled-gallery-item-small\" itemprop=\"associatedMedia\" itemscope itemtype=\"http:\/\/schema.org\/ImageObject\"> <a href=\"http:\/\/www.tvturk.com\/index.php\/antalyada-baraj-tasti-yollar-su-altinda-kaldi\/antalyada-baraj-tasti-yollar-su-altinda-kaldi-6\/\" border=\"0\" itemprop=\"url\"> <meta itemprop=\"width\" content=\"246\"> <meta itemprop=\"height\" content=\"164\"> <img decoding=\"async\" class=\"\" data-attachment-id=\"8734\" data-orig-file=\"http:\/\/www.tvturk.com\/wp-content\/uploads\/2019\/02\/antalyada-baraj-tasti-yollar-su-altinda-kaldi_fe25b4b.jpg\" data-orig-size=\"1000,666\" data-comments-opened=\"\" data-image-meta=\"{&quot;aperture&quot;:&quot;0&quot;,&quot;credit&quot;:&quot;IHA&quot;,&quot;camera&quot;:&quot;&quot;,&quot;caption&quot;:&quot;ANTALYA\\u2019NIN KUMLUCA \\u0130L\\u00c7ES\\u0130NDE ETK\\u0130L\\u0130 OLAN YA\\u011eI\\u015eLAR ALAKIR \\u00c7AYI \\u00dcZER\\u0130NDE BULUNAN BARAJI\\u0027NIN TA\\u015eMASINA YOL A\\u00c7TI. (RAMAZAN SARIKAYALI\\\/ANTALYA-\\u0130HA)&quot;,&quot;created_timestamp&quot;:&quot;0&quot;,&quot;copyright&quot;:&quot;\\u0130HLAS HABER AJANSI, www.iha.com.tr&quot;,&quot;focal_length&quot;:&quot;0&quot;,&quot;iso&quot;:&quot;0&quot;,&quot;shutter_speed&quot;:&quot;0&quot;,&quot;title&quot;:&quot;ANTALYA\\u2019DA BARAJ TA\\u015eTI, YOLLAR SU ALTINDA KALDI ANTALYA\\u2019NIN KUMLUCA \\u0130L\\u00c7ES\\u0130NDE ETK\\u0130L\\u0130 OLAN YA\\u011eI\\u015eLAR ALAKIR \\u00c7AYI \\u00dcZER\\u0130NDE BULUNAN BARAJIN TA\\u015eMASINA YOL A\\u00c7TI&quot;,&quot;orientation&quot;:&quot;0&quot;}\" data-image-title=\"Antalya\u2019da baraj ta\u015ft\u0131, yollar su alt\u0131nda kald\u0131\" data-image-description=\"&lt;p&gt;Antalya\u2019da baraj ta\u015ft\u0131, yollar su alt\u0131nda kald\u0131&lt;\/p&gt; \" data-medium-file=\"https:\/\/i0.wp.com\/www.tvturk.com\/wp-content\/uploads\/2019\/02\/antalyada-baraj-tasti-yollar-su-altinda-kaldi_fe25b4b.jpg?fit=300%2C200\" data-large-file=\"https:\/\/i0.wp.com\/www.tvturk.com\/wp-content\/uploads\/2019\/02\/antalyada-baraj-tasti-yollar-su-altinda-kaldi_fe25b4b.jpg?fit=1000%2C666\" src=\"https:\/\/i0.wp.com\/www.tvturk.com\/wp-content\/uploads\/2019\/02\/antalyada-baraj-tasti-yollar-su-altinda-kaldi_fe25b4b.jpg?w=246&#038;h=164\" srcset=\"https:\/\/i0.wp.com\/www.tvturk.com\/wp-content\/uploads\/2019\/02\/antalyada-baraj-tasti-yollar-su-altinda-kaldi_fe25b4b.jpg?w=1000 1000w, https:\/\/i0.wp.com\/www.tvturk.com\/wp-content\/uploads\/2019\/02\/antalyada-baraj-tasti-yollar-su-altinda-kaldi_fe25b4b.jpg?resize=150%2C100 150w, https:\/\/i0.wp.com\/www.tvturk.com\/wp-content\/uploads\/2019\/02\/antalyada-baraj-tasti-yollar-su-altinda-kaldi_fe25b4b.jpg?resize=300%2C200 300w, https:\/\/i0.wp.com\/www.tvturk.com\/wp-content\/uploads\/2019\/02\/antalyada-baraj-tasti-yollar-su-altinda-kaldi_fe25b4b.jpg?resize=768%2C511 768w, https:\/\/i0.wp.com\/www.tvturk.com\/wp-content\/uploads\/2019\/02\/antalyada-baraj-tasti-yollar-su-altinda-kaldi_fe25b4b.jpg?resize=170%2C113 170w, https:\/\/i0.wp.com\/www.tvturk.com\/wp-content\/uploads\/2019\/02\/antalyada-baraj-tasti-yollar-su-altinda-kaldi_fe25b4b.jpg?resize=120%2C80 120w\" width=\"246\" height=\"164\" loading=\"lazy\" data-original-width=\"246\" data-original-height=\"164\" itemprop=\"http:\/\/schema.org\/image\" title=\"Antalya\u2019da baraj ta\u015ft\u0131, yollar su alt\u0131nda kald\u0131\" alt=\"Antalya\u2019da baraj ta\u015ft\u0131, yollar su alt\u0131nda kald\u0131\" style=\"width: 246px; height: 164px;\" \/> <\/a> <\/div> <\/div> <!-- close group --> <div class=\"gallery-group images-1\" style=\"width: 250px; height: 168px;\" data-original-width=\"250\" data-original-height=\"168\" > <div class=\"tiled-gallery-item tiled-gallery-item-small\" itemprop=\"associatedMedia\" itemscope itemtype=\"http:\/\/schema.org\/ImageObject\"> <a href=\"http:\/\/www.tvturk.com\/index.php\/antalyada-baraj-tasti-yollar-su-altinda-kaldi\/antalyada-baraj-tasti-yollar-su-altinda-kaldi-7\/\" border=\"0\" itemprop=\"url\"> <meta itemprop=\"width\" content=\"246\"> <meta itemprop=\"height\" content=\"164\"> <img decoding=\"async\" class=\"\" data-attachment-id=\"8735\" data-orig-file=\"http:\/\/www.tvturk.com\/wp-content\/uploads\/2019\/02\/antalyada-baraj-tasti-yollar-su-altinda-kaldi_3727917.jpg\" data-orig-size=\"1000,666\" data-comments-opened=\"\" data-image-meta=\"{&quot;aperture&quot;:&quot;0&quot;,&quot;credit&quot;:&quot;IHA&quot;,&quot;camera&quot;:&quot;&quot;,&quot;caption&quot;:&quot;ANTALYA\\u2019NIN KUMLUCA \\u0130L\\u00c7ES\\u0130NDE ETK\\u0130L\\u0130 OLAN YA\\u011eI\\u015eLAR ALAKIR \\u00c7AYI \\u00dcZER\\u0130NDE BULUNAN BARAJI\\u0027NIN TA\\u015eMASINA YOL A\\u00c7TI. (RAMAZAN SARIKAYALI\\\/ANTALYA-\\u0130HA)&quot;,&quot;created_timestamp&quot;:&quot;0&quot;,&quot;copyright&quot;:&quot;\\u0130HLAS HABER AJANSI, www.iha.com.tr&quot;,&quot;focal_length&quot;:&quot;0&quot;,&quot;iso&quot;:&quot;0&quot;,&quot;shutter_speed&quot;:&quot;0&quot;,&quot;title&quot;:&quot;ANTALYA\\u2019DA BARAJ TA\\u015eTI, YOLLAR SU ALTINDA KALDI ANTALYA\\u2019NIN KUMLUCA \\u0130L\\u00c7ES\\u0130NDE ETK\\u0130L\\u0130 OLAN YA\\u011eI\\u015eLAR ALAKIR \\u00c7AYI \\u00dcZER\\u0130NDE BULUNAN BARAJIN TA\\u015eMASINA YOL A\\u00c7TI&quot;,&quot;orientation&quot;:&quot;0&quot;}\" data-image-title=\"Antalya\u2019da baraj ta\u015ft\u0131, yollar su alt\u0131nda kald\u0131\" data-image-description=\"&lt;p&gt;Antalya\u2019da baraj ta\u015ft\u0131, yollar su alt\u0131nda kald\u0131&lt;\/p&gt; \" data-medium-file=\"https:\/\/i0.wp.com\/www.tvturk.com\/wp-content\/uploads\/2019\/02\/antalyada-baraj-tasti-yollar-su-altinda-kaldi_3727917.jpg?fit=300%2C200\" data-large-file=\"https:\/\/i0.wp.com\/www.tvturk.com\/wp-content\/uploads\/2019\/02\/antalyada-baraj-tasti-yollar-su-altinda-kaldi_3727917.jpg?fit=1000%2C666\" src=\"https:\/\/i0.wp.com\/www.tvturk.com\/wp-content\/uploads\/2019\/02\/antalyada-baraj-tasti-yollar-su-altinda-kaldi_3727917.jpg?w=246&#038;h=164\" srcset=\"https:\/\/i0.wp.com\/www.tvturk.com\/wp-content\/uploads\/2019\/02\/antalyada-baraj-tasti-yollar-su-altinda-kaldi_3727917.jpg?w=1000 1000w, https:\/\/i0.wp.com\/www.tvturk.com\/wp-content\/uploads\/2019\/02\/antalyada-baraj-tasti-yollar-su-altinda-kaldi_3727917.jpg?resize=150%2C100 150w, https:\/\/i0.wp.com\/www.tvturk.com\/wp-content\/uploads\/2019\/02\/antalyada-baraj-tasti-yollar-su-altinda-kaldi_3727917.jpg?resize=300%2C200 300w, https:\/\/i0.wp.com\/www.tvturk.com\/wp-content\/uploads\/2019\/02\/antalyada-baraj-tasti-yollar-su-altinda-kaldi_3727917.jpg?resize=768%2C511 768w, https:\/\/i0.wp.com\/www.tvturk.com\/wp-content\/uploads\/2019\/02\/antalyada-baraj-tasti-yollar-su-altinda-kaldi_3727917.jpg?resize=170%2C113 170w, https:\/\/i0.wp.com\/www.tvturk.com\/wp-content\/uploads\/2019\/02\/antalyada-baraj-tasti-yollar-su-altinda-kaldi_3727917.jpg?resize=120%2C80 120w\" width=\"246\" height=\"164\" loading=\"lazy\" data-original-width=\"246\" data-original-height=\"164\" itemprop=\"http:\/\/schema.org\/image\" title=\"Antalya\u2019da baraj ta\u015ft\u0131, yollar su alt\u0131nda kald\u0131\" alt=\"Antalya\u2019da baraj ta\u015ft\u0131, yollar su alt\u0131nda kald\u0131\" style=\"width: 246px; height: 164px;\" \/> <\/a> <\/div> <\/div> <!-- close group --> <\/div> <!-- close row --> <\/div><\/p>\n","protected":false},"excerpt":{"rendered":"<p>ANTALYA\u2019NIN KUMLUCA \u0130L\u00c7ES\u0130NDE ETK\u0130L\u0130 OLAN YA\u011eI\u015eLAR ALAKIR \u00c7AYI \u00dcZER\u0130NDE BULUNAN BARAJI&#8217;NIN TA\u015eMASINA YOL A\u00c7TI.<\/p>\n","protected":false},"author":1,"featured_media":8730,"comment_status":"closed","ping_status":"open","sticky":false,"template":"","format":"standard","meta":{"jetpack_post_was_ever_published":false,"_jetpack_newsletter_access":"","_jetpack_dont_email_post_to_subs":false,"_jetpack_newsletter_tier_id":0,"_jetpack_memberships_contains_paywalled_content":false,"_jetpack_memberships_contains_paid_content":false,"footnotes":"","jetpack_publicize_message":"","jetpack_publicize_feature_enabled":true,"jetpack_social_post_already_shared":false,"jetpack_social_options":{"image_generator_settings":{"template":"highway","default_image_id":0,"font":"","enabled":false},"version":2}},"categories":[655],"tags":[3001,3114,1327,1369,1853,4666],"class_list":["post-8729","post","type-post","status-publish","format-standard","has-post-thumbnail","hentry","category-son-dakika","tag-yollar","tag-altinda","tag-antalyada","tag-baraj","tag-kaldi","tag-tasti"],"jetpack_publicize_connections":[],"jetpack_featured_media_url":"https:\/\/i0.wp.com\/www.tvturk.com\/wp-content\/uploads\/2019\/02\/antalyada-baraj-tasti-yollar-su-altinda-kaldi_893f80d.jpg?fit=1000%2C666","jetpack_sharing_enabled":true,"jetpack_shortlink":"https:\/\/wp.me\/paKIfm-2gN","_links":{"self":[{"href":"http:\/\/www.tvturk.com\/index.php\/wp-json\/wp\/v2\/posts\/8729","targetHints":{"allow":["GET"]}}],"collection":[{"href":"http:\/\/www.tvturk.com\/index.php\/wp-json\/wp\/v2\/posts"}],"about":[{"href":"http:\/\/www.tvturk.com\/index.php\/wp-json\/wp\/v2\/types\/post"}],"author":[{"embeddable":true,"href":"http:\/\/www.tvturk.com\/index.php\/wp-json\/wp\/v2\/users\/1"}],"replies":[{"embeddable":true,"href":"http:\/\/www.tvturk.com\/index.php\/wp-json\/wp\/v2\/comments?post=8729"}],"version-history":[{"count":1,"href":"http:\/\/www.tvturk.com\/index.php\/wp-json\/wp\/v2\/posts\/8729\/revisions"}],"predecessor-version":[{"id":8736,"href":"http:\/\/www.tvturk.com\/index.php\/wp-json\/wp\/v2\/posts\/8729\/revisions\/8736"}],"wp:featuredmedia":[{"embeddable":true,"href":"http:\/\/www.tvturk.com\/index.php\/wp-json\/wp\/v2\/media\/8730"}],"wp:attachment":[{"href":"http:\/\/www.tvturk.com\/index.php\/wp-json\/wp\/v2\/media?parent=8729"}],"wp:term":[{"taxonomy":"category","embeddable":true,"href":"http:\/\/www.tvturk.com\/index.php\/wp-json\/wp\/v2\/categories?post=8729"},{"taxonomy":"post_tag","embeddable":true,"href":"http:\/\/www.tvturk.com\/index.php\/wp-json\/wp\/v2\/tags?post=8729"}],"curies":[{"name":"wp","href":"https:\/\/api.w.org\/{rel}","templated":true}]}}