{"id":8818,"date":"2019-02-07T14:29:49","date_gmt":"2019-02-07T11:29:49","guid":{"rendered":"http:\/\/www.tvturk.com\/index.php\/erzincanda-polis-evinde-intihar-etti\/"},"modified":"2019-02-07T14:29:53","modified_gmt":"2019-02-07T11:29:53","slug":"erzincanda-polis-evinde-intihar-etti","status":"publish","type":"post","link":"http:\/\/www.tvturk.com\/index.php\/erzincanda-polis-evinde-intihar-etti\/","title":{"rendered":"Erzincan\u2019da polis evinde intihar etti"},"content":{"rendered":"<p>Erzincan\u2019da bir trafik polisi, evinde beylik tabancas\u0131yla kendini vurarak, intihar etti.<\/p>\n<p>Olay, \u00f6\u011fle saatlerinde Cumhuriyet Mahallesi\u2019nde meydana geldi. Edinilen bilgiye g\u00f6re, Erzincan \u0130l Emniyet M\u00fcd\u00fcrl\u00fc\u011f\u00fc b\u00fcnyesinde g\u00f6revli polis memuru H.B evinde beylik tabancas\u0131yla kendini vurarak intihar etti. Evden gelen silah sesi \u00fczerine kom\u015fular\u0131n ihbar\u0131yla olay yerine gelen sa\u011fl\u0131k ekipleri, polis memuru H.B\u2019yi ambulansla Erzincan Meng\u00fccek Gazi E\u011fitim ve Ara\u015ft\u0131rma Hastanesi\u2019ne sevk ederek, yo\u011fun bak\u0131ma ald\u0131lar. Durumun kritik oldu\u011fu belirlenen polis memuru H.B hastanede yap\u0131lan t\u00fcm m\u00fcdahalelere ra\u011fmen hayat\u0131n\u0131 kaybetti.<\/p>\n<p>Olay\u0131n duyulmas\u0131n\u0131n ard\u0131ndan mesai arkada\u015flar\u0131 polisin evine gelirken, Cumhuriyet Savc\u0131s\u0131n\u0131n evde incelemede bulundu.<div class=\"tiled-gallery type-rectangular tiled-gallery-unresized\" data-original-width=\"500\" data-carousel-extra='null' itemscope itemtype=\"http:\/\/schema.org\/ImageGallery\" > <div class=\"gallery-row\" style=\"width: 500px; height: 394px;\" data-original-width=\"500\" data-original-height=\"394\" > <div class=\"gallery-group images-3\" style=\"width: 184px; height: 394px;\" data-original-width=\"184\" data-original-height=\"394\" > <div class=\"tiled-gallery-item tiled-gallery-item-small\" itemprop=\"associatedMedia\" itemscope itemtype=\"http:\/\/schema.org\/ImageObject\"> <a href=\"http:\/\/www.tvturk.com\/index.php\/erzincanda-polis-evinde-intihar-etti\/erzincanda-polis-evinde-intihar-etti-3\/\" border=\"0\" itemprop=\"url\"> <meta itemprop=\"width\" content=\"180\"> <meta itemprop=\"height\" content=\"101\"> <img decoding=\"async\" class=\"\" data-attachment-id=\"8820\" data-orig-file=\"http:\/\/www.tvturk.com\/wp-content\/uploads\/2019\/02\/erzincanda-polis-evinde-intihar-etti_7ee3d8e.jpg\" data-orig-size=\"1000,562\" data-comments-opened=\"\" data-image-meta=\"{&quot;aperture&quot;:&quot;0&quot;,&quot;credit&quot;:&quot;IHA&quot;,&quot;camera&quot;:&quot;&quot;,&quot;caption&quot;:&quot;ERZ\\u0130NCAN\\u2019DA B\\u0130R TRAF\\u0130K POL\\u0130S\\u0130 OLAN H.B, EV\\u0130NDE BEYL\\u0130K TABANCASIYLA KEND\\u0130N\\u0130 VURARAK, \\u0130NT\\u0130HAR ETT\\u0130. H.B. HASTANEDE YAPILAN T\\u00dcM M\\u00dcDAHALELERE RA\\u011eMEN KURTARILAMADI. (ABDULLAH ASLAN - ADEM K\\u00dc\\u00c7\\u00dcKKAYA\\\/ERZ\\u0130NCAN-\\u0130HA)&quot;,&quot;created_timestamp&quot;:&quot;0&quot;,&quot;copyright&quot;:&quot;\\u0130HLAS HABER AJANSI, www.iha.com.tr&quot;,&quot;focal_length&quot;:&quot;0&quot;,&quot;iso&quot;:&quot;0&quot;,&quot;shutter_speed&quot;:&quot;0&quot;,&quot;title&quot;:&quot;ERZ\\u0130NCAN\\u2019DA POL\\u0130S EV\\u0130NDE \\u0130NT\\u0130HAR ETT\\u0130&quot;,&quot;orientation&quot;:&quot;0&quot;}\" data-image-title=\"Erzincan\u2019da polis evinde intihar etti\" data-image-description=\"&lt;p&gt;Erzincan\u2019da polis evinde intihar etti&lt;\/p&gt; \" data-medium-file=\"https:\/\/i0.wp.com\/www.tvturk.com\/wp-content\/uploads\/2019\/02\/erzincanda-polis-evinde-intihar-etti_7ee3d8e.jpg?fit=300%2C169\" data-large-file=\"https:\/\/i0.wp.com\/www.tvturk.com\/wp-content\/uploads\/2019\/02\/erzincanda-polis-evinde-intihar-etti_7ee3d8e.jpg?fit=1000%2C562\" src=\"https:\/\/i0.wp.com\/www.tvturk.com\/wp-content\/uploads\/2019\/02\/erzincanda-polis-evinde-intihar-etti_7ee3d8e.jpg?w=180&#038;h=101\" srcset=\"https:\/\/i0.wp.com\/www.tvturk.com\/wp-content\/uploads\/2019\/02\/erzincanda-polis-evinde-intihar-etti_7ee3d8e.jpg?w=1000 1000w, https:\/\/i0.wp.com\/www.tvturk.com\/wp-content\/uploads\/2019\/02\/erzincanda-polis-evinde-intihar-etti_7ee3d8e.jpg?resize=150%2C84 150w, https:\/\/i0.wp.com\/www.tvturk.com\/wp-content\/uploads\/2019\/02\/erzincanda-polis-evinde-intihar-etti_7ee3d8e.jpg?resize=300%2C169 300w, https:\/\/i0.wp.com\/www.tvturk.com\/wp-content\/uploads\/2019\/02\/erzincanda-polis-evinde-intihar-etti_7ee3d8e.jpg?resize=768%2C432 768w, https:\/\/i0.wp.com\/www.tvturk.com\/wp-content\/uploads\/2019\/02\/erzincanda-polis-evinde-intihar-etti_7ee3d8e.jpg?resize=200%2C113 200w\" width=\"180\" height=\"101\" loading=\"lazy\" data-original-width=\"180\" data-original-height=\"101\" itemprop=\"http:\/\/schema.org\/image\" title=\"Erzincan\u2019da polis evinde intihar etti\" alt=\"Erzincan\u2019da polis evinde intihar etti\" style=\"width: 180px; height: 101px;\" \/> <\/a> <\/div> <div class=\"tiled-gallery-item tiled-gallery-item-small\" itemprop=\"associatedMedia\" itemscope itemtype=\"http:\/\/schema.org\/ImageObject\"> <a href=\"http:\/\/www.tvturk.com\/index.php\/erzincanda-polis-evinde-intihar-etti\/erzincanda-polis-evinde-intihar-etti-4\/\" border=\"0\" itemprop=\"url\"> <meta itemprop=\"width\" content=\"180\"> <meta itemprop=\"height\" content=\"101\"> <img decoding=\"async\" class=\"\" data-attachment-id=\"8821\" data-orig-file=\"http:\/\/www.tvturk.com\/wp-content\/uploads\/2019\/02\/erzincanda-polis-evinde-intihar-etti_260d715.jpg\" data-orig-size=\"1000,562\" data-comments-opened=\"\" data-image-meta=\"{&quot;aperture&quot;:&quot;0&quot;,&quot;credit&quot;:&quot;IHA&quot;,&quot;camera&quot;:&quot;&quot;,&quot;caption&quot;:&quot;ERZ\\u0130NCAN\\u2019DA B\\u0130R TRAF\\u0130K POL\\u0130S\\u0130 OLAN H.B, EV\\u0130NDE BEYL\\u0130K TABANCASIYLA KEND\\u0130N\\u0130 VURARAK, \\u0130NT\\u0130HAR ETT\\u0130. H.B. HASTANEDE YAPILAN T\\u00dcM M\\u00dcDAHALELERE RA\\u011eMEN KURTARILAMADI. (ABDULLAH ASLAN - ADEM K\\u00dc\\u00c7\\u00dcKKAYA\\\/ERZ\\u0130NCAN-\\u0130HA)&quot;,&quot;created_timestamp&quot;:&quot;0&quot;,&quot;copyright&quot;:&quot;\\u0130HLAS HABER AJANSI, www.iha.com.tr&quot;,&quot;focal_length&quot;:&quot;0&quot;,&quot;iso&quot;:&quot;0&quot;,&quot;shutter_speed&quot;:&quot;0&quot;,&quot;title&quot;:&quot;ERZ\\u0130NCAN\\u2019DA POL\\u0130S EV\\u0130NDE \\u0130NT\\u0130HAR ETT\\u0130&quot;,&quot;orientation&quot;:&quot;0&quot;}\" data-image-title=\"Erzincan\u2019da polis evinde intihar etti\" data-image-description=\"&lt;p&gt;Erzincan\u2019da polis evinde intihar etti&lt;\/p&gt; \" data-medium-file=\"https:\/\/i0.wp.com\/www.tvturk.com\/wp-content\/uploads\/2019\/02\/erzincanda-polis-evinde-intihar-etti_260d715.jpg?fit=300%2C169\" data-large-file=\"https:\/\/i0.wp.com\/www.tvturk.com\/wp-content\/uploads\/2019\/02\/erzincanda-polis-evinde-intihar-etti_260d715.jpg?fit=1000%2C562\" src=\"https:\/\/i0.wp.com\/www.tvturk.com\/wp-content\/uploads\/2019\/02\/erzincanda-polis-evinde-intihar-etti_260d715.jpg?w=180&#038;h=101\" srcset=\"https:\/\/i0.wp.com\/www.tvturk.com\/wp-content\/uploads\/2019\/02\/erzincanda-polis-evinde-intihar-etti_260d715.jpg?w=1000 1000w, https:\/\/i0.wp.com\/www.tvturk.com\/wp-content\/uploads\/2019\/02\/erzincanda-polis-evinde-intihar-etti_260d715.jpg?resize=150%2C84 150w, https:\/\/i0.wp.com\/www.tvturk.com\/wp-content\/uploads\/2019\/02\/erzincanda-polis-evinde-intihar-etti_260d715.jpg?resize=300%2C169 300w, https:\/\/i0.wp.com\/www.tvturk.com\/wp-content\/uploads\/2019\/02\/erzincanda-polis-evinde-intihar-etti_260d715.jpg?resize=768%2C432 768w, https:\/\/i0.wp.com\/www.tvturk.com\/wp-content\/uploads\/2019\/02\/erzincanda-polis-evinde-intihar-etti_260d715.jpg?resize=200%2C113 200w\" width=\"180\" height=\"101\" loading=\"lazy\" data-original-width=\"180\" data-original-height=\"101\" itemprop=\"http:\/\/schema.org\/image\" title=\"Erzincan\u2019da polis evinde intihar etti\" alt=\"Erzincan\u2019da polis evinde intihar etti\" style=\"width: 180px; height: 101px;\" \/> <\/a> <\/div> <div class=\"tiled-gallery-item tiled-gallery-item-small\" itemprop=\"associatedMedia\" itemscope itemtype=\"http:\/\/schema.org\/ImageObject\"> <a href=\"http:\/\/www.tvturk.com\/index.php\/erzincanda-polis-evinde-intihar-etti\/erzincanda-polis-evinde-intihar-etti-5\/\" border=\"0\" itemprop=\"url\"> <meta itemprop=\"width\" content=\"180\"> <meta itemprop=\"height\" content=\"180\"> <img decoding=\"async\" class=\"\" data-attachment-id=\"8822\" data-orig-file=\"http:\/\/www.tvturk.com\/wp-content\/uploads\/2019\/02\/erzincanda-polis-evinde-intihar-etti_3b7fbbc.jpg\" data-orig-size=\"900,900\" data-comments-opened=\"\" data-image-meta=\"{&quot;aperture&quot;:&quot;0&quot;,&quot;credit&quot;:&quot;IHA&quot;,&quot;camera&quot;:&quot;&quot;,&quot;caption&quot;:&quot;ERZ\\u0130NCAN\\u2019DA B\\u0130R TRAF\\u0130K POL\\u0130S\\u0130 OLAN H.B, EV\\u0130NDE BEYL\\u0130K TABANCASIYLA KEND\\u0130N\\u0130 VURARAK, \\u0130NT\\u0130HAR ETT\\u0130. H.B. HASTANEDE YAPILAN T\\u00dcM M\\u00dcDAHALELERE RA\\u011eMEN KURTARILAMADI. (ABDULLAH ASLAN - ADEM K\\u00dc\\u00c7\\u00dcKKAYA\\\/ERZ\\u0130NCAN-\\u0130HA)&quot;,&quot;created_timestamp&quot;:&quot;1549578480&quot;,&quot;copyright&quot;:&quot;\\u0130HLAS HABER AJANSI, www.iha.com.tr&quot;,&quot;focal_length&quot;:&quot;0\\\/0&quot;,&quot;iso&quot;:&quot;0&quot;,&quot;shutter_speed&quot;:&quot;0\\\/0&quot;,&quot;title&quot;:&quot;ERZ\\u0130NCAN\\u2019DA POL\\u0130S EV\\u0130NDE \\u0130NT\\u0130HAR ETT\\u0130&quot;,&quot;orientation&quot;:&quot;1&quot;}\" data-image-title=\"Erzincan\u2019da polis evinde intihar etti\" data-image-description=\"&lt;p&gt;Erzincan\u2019da polis evinde intihar etti&lt;\/p&gt; \" data-medium-file=\"https:\/\/i0.wp.com\/www.tvturk.com\/wp-content\/uploads\/2019\/02\/erzincanda-polis-evinde-intihar-etti_3b7fbbc.jpg?fit=300%2C300\" data-large-file=\"https:\/\/i0.wp.com\/www.tvturk.com\/wp-content\/uploads\/2019\/02\/erzincanda-polis-evinde-intihar-etti_3b7fbbc.jpg?fit=900%2C900\" src=\"https:\/\/i0.wp.com\/www.tvturk.com\/wp-content\/uploads\/2019\/02\/erzincanda-polis-evinde-intihar-etti_3b7fbbc.jpg?w=180&#038;h=180&#038;crop=1\" srcset=\"https:\/\/i0.wp.com\/www.tvturk.com\/wp-content\/uploads\/2019\/02\/erzincanda-polis-evinde-intihar-etti_3b7fbbc.jpg?w=900 900w, https:\/\/i0.wp.com\/www.tvturk.com\/wp-content\/uploads\/2019\/02\/erzincanda-polis-evinde-intihar-etti_3b7fbbc.jpg?resize=150%2C150 150w, https:\/\/i0.wp.com\/www.tvturk.com\/wp-content\/uploads\/2019\/02\/erzincanda-polis-evinde-intihar-etti_3b7fbbc.jpg?resize=300%2C300 300w, https:\/\/i0.wp.com\/www.tvturk.com\/wp-content\/uploads\/2019\/02\/erzincanda-polis-evinde-intihar-etti_3b7fbbc.jpg?resize=768%2C768 768w\" width=\"180\" height=\"180\" loading=\"lazy\" data-original-width=\"180\" data-original-height=\"180\" itemprop=\"http:\/\/schema.org\/image\" title=\"Erzincan\u2019da polis evinde intihar etti\" alt=\"Erzincan\u2019da polis evinde intihar etti\" style=\"width: 180px; height: 180px;\" \/> <\/a> <\/div> <\/div> <!-- close group --> <div class=\"gallery-group images-1\" style=\"width: 316px; height: 394px;\" data-original-width=\"316\" data-original-height=\"394\" > <div class=\"tiled-gallery-item tiled-gallery-item-large\" itemprop=\"associatedMedia\" itemscope itemtype=\"http:\/\/schema.org\/ImageObject\"> <a href=\"http:\/\/www.tvturk.com\/index.php\/erzincanda-polis-evinde-intihar-etti\/erzincanda-polis-evinde-intihar-etti-6\/\" border=\"0\" itemprop=\"url\"> <meta itemprop=\"width\" content=\"312\"> <meta itemprop=\"height\" content=\"390\"> <img decoding=\"async\" class=\"\" data-attachment-id=\"8823\" data-orig-file=\"http:\/\/www.tvturk.com\/wp-content\/uploads\/2019\/02\/erzincanda-polis-evinde-intihar-etti_76c8e72.jpg\" data-orig-size=\"799,1000\" data-comments-opened=\"\" data-image-meta=\"{&quot;aperture&quot;:&quot;0&quot;,&quot;credit&quot;:&quot;IHA&quot;,&quot;camera&quot;:&quot;&quot;,&quot;caption&quot;:&quot;ERZ\\u0130NCAN\\u2019DA B\\u0130R TRAF\\u0130K POL\\u0130S\\u0130 OLAN H.B, EV\\u0130NDE BEYL\\u0130K TABANCASIYLA KEND\\u0130N\\u0130 VURARAK, \\u0130NT\\u0130HAR ETT\\u0130. H.B. HASTANEDE YAPILAN T\\u00dcM M\\u00dcDAHALELERE RA\\u011eMEN KURTARILAMADI. (ABDULLAH ASLAN - ADEM K\\u00dc\\u00c7\\u00dcKKAYA\\\/ERZ\\u0130NCAN-\\u0130HA)&quot;,&quot;created_timestamp&quot;:&quot;0&quot;,&quot;copyright&quot;:&quot;\\u0130HLAS HABER AJANSI, www.iha.com.tr&quot;,&quot;focal_length&quot;:&quot;0&quot;,&quot;iso&quot;:&quot;0&quot;,&quot;shutter_speed&quot;:&quot;0&quot;,&quot;title&quot;:&quot;ERZ\\u0130NCAN\\u2019DA POL\\u0130S EV\\u0130NDE \\u0130NT\\u0130HAR ETT\\u0130&quot;,&quot;orientation&quot;:&quot;0&quot;}\" data-image-title=\"Erzincan\u2019da polis evinde intihar etti\" data-image-description=\"&lt;p&gt;Erzincan\u2019da polis evinde intihar etti&lt;\/p&gt; \" data-medium-file=\"https:\/\/i0.wp.com\/www.tvturk.com\/wp-content\/uploads\/2019\/02\/erzincanda-polis-evinde-intihar-etti_76c8e72.jpg?fit=240%2C300\" data-large-file=\"https:\/\/i0.wp.com\/www.tvturk.com\/wp-content\/uploads\/2019\/02\/erzincanda-polis-evinde-intihar-etti_76c8e72.jpg?fit=799%2C1000\" src=\"https:\/\/i0.wp.com\/www.tvturk.com\/wp-content\/uploads\/2019\/02\/erzincanda-polis-evinde-intihar-etti_76c8e72.jpg?w=312&#038;h=390\" srcset=\"https:\/\/i0.wp.com\/www.tvturk.com\/wp-content\/uploads\/2019\/02\/erzincanda-polis-evinde-intihar-etti_76c8e72.jpg?w=799 799w, https:\/\/i0.wp.com\/www.tvturk.com\/wp-content\/uploads\/2019\/02\/erzincanda-polis-evinde-intihar-etti_76c8e72.jpg?resize=120%2C150 120w, https:\/\/i0.wp.com\/www.tvturk.com\/wp-content\/uploads\/2019\/02\/erzincanda-polis-evinde-intihar-etti_76c8e72.jpg?resize=240%2C300 240w, https:\/\/i0.wp.com\/www.tvturk.com\/wp-content\/uploads\/2019\/02\/erzincanda-polis-evinde-intihar-etti_76c8e72.jpg?resize=768%2C961 768w\" width=\"312\" height=\"390\" loading=\"lazy\" data-original-width=\"312\" data-original-height=\"390\" itemprop=\"http:\/\/schema.org\/image\" title=\"Erzincan\u2019da polis evinde intihar etti\" alt=\"Erzincan\u2019da polis evinde intihar etti\" style=\"width: 312px; height: 390px;\" \/> <\/a> <\/div> <\/div> <!-- close group --> <\/div> <!-- close row --> <\/div><\/p>\n","protected":false},"excerpt":{"rendered":"<p>ERZ\u0130NCAN\u2019DA B\u0130R TRAF\u0130K POL\u0130S\u0130 OLAN H.B, EV\u0130NDE BEYL\u0130K TABANCASIYLA KEND\u0130N\u0130 VURARAK, \u0130NT\u0130HAR ETT\u0130. H.B. HASTANEDE YAPILAN T\u00dcM M\u00dcDAHALELERE RA\u011eMEN KURTARILAMADI.<\/p>\n","protected":false},"author":1,"featured_media":8819,"comment_status":"closed","ping_status":"open","sticky":false,"template":"","format":"standard","meta":{"jetpack_post_was_ever_published":false,"_jetpack_newsletter_access":"","_jetpack_dont_email_post_to_subs":false,"_jetpack_newsletter_tier_id":0,"_jetpack_memberships_contains_paywalled_content":false,"_jetpack_memberships_contains_paid_content":false,"footnotes":"","jetpack_publicize_message":"","jetpack_publicize_feature_enabled":true,"jetpack_social_post_already_shared":false,"jetpack_social_options":{"image_generator_settings":{"template":"highway","default_image_id":0,"font":"","enabled":false},"version":2}},"categories":[655],"tags":[3732,207,1595,4706,996],"class_list":["post-8818","post","type-post","status-publish","format-standard","has-post-thumbnail","hentry","category-son-dakika","tag-erzincanda","tag-etti","tag-evinde","tag-intihar","tag-polis"],"jetpack_publicize_connections":[],"jetpack_featured_media_url":"https:\/\/i0.wp.com\/www.tvturk.com\/wp-content\/uploads\/2019\/02\/erzincanda-polis-evinde-intihar-etti_d209cbc.jpg?fit=1000%2C562","jetpack_sharing_enabled":true,"jetpack_shortlink":"https:\/\/wp.me\/paKIfm-2ie","_links":{"self":[{"href":"http:\/\/www.tvturk.com\/index.php\/wp-json\/wp\/v2\/posts\/8818","targetHints":{"allow":["GET"]}}],"collection":[{"href":"http:\/\/www.tvturk.com\/index.php\/wp-json\/wp\/v2\/posts"}],"about":[{"href":"http:\/\/www.tvturk.com\/index.php\/wp-json\/wp\/v2\/types\/post"}],"author":[{"embeddable":true,"href":"http:\/\/www.tvturk.com\/index.php\/wp-json\/wp\/v2\/users\/1"}],"replies":[{"embeddable":true,"href":"http:\/\/www.tvturk.com\/index.php\/wp-json\/wp\/v2\/comments?post=8818"}],"version-history":[{"count":1,"href":"http:\/\/www.tvturk.com\/index.php\/wp-json\/wp\/v2\/posts\/8818\/revisions"}],"predecessor-version":[{"id":8824,"href":"http:\/\/www.tvturk.com\/index.php\/wp-json\/wp\/v2\/posts\/8818\/revisions\/8824"}],"wp:featuredmedia":[{"embeddable":true,"href":"http:\/\/www.tvturk.com\/index.php\/wp-json\/wp\/v2\/media\/8819"}],"wp:attachment":[{"href":"http:\/\/www.tvturk.com\/index.php\/wp-json\/wp\/v2\/media?parent=8818"}],"wp:term":[{"taxonomy":"category","embeddable":true,"href":"http:\/\/www.tvturk.com\/index.php\/wp-json\/wp\/v2\/categories?post=8818"},{"taxonomy":"post_tag","embeddable":true,"href":"http:\/\/www.tvturk.com\/index.php\/wp-json\/wp\/v2\/tags?post=8818"}],"curies":[{"name":"wp","href":"https:\/\/api.w.org\/{rel}","templated":true}]}}