{"id":88484,"date":"2019-03-13T10:46:09","date_gmt":"2019-03-13T07:46:09","guid":{"rendered":"http:\/\/www.tvturk.com\/index.php\/cig-altinda-kalan-dagciya-100-gundur-ulasilamiyor\/"},"modified":"2019-03-13T10:46:11","modified_gmt":"2019-03-13T07:46:11","slug":"cig-altinda-kalan-dagciya-100-gundur-ulasilamiyor","status":"publish","type":"post","link":"http:\/\/www.tvturk.com\/index.php\/cig-altinda-kalan-dagciya-100-gundur-ulasilamiyor\/","title":{"rendered":"\u00c7\u0131\u011f alt\u0131nda kalan da\u011fc\u0131ya 100 g\u00fcnd\u00fcr ula\u015f\u0131lam\u0131yor"},"content":{"rendered":"<p>Ni\u011fde\u2019de \u00c7amard\u0131 il\u00e7esi Demirkaz\u0131k da\u011f\u0131nda t\u0131rman\u0131\u015f sonras\u0131 \u00e7\u0131\u011f d\u00fc\u015fmesi sonucu \u00e7\u0131\u011f alt\u0131na kalan 27 ya\u015f\u0131ndaki da\u011fc\u0131 Mustafa Kemal Karako\u00e7\u2019\u0131n arama \u00e7al\u0131\u015fmalar\u0131 \u00e7\u0131\u011f riski nedeniyle yap\u0131lam\u0131yor.<\/p>\n<p>100 g\u00fcnd\u00fcr \u00e7\u0131\u011f alt\u0131na kalan talihsiz da\u011fc\u0131n\u0131n cans\u0131z bedenini arama \u00e7al\u0131\u015fmalar\u0131n\u0131n \u00e7\u0131\u011f riski nedeniyle ba\u015flamad\u0131\u011f\u0131 belirtiliyor. Yerel da\u011fc\u0131lar b\u00f6lgede Haziran ay\u0131na kadar kar oldu\u011funu ve \u00e7\u0131\u011f riskinin devam etti\u011fini s\u00f6ylediler.<\/p>\n<p>2 Aral\u0131k 2018 tarihinde Demirkaz\u0131k Da\u011f\u0131, Eznevit Mevkii\u2019nde t\u0131rman\u0131\u015ftan ini\u015fe yapan Mustafa Kemal Karako\u00e7 ve Hilal \u0130\u015fcan \u00e7\u0131\u011f d\u00fc\u015fmesi sonucu kar alt\u0131nda kald\u0131. Da\u011fc\u0131 Hilal \u0130\u015fcan 1 g\u00fcn sonra helikopterlerle kurtar\u0131l\u0131rken, Mustafa Kemal Karako\u00e7\u2019a ula\u015f\u0131lamad\u0131. Kar ya\u011f\u0131\u015f\u0131 art\u0131\u015f\u0131 olunca arama kurtarma \u00e7al\u0131\u015fmalar\u0131na son verildi.  Tekrar \u00e7\u0131\u011f riskinin bulunmas\u0131 nedeniyle 3 ayd\u0131r Mustafa Kemal Karako\u00e7\u2019u arama \u00e7al\u0131\u015fmas\u0131 yap\u0131lam\u0131yor.<\/p>\n<p>Haziran ay\u0131nda arama yap\u0131labilir<\/p>\n<p>AFAD ekiplerinin zaman zaman b\u00f6lgeye y\u00fcr\u00fcy\u00fc\u015f yapt\u0131\u011f\u0131 ancak \u00e7\u0131\u011f riskinin devam etmesi nedeniyle arama \u00e7al\u0131\u015fmas\u0131 ba\u015flat\u0131lam\u0131yor. Profesyonel da\u011fc\u0131lar ise arama i\u00e7in herhangi bir teknolojinin olmamas\u0131 nedeniyle b\u00f6lgede May\u0131s ve Haziran aylar\u0131nda \u00e7\u0131\u011f riskinin azalaca\u011f\u0131 ve o tarihlerde araman\u0131n yap\u0131labilece\u011fini ifade ettiler.<div class=\"tiled-gallery type-rectangular tiled-gallery-unresized\" data-original-width=\"500\" data-carousel-extra='null' itemscope itemtype=\"http:\/\/schema.org\/ImageGallery\" > <div class=\"gallery-row\" style=\"width: 500px; height: 645px;\" data-original-width=\"500\" data-original-height=\"645\" > <div class=\"gallery-group images-1\" style=\"width: 500px; height: 645px;\" data-original-width=\"500\" data-original-height=\"645\" > <div class=\"tiled-gallery-item tiled-gallery-item-large\" itemprop=\"associatedMedia\" itemscope itemtype=\"http:\/\/schema.org\/ImageObject\"> <a href=\"http:\/\/www.tvturk.com\/index.php\/cig-altinda-kalan-dagciya-100-gundur-ulasilamiyor\/cig-altinda-kalan-dagciya-100-gundur-ulasilamiyor-3\/\" border=\"0\" itemprop=\"url\"> <meta itemprop=\"width\" content=\"496\"> <meta itemprop=\"height\" content=\"641\"> <img decoding=\"async\" class=\"\" data-attachment-id=\"88486\" data-orig-file=\"http:\/\/www.tvturk.com\/wp-content\/uploads\/2019\/03\/cig-altinda-kalan-dagciya-100-gundur-ulasilamiyor_0cee5b0.jpg\" data-orig-size=\"687,888\" data-comments-opened=\"\" data-image-meta=\"{&quot;aperture&quot;:&quot;0&quot;,&quot;credit&quot;:&quot;IHA&quot;,&quot;camera&quot;:&quot;&quot;,&quot;caption&quot;:&quot;N\\u0130\\u011eDE\\u2019DE \\u00c7AMARDI \\u0130L\\u00c7ES\\u0130 DEM\\u0130RKAZIK DA\\u011eINDA TIRMANI\\u015e SONRASI \\u00c7I\\u011e D\\u00dc\\u015eMES\\u0130 SONUCU \\u00c7I\\u011e ALTINA KALAN 27 YA\\u015eINDAK\\u0130 DA\\u011eCI MUSTAFA KEMAL KARAKO\\u00c7\\u2019IN ARAMA \\u00c7ALI\\u015eMALARI \\u00c7I\\u011e R\\u0130SK\\u0130 NEDEN\\u0130YLE YAPILAMIYOR. (\\u0130HA\\\/N\\u0130\\u011eDE-\\u0130HA)&quot;,&quot;created_timestamp&quot;:&quot;1552502520&quot;,&quot;copyright&quot;:&quot;\\u0130HLAS HABER AJANSI, www.iha.com.tr&quot;,&quot;focal_length&quot;:&quot;0&quot;,&quot;iso&quot;:&quot;0&quot;,&quot;shutter_speed&quot;:&quot;0&quot;,&quot;title&quot;:&quot;\\u00c7I\\u011e ALTINDA KALAN DA\\u011eCIYA 100 G\\u00dcND\\u00dcR ULA\\u015eILAMIYOR&quot;,&quot;orientation&quot;:&quot;0&quot;}\" data-image-title=\"\u00c7\u0131\u011f alt\u0131nda kalan da\u011fc\u0131ya 100 g\u00fcnd\u00fcr ula\u015f\u0131lam\u0131yor\" data-image-description=\"&lt;p&gt;\u00c7\u0131\u011f alt\u0131nda kalan da\u011fc\u0131ya 100 g\u00fcnd\u00fcr ula\u015f\u0131lam\u0131yor&lt;\/p&gt; \" data-medium-file=\"https:\/\/i0.wp.com\/www.tvturk.com\/wp-content\/uploads\/2019\/03\/cig-altinda-kalan-dagciya-100-gundur-ulasilamiyor_0cee5b0.jpg?fit=232%2C300\" data-large-file=\"https:\/\/i0.wp.com\/www.tvturk.com\/wp-content\/uploads\/2019\/03\/cig-altinda-kalan-dagciya-100-gundur-ulasilamiyor_0cee5b0.jpg?fit=687%2C888\" src=\"https:\/\/i0.wp.com\/www.tvturk.com\/wp-content\/uploads\/2019\/03\/cig-altinda-kalan-dagciya-100-gundur-ulasilamiyor_0cee5b0.jpg?w=496&#038;h=641\" srcset=\"https:\/\/i0.wp.com\/www.tvturk.com\/wp-content\/uploads\/2019\/03\/cig-altinda-kalan-dagciya-100-gundur-ulasilamiyor_0cee5b0.jpg?w=687 687w, https:\/\/i0.wp.com\/www.tvturk.com\/wp-content\/uploads\/2019\/03\/cig-altinda-kalan-dagciya-100-gundur-ulasilamiyor_0cee5b0.jpg?resize=116%2C150 116w, https:\/\/i0.wp.com\/www.tvturk.com\/wp-content\/uploads\/2019\/03\/cig-altinda-kalan-dagciya-100-gundur-ulasilamiyor_0cee5b0.jpg?resize=232%2C300 232w\" width=\"496\" height=\"641\" loading=\"lazy\" data-original-width=\"496\" data-original-height=\"641\" itemprop=\"http:\/\/schema.org\/image\" title=\"\u00c7\u0131\u011f alt\u0131nda kalan da\u011fc\u0131ya 100 g\u00fcnd\u00fcr ula\u015f\u0131lam\u0131yor\" alt=\"\u00c7\u0131\u011f alt\u0131nda kalan da\u011fc\u0131ya 100 g\u00fcnd\u00fcr ula\u015f\u0131lam\u0131yor\" style=\"width: 496px; height: 641px;\" \/> <\/a> <\/div> <\/div> <!-- close group --> <\/div> <!-- close row --> <\/div><\/p>\n","protected":false},"excerpt":{"rendered":"<p>N\u0130\u011eDE\u2019DE \u00c7AMARDI \u0130L\u00c7ES\u0130 DEM\u0130RKAZIK DA\u011eINDA TIRMANI\u015e SONRASI \u00c7I\u011e D\u00dc\u015eMES\u0130 SONUCU \u00c7I\u011e ALTINA KALAN 27 YA\u015eINDAK\u0130 DA\u011eCI MUSTAFA KEMAL KARAKO\u00c7\u2019IN ARAMA \u00c7ALI\u015eMALARI \u00c7I\u011e R\u0130SK\u0130 NEDEN\u0130YLE YAPILAMIYOR.<\/p>\n","protected":false},"author":1,"featured_media":88485,"comment_status":"closed","ping_status":"open","sticky":false,"template":"","format":"standard","meta":{"jetpack_post_was_ever_published":false,"_jetpack_newsletter_access":"","_jetpack_dont_email_post_to_subs":false,"_jetpack_newsletter_tier_id":0,"_jetpack_memberships_contains_paywalled_content":false,"_jetpack_memberships_contains_paid_content":false,"footnotes":"","jetpack_publicize_message":"","jetpack_publicize_feature_enabled":true,"jetpack_social_post_already_shared":true,"jetpack_social_options":{"image_generator_settings":{"template":"highway","default_image_id":0,"font":"","enabled":false},"version":2}},"categories":[655],"tags":[2127,3114,5654,23964,2003,1274,23965],"class_list":["post-88484","post","type-post","status-publish","format-standard","has-post-thumbnail","hentry","category-son-dakika","tag-2127","tag-altinda","tag-cig","tag-dagciya","tag-gundur","tag-kalan","tag-ulasilamiyor"],"jetpack_publicize_connections":[],"jetpack_featured_media_url":"https:\/\/i0.wp.com\/www.tvturk.com\/wp-content\/uploads\/2019\/03\/cig-altinda-kalan-dagciya-100-gundur-ulasilamiyor_60fb512.jpg?fit=1000%2C694","jetpack_sharing_enabled":true,"jetpack_shortlink":"https:\/\/wp.me\/paKIfm-n1a","_links":{"self":[{"href":"http:\/\/www.tvturk.com\/index.php\/wp-json\/wp\/v2\/posts\/88484","targetHints":{"allow":["GET"]}}],"collection":[{"href":"http:\/\/www.tvturk.com\/index.php\/wp-json\/wp\/v2\/posts"}],"about":[{"href":"http:\/\/www.tvturk.com\/index.php\/wp-json\/wp\/v2\/types\/post"}],"author":[{"embeddable":true,"href":"http:\/\/www.tvturk.com\/index.php\/wp-json\/wp\/v2\/users\/1"}],"replies":[{"embeddable":true,"href":"http:\/\/www.tvturk.com\/index.php\/wp-json\/wp\/v2\/comments?post=88484"}],"version-history":[{"count":1,"href":"http:\/\/www.tvturk.com\/index.php\/wp-json\/wp\/v2\/posts\/88484\/revisions"}],"predecessor-version":[{"id":88487,"href":"http:\/\/www.tvturk.com\/index.php\/wp-json\/wp\/v2\/posts\/88484\/revisions\/88487"}],"wp:featuredmedia":[{"embeddable":true,"href":"http:\/\/www.tvturk.com\/index.php\/wp-json\/wp\/v2\/media\/88485"}],"wp:attachment":[{"href":"http:\/\/www.tvturk.com\/index.php\/wp-json\/wp\/v2\/media?parent=88484"}],"wp:term":[{"taxonomy":"category","embeddable":true,"href":"http:\/\/www.tvturk.com\/index.php\/wp-json\/wp\/v2\/categories?post=88484"},{"taxonomy":"post_tag","embeddable":true,"href":"http:\/\/www.tvturk.com\/index.php\/wp-json\/wp\/v2\/tags?post=88484"}],"curies":[{"name":"wp","href":"https:\/\/api.w.org\/{rel}","templated":true}]}}