{"id":88801,"date":"2019-03-13T12:30:02","date_gmt":"2019-03-13T09:30:02","guid":{"rendered":"http:\/\/www.tvturk.com\/index.php\/ruhani-necefte-sistaniyi-ziyaret-etti\/"},"modified":"2019-03-13T12:30:04","modified_gmt":"2019-03-13T09:30:04","slug":"ruhani-necefte-sistaniyi-ziyaret-etti","status":"publish","type":"post","link":"http:\/\/www.tvturk.com\/index.php\/ruhani-necefte-sistaniyi-ziyaret-etti\/","title":{"rendered":"Ruhani, Necef\u2019te Sistani\u2019yi ziyaret etti"},"content":{"rendered":"<p>\u0130ran Cumhurba\u015fkan\u0131 Hasan Ruhani, Irak\u2019a yapt\u0131\u011f\u0131 tarihi ziyaretinin 3. g\u00fcn\u00fcnde Necef kentine gitti.  Kentteki \u0130mam Ali T\u00fcrbesi\u2019ni ziyaret eden Ruhani, daha sonra \u015eii otoritelerden Ayetullah Ali Sistani ile bir araya geldi.<\/p>\n<p>Irak\u2019\u0131n ba\u015fkenti Ba\u011fdat\u2019ta Cumhurba\u015fkan\u0131 Berhem Salih, Ba\u015fbakan Adi Abd\u00fclmehdi ve di\u011fer yetkililerle temaslar\u0131n\u0131 tamamlayan \u0130ran Cumhurba\u015fkan\u0131 Hasan Ruhani, bu sabah \u00fclkenin g\u00fcneyindeki Necef kentine gitti. Necef\u2019te \u0130mam Ali T\u00fcrbesi\u2019ni ziyaret eden Ruhani daha sonra \u015eii otoritelerden Ayetullah Ali Sistani ile g\u00f6r\u00fc\u015ft\u00fc. \u0130ran D\u0131\u015fi\u015fleri Bakan\u0131 Muhammed Cevat Zarif\u2019in haz\u0131r bulundu\u011fu g\u00f6r\u00fc\u015fme Sistani\u2019nin evinde ger\u00e7ekle\u015fti.<div class=\"tiled-gallery type-rectangular tiled-gallery-unresized\" data-original-width=\"500\" data-carousel-extra='null' itemscope itemtype=\"http:\/\/schema.org\/ImageGallery\" > <div class=\"gallery-row\" style=\"width: 500px; height: 231px;\" data-original-width=\"500\" data-original-height=\"231\" > <div class=\"gallery-group images-1\" style=\"width: 345px; height: 231px;\" data-original-width=\"345\" data-original-height=\"231\" > <div class=\"tiled-gallery-item tiled-gallery-item-large\" itemprop=\"associatedMedia\" itemscope itemtype=\"http:\/\/schema.org\/ImageObject\"> <a href=\"http:\/\/www.tvturk.com\/index.php\/ruhani-necefte-sistaniyi-ziyaret-etti\/ruhani-necefte-sistaniyi-ziyaret-etti-3\/\" border=\"0\" itemprop=\"url\"> <meta itemprop=\"width\" content=\"341\"> <meta itemprop=\"height\" content=\"227\"> <img decoding=\"async\" class=\"\" data-attachment-id=\"88803\" data-orig-file=\"http:\/\/www.tvturk.com\/wp-content\/uploads\/2019\/03\/ruhani-necefte-sistaniyi-ziyaret-etti_30b6420.jpg\" data-orig-size=\"1000,665\" data-comments-opened=\"\" data-image-meta=\"{&quot;aperture&quot;:&quot;0&quot;,&quot;credit&quot;:&quot;IHA&quot;,&quot;camera&quot;:&quot;&quot;,&quot;caption&quot;:&quot;\\u0130RAN CUMHURBA\\u015eKANI HASAN RUHAN\\u0130, IRAK\\u2019A YAPTI\\u011eI TAR\\u0130H\\u0130 Z\\u0130YARET\\u0130N\\u0130N 3. G\\u00dcN\\u00dcNDE NECEF KENT\\u0130NE G\\u0130TT\\u0130. KENTTEK\\u0130 \\u0130MAM AL\\u0130 T\\u00dcRBES\\u0130\\u2019N\\u0130 Z\\u0130YARET EDEN RUHAN\\u0130, DAHA SONRA \\u015e\\u0130\\u0130 OTOR\\u0130TELERDEN AYETULLAH AL\\u0130 S\\u0130STAN\\u0130 \\u0130LE B\\u0130R ARAYA GELD\\u0130. (ABDULKAD\\u0130R HACIO\\u011eLU\\\/ERB\\u0130L-\\u0130HA)&quot;,&quot;created_timestamp&quot;:&quot;0&quot;,&quot;copyright&quot;:&quot;\\u0130HLAS HABER AJANSI, www.iha.com.tr&quot;,&quot;focal_length&quot;:&quot;0&quot;,&quot;iso&quot;:&quot;0&quot;,&quot;shutter_speed&quot;:&quot;0&quot;,&quot;title&quot;:&quot;RUHAN\\u0130, NECEF\\u2019TE S\\u0130STAN\\u0130\\u2019Y\\u0130 Z\\u0130YARET ETT\\u0130&quot;,&quot;orientation&quot;:&quot;0&quot;}\" data-image-title=\"Ruhani, Necef\u2019te Sistani\u2019yi ziyaret etti\" data-image-description=\"&lt;p&gt;Ruhani, Necef\u2019te Sistani\u2019yi ziyaret etti&lt;\/p&gt; \" data-medium-file=\"https:\/\/i0.wp.com\/www.tvturk.com\/wp-content\/uploads\/2019\/03\/ruhani-necefte-sistaniyi-ziyaret-etti_30b6420.jpg?fit=300%2C200\" data-large-file=\"https:\/\/i0.wp.com\/www.tvturk.com\/wp-content\/uploads\/2019\/03\/ruhani-necefte-sistaniyi-ziyaret-etti_30b6420.jpg?fit=1000%2C665\" src=\"https:\/\/i0.wp.com\/www.tvturk.com\/wp-content\/uploads\/2019\/03\/ruhani-necefte-sistaniyi-ziyaret-etti_30b6420.jpg?w=341&#038;h=227\" srcset=\"https:\/\/i0.wp.com\/www.tvturk.com\/wp-content\/uploads\/2019\/03\/ruhani-necefte-sistaniyi-ziyaret-etti_30b6420.jpg?w=1000 1000w, https:\/\/i0.wp.com\/www.tvturk.com\/wp-content\/uploads\/2019\/03\/ruhani-necefte-sistaniyi-ziyaret-etti_30b6420.jpg?resize=150%2C100 150w, https:\/\/i0.wp.com\/www.tvturk.com\/wp-content\/uploads\/2019\/03\/ruhani-necefte-sistaniyi-ziyaret-etti_30b6420.jpg?resize=300%2C200 300w, https:\/\/i0.wp.com\/www.tvturk.com\/wp-content\/uploads\/2019\/03\/ruhani-necefte-sistaniyi-ziyaret-etti_30b6420.jpg?resize=768%2C511 768w, https:\/\/i0.wp.com\/www.tvturk.com\/wp-content\/uploads\/2019\/03\/ruhani-necefte-sistaniyi-ziyaret-etti_30b6420.jpg?resize=170%2C113 170w, https:\/\/i0.wp.com\/www.tvturk.com\/wp-content\/uploads\/2019\/03\/ruhani-necefte-sistaniyi-ziyaret-etti_30b6420.jpg?resize=120%2C80 120w\" width=\"341\" height=\"227\" loading=\"lazy\" data-original-width=\"341\" data-original-height=\"227\" itemprop=\"http:\/\/schema.org\/image\" title=\"Ruhani, Necef\u2019te Sistani\u2019yi ziyaret etti\" alt=\"Ruhani, Necef\u2019te Sistani\u2019yi ziyaret etti\" style=\"width: 341px; height: 227px;\" \/> <\/a> <\/div> <\/div> <!-- close group --> <div class=\"gallery-group images-1\" style=\"width: 155px; height: 231px;\" data-original-width=\"155\" data-original-height=\"231\" > <div class=\"tiled-gallery-item tiled-gallery-item-small\" itemprop=\"associatedMedia\" itemscope itemtype=\"http:\/\/schema.org\/ImageObject\"> <a href=\"http:\/\/www.tvturk.com\/index.php\/ruhani-necefte-sistaniyi-ziyaret-etti\/ruhani-necefte-sistaniyi-ziyaret-etti-4\/\" border=\"0\" itemprop=\"url\"> <meta itemprop=\"width\" content=\"151\"> <meta itemprop=\"height\" content=\"227\"> <img decoding=\"async\" class=\"\" data-attachment-id=\"88804\" data-orig-file=\"http:\/\/www.tvturk.com\/wp-content\/uploads\/2019\/03\/ruhani-necefte-sistaniyi-ziyaret-etti_8faec74.jpg\" data-orig-size=\"666,1000\" data-comments-opened=\"\" data-image-meta=\"{&quot;aperture&quot;:&quot;0&quot;,&quot;credit&quot;:&quot;IHA&quot;,&quot;camera&quot;:&quot;&quot;,&quot;caption&quot;:&quot;\\u0130RAN CUMHURBA\\u015eKANI HASAN RUHAN\\u0130, IRAK\\u2019A YAPTI\\u011eI TAR\\u0130H\\u0130 Z\\u0130YARET\\u0130N\\u0130N 3. G\\u00dcN\\u00dcNDE NECEF KENT\\u0130NE G\\u0130TT\\u0130. KENTTEK\\u0130 \\u0130MAM AL\\u0130 T\\u00dcRBES\\u0130\\u2019N\\u0130 Z\\u0130YARET EDEN RUHAN\\u0130, DAHA SONRA \\u015e\\u0130\\u0130 OTOR\\u0130TELERDEN AYETULLAH AL\\u0130 S\\u0130STAN\\u0130 \\u0130LE B\\u0130R ARAYA GELD\\u0130. (ABDULKAD\\u0130R HACIO\\u011eLU\\\/ERB\\u0130L-\\u0130HA)&quot;,&quot;created_timestamp&quot;:&quot;0&quot;,&quot;copyright&quot;:&quot;\\u0130HLAS HABER AJANSI, www.iha.com.tr&quot;,&quot;focal_length&quot;:&quot;0&quot;,&quot;iso&quot;:&quot;0&quot;,&quot;shutter_speed&quot;:&quot;0&quot;,&quot;title&quot;:&quot;RUHAN\\u0130, NECEF\\u2019TE S\\u0130STAN\\u0130\\u2019Y\\u0130 Z\\u0130YARET ETT\\u0130&quot;,&quot;orientation&quot;:&quot;0&quot;}\" data-image-title=\"Ruhani, Necef\u2019te Sistani\u2019yi ziyaret etti\" data-image-description=\"&lt;p&gt;Ruhani, Necef\u2019te Sistani\u2019yi ziyaret etti&lt;\/p&gt; \" data-medium-file=\"https:\/\/i0.wp.com\/www.tvturk.com\/wp-content\/uploads\/2019\/03\/ruhani-necefte-sistaniyi-ziyaret-etti_8faec74.jpg?fit=200%2C300\" data-large-file=\"https:\/\/i0.wp.com\/www.tvturk.com\/wp-content\/uploads\/2019\/03\/ruhani-necefte-sistaniyi-ziyaret-etti_8faec74.jpg?fit=666%2C1000\" src=\"https:\/\/i0.wp.com\/www.tvturk.com\/wp-content\/uploads\/2019\/03\/ruhani-necefte-sistaniyi-ziyaret-etti_8faec74.jpg?w=151&#038;h=227\" srcset=\"https:\/\/i0.wp.com\/www.tvturk.com\/wp-content\/uploads\/2019\/03\/ruhani-necefte-sistaniyi-ziyaret-etti_8faec74.jpg?w=666 666w, https:\/\/i0.wp.com\/www.tvturk.com\/wp-content\/uploads\/2019\/03\/ruhani-necefte-sistaniyi-ziyaret-etti_8faec74.jpg?resize=100%2C150 100w, https:\/\/i0.wp.com\/www.tvturk.com\/wp-content\/uploads\/2019\/03\/ruhani-necefte-sistaniyi-ziyaret-etti_8faec74.jpg?resize=200%2C300 200w\" width=\"151\" height=\"227\" loading=\"lazy\" data-original-width=\"151\" data-original-height=\"227\" itemprop=\"http:\/\/schema.org\/image\" title=\"Ruhani, Necef\u2019te Sistani\u2019yi ziyaret etti\" alt=\"Ruhani, Necef\u2019te Sistani\u2019yi ziyaret etti\" style=\"width: 151px; height: 227px;\" \/> <\/a> <\/div> <\/div> <!-- close group --> <\/div> <!-- close row --> <\/div><\/p>\n","protected":false},"excerpt":{"rendered":"<p>\u0130RAN CUMHURBA\u015eKANI HASAN RUHAN\u0130, IRAK\u2019A YAPTI\u011eI TAR\u0130H\u0130 Z\u0130YARET\u0130N\u0130N 3. G\u00dcN\u00dcNDE NECEF KENT\u0130NE G\u0130TT\u0130.  KENTTEK\u0130 \u0130MAM AL\u0130 T\u00dcRBES\u0130\u2019N\u0130 Z\u0130YARET EDEN RUHAN\u0130, DAHA SONRA \u015e\u0130\u0130 OTOR\u0130TELERDEN AYETULLAH AL\u0130 S\u0130STAN\u0130 \u0130LE B\u0130R ARAYA GELD\u0130.<\/p>\n","protected":false},"author":1,"featured_media":88802,"comment_status":"closed","ping_status":"open","sticky":false,"template":"","format":"standard","meta":{"jetpack_post_was_ever_published":false,"_jetpack_newsletter_access":"","_jetpack_dont_email_post_to_subs":false,"_jetpack_newsletter_tier_id":0,"_jetpack_memberships_contains_paywalled_content":false,"_jetpack_memberships_contains_paid_content":false,"footnotes":"","jetpack_publicize_message":"","jetpack_publicize_feature_enabled":true,"jetpack_social_post_already_shared":true,"jetpack_social_options":{"image_generator_settings":{"template":"highway","default_image_id":0,"font":"","enabled":false},"version":2}},"categories":[10],"tags":[207,24027,11791,24028,150],"class_list":["post-88801","post","type-post","status-publish","format-standard","has-post-thumbnail","hentry","category-dunya","tag-etti","tag-necefte","tag-ruhani","tag-sistaniyi","tag-ziyaret"],"jetpack_publicize_connections":[],"jetpack_featured_media_url":"https:\/\/i0.wp.com\/www.tvturk.com\/wp-content\/uploads\/2019\/03\/ruhani-necefte-sistaniyi-ziyaret-etti_894fa4e.jpg?fit=1000%2C666","jetpack_sharing_enabled":true,"jetpack_shortlink":"https:\/\/wp.me\/paKIfm-n6h","_links":{"self":[{"href":"http:\/\/www.tvturk.com\/index.php\/wp-json\/wp\/v2\/posts\/88801","targetHints":{"allow":["GET"]}}],"collection":[{"href":"http:\/\/www.tvturk.com\/index.php\/wp-json\/wp\/v2\/posts"}],"about":[{"href":"http:\/\/www.tvturk.com\/index.php\/wp-json\/wp\/v2\/types\/post"}],"author":[{"embeddable":true,"href":"http:\/\/www.tvturk.com\/index.php\/wp-json\/wp\/v2\/users\/1"}],"replies":[{"embeddable":true,"href":"http:\/\/www.tvturk.com\/index.php\/wp-json\/wp\/v2\/comments?post=88801"}],"version-history":[{"count":1,"href":"http:\/\/www.tvturk.com\/index.php\/wp-json\/wp\/v2\/posts\/88801\/revisions"}],"predecessor-version":[{"id":88805,"href":"http:\/\/www.tvturk.com\/index.php\/wp-json\/wp\/v2\/posts\/88801\/revisions\/88805"}],"wp:featuredmedia":[{"embeddable":true,"href":"http:\/\/www.tvturk.com\/index.php\/wp-json\/wp\/v2\/media\/88802"}],"wp:attachment":[{"href":"http:\/\/www.tvturk.com\/index.php\/wp-json\/wp\/v2\/media?parent=88801"}],"wp:term":[{"taxonomy":"category","embeddable":true,"href":"http:\/\/www.tvturk.com\/index.php\/wp-json\/wp\/v2\/categories?post=88801"},{"taxonomy":"post_tag","embeddable":true,"href":"http:\/\/www.tvturk.com\/index.php\/wp-json\/wp\/v2\/tags?post=88801"}],"curies":[{"name":"wp","href":"https:\/\/api.w.org\/{rel}","templated":true}]}}