{"id":88884,"date":"2019-03-13T12:59:15","date_gmt":"2019-03-13T09:59:15","guid":{"rendered":"http:\/\/www.tvturk.com\/index.php\/turk-sanat-muzigi-nagmeleri-buyukcekmecede-yankilandi\/"},"modified":"2019-03-13T12:59:19","modified_gmt":"2019-03-13T09:59:19","slug":"turk-sanat-muzigi-nagmeleri-buyukcekmecede-yankilandi","status":"publish","type":"post","link":"http:\/\/www.tvturk.com\/index.php\/turk-sanat-muzigi-nagmeleri-buyukcekmecede-yankilandi\/","title":{"rendered":"T\u00fcrk Sanat M\u00fczi\u011fi na\u011fmeleri B\u00fcy\u00fck\u00e7ekmece\u2019de yank\u0131land\u0131"},"content":{"rendered":"<p>B\u00fcy\u00fck\u00e7ekmeceli sanatseverler,  Atat\u00fcrk K\u00fclt\u00fcr Merkezi\u2019nde d\u00fczenlenen T\u00fcrk Sanat M\u00fczi\u011fi konseriyle unutulmaz bir m\u00fczik ziyafeti ya\u015fad\u0131.<\/p>\n<p>B\u00fcy\u00fck\u00e7ekmece Belediyesi\u2019nin ev sahipli\u011finde ger\u00e7ekle\u015ftirilen konserde \u0130shako\u011flu Musiki Derne\u011fi \u00fcyeleri seslendirdi\u011fi \u015fark\u0131larla dinleyicilere unutulmaz bir konser keyfi ya\u015fatt\u0131. B\u00fcy\u00fck\u00e7ekmeceliler Kadir \u0130shako\u011flu\u2019nun \u015fefli\u011finde seslendirilen \u015fark\u0131lara hep bir a\u011f\u0131zdan e\u015flik etti.<\/p>\n<p>\u201cSizlerin sanata olan bu ilgisini g\u00f6rmek gurur verici\u201d<\/p>\n<p>B\u00fcy\u00fck\u00e7ekmece Belediye Ba\u015fkan\u0131 Dr. Hasan Akg\u00fcn\u2019\u00fc temsilen konsere kat\u0131lan Belediye Ba\u015fkan Yard\u0131mc\u0131s\u0131 Adem Yaz\u0131r, \u201cBa\u015fkan\u0131m\u0131z sizlere sevgi ve sayg\u0131lar\u0131n\u0131 iletmemi istedi. \u00c7ok g\u00fczel ve anlaml\u0131 bir konsere tan\u0131kl\u0131k ettik. Kulaklar\u0131m\u0131z\u0131n pas\u0131 silindi diyebilirim. Ba\u015fkan\u0131m\u0131z\u0131n da dedi\u011fi gibi sanat hayatt\u0131r. Sizlerin sanata olan bu ilgisini g\u00f6rmek gurur verici. Konserde eme\u011fi ge\u00e7en herkese te\u015fekk\u00fcr ediyorum\u201d dedi.<div class=\"tiled-gallery type-rectangular tiled-gallery-unresized\" data-original-width=\"500\" data-carousel-extra='null' itemscope itemtype=\"http:\/\/schema.org\/ImageGallery\" > <div class=\"gallery-row\" style=\"width: 500px; height: 224px;\" data-original-width=\"500\" data-original-height=\"224\" > <div class=\"gallery-group images-1\" style=\"width: 334px; height: 224px;\" data-original-width=\"334\" data-original-height=\"224\" > <div class=\"tiled-gallery-item tiled-gallery-item-large\" itemprop=\"associatedMedia\" itemscope itemtype=\"http:\/\/schema.org\/ImageObject\"> <a href=\"http:\/\/www.tvturk.com\/index.php\/turk-sanat-muzigi-nagmeleri-buyukcekmecede-yankilandi\/turk-sanat-muzigi-nagmeleri-buyukcekmecede-yankilandi-3\/\" border=\"0\" itemprop=\"url\"> <meta itemprop=\"width\" content=\"330\"> <meta itemprop=\"height\" content=\"220\"> <img decoding=\"async\" class=\"\" data-attachment-id=\"88886\" data-orig-file=\"http:\/\/www.tvturk.com\/wp-content\/uploads\/2019\/03\/turk-sanat-muzigi-nagmeleri-buyukcekmecede-yankilandi_093c0ee.jpg\" data-orig-size=\"1000,667\" data-comments-opened=\"\" data-image-meta=\"{&quot;aperture&quot;:&quot;0&quot;,&quot;credit&quot;:&quot;IHA&quot;,&quot;camera&quot;:&quot;&quot;,&quot;caption&quot;:&quot;B\\u00dcY\\u00dcK\\u00c7EKMECE BELED\\u0130YES\\u0130\\u2019N\\u0130N EV SAH\\u0130PL\\u0130\\u011e\\u0130NDE GER\\u00c7EKLE\\u015eT\\u0130R\\u0130LEN KONSERDE \\u0130SHAKO\\u011eLU MUS\\u0130K\\u0130 DERNE\\u011e\\u0130 \\u00dcYELER\\u0130 SESLEND\\u0130RD\\u0130\\u011e\\u0130 \\u015eARKILARLA D\\u0130NLEY\\u0130C\\u0130LERE UNUTULMAZ B\\u0130R KONSER KEYF\\u0130 YA\\u015eATTI. (\\u0130HA\\\/\\u0130STANBUL-\\u0130HA)&quot;,&quot;created_timestamp&quot;:&quot;0&quot;,&quot;copyright&quot;:&quot;\\u0130HLAS HABER AJANSI, www.iha.com.tr&quot;,&quot;focal_length&quot;:&quot;0&quot;,&quot;iso&quot;:&quot;0&quot;,&quot;shutter_speed&quot;:&quot;0&quot;,&quot;title&quot;:&quot;T\\u00dcRK SANAT M\\u00dcZ\\u0130\\u011e\\u0130 NA\\u011eMELER\\u0130 B\\u00dcY\\u00dcK\\u00c7EKMECE\\u2019DE YANKILANDI&quot;,&quot;orientation&quot;:&quot;0&quot;}\" data-image-title=\"T\u00fcrk Sanat M\u00fczi\u011fi na\u011fmeleri B\u00fcy\u00fck\u00e7ekmece\u2019de yank\u0131land\u0131\" data-image-description=\"&lt;p&gt;T\u00fcrk Sanat M\u00fczi\u011fi na\u011fmeleri B\u00fcy\u00fck\u00e7ekmece\u2019de yank\u0131land\u0131&lt;\/p&gt; \" data-medium-file=\"https:\/\/i0.wp.com\/www.tvturk.com\/wp-content\/uploads\/2019\/03\/turk-sanat-muzigi-nagmeleri-buyukcekmecede-yankilandi_093c0ee.jpg?fit=300%2C200\" data-large-file=\"https:\/\/i0.wp.com\/www.tvturk.com\/wp-content\/uploads\/2019\/03\/turk-sanat-muzigi-nagmeleri-buyukcekmecede-yankilandi_093c0ee.jpg?fit=1000%2C667\" src=\"https:\/\/i0.wp.com\/www.tvturk.com\/wp-content\/uploads\/2019\/03\/turk-sanat-muzigi-nagmeleri-buyukcekmecede-yankilandi_093c0ee.jpg?w=330&#038;h=220\" srcset=\"https:\/\/i0.wp.com\/www.tvturk.com\/wp-content\/uploads\/2019\/03\/turk-sanat-muzigi-nagmeleri-buyukcekmecede-yankilandi_093c0ee.jpg?w=1000 1000w, https:\/\/i0.wp.com\/www.tvturk.com\/wp-content\/uploads\/2019\/03\/turk-sanat-muzigi-nagmeleri-buyukcekmecede-yankilandi_093c0ee.jpg?resize=150%2C100 150w, https:\/\/i0.wp.com\/www.tvturk.com\/wp-content\/uploads\/2019\/03\/turk-sanat-muzigi-nagmeleri-buyukcekmecede-yankilandi_093c0ee.jpg?resize=300%2C200 300w, https:\/\/i0.wp.com\/www.tvturk.com\/wp-content\/uploads\/2019\/03\/turk-sanat-muzigi-nagmeleri-buyukcekmecede-yankilandi_093c0ee.jpg?resize=768%2C512 768w, https:\/\/i0.wp.com\/www.tvturk.com\/wp-content\/uploads\/2019\/03\/turk-sanat-muzigi-nagmeleri-buyukcekmecede-yankilandi_093c0ee.jpg?resize=170%2C113 170w, https:\/\/i0.wp.com\/www.tvturk.com\/wp-content\/uploads\/2019\/03\/turk-sanat-muzigi-nagmeleri-buyukcekmecede-yankilandi_093c0ee.jpg?resize=120%2C80 120w\" width=\"330\" height=\"220\" loading=\"lazy\" data-original-width=\"330\" data-original-height=\"220\" itemprop=\"http:\/\/schema.org\/image\" title=\"T\u00fcrk Sanat M\u00fczi\u011fi na\u011fmeleri B\u00fcy\u00fck\u00e7ekmece\u2019de yank\u0131land\u0131\" alt=\"T\u00fcrk Sanat M\u00fczi\u011fi na\u011fmeleri B\u00fcy\u00fck\u00e7ekmece\u2019de yank\u0131land\u0131\" style=\"width: 330px; height: 220px;\" \/> <\/a> <\/div> <\/div> <!-- close group --> <div class=\"gallery-group images-2\" style=\"width: 166px; height: 224px;\" data-original-width=\"166\" data-original-height=\"224\" > <div class=\"tiled-gallery-item tiled-gallery-item-small\" itemprop=\"associatedMedia\" itemscope itemtype=\"http:\/\/schema.org\/ImageObject\"> <a href=\"http:\/\/www.tvturk.com\/index.php\/turk-sanat-muzigi-nagmeleri-buyukcekmecede-yankilandi\/turk-sanat-muzigi-nagmeleri-buyukcekmecede-yankilandi-4\/\" border=\"0\" itemprop=\"url\"> <meta itemprop=\"width\" content=\"162\"> <meta itemprop=\"height\" content=\"105\"> <img decoding=\"async\" class=\"\" data-attachment-id=\"88887\" data-orig-file=\"http:\/\/www.tvturk.com\/wp-content\/uploads\/2019\/03\/turk-sanat-muzigi-nagmeleri-buyukcekmecede-yankilandi_95e1bf9.jpg\" data-orig-size=\"1000,653\" data-comments-opened=\"\" data-image-meta=\"{&quot;aperture&quot;:&quot;0&quot;,&quot;credit&quot;:&quot;IHA&quot;,&quot;camera&quot;:&quot;&quot;,&quot;caption&quot;:&quot;B\\u00dcY\\u00dcK\\u00c7EKMECE BELED\\u0130YES\\u0130\\u2019N\\u0130N EV SAH\\u0130PL\\u0130\\u011e\\u0130NDE GER\\u00c7EKLE\\u015eT\\u0130R\\u0130LEN KONSERDE \\u0130SHAKO\\u011eLU MUS\\u0130K\\u0130 DERNE\\u011e\\u0130 \\u00dcYELER\\u0130 SESLEND\\u0130RD\\u0130\\u011e\\u0130 \\u015eARKILARLA D\\u0130NLEY\\u0130C\\u0130LERE UNUTULMAZ B\\u0130R KONSER KEYF\\u0130 YA\\u015eATTI. (\\u0130HA\\\/\\u0130STANBUL-\\u0130HA)&quot;,&quot;created_timestamp&quot;:&quot;0&quot;,&quot;copyright&quot;:&quot;\\u0130HLAS HABER AJANSI, www.iha.com.tr&quot;,&quot;focal_length&quot;:&quot;0&quot;,&quot;iso&quot;:&quot;0&quot;,&quot;shutter_speed&quot;:&quot;0&quot;,&quot;title&quot;:&quot;T\\u00dcRK SANAT M\\u00dcZ\\u0130\\u011e\\u0130 NA\\u011eMELER\\u0130 B\\u00dcY\\u00dcK\\u00c7EKMECE\\u2019DE YANKILANDI&quot;,&quot;orientation&quot;:&quot;0&quot;}\" data-image-title=\"T\u00fcrk Sanat M\u00fczi\u011fi na\u011fmeleri B\u00fcy\u00fck\u00e7ekmece\u2019de yank\u0131land\u0131\" data-image-description=\"&lt;p&gt;T\u00fcrk Sanat M\u00fczi\u011fi na\u011fmeleri B\u00fcy\u00fck\u00e7ekmece\u2019de yank\u0131land\u0131&lt;\/p&gt; \" data-medium-file=\"https:\/\/i0.wp.com\/www.tvturk.com\/wp-content\/uploads\/2019\/03\/turk-sanat-muzigi-nagmeleri-buyukcekmecede-yankilandi_95e1bf9.jpg?fit=300%2C196\" data-large-file=\"https:\/\/i0.wp.com\/www.tvturk.com\/wp-content\/uploads\/2019\/03\/turk-sanat-muzigi-nagmeleri-buyukcekmecede-yankilandi_95e1bf9.jpg?fit=1000%2C653\" src=\"https:\/\/i0.wp.com\/www.tvturk.com\/wp-content\/uploads\/2019\/03\/turk-sanat-muzigi-nagmeleri-buyukcekmecede-yankilandi_95e1bf9.jpg?w=162&#038;h=105\" srcset=\"https:\/\/i0.wp.com\/www.tvturk.com\/wp-content\/uploads\/2019\/03\/turk-sanat-muzigi-nagmeleri-buyukcekmecede-yankilandi_95e1bf9.jpg?w=1000 1000w, https:\/\/i0.wp.com\/www.tvturk.com\/wp-content\/uploads\/2019\/03\/turk-sanat-muzigi-nagmeleri-buyukcekmecede-yankilandi_95e1bf9.jpg?resize=150%2C98 150w, https:\/\/i0.wp.com\/www.tvturk.com\/wp-content\/uploads\/2019\/03\/turk-sanat-muzigi-nagmeleri-buyukcekmecede-yankilandi_95e1bf9.jpg?resize=300%2C196 300w, https:\/\/i0.wp.com\/www.tvturk.com\/wp-content\/uploads\/2019\/03\/turk-sanat-muzigi-nagmeleri-buyukcekmecede-yankilandi_95e1bf9.jpg?resize=768%2C502 768w, https:\/\/i0.wp.com\/www.tvturk.com\/wp-content\/uploads\/2019\/03\/turk-sanat-muzigi-nagmeleri-buyukcekmecede-yankilandi_95e1bf9.jpg?resize=510%2C330 510w\" width=\"162\" height=\"105\" loading=\"lazy\" data-original-width=\"162\" data-original-height=\"105\" itemprop=\"http:\/\/schema.org\/image\" title=\"T\u00fcrk Sanat M\u00fczi\u011fi na\u011fmeleri B\u00fcy\u00fck\u00e7ekmece\u2019de yank\u0131land\u0131\" alt=\"T\u00fcrk Sanat M\u00fczi\u011fi na\u011fmeleri B\u00fcy\u00fck\u00e7ekmece\u2019de yank\u0131land\u0131\" style=\"width: 162px; height: 105px;\" \/> <\/a> <\/div> <div class=\"tiled-gallery-item tiled-gallery-item-small\" itemprop=\"associatedMedia\" itemscope itemtype=\"http:\/\/schema.org\/ImageObject\"> <a href=\"http:\/\/www.tvturk.com\/index.php\/turk-sanat-muzigi-nagmeleri-buyukcekmecede-yankilandi\/turk-sanat-muzigi-nagmeleri-buyukcekmecede-yankilandi-5\/\" border=\"0\" itemprop=\"url\"> <meta itemprop=\"width\" content=\"162\"> <meta itemprop=\"height\" content=\"111\"> <img decoding=\"async\" class=\"\" data-attachment-id=\"88888\" data-orig-file=\"http:\/\/www.tvturk.com\/wp-content\/uploads\/2019\/03\/turk-sanat-muzigi-nagmeleri-buyukcekmecede-yankilandi_ad8a673.jpg\" data-orig-size=\"1000,684\" data-comments-opened=\"\" data-image-meta=\"{&quot;aperture&quot;:&quot;0&quot;,&quot;credit&quot;:&quot;IHA&quot;,&quot;camera&quot;:&quot;&quot;,&quot;caption&quot;:&quot;B\\u00dcY\\u00dcK\\u00c7EKMECE BELED\\u0130YES\\u0130\\u2019N\\u0130N EV SAH\\u0130PL\\u0130\\u011e\\u0130NDE GER\\u00c7EKLE\\u015eT\\u0130R\\u0130LEN KONSERDE \\u0130SHAKO\\u011eLU MUS\\u0130K\\u0130 DERNE\\u011e\\u0130 \\u00dcYELER\\u0130 SESLEND\\u0130RD\\u0130\\u011e\\u0130 \\u015eARKILARLA D\\u0130NLEY\\u0130C\\u0130LERE UNUTULMAZ B\\u0130R KONSER KEYF\\u0130 YA\\u015eATTI. (\\u0130HA\\\/\\u0130STANBUL-\\u0130HA)&quot;,&quot;created_timestamp&quot;:&quot;0&quot;,&quot;copyright&quot;:&quot;\\u0130HLAS HABER AJANSI, www.iha.com.tr&quot;,&quot;focal_length&quot;:&quot;0&quot;,&quot;iso&quot;:&quot;0&quot;,&quot;shutter_speed&quot;:&quot;0&quot;,&quot;title&quot;:&quot;T\\u00dcRK SANAT M\\u00dcZ\\u0130\\u011e\\u0130 NA\\u011eMELER\\u0130 B\\u00dcY\\u00dcK\\u00c7EKMECE\\u2019DE YANKILANDI&quot;,&quot;orientation&quot;:&quot;0&quot;}\" data-image-title=\"T\u00fcrk Sanat M\u00fczi\u011fi na\u011fmeleri B\u00fcy\u00fck\u00e7ekmece\u2019de yank\u0131land\u0131\" data-image-description=\"&lt;p&gt;T\u00fcrk Sanat M\u00fczi\u011fi na\u011fmeleri B\u00fcy\u00fck\u00e7ekmece\u2019de yank\u0131land\u0131&lt;\/p&gt; \" data-medium-file=\"https:\/\/i0.wp.com\/www.tvturk.com\/wp-content\/uploads\/2019\/03\/turk-sanat-muzigi-nagmeleri-buyukcekmecede-yankilandi_ad8a673.jpg?fit=300%2C205\" data-large-file=\"https:\/\/i0.wp.com\/www.tvturk.com\/wp-content\/uploads\/2019\/03\/turk-sanat-muzigi-nagmeleri-buyukcekmecede-yankilandi_ad8a673.jpg?fit=1000%2C684\" src=\"https:\/\/i0.wp.com\/www.tvturk.com\/wp-content\/uploads\/2019\/03\/turk-sanat-muzigi-nagmeleri-buyukcekmecede-yankilandi_ad8a673.jpg?w=162&#038;h=111\" srcset=\"https:\/\/i0.wp.com\/www.tvturk.com\/wp-content\/uploads\/2019\/03\/turk-sanat-muzigi-nagmeleri-buyukcekmecede-yankilandi_ad8a673.jpg?w=1000 1000w, https:\/\/i0.wp.com\/www.tvturk.com\/wp-content\/uploads\/2019\/03\/turk-sanat-muzigi-nagmeleri-buyukcekmecede-yankilandi_ad8a673.jpg?resize=150%2C103 150w, https:\/\/i0.wp.com\/www.tvturk.com\/wp-content\/uploads\/2019\/03\/turk-sanat-muzigi-nagmeleri-buyukcekmecede-yankilandi_ad8a673.jpg?resize=300%2C205 300w, https:\/\/i0.wp.com\/www.tvturk.com\/wp-content\/uploads\/2019\/03\/turk-sanat-muzigi-nagmeleri-buyukcekmecede-yankilandi_ad8a673.jpg?resize=768%2C525 768w, https:\/\/i0.wp.com\/www.tvturk.com\/wp-content\/uploads\/2019\/03\/turk-sanat-muzigi-nagmeleri-buyukcekmecede-yankilandi_ad8a673.jpg?resize=80%2C55 80w\" width=\"162\" height=\"111\" loading=\"lazy\" data-original-width=\"162\" data-original-height=\"111\" itemprop=\"http:\/\/schema.org\/image\" title=\"T\u00fcrk Sanat M\u00fczi\u011fi na\u011fmeleri B\u00fcy\u00fck\u00e7ekmece\u2019de yank\u0131land\u0131\" alt=\"T\u00fcrk Sanat M\u00fczi\u011fi na\u011fmeleri B\u00fcy\u00fck\u00e7ekmece\u2019de yank\u0131land\u0131\" style=\"width: 162px; height: 111px;\" \/> <\/a> <\/div> <\/div> <!-- close group --> <\/div> <!-- close row --> <div class=\"gallery-row\" style=\"width: 500px; height: 361px;\" data-original-width=\"500\" data-original-height=\"361\" > <div class=\"gallery-group images-1\" style=\"width: 500px; height: 361px;\" data-original-width=\"500\" data-original-height=\"361\" > <div class=\"tiled-gallery-item tiled-gallery-item-large\" itemprop=\"associatedMedia\" itemscope itemtype=\"http:\/\/schema.org\/ImageObject\"> <a href=\"http:\/\/www.tvturk.com\/index.php\/turk-sanat-muzigi-nagmeleri-buyukcekmecede-yankilandi\/turk-sanat-muzigi-nagmeleri-buyukcekmecede-yankilandi-6\/\" border=\"0\" itemprop=\"url\"> <meta itemprop=\"width\" content=\"496\"> <meta itemprop=\"height\" content=\"357\"> <img decoding=\"async\" class=\"\" data-attachment-id=\"88889\" data-orig-file=\"http:\/\/www.tvturk.com\/wp-content\/uploads\/2019\/03\/turk-sanat-muzigi-nagmeleri-buyukcekmecede-yankilandi_d2ec3b3.jpg\" data-orig-size=\"1000,719\" data-comments-opened=\"\" data-image-meta=\"{&quot;aperture&quot;:&quot;0&quot;,&quot;credit&quot;:&quot;IHA&quot;,&quot;camera&quot;:&quot;&quot;,&quot;caption&quot;:&quot;B\\u00dcY\\u00dcK\\u00c7EKMECE BELED\\u0130YES\\u0130\\u2019N\\u0130N EV SAH\\u0130PL\\u0130\\u011e\\u0130NDE GER\\u00c7EKLE\\u015eT\\u0130R\\u0130LEN KONSERDE \\u0130SHAKO\\u011eLU MUS\\u0130K\\u0130 DERNE\\u011e\\u0130 \\u00dcYELER\\u0130 SESLEND\\u0130RD\\u0130\\u011e\\u0130 \\u015eARKILARLA D\\u0130NLEY\\u0130C\\u0130LERE UNUTULMAZ B\\u0130R KONSER KEYF\\u0130 YA\\u015eATTI. (\\u0130HA\\\/\\u0130STANBUL-\\u0130HA)&quot;,&quot;created_timestamp&quot;:&quot;0&quot;,&quot;copyright&quot;:&quot;\\u0130HLAS HABER AJANSI, www.iha.com.tr&quot;,&quot;focal_length&quot;:&quot;0&quot;,&quot;iso&quot;:&quot;0&quot;,&quot;shutter_speed&quot;:&quot;0&quot;,&quot;title&quot;:&quot;T\\u00dcRK SANAT M\\u00dcZ\\u0130\\u011e\\u0130 NA\\u011eMELER\\u0130 B\\u00dcY\\u00dcK\\u00c7EKMECE\\u2019DE YANKILANDI&quot;,&quot;orientation&quot;:&quot;0&quot;}\" data-image-title=\"T\u00fcrk Sanat M\u00fczi\u011fi na\u011fmeleri B\u00fcy\u00fck\u00e7ekmece\u2019de yank\u0131land\u0131\" data-image-description=\"&lt;p&gt;T\u00fcrk Sanat M\u00fczi\u011fi na\u011fmeleri B\u00fcy\u00fck\u00e7ekmece\u2019de yank\u0131land\u0131&lt;\/p&gt; \" data-medium-file=\"https:\/\/i0.wp.com\/www.tvturk.com\/wp-content\/uploads\/2019\/03\/turk-sanat-muzigi-nagmeleri-buyukcekmecede-yankilandi_d2ec3b3.jpg?fit=300%2C216\" data-large-file=\"https:\/\/i0.wp.com\/www.tvturk.com\/wp-content\/uploads\/2019\/03\/turk-sanat-muzigi-nagmeleri-buyukcekmecede-yankilandi_d2ec3b3.jpg?fit=1000%2C719\" src=\"https:\/\/i0.wp.com\/www.tvturk.com\/wp-content\/uploads\/2019\/03\/turk-sanat-muzigi-nagmeleri-buyukcekmecede-yankilandi_d2ec3b3.jpg?w=496&#038;h=357\" srcset=\"https:\/\/i0.wp.com\/www.tvturk.com\/wp-content\/uploads\/2019\/03\/turk-sanat-muzigi-nagmeleri-buyukcekmecede-yankilandi_d2ec3b3.jpg?w=1000 1000w, https:\/\/i0.wp.com\/www.tvturk.com\/wp-content\/uploads\/2019\/03\/turk-sanat-muzigi-nagmeleri-buyukcekmecede-yankilandi_d2ec3b3.jpg?resize=150%2C108 150w, https:\/\/i0.wp.com\/www.tvturk.com\/wp-content\/uploads\/2019\/03\/turk-sanat-muzigi-nagmeleri-buyukcekmecede-yankilandi_d2ec3b3.jpg?resize=300%2C216 300w, https:\/\/i0.wp.com\/www.tvturk.com\/wp-content\/uploads\/2019\/03\/turk-sanat-muzigi-nagmeleri-buyukcekmecede-yankilandi_d2ec3b3.jpg?resize=768%2C552 768w\" width=\"496\" height=\"357\" loading=\"lazy\" data-original-width=\"496\" data-original-height=\"357\" itemprop=\"http:\/\/schema.org\/image\" title=\"T\u00fcrk Sanat M\u00fczi\u011fi na\u011fmeleri B\u00fcy\u00fck\u00e7ekmece\u2019de yank\u0131land\u0131\" alt=\"T\u00fcrk Sanat M\u00fczi\u011fi na\u011fmeleri B\u00fcy\u00fck\u00e7ekmece\u2019de yank\u0131land\u0131\" style=\"width: 496px; height: 357px;\" \/> <\/a> <\/div> <\/div> <!-- close group --> <\/div> <!-- close row --> <\/div><\/p>\n","protected":false},"excerpt":{"rendered":"<p>B\u00dcY\u00dcK\u00c7EKMECE BELED\u0130YES\u0130\u2019N\u0130N EV SAH\u0130PL\u0130\u011e\u0130NDE GER\u00c7EKLE\u015eT\u0130R\u0130LEN KONSERDE \u0130SHAKO\u011eLU MUS\u0130K\u0130 DERNE\u011e\u0130 \u00dcYELER\u0130 SESLEND\u0130RD\u0130\u011e\u0130 \u015eARKILARLA D\u0130NLEY\u0130C\u0130LERE UNUTULMAZ B\u0130R KONSER KEYF\u0130 YA\u015eATTI.<\/p>\n","protected":false},"author":1,"featured_media":88885,"comment_status":"closed","ping_status":"open","sticky":false,"template":"","format":"standard","meta":{"jetpack_post_was_ever_published":false,"_jetpack_newsletter_access":"","_jetpack_dont_email_post_to_subs":false,"_jetpack_newsletter_tier_id":0,"_jetpack_memberships_contains_paywalled_content":false,"_jetpack_memberships_contains_paid_content":false,"footnotes":"","jetpack_publicize_message":"","jetpack_publicize_feature_enabled":true,"jetpack_social_post_already_shared":true,"jetpack_social_options":{"image_generator_settings":{"template":"highway","default_image_id":0,"font":"","enabled":false},"version":2}},"categories":[1],"tags":[5881,7340,24046,4854,957,3996],"class_list":["post-88884","post","type-post","status-publish","format-standard","has-post-thumbnail","hentry","category-genel","tag-buyukcekmecede","tag-muzigi","tag-nagmeleri","tag-sanat","tag-turk","tag-yankilandi"],"jetpack_publicize_connections":[],"jetpack_featured_media_url":"https:\/\/i0.wp.com\/www.tvturk.com\/wp-content\/uploads\/2019\/03\/turk-sanat-muzigi-nagmeleri-buyukcekmecede-yankilandi_d761491.jpg?fit=1000%2C647","jetpack_sharing_enabled":true,"jetpack_shortlink":"https:\/\/wp.me\/paKIfm-n7C","_links":{"self":[{"href":"http:\/\/www.tvturk.com\/index.php\/wp-json\/wp\/v2\/posts\/88884","targetHints":{"allow":["GET"]}}],"collection":[{"href":"http:\/\/www.tvturk.com\/index.php\/wp-json\/wp\/v2\/posts"}],"about":[{"href":"http:\/\/www.tvturk.com\/index.php\/wp-json\/wp\/v2\/types\/post"}],"author":[{"embeddable":true,"href":"http:\/\/www.tvturk.com\/index.php\/wp-json\/wp\/v2\/users\/1"}],"replies":[{"embeddable":true,"href":"http:\/\/www.tvturk.com\/index.php\/wp-json\/wp\/v2\/comments?post=88884"}],"version-history":[{"count":1,"href":"http:\/\/www.tvturk.com\/index.php\/wp-json\/wp\/v2\/posts\/88884\/revisions"}],"predecessor-version":[{"id":88890,"href":"http:\/\/www.tvturk.com\/index.php\/wp-json\/wp\/v2\/posts\/88884\/revisions\/88890"}],"wp:featuredmedia":[{"embeddable":true,"href":"http:\/\/www.tvturk.com\/index.php\/wp-json\/wp\/v2\/media\/88885"}],"wp:attachment":[{"href":"http:\/\/www.tvturk.com\/index.php\/wp-json\/wp\/v2\/media?parent=88884"}],"wp:term":[{"taxonomy":"category","embeddable":true,"href":"http:\/\/www.tvturk.com\/index.php\/wp-json\/wp\/v2\/categories?post=88884"},{"taxonomy":"post_tag","embeddable":true,"href":"http:\/\/www.tvturk.com\/index.php\/wp-json\/wp\/v2\/tags?post=88884"}],"curies":[{"name":"wp","href":"https:\/\/api.w.org\/{rel}","templated":true}]}}