{"id":88908,"date":"2019-03-13T13:06:10","date_gmt":"2019-03-13T10:06:10","guid":{"rendered":"http:\/\/www.tvturk.com\/index.php\/volkswagen-almanyada-7-bin-kisiyi-isiten-cikaracak\/"},"modified":"2019-03-13T13:06:10","modified_gmt":"2019-03-13T10:06:10","slug":"volkswagen-almanyada-7-bin-kisiyi-isiten-cikaracak","status":"publish","type":"post","link":"http:\/\/www.tvturk.com\/index.php\/volkswagen-almanyada-7-bin-kisiyi-isiten-cikaracak\/","title":{"rendered":"Volkswagen Almanya\u2019da 7 bin ki\u015fiyi i\u015fiten \u00e7\u0131karacak"},"content":{"rendered":"<p>D\u00fcnyan\u0131n en b\u00fcy\u00fck otomobil \u00fcreticilerinden Volkswagen, be\u015f y\u0131l i\u00e7erisinde Almanya\u2019da 7 bin ki\u015finin i\u015fine son verilece\u011fini duyurdu.<\/p>\n<p>Almanya merkezli otomotiv \u015firketi Volkswagen, 7 bin ki\u015finin i\u015fine son verilece\u011fini duyurdu. Yap\u0131lan a\u00e7\u0131klamada, tasarruf tedbirleri \u00e7er\u00e7evesinde Volkswagen\u2019in \u00fcretim maliyetlerini azaltmak i\u00e7in model \u00e7e\u015fitlili\u011fini azaltaca\u011f\u0131 ve i\u015ften \u00e7\u0131kartmalar yap\u0131laca\u011f\u0131 belirtildi. Firma taraf\u0131ndan yap\u0131lan a\u00e7\u0131klamada, 2023 y\u0131l\u0131na kadar 5,9 milyar euro tasarruf yap\u0131lmas\u0131 planland\u0131\u011f\u0131 ifade edildi. \u0130\u015ften \u00e7\u0131karmalar\u0131n en \u00f6nemli unsurunun elektrikli otomobiller oldu\u011fu ifade edilerek, &#8220;Bir elektrikli otomobil, bir yan\u0131c\u0131 araca g\u00f6re yakla\u015f\u0131k y\u00fczde 30 daha az i\u015f g\u00fcc\u00fcyle \u00fcretiliyor. Bundan dolay\u0131 da i\u015fler azalaca\u011f\u0131 gibi i\u015f\u00e7ilerin azalmas\u0131 s\u00f6z konusu olacakt\u0131r&#8221; denildi.<\/p>\n<p>D\u00fcnya genelinde 23 bin, Almanya\u2019da 7 bin olmak \u00fczere 30 bin \u00e7al\u0131\u015fan\u0131n\u0131n i\u015fine son vermeyi planlayan Volkswagen, elektrikli otomobiller i\u00e7in ise 9 bin bilgisayar uzman\u0131na i\u015f istihdam\u0131 sa\u011flayaca\u011f\u0131n\u0131 da duyurdu. Volkswagen Y\u00f6netim Kurulu Ba\u015fkan\u0131 Herbert Diess, yeni tasarruf \u00e7al\u0131\u015fmalar\u0131yla birlikte elektrikli modellere y\u00f6nelme ve bunun i\u00e7in uzman \u00e7al\u0131\u015fanlar i\u00e7in yat\u0131r\u0131m yapmak isteklerini belirtti. Diess, &#8220;Volkswagen \u00f6n\u00fcm\u00fczdeki on y\u0131l i\u00e7inde 70 yeni elektrikli model piyasaya s\u00fcrmeyi planl\u0131yor. 2030 y\u0131l\u0131na kadar 22 milyon elektrikli araba \u00fcretmeye hedefledik. \u00dcretilen her on otomobilden d\u00f6rd\u00fc elektrikle \u00e7al\u0131\u015facak&#8221; diyerek yeni hedeflerini a\u00e7\u0131klad\u0131.<\/p>\n","protected":false},"excerpt":{"rendered":"<p>D\u00dcNYANIN EN B\u00dcY\u00dcK OTOMOB\u0130L \u00dcRET\u0130C\u0130LER\u0130NDEN VOLKSWAGEN, BE\u015e YIL \u0130\u00c7ER\u0130S\u0130NDE ALMANYA&#8217;DA 7 B\u0130N K\u0130\u015e\u0130N\u0130N \u0130\u015e\u0130NE SON VER\u0130LECE\u011e\u0130N\u0130 DUYURDU.<\/p>\n","protected":false},"author":1,"featured_media":88909,"comment_status":"closed","ping_status":"open","sticky":false,"template":"","format":"standard","meta":{"jetpack_post_was_ever_published":false,"_jetpack_newsletter_access":"","_jetpack_dont_email_post_to_subs":false,"_jetpack_newsletter_tier_id":0,"_jetpack_memberships_contains_paywalled_content":false,"_jetpack_memberships_contains_paid_content":false,"footnotes":"","jetpack_publicize_message":"","jetpack_publicize_feature_enabled":true,"jetpack_social_post_already_shared":true,"jetpack_social_options":{"image_generator_settings":{"template":"highway","default_image_id":0,"font":"","enabled":false},"version":2}},"categories":[10],"tags":[6637,213,24051,24050,3401,24049],"class_list":["post-88908","post","type-post","status-publish","format-standard","has-post-thumbnail","hentry","category-dunya","tag-almanyada","tag-bin","tag-cikaracak","tag-isiten","tag-kisiyi","tag-volkswagen"],"jetpack_publicize_connections":[],"jetpack_featured_media_url":"https:\/\/i0.wp.com\/www.tvturk.com\/wp-content\/uploads\/2019\/03\/volkswagen-almanyada-7-bin-kisiyi-isiten-cikaracak_707d419.jpg?fit=1000%2C647","jetpack_sharing_enabled":true,"jetpack_shortlink":"https:\/\/wp.me\/paKIfm-n80","_links":{"self":[{"href":"http:\/\/www.tvturk.com\/index.php\/wp-json\/wp\/v2\/posts\/88908","targetHints":{"allow":["GET"]}}],"collection":[{"href":"http:\/\/www.tvturk.com\/index.php\/wp-json\/wp\/v2\/posts"}],"about":[{"href":"http:\/\/www.tvturk.com\/index.php\/wp-json\/wp\/v2\/types\/post"}],"author":[{"embeddable":true,"href":"http:\/\/www.tvturk.com\/index.php\/wp-json\/wp\/v2\/users\/1"}],"replies":[{"embeddable":true,"href":"http:\/\/www.tvturk.com\/index.php\/wp-json\/wp\/v2\/comments?post=88908"}],"version-history":[{"count":0,"href":"http:\/\/www.tvturk.com\/index.php\/wp-json\/wp\/v2\/posts\/88908\/revisions"}],"wp:featuredmedia":[{"embeddable":true,"href":"http:\/\/www.tvturk.com\/index.php\/wp-json\/wp\/v2\/media\/88909"}],"wp:attachment":[{"href":"http:\/\/www.tvturk.com\/index.php\/wp-json\/wp\/v2\/media?parent=88908"}],"wp:term":[{"taxonomy":"category","embeddable":true,"href":"http:\/\/www.tvturk.com\/index.php\/wp-json\/wp\/v2\/categories?post=88908"},{"taxonomy":"post_tag","embeddable":true,"href":"http:\/\/www.tvturk.com\/index.php\/wp-json\/wp\/v2\/tags?post=88908"}],"curies":[{"name":"wp","href":"https:\/\/api.w.org\/{rel}","templated":true}]}}