{"id":89091,"date":"2019-03-13T14:03:56","date_gmt":"2019-03-13T11:03:56","guid":{"rendered":"http:\/\/www.tvturk.com\/index.php\/jandarma-teskilati-180inci-yil-kutlamalarina-erken-basladi\/"},"modified":"2019-03-13T14:04:02","modified_gmt":"2019-03-13T11:04:02","slug":"jandarma-teskilati-180inci-yil-kutlamalarina-erken-basladi","status":"publish","type":"post","link":"http:\/\/www.tvturk.com\/index.php\/jandarma-teskilati-180inci-yil-kutlamalarina-erken-basladi\/","title":{"rendered":"Jandarma te\u015fkilat\u0131 180\u2019inci y\u0131l kutlamalar\u0131na erken ba\u015flad\u0131"},"content":{"rendered":"<p>Jandarma Genel Komutanl\u0131\u011f\u0131, te\u015fkilatlar\u0131n\u0131n 180\u2019inci y\u0131l kutlamalar\u0131na erken ba\u015flad\u0131. Bursa \u0130l Jandarma Komutanl\u0131\u011f\u0131, 2018 y\u0131l\u0131 icraatlar\u0131n\u0131 payla\u015ft\u0131. Y\u0131l i\u00e7erisinde 1 milyon 396 bin 512 sorgu yapan jandarma te\u015fkilat\u0131, 2019 y\u0131l\u0131 ve sonras\u0131 i\u00e7in de ayn\u0131 tempoyla huzur ve g\u00fcven s\u00f6z\u00fc veriyor.<\/p>\n<p>Jandarma Genel Komutanl\u0131\u011f\u0131 bu sene kurulu\u015flar\u0131n\u0131n 180\u2019inci y\u0131l\u0131n\u0131 kutlayacak. Her y\u0131l 14 Haziran\u2019da yap\u0131lan kutlamalar bu y\u0131l t\u00fcm seneye yay\u0131ld\u0131. Bursa Jandarma Komutanl\u0131\u011f\u0131 da kutlamalar sebebiyle 2018 y\u0131yl\u0131nda yap\u0131lan icraatlar\u0131 payla\u015ft\u0131. Yapt\u0131klar\u0131 \u00e7al\u0131\u015fmalara \u00f6zel bir klip haz\u0131rlayan Bursa \u0130l Jandarma Komutanl\u0131\u011f\u0131, 180 y\u0131ld\u0131r oldu\u011fu gibi bundan sonra da ayn\u0131 kararl\u0131l\u0131kla vatanda\u015f\u0131n huzur ve g\u00fcveni i\u00e7in \u00e7al\u0131\u015facaklar\u0131n\u0131n mesaj\u0131n\u0131 verdi.<\/p>\n<p>Bursa \u0130l Jandarma Komutanl\u0131\u011f\u0131nca payla\u015f\u0131lan verilere g\u00f6re, 2018 y\u0131l\u0131 i\u00e7erisinde biri sabit, 15\u2019i ge\u00e7ici olmak \u00fczere 16 ayr\u0131 yol kontrol ve arama noktas\u0131nda yap\u0131lan aramalarda, 992 bin 304 ki\u015fi kimlik sorgusundan ge\u00e7ti. \u00c7e\u015fitli su\u00e7lardan aranan 2 bin 154 ki\u015fi g\u00f6zalt\u0131na al\u0131narak ilgili mercilere teslim edildi.<\/p>\n<p>Bu denetimler s\u0131ras\u0131ndaki aramalarda 11 ruhsats\u0131z tabanca, 71 m\u00fchimmat, bir miktar da uyu\u015fturucu ele ge\u00e7irildi. Yol kontrollerinde ayr\u0131ca, 404 bin 208 ara\u00e7 kontrol edildi. Aranan 69 araca el konuldu\u011fu \u00f6\u011frenildi. Trafik ihlallerinden dolay\u0131 da kusurlu s\u00fcr\u00fcc\u00fclere toplam 298 bin 747 lira ceza kesildi\u011fi a\u00e7\u0131kland\u0131. Kontrol noktalar\u0131nda yap\u0131lan aramalarda toplam 1 milyon 396 bin 512 sorgu yap\u0131ld\u0131. Bursa \u0130l Jandarma Komutanl\u0131\u011f\u0131 taraf\u0131ndan verilen mesajda, \u201cBursa \u0130l Jandarma Komutanl\u0131\u011f\u0131 olarak Jandarma Te\u015fkilat\u0131n\u0131n 180\u2019inci kurulu\u015f y\u0131l d\u00f6n\u00fcm\u00fc olan 2019 y\u0131l\u0131nda da vatanda\u015f\u0131m\u0131z\u0131n huzur ve g\u00fcveni i\u00e7in benzer uygulamalara ayn\u0131 azim ve kararl\u0131l\u0131kla devam edilecektir\u201d denildi.<div class=\"tiled-gallery type-rectangular tiled-gallery-unresized\" data-original-width=\"500\" data-carousel-extra='null' itemscope itemtype=\"http:\/\/schema.org\/ImageGallery\" > <div class=\"gallery-row\" style=\"width: 500px; height: 224px;\" data-original-width=\"500\" data-original-height=\"224\" > <div class=\"gallery-group images-1\" style=\"width: 334px; height: 224px;\" data-original-width=\"334\" data-original-height=\"224\" > <div class=\"tiled-gallery-item tiled-gallery-item-large\" itemprop=\"associatedMedia\" itemscope itemtype=\"http:\/\/schema.org\/ImageObject\"> <a href=\"http:\/\/www.tvturk.com\/index.php\/jandarma-teskilati-180inci-yil-kutlamalarina-erken-basladi\/jandarma-teskilati-180inci-yil-kutlamalarina-erken-basladi-3\/\" border=\"0\" itemprop=\"url\"> <meta itemprop=\"width\" content=\"330\"> <meta itemprop=\"height\" content=\"220\"> <img decoding=\"async\" class=\"\" data-attachment-id=\"89093\" data-orig-file=\"http:\/\/www.tvturk.com\/wp-content\/uploads\/2019\/03\/jandarma-teskilati-180inci-yil-kutlamalarina-erken-basladi_9ffa546.jpg\" data-orig-size=\"1000,666\" data-comments-opened=\"\" data-image-meta=\"{&quot;aperture&quot;:&quot;0&quot;,&quot;credit&quot;:&quot;IHA&quot;,&quot;camera&quot;:&quot;&quot;,&quot;caption&quot;:&quot;JANDARMA GENEL KOMUTANLI\\u011eI TE\\u015eK\\u0130LATLARININ 180\\u2019\\u0130NC\\u0130 YIL KUTLAMALARINA ERKEN BA\\u015eLADI. BURSA \\u0130L JANDARMA KOMUTANLI\\u011eI 180\\u2019\\u0130NC\\u0130 YA\\u015eLARININ KUTLAMALARI KAPSAMINDA 2018 YILI \\u0130CRAATLARINI PAYLA\\u015eTI. YIL \\u0130\\u00c7ER\\u0130S\\u0130NDE 1 M\\u0130LYON 396 B\\u0130N 512 SORGU YAPAN JANDARMA TE\\u015eK\\u0130LATI, 2019 YILI VE SONRASI \\u0130\\u00c7\\u0130N DE AYNI TEMPOYLA HUZUR VE G\\u00dcVEN S\\u00d6Z\\u00dc VER\\u0130YOR. (DERYA EVREN\\\/BURSA-\\u0130HA)&quot;,&quot;created_timestamp&quot;:&quot;0&quot;,&quot;copyright&quot;:&quot;\\u0130HLAS HABER AJANSI, www.iha.com.tr&quot;,&quot;focal_length&quot;:&quot;0&quot;,&quot;iso&quot;:&quot;0&quot;,&quot;shutter_speed&quot;:&quot;0&quot;,&quot;title&quot;:&quot;JANDARMA TE\\u015eK\\u0130LATI 180\\u2019\\u0130NC\\u0130 YIL KUTLAMALARINA ERKEN BA\\u015eLADI JANDARMA 2018 YILI \\u0130CRAATLARINI A\\u00c7IKLADI&quot;,&quot;orientation&quot;:&quot;0&quot;}\" data-image-title=\"Jandarma te\u015fkilat\u0131 180\u2019inci y\u0131l kutlamalar\u0131na erken ba\u015flad\u0131\" data-image-description=\"&lt;p&gt;Jandarma te\u015fkilat\u0131 180\u2019inci y\u0131l kutlamalar\u0131na erken ba\u015flad\u0131&lt;\/p&gt; \" data-medium-file=\"https:\/\/i0.wp.com\/www.tvturk.com\/wp-content\/uploads\/2019\/03\/jandarma-teskilati-180inci-yil-kutlamalarina-erken-basladi_9ffa546.jpg?fit=300%2C200\" data-large-file=\"https:\/\/i0.wp.com\/www.tvturk.com\/wp-content\/uploads\/2019\/03\/jandarma-teskilati-180inci-yil-kutlamalarina-erken-basladi_9ffa546.jpg?fit=1000%2C666\" src=\"https:\/\/i0.wp.com\/www.tvturk.com\/wp-content\/uploads\/2019\/03\/jandarma-teskilati-180inci-yil-kutlamalarina-erken-basladi_9ffa546.jpg?w=330&#038;h=220\" srcset=\"https:\/\/i0.wp.com\/www.tvturk.com\/wp-content\/uploads\/2019\/03\/jandarma-teskilati-180inci-yil-kutlamalarina-erken-basladi_9ffa546.jpg?w=1000 1000w, https:\/\/i0.wp.com\/www.tvturk.com\/wp-content\/uploads\/2019\/03\/jandarma-teskilati-180inci-yil-kutlamalarina-erken-basladi_9ffa546.jpg?resize=150%2C100 150w, https:\/\/i0.wp.com\/www.tvturk.com\/wp-content\/uploads\/2019\/03\/jandarma-teskilati-180inci-yil-kutlamalarina-erken-basladi_9ffa546.jpg?resize=300%2C200 300w, https:\/\/i0.wp.com\/www.tvturk.com\/wp-content\/uploads\/2019\/03\/jandarma-teskilati-180inci-yil-kutlamalarina-erken-basladi_9ffa546.jpg?resize=768%2C511 768w, https:\/\/i0.wp.com\/www.tvturk.com\/wp-content\/uploads\/2019\/03\/jandarma-teskilati-180inci-yil-kutlamalarina-erken-basladi_9ffa546.jpg?resize=170%2C113 170w, https:\/\/i0.wp.com\/www.tvturk.com\/wp-content\/uploads\/2019\/03\/jandarma-teskilati-180inci-yil-kutlamalarina-erken-basladi_9ffa546.jpg?resize=120%2C80 120w\" width=\"330\" height=\"220\" loading=\"lazy\" data-original-width=\"330\" data-original-height=\"220\" itemprop=\"http:\/\/schema.org\/image\" title=\"Jandarma te\u015fkilat\u0131 180\u2019inci y\u0131l kutlamalar\u0131na erken ba\u015flad\u0131\" alt=\"Jandarma te\u015fkilat\u0131 180\u2019inci y\u0131l kutlamalar\u0131na erken ba\u015flad\u0131\" style=\"width: 330px; height: 220px;\" \/> <\/a> <\/div> <\/div> <!-- close group --> <div class=\"gallery-group images-2\" style=\"width: 166px; height: 224px;\" data-original-width=\"166\" data-original-height=\"224\" > <div class=\"tiled-gallery-item tiled-gallery-item-small\" itemprop=\"associatedMedia\" itemscope itemtype=\"http:\/\/schema.org\/ImageObject\"> <a href=\"http:\/\/www.tvturk.com\/index.php\/jandarma-teskilati-180inci-yil-kutlamalarina-erken-basladi\/jandarma-teskilati-180inci-yil-kutlamalarina-erken-basladi-4\/\" border=\"0\" itemprop=\"url\"> <meta itemprop=\"width\" content=\"162\"> <meta itemprop=\"height\" content=\"108\"> <img decoding=\"async\" class=\"\" data-attachment-id=\"89094\" data-orig-file=\"http:\/\/www.tvturk.com\/wp-content\/uploads\/2019\/03\/jandarma-teskilati-180inci-yil-kutlamalarina-erken-basladi_928ae11.jpg\" data-orig-size=\"1000,666\" data-comments-opened=\"\" data-image-meta=\"{&quot;aperture&quot;:&quot;0&quot;,&quot;credit&quot;:&quot;IHA&quot;,&quot;camera&quot;:&quot;&quot;,&quot;caption&quot;:&quot;JANDARMA GENEL KOMUTANLI\\u011eI TE\\u015eK\\u0130LATLARININ 180\\u2019\\u0130NC\\u0130 YIL KUTLAMALARINA ERKEN BA\\u015eLADI. BURSA \\u0130L JANDARMA KOMUTANLI\\u011eI 180\\u2019\\u0130NC\\u0130 YA\\u015eLARININ KUTLAMALARI KAPSAMINDA 2018 YILI \\u0130CRAATLARINI PAYLA\\u015eTI. YIL \\u0130\\u00c7ER\\u0130S\\u0130NDE 1 M\\u0130LYON 396 B\\u0130N 512 SORGU YAPAN JANDARMA TE\\u015eK\\u0130LATI, 2019 YILI VE SONRASI \\u0130\\u00c7\\u0130N DE AYNI TEMPOYLA HUZUR VE G\\u00dcVEN S\\u00d6Z\\u00dc VER\\u0130YOR. (DERYA EVREN\\\/BURSA-\\u0130HA)&quot;,&quot;created_timestamp&quot;:&quot;0&quot;,&quot;copyright&quot;:&quot;\\u0130HLAS HABER AJANSI, www.iha.com.tr&quot;,&quot;focal_length&quot;:&quot;0&quot;,&quot;iso&quot;:&quot;0&quot;,&quot;shutter_speed&quot;:&quot;0&quot;,&quot;title&quot;:&quot;JANDARMA TE\\u015eK\\u0130LATI 180\\u2019\\u0130NC\\u0130 YIL KUTLAMALARINA ERKEN BA\\u015eLADI JANDARMA 2018 YILI \\u0130CRAATLARINI A\\u00c7IKLADI&quot;,&quot;orientation&quot;:&quot;0&quot;}\" data-image-title=\"Jandarma te\u015fkilat\u0131 180\u2019inci y\u0131l kutlamalar\u0131na erken ba\u015flad\u0131\" data-image-description=\"&lt;p&gt;Jandarma te\u015fkilat\u0131 180\u2019inci y\u0131l kutlamalar\u0131na erken ba\u015flad\u0131&lt;\/p&gt; \" data-medium-file=\"https:\/\/i0.wp.com\/www.tvturk.com\/wp-content\/uploads\/2019\/03\/jandarma-teskilati-180inci-yil-kutlamalarina-erken-basladi_928ae11.jpg?fit=300%2C200\" data-large-file=\"https:\/\/i0.wp.com\/www.tvturk.com\/wp-content\/uploads\/2019\/03\/jandarma-teskilati-180inci-yil-kutlamalarina-erken-basladi_928ae11.jpg?fit=1000%2C666\" src=\"https:\/\/i0.wp.com\/www.tvturk.com\/wp-content\/uploads\/2019\/03\/jandarma-teskilati-180inci-yil-kutlamalarina-erken-basladi_928ae11.jpg?w=162&#038;h=108\" srcset=\"https:\/\/i0.wp.com\/www.tvturk.com\/wp-content\/uploads\/2019\/03\/jandarma-teskilati-180inci-yil-kutlamalarina-erken-basladi_928ae11.jpg?w=1000 1000w, https:\/\/i0.wp.com\/www.tvturk.com\/wp-content\/uploads\/2019\/03\/jandarma-teskilati-180inci-yil-kutlamalarina-erken-basladi_928ae11.jpg?resize=150%2C100 150w, https:\/\/i0.wp.com\/www.tvturk.com\/wp-content\/uploads\/2019\/03\/jandarma-teskilati-180inci-yil-kutlamalarina-erken-basladi_928ae11.jpg?resize=300%2C200 300w, https:\/\/i0.wp.com\/www.tvturk.com\/wp-content\/uploads\/2019\/03\/jandarma-teskilati-180inci-yil-kutlamalarina-erken-basladi_928ae11.jpg?resize=768%2C511 768w, https:\/\/i0.wp.com\/www.tvturk.com\/wp-content\/uploads\/2019\/03\/jandarma-teskilati-180inci-yil-kutlamalarina-erken-basladi_928ae11.jpg?resize=170%2C113 170w, https:\/\/i0.wp.com\/www.tvturk.com\/wp-content\/uploads\/2019\/03\/jandarma-teskilati-180inci-yil-kutlamalarina-erken-basladi_928ae11.jpg?resize=120%2C80 120w\" width=\"162\" height=\"108\" loading=\"lazy\" data-original-width=\"162\" data-original-height=\"108\" itemprop=\"http:\/\/schema.org\/image\" title=\"Jandarma te\u015fkilat\u0131 180\u2019inci y\u0131l kutlamalar\u0131na erken ba\u015flad\u0131\" alt=\"Jandarma te\u015fkilat\u0131 180\u2019inci y\u0131l kutlamalar\u0131na erken ba\u015flad\u0131\" style=\"width: 162px; height: 108px;\" \/> <\/a> <\/div> <div class=\"tiled-gallery-item tiled-gallery-item-small\" itemprop=\"associatedMedia\" itemscope itemtype=\"http:\/\/schema.org\/ImageObject\"> <a href=\"http:\/\/www.tvturk.com\/index.php\/jandarma-teskilati-180inci-yil-kutlamalarina-erken-basladi\/jandarma-teskilati-180inci-yil-kutlamalarina-erken-basladi-5\/\" border=\"0\" itemprop=\"url\"> <meta itemprop=\"width\" content=\"162\"> <meta itemprop=\"height\" content=\"108\"> <img decoding=\"async\" class=\"\" data-attachment-id=\"89095\" data-orig-file=\"http:\/\/www.tvturk.com\/wp-content\/uploads\/2019\/03\/jandarma-teskilati-180inci-yil-kutlamalarina-erken-basladi_8d2e45b.jpg\" data-orig-size=\"1000,666\" data-comments-opened=\"\" data-image-meta=\"{&quot;aperture&quot;:&quot;0&quot;,&quot;credit&quot;:&quot;IHA&quot;,&quot;camera&quot;:&quot;&quot;,&quot;caption&quot;:&quot;JANDARMA GENEL KOMUTANLI\\u011eI TE\\u015eK\\u0130LATLARININ 180\\u2019\\u0130NC\\u0130 YIL KUTLAMALARINA ERKEN BA\\u015eLADI. BURSA \\u0130L JANDARMA KOMUTANLI\\u011eI 180\\u2019\\u0130NC\\u0130 YA\\u015eLARININ KUTLAMALARI KAPSAMINDA 2018 YILI \\u0130CRAATLARINI PAYLA\\u015eTI. YIL \\u0130\\u00c7ER\\u0130S\\u0130NDE 1 M\\u0130LYON 396 B\\u0130N 512 SORGU YAPAN JANDARMA TE\\u015eK\\u0130LATI, 2019 YILI VE SONRASI \\u0130\\u00c7\\u0130N DE AYNI TEMPOYLA HUZUR VE G\\u00dcVEN S\\u00d6Z\\u00dc VER\\u0130YOR. (DERYA EVREN\\\/BURSA-\\u0130HA)&quot;,&quot;created_timestamp&quot;:&quot;0&quot;,&quot;copyright&quot;:&quot;\\u0130HLAS HABER AJANSI, www.iha.com.tr&quot;,&quot;focal_length&quot;:&quot;0&quot;,&quot;iso&quot;:&quot;0&quot;,&quot;shutter_speed&quot;:&quot;0&quot;,&quot;title&quot;:&quot;JANDARMA TE\\u015eK\\u0130LATI 180\\u2019\\u0130NC\\u0130 YIL KUTLAMALARINA ERKEN BA\\u015eLADI JANDARMA 2018 YILI \\u0130CRAATLARINI A\\u00c7IKLADI&quot;,&quot;orientation&quot;:&quot;0&quot;}\" data-image-title=\"Jandarma te\u015fkilat\u0131 180\u2019inci y\u0131l kutlamalar\u0131na erken ba\u015flad\u0131\" data-image-description=\"&lt;p&gt;Jandarma te\u015fkilat\u0131 180\u2019inci y\u0131l kutlamalar\u0131na erken ba\u015flad\u0131&lt;\/p&gt; \" data-medium-file=\"https:\/\/i0.wp.com\/www.tvturk.com\/wp-content\/uploads\/2019\/03\/jandarma-teskilati-180inci-yil-kutlamalarina-erken-basladi_8d2e45b.jpg?fit=300%2C200\" data-large-file=\"https:\/\/i0.wp.com\/www.tvturk.com\/wp-content\/uploads\/2019\/03\/jandarma-teskilati-180inci-yil-kutlamalarina-erken-basladi_8d2e45b.jpg?fit=1000%2C666\" src=\"https:\/\/i0.wp.com\/www.tvturk.com\/wp-content\/uploads\/2019\/03\/jandarma-teskilati-180inci-yil-kutlamalarina-erken-basladi_8d2e45b.jpg?w=162&#038;h=108\" srcset=\"https:\/\/i0.wp.com\/www.tvturk.com\/wp-content\/uploads\/2019\/03\/jandarma-teskilati-180inci-yil-kutlamalarina-erken-basladi_8d2e45b.jpg?w=1000 1000w, https:\/\/i0.wp.com\/www.tvturk.com\/wp-content\/uploads\/2019\/03\/jandarma-teskilati-180inci-yil-kutlamalarina-erken-basladi_8d2e45b.jpg?resize=150%2C100 150w, https:\/\/i0.wp.com\/www.tvturk.com\/wp-content\/uploads\/2019\/03\/jandarma-teskilati-180inci-yil-kutlamalarina-erken-basladi_8d2e45b.jpg?resize=300%2C200 300w, https:\/\/i0.wp.com\/www.tvturk.com\/wp-content\/uploads\/2019\/03\/jandarma-teskilati-180inci-yil-kutlamalarina-erken-basladi_8d2e45b.jpg?resize=768%2C511 768w, https:\/\/i0.wp.com\/www.tvturk.com\/wp-content\/uploads\/2019\/03\/jandarma-teskilati-180inci-yil-kutlamalarina-erken-basladi_8d2e45b.jpg?resize=170%2C113 170w, https:\/\/i0.wp.com\/www.tvturk.com\/wp-content\/uploads\/2019\/03\/jandarma-teskilati-180inci-yil-kutlamalarina-erken-basladi_8d2e45b.jpg?resize=120%2C80 120w\" width=\"162\" height=\"108\" loading=\"lazy\" data-original-width=\"162\" data-original-height=\"108\" itemprop=\"http:\/\/schema.org\/image\" title=\"Jandarma te\u015fkilat\u0131 180\u2019inci y\u0131l kutlamalar\u0131na erken ba\u015flad\u0131\" alt=\"Jandarma te\u015fkilat\u0131 180\u2019inci y\u0131l kutlamalar\u0131na erken ba\u015flad\u0131\" style=\"width: 162px; height: 108px;\" \/> <\/a> <\/div> <\/div> <!-- close group --> <\/div> <!-- close row --> <div class=\"gallery-row\" style=\"width: 500px; height: 112px;\" data-original-width=\"500\" data-original-height=\"112\" > <div class=\"gallery-group images-1\" style=\"width: 167px; height: 112px;\" data-original-width=\"167\" data-original-height=\"112\" > <div class=\"tiled-gallery-item tiled-gallery-item-small\" itemprop=\"associatedMedia\" itemscope itemtype=\"http:\/\/schema.org\/ImageObject\"> <a href=\"http:\/\/www.tvturk.com\/index.php\/jandarma-teskilati-180inci-yil-kutlamalarina-erken-basladi\/jandarma-teskilati-180inci-yil-kutlamalarina-erken-basladi-6\/\" border=\"0\" itemprop=\"url\"> <meta itemprop=\"width\" content=\"163\"> <meta itemprop=\"height\" content=\"108\"> <img decoding=\"async\" class=\"\" data-attachment-id=\"89096\" data-orig-file=\"http:\/\/www.tvturk.com\/wp-content\/uploads\/2019\/03\/jandarma-teskilati-180inci-yil-kutlamalarina-erken-basladi_b7f7840.jpg\" data-orig-size=\"1000,666\" data-comments-opened=\"\" data-image-meta=\"{&quot;aperture&quot;:&quot;0&quot;,&quot;credit&quot;:&quot;IHA&quot;,&quot;camera&quot;:&quot;&quot;,&quot;caption&quot;:&quot;JANDARMA GENEL KOMUTANLI\\u011eI TE\\u015eK\\u0130LATLARININ 180\\u2019\\u0130NC\\u0130 YIL KUTLAMALARINA ERKEN BA\\u015eLADI. BURSA \\u0130L JANDARMA KOMUTANLI\\u011eI 180\\u2019\\u0130NC\\u0130 YA\\u015eLARININ KUTLAMALARI KAPSAMINDA 2018 YILI \\u0130CRAATLARINI PAYLA\\u015eTI. YIL \\u0130\\u00c7ER\\u0130S\\u0130NDE 1 M\\u0130LYON 396 B\\u0130N 512 SORGU YAPAN JANDARMA TE\\u015eK\\u0130LATI, 2019 YILI VE SONRASI \\u0130\\u00c7\\u0130N DE AYNI TEMPOYLA HUZUR VE G\\u00dcVEN S\\u00d6Z\\u00dc VER\\u0130YOR. (DERYA EVREN\\\/BURSA-\\u0130HA)&quot;,&quot;created_timestamp&quot;:&quot;0&quot;,&quot;copyright&quot;:&quot;\\u0130HLAS HABER AJANSI, www.iha.com.tr&quot;,&quot;focal_length&quot;:&quot;0&quot;,&quot;iso&quot;:&quot;0&quot;,&quot;shutter_speed&quot;:&quot;0&quot;,&quot;title&quot;:&quot;JANDARMA TE\\u015eK\\u0130LATI 180\\u2019\\u0130NC\\u0130 YIL KUTLAMALARINA ERKEN BA\\u015eLADI JANDARMA 2018 YILI \\u0130CRAATLARINI A\\u00c7IKLADI&quot;,&quot;orientation&quot;:&quot;0&quot;}\" data-image-title=\"Jandarma te\u015fkilat\u0131 180\u2019inci y\u0131l kutlamalar\u0131na erken ba\u015flad\u0131\" data-image-description=\"&lt;p&gt;Jandarma te\u015fkilat\u0131 180\u2019inci y\u0131l kutlamalar\u0131na erken ba\u015flad\u0131&lt;\/p&gt; \" data-medium-file=\"https:\/\/i0.wp.com\/www.tvturk.com\/wp-content\/uploads\/2019\/03\/jandarma-teskilati-180inci-yil-kutlamalarina-erken-basladi_b7f7840.jpg?fit=300%2C200\" data-large-file=\"https:\/\/i0.wp.com\/www.tvturk.com\/wp-content\/uploads\/2019\/03\/jandarma-teskilati-180inci-yil-kutlamalarina-erken-basladi_b7f7840.jpg?fit=1000%2C666\" src=\"https:\/\/i0.wp.com\/www.tvturk.com\/wp-content\/uploads\/2019\/03\/jandarma-teskilati-180inci-yil-kutlamalarina-erken-basladi_b7f7840.jpg?w=163&#038;h=108\" srcset=\"https:\/\/i0.wp.com\/www.tvturk.com\/wp-content\/uploads\/2019\/03\/jandarma-teskilati-180inci-yil-kutlamalarina-erken-basladi_b7f7840.jpg?w=1000 1000w, https:\/\/i0.wp.com\/www.tvturk.com\/wp-content\/uploads\/2019\/03\/jandarma-teskilati-180inci-yil-kutlamalarina-erken-basladi_b7f7840.jpg?resize=150%2C100 150w, https:\/\/i0.wp.com\/www.tvturk.com\/wp-content\/uploads\/2019\/03\/jandarma-teskilati-180inci-yil-kutlamalarina-erken-basladi_b7f7840.jpg?resize=300%2C200 300w, https:\/\/i0.wp.com\/www.tvturk.com\/wp-content\/uploads\/2019\/03\/jandarma-teskilati-180inci-yil-kutlamalarina-erken-basladi_b7f7840.jpg?resize=768%2C511 768w, https:\/\/i0.wp.com\/www.tvturk.com\/wp-content\/uploads\/2019\/03\/jandarma-teskilati-180inci-yil-kutlamalarina-erken-basladi_b7f7840.jpg?resize=170%2C113 170w, https:\/\/i0.wp.com\/www.tvturk.com\/wp-content\/uploads\/2019\/03\/jandarma-teskilati-180inci-yil-kutlamalarina-erken-basladi_b7f7840.jpg?resize=120%2C80 120w\" width=\"163\" height=\"108\" loading=\"lazy\" data-original-width=\"163\" data-original-height=\"108\" itemprop=\"http:\/\/schema.org\/image\" title=\"Jandarma te\u015fkilat\u0131 180\u2019inci y\u0131l kutlamalar\u0131na erken ba\u015flad\u0131\" alt=\"Jandarma te\u015fkilat\u0131 180\u2019inci y\u0131l kutlamalar\u0131na erken ba\u015flad\u0131\" style=\"width: 163px; height: 108px;\" \/> <\/a> <\/div> <\/div> <!-- close group --> <div class=\"gallery-group images-1\" style=\"width: 167px; height: 112px;\" data-original-width=\"167\" data-original-height=\"112\" > <div class=\"tiled-gallery-item tiled-gallery-item-small\" itemprop=\"associatedMedia\" itemscope itemtype=\"http:\/\/schema.org\/ImageObject\"> <a href=\"http:\/\/www.tvturk.com\/index.php\/jandarma-teskilati-180inci-yil-kutlamalarina-erken-basladi\/jandarma-teskilati-180inci-yil-kutlamalarina-erken-basladi-7\/\" border=\"0\" itemprop=\"url\"> <meta itemprop=\"width\" content=\"163\"> <meta itemprop=\"height\" content=\"108\"> <img decoding=\"async\" class=\"\" data-attachment-id=\"89097\" data-orig-file=\"http:\/\/www.tvturk.com\/wp-content\/uploads\/2019\/03\/jandarma-teskilati-180inci-yil-kutlamalarina-erken-basladi_60ea004.jpg\" data-orig-size=\"1000,666\" data-comments-opened=\"\" data-image-meta=\"{&quot;aperture&quot;:&quot;0&quot;,&quot;credit&quot;:&quot;IHA&quot;,&quot;camera&quot;:&quot;&quot;,&quot;caption&quot;:&quot;JANDARMA GENEL KOMUTANLI\\u011eI TE\\u015eK\\u0130LATLARININ 180\\u2019\\u0130NC\\u0130 YIL KUTLAMALARINA ERKEN BA\\u015eLADI. BURSA \\u0130L JANDARMA KOMUTANLI\\u011eI 180\\u2019\\u0130NC\\u0130 YA\\u015eLARININ KUTLAMALARI KAPSAMINDA 2018 YILI \\u0130CRAATLARINI PAYLA\\u015eTI. YIL \\u0130\\u00c7ER\\u0130S\\u0130NDE 1 M\\u0130LYON 396 B\\u0130N 512 SORGU YAPAN JANDARMA TE\\u015eK\\u0130LATI, 2019 YILI VE SONRASI \\u0130\\u00c7\\u0130N DE AYNI TEMPOYLA HUZUR VE G\\u00dcVEN S\\u00d6Z\\u00dc VER\\u0130YOR. (DERYA EVREN\\\/BURSA-\\u0130HA)&quot;,&quot;created_timestamp&quot;:&quot;0&quot;,&quot;copyright&quot;:&quot;\\u0130HLAS HABER AJANSI, www.iha.com.tr&quot;,&quot;focal_length&quot;:&quot;0&quot;,&quot;iso&quot;:&quot;0&quot;,&quot;shutter_speed&quot;:&quot;0&quot;,&quot;title&quot;:&quot;JANDARMA TE\\u015eK\\u0130LATI 180\\u2019\\u0130NC\\u0130 YIL KUTLAMALARINA ERKEN BA\\u015eLADI JANDARMA 2018 YILI \\u0130CRAATLARINI A\\u00c7IKLADI&quot;,&quot;orientation&quot;:&quot;0&quot;}\" data-image-title=\"Jandarma te\u015fkilat\u0131 180\u2019inci y\u0131l kutlamalar\u0131na erken ba\u015flad\u0131\" data-image-description=\"&lt;p&gt;Jandarma te\u015fkilat\u0131 180\u2019inci y\u0131l kutlamalar\u0131na erken ba\u015flad\u0131&lt;\/p&gt; \" data-medium-file=\"https:\/\/i0.wp.com\/www.tvturk.com\/wp-content\/uploads\/2019\/03\/jandarma-teskilati-180inci-yil-kutlamalarina-erken-basladi_60ea004.jpg?fit=300%2C200\" data-large-file=\"https:\/\/i0.wp.com\/www.tvturk.com\/wp-content\/uploads\/2019\/03\/jandarma-teskilati-180inci-yil-kutlamalarina-erken-basladi_60ea004.jpg?fit=1000%2C666\" src=\"https:\/\/i0.wp.com\/www.tvturk.com\/wp-content\/uploads\/2019\/03\/jandarma-teskilati-180inci-yil-kutlamalarina-erken-basladi_60ea004.jpg?w=163&#038;h=108\" srcset=\"https:\/\/i0.wp.com\/www.tvturk.com\/wp-content\/uploads\/2019\/03\/jandarma-teskilati-180inci-yil-kutlamalarina-erken-basladi_60ea004.jpg?w=1000 1000w, https:\/\/i0.wp.com\/www.tvturk.com\/wp-content\/uploads\/2019\/03\/jandarma-teskilati-180inci-yil-kutlamalarina-erken-basladi_60ea004.jpg?resize=150%2C100 150w, https:\/\/i0.wp.com\/www.tvturk.com\/wp-content\/uploads\/2019\/03\/jandarma-teskilati-180inci-yil-kutlamalarina-erken-basladi_60ea004.jpg?resize=300%2C200 300w, https:\/\/i0.wp.com\/www.tvturk.com\/wp-content\/uploads\/2019\/03\/jandarma-teskilati-180inci-yil-kutlamalarina-erken-basladi_60ea004.jpg?resize=768%2C511 768w, https:\/\/i0.wp.com\/www.tvturk.com\/wp-content\/uploads\/2019\/03\/jandarma-teskilati-180inci-yil-kutlamalarina-erken-basladi_60ea004.jpg?resize=170%2C113 170w, https:\/\/i0.wp.com\/www.tvturk.com\/wp-content\/uploads\/2019\/03\/jandarma-teskilati-180inci-yil-kutlamalarina-erken-basladi_60ea004.jpg?resize=120%2C80 120w\" width=\"163\" height=\"108\" loading=\"lazy\" data-original-width=\"163\" data-original-height=\"108\" itemprop=\"http:\/\/schema.org\/image\" title=\"Jandarma te\u015fkilat\u0131 180\u2019inci y\u0131l kutlamalar\u0131na erken ba\u015flad\u0131\" alt=\"Jandarma te\u015fkilat\u0131 180\u2019inci y\u0131l kutlamalar\u0131na erken ba\u015flad\u0131\" style=\"width: 163px; height: 108px;\" \/> <\/a> <\/div> <\/div> <!-- close group --> <div class=\"gallery-group images-1\" style=\"width: 166px; height: 112px;\" data-original-width=\"166\" data-original-height=\"112\" > <div class=\"tiled-gallery-item tiled-gallery-item-small\" itemprop=\"associatedMedia\" itemscope itemtype=\"http:\/\/schema.org\/ImageObject\"> <a href=\"http:\/\/www.tvturk.com\/index.php\/jandarma-teskilati-180inci-yil-kutlamalarina-erken-basladi\/jandarma-teskilati-180inci-yil-kutlamalarina-erken-basladi-8\/\" border=\"0\" itemprop=\"url\"> <meta itemprop=\"width\" content=\"162\"> <meta itemprop=\"height\" content=\"108\"> <img decoding=\"async\" class=\"\" data-attachment-id=\"89098\" data-orig-file=\"http:\/\/www.tvturk.com\/wp-content\/uploads\/2019\/03\/jandarma-teskilati-180inci-yil-kutlamalarina-erken-basladi_21d4897.jpg\" data-orig-size=\"1000,666\" data-comments-opened=\"\" data-image-meta=\"{&quot;aperture&quot;:&quot;0&quot;,&quot;credit&quot;:&quot;IHA&quot;,&quot;camera&quot;:&quot;&quot;,&quot;caption&quot;:&quot;JANDARMA GENEL KOMUTANLI\\u011eI TE\\u015eK\\u0130LATLARININ 180\\u2019\\u0130NC\\u0130 YIL KUTLAMALARINA ERKEN BA\\u015eLADI. BURSA \\u0130L JANDARMA KOMUTANLI\\u011eI 180\\u2019\\u0130NC\\u0130 YA\\u015eLARININ KUTLAMALARI KAPSAMINDA 2018 YILI \\u0130CRAATLARINI PAYLA\\u015eTI. YIL \\u0130\\u00c7ER\\u0130S\\u0130NDE 1 M\\u0130LYON 396 B\\u0130N 512 SORGU YAPAN JANDARMA TE\\u015eK\\u0130LATI, 2019 YILI VE SONRASI \\u0130\\u00c7\\u0130N DE AYNI TEMPOYLA HUZUR VE G\\u00dcVEN S\\u00d6Z\\u00dc VER\\u0130YOR. (DERYA EVREN\\\/BURSA-\\u0130HA)&quot;,&quot;created_timestamp&quot;:&quot;0&quot;,&quot;copyright&quot;:&quot;\\u0130HLAS HABER AJANSI, www.iha.com.tr&quot;,&quot;focal_length&quot;:&quot;0&quot;,&quot;iso&quot;:&quot;0&quot;,&quot;shutter_speed&quot;:&quot;0&quot;,&quot;title&quot;:&quot;JANDARMA TE\\u015eK\\u0130LATI 180\\u2019\\u0130NC\\u0130 YIL KUTLAMALARINA ERKEN BA\\u015eLADI JANDARMA 2018 YILI \\u0130CRAATLARINI A\\u00c7IKLADI&quot;,&quot;orientation&quot;:&quot;0&quot;}\" data-image-title=\"Jandarma te\u015fkilat\u0131 180\u2019inci y\u0131l kutlamalar\u0131na erken ba\u015flad\u0131\" data-image-description=\"&lt;p&gt;Jandarma te\u015fkilat\u0131 180\u2019inci y\u0131l kutlamalar\u0131na erken ba\u015flad\u0131&lt;\/p&gt; \" data-medium-file=\"https:\/\/i0.wp.com\/www.tvturk.com\/wp-content\/uploads\/2019\/03\/jandarma-teskilati-180inci-yil-kutlamalarina-erken-basladi_21d4897.jpg?fit=300%2C200\" data-large-file=\"https:\/\/i0.wp.com\/www.tvturk.com\/wp-content\/uploads\/2019\/03\/jandarma-teskilati-180inci-yil-kutlamalarina-erken-basladi_21d4897.jpg?fit=1000%2C666\" src=\"https:\/\/i0.wp.com\/www.tvturk.com\/wp-content\/uploads\/2019\/03\/jandarma-teskilati-180inci-yil-kutlamalarina-erken-basladi_21d4897.jpg?w=162&#038;h=108\" srcset=\"https:\/\/i0.wp.com\/www.tvturk.com\/wp-content\/uploads\/2019\/03\/jandarma-teskilati-180inci-yil-kutlamalarina-erken-basladi_21d4897.jpg?w=1000 1000w, https:\/\/i0.wp.com\/www.tvturk.com\/wp-content\/uploads\/2019\/03\/jandarma-teskilati-180inci-yil-kutlamalarina-erken-basladi_21d4897.jpg?resize=150%2C100 150w, https:\/\/i0.wp.com\/www.tvturk.com\/wp-content\/uploads\/2019\/03\/jandarma-teskilati-180inci-yil-kutlamalarina-erken-basladi_21d4897.jpg?resize=300%2C200 300w, https:\/\/i0.wp.com\/www.tvturk.com\/wp-content\/uploads\/2019\/03\/jandarma-teskilati-180inci-yil-kutlamalarina-erken-basladi_21d4897.jpg?resize=768%2C511 768w, https:\/\/i0.wp.com\/www.tvturk.com\/wp-content\/uploads\/2019\/03\/jandarma-teskilati-180inci-yil-kutlamalarina-erken-basladi_21d4897.jpg?resize=170%2C113 170w, https:\/\/i0.wp.com\/www.tvturk.com\/wp-content\/uploads\/2019\/03\/jandarma-teskilati-180inci-yil-kutlamalarina-erken-basladi_21d4897.jpg?resize=120%2C80 120w\" width=\"162\" height=\"108\" loading=\"lazy\" data-original-width=\"162\" data-original-height=\"108\" itemprop=\"http:\/\/schema.org\/image\" title=\"Jandarma te\u015fkilat\u0131 180\u2019inci y\u0131l kutlamalar\u0131na erken ba\u015flad\u0131\" alt=\"Jandarma te\u015fkilat\u0131 180\u2019inci y\u0131l kutlamalar\u0131na erken ba\u015flad\u0131\" style=\"width: 162px; height: 108px;\" \/> <\/a> <\/div> <\/div> <!-- close group --> <\/div> <!-- close row --> <\/div><\/p>\n","protected":false},"excerpt":{"rendered":"<p>JANDARMA GENEL KOMUTANLI\u011eI TE\u015eK\u0130LATLARININ 180\u2019\u0130NC\u0130 YIL KUTLAMALARINA ERKEN BA\u015eLADI. BURSA \u0130L JANDARMA KOMUTANLI\u011eI 180\u2019\u0130NC\u0130 YA\u015eLARININ KUTLAMALARI KAPSAMINDA 2018 YILI \u0130CRAATLARINI PAYLA\u015eTI. YIL \u0130\u00c7ER\u0130S\u0130NDE 1 M\u0130LYON 396 B\u0130N 512 SORGU YAPAN JANDARMA TE\u015eK\u0130LATI, 2019 YILI VE SONRASI \u0130\u00c7\u0130N DE AYNI TEMPOYLA HUZUR VE G\u00dcVEN S\u00d6Z\u00dc VER\u0130YOR.<\/p>\n","protected":false},"author":1,"featured_media":89092,"comment_status":"closed","ping_status":"open","sticky":false,"template":"","format":"standard","meta":{"jetpack_post_was_ever_published":false,"_jetpack_newsletter_access":"","_jetpack_dont_email_post_to_subs":false,"_jetpack_newsletter_tier_id":0,"_jetpack_memberships_contains_paywalled_content":false,"_jetpack_memberships_contains_paid_content":false,"footnotes":"","jetpack_publicize_message":"","jetpack_publicize_feature_enabled":true,"jetpack_social_post_already_shared":true,"jetpack_social_options":{"image_generator_settings":{"template":"highway","default_image_id":0,"font":"","enabled":false},"version":2}},"categories":[655],"tags":[24085,55,4955,942,24086,2761,231],"class_list":["post-89091","post","type-post","status-publish","format-standard","has-post-thumbnail","hentry","category-son-dakika","tag-180inci","tag-basladi","tag-erken","tag-jandarma","tag-kutlamalarina","tag-teskilati","tag-yil"],"jetpack_publicize_connections":[],"jetpack_featured_media_url":"https:\/\/i0.wp.com\/www.tvturk.com\/wp-content\/uploads\/2019\/03\/jandarma-teskilati-180inci-yil-kutlamalarina-erken-basladi_836712c.jpg?fit=1000%2C666","jetpack_sharing_enabled":true,"jetpack_shortlink":"https:\/\/wp.me\/paKIfm-naX","_links":{"self":[{"href":"http:\/\/www.tvturk.com\/index.php\/wp-json\/wp\/v2\/posts\/89091","targetHints":{"allow":["GET"]}}],"collection":[{"href":"http:\/\/www.tvturk.com\/index.php\/wp-json\/wp\/v2\/posts"}],"about":[{"href":"http:\/\/www.tvturk.com\/index.php\/wp-json\/wp\/v2\/types\/post"}],"author":[{"embeddable":true,"href":"http:\/\/www.tvturk.com\/index.php\/wp-json\/wp\/v2\/users\/1"}],"replies":[{"embeddable":true,"href":"http:\/\/www.tvturk.com\/index.php\/wp-json\/wp\/v2\/comments?post=89091"}],"version-history":[{"count":1,"href":"http:\/\/www.tvturk.com\/index.php\/wp-json\/wp\/v2\/posts\/89091\/revisions"}],"predecessor-version":[{"id":89099,"href":"http:\/\/www.tvturk.com\/index.php\/wp-json\/wp\/v2\/posts\/89091\/revisions\/89099"}],"wp:featuredmedia":[{"embeddable":true,"href":"http:\/\/www.tvturk.com\/index.php\/wp-json\/wp\/v2\/media\/89092"}],"wp:attachment":[{"href":"http:\/\/www.tvturk.com\/index.php\/wp-json\/wp\/v2\/media?parent=89091"}],"wp:term":[{"taxonomy":"category","embeddable":true,"href":"http:\/\/www.tvturk.com\/index.php\/wp-json\/wp\/v2\/categories?post=89091"},{"taxonomy":"post_tag","embeddable":true,"href":"http:\/\/www.tvturk.com\/index.php\/wp-json\/wp\/v2\/tags?post=89091"}],"curies":[{"name":"wp","href":"https:\/\/api.w.org\/{rel}","templated":true}]}}