{"id":8917,"date":"2019-02-07T14:49:49","date_gmt":"2019-02-07T11:49:49","guid":{"rendered":"http:\/\/www.tvturk.com\/index.php\/boluda-yariyil-tatilinde-turizm-merkezlerine-145-bin-tatilci-geldi\/"},"modified":"2019-02-07T14:49:52","modified_gmt":"2019-02-07T11:49:52","slug":"boluda-yariyil-tatilinde-turizm-merkezlerine-145-bin-tatilci-geldi","status":"publish","type":"post","link":"http:\/\/www.tvturk.com\/index.php\/boluda-yariyil-tatilinde-turizm-merkezlerine-145-bin-tatilci-geldi\/","title":{"rendered":"Bolu\u2019da, yar\u0131y\u0131l tatilinde turizm merkezlerine 145 bin tatilci geldi"},"content":{"rendered":"<p>Bolu\u2019da, yar\u0131y\u0131l tatilini de\u011ferlendirmek isteyen 145 bin tatilci, Kartalkaya Kayak Merkezi, Yedig\u00f6ller Milli Park\u0131, Abant, G\u00f6lc\u00fck, S\u00fcnnet G\u00f6l\u00fc ve S\u00fcl\u00fckl\u00fc G\u00f6l Tabiat Park\u0131\u2019nda keyifli anlar ya\u015fad\u0131lar.<\/p>\n<p>Edinilen bilgiye g\u00f6re, T\u00fcrkiye\u2019nin en \u00f6nemli turizm merkezlerine sahip olan ve y\u00fczde 65\u2019i ormanlarla kapl\u0131 Bolu\u2019da, yar\u0131y\u0131l tatili boyunca Kartalkaya Kayak Merkezi, Yedig\u00f6ller Milli Park\u0131, Abant, G\u00f6lc\u00fck, S\u00fcnnet G\u00f6l\u00fc ve S\u00fcl\u00fckl\u00fc G\u00f6l Tabiat Park\u0131 ziyaret\u00e7ilerin ak\u0131n\u0131na u\u011frad\u0131. Y\u0131l\u0131n her mevsiminde binlerce ziyaret\u00e7iyi a\u011f\u0131rlayan turizm merkezleri, \u00f6\u011frencilerin karnelerini almas\u0131yla da ilgi oda\u011f\u0131 oldu.<\/p>\n<p>Yar\u0131y\u0131l tatilinde, \u00f6zellikle foto\u011fraf tutkunlar\u0131n\u0131n tercih etti\u011fi turizm merkezlerinden olan Abant Tabiat Park\u0131\u2019na 48 bin 713, G\u00f6lc\u00fck Tabiat Park\u0131\u2019na 34 bin 870 ve Yedig\u00f6ller Milli Park\u0131\u2019n\u0131 600 ki\u015fi ziyaret etti.<\/p>\n<p>Bolu kent merkezine 45 kilometre uzakl\u0131kta bulunan ve her y\u0131l binlerce tatilcinin tercih etti\u011fi Kartalkaya\u2019da da tatilci yo\u011funlu\u011fu ya\u015fand\u0131. 70 kilometre uzunlu\u011fundaki 25 pistiyle kayakseverlerin en \u00e7ok tercih ettikleri merkezlerden birisi olan Kartalkaya\u2019da, konaklamak ve g\u00fcn\u00fcbirlik tatil i\u00e7in 60 bin ki\u015fi geldi.<\/p>\n<p>Bolu\u2019nun G\u00f6yn\u00fck \u0130l\u00e7esi\u2019nde bulunan S\u00fcnnet G\u00f6l\u00fc\u2019nde 207, Mudurnu \u0130l\u00e7esi\u2019nde yer alan S\u00fcl\u00fckl\u00fc G\u00f6l\u2019de ise, 390 ki\u015fi tatilini ge\u00e7irdi.<div class=\"tiled-gallery type-rectangular tiled-gallery-unresized\" data-original-width=\"500\" data-carousel-extra='null' itemscope itemtype=\"http:\/\/schema.org\/ImageGallery\" > <div class=\"gallery-row\" style=\"width: 500px; height: 224px;\" data-original-width=\"500\" data-original-height=\"224\" > <div class=\"gallery-group images-1\" style=\"width: 334px; height: 224px;\" data-original-width=\"334\" data-original-height=\"224\" > <div class=\"tiled-gallery-item tiled-gallery-item-large\" itemprop=\"associatedMedia\" itemscope itemtype=\"http:\/\/schema.org\/ImageObject\"> <a href=\"http:\/\/www.tvturk.com\/index.php\/boluda-yariyil-tatilinde-turizm-merkezlerine-145-bin-tatilci-geldi\/boluda-yariyil-tatilinde-turizm-merkezlerine-145-bin-tatilci-geldi-3\/\" border=\"0\" itemprop=\"url\"> <meta itemprop=\"width\" content=\"330\"> <meta itemprop=\"height\" content=\"220\"> <img decoding=\"async\" class=\"\" data-attachment-id=\"8919\" data-orig-file=\"http:\/\/www.tvturk.com\/wp-content\/uploads\/2019\/02\/boluda-yariyil-tatilinde-turizm-merkezlerine-145-bin-tatilci-geldi_8505749.jpg\" data-orig-size=\"1000,666\" data-comments-opened=\"\" data-image-meta=\"{&quot;aperture&quot;:&quot;0&quot;,&quot;credit&quot;:&quot;IHA&quot;,&quot;camera&quot;:&quot;&quot;,&quot;caption&quot;:&quot;BOLU\\u2019DA, YARIYIL TAT\\u0130L\\u0130N\\u0130 DE\\u011eERLEND\\u0130RMEK \\u0130STEYEN 145 B\\u0130N TAT\\u0130LC\\u0130, KARTALKAYA KAYAK MERKEZ\\u0130, YED\\u0130G\\u00d6LLER M\\u0130LL\\u0130 PARKI, ABANT, G\\u00d6LC\\u00dcK, S\\u00dcNNET G\\u00d6L\\u00dc VE S\\u00dcL\\u00dcKL\\u00dc G\\u00d6L TAB\\u0130AT PARKI\\u0027NDA KEY\\u0130FL\\u0130 ANLAR YA\\u015eADILAR. (FARUK \\u00c7\\u0130DEM\\\/BOLU-\\u0130HA)&quot;,&quot;created_timestamp&quot;:&quot;0&quot;,&quot;copyright&quot;:&quot;\\u0130HLAS HABER AJANSI, www.iha.com.tr&quot;,&quot;focal_length&quot;:&quot;0&quot;,&quot;iso&quot;:&quot;0&quot;,&quot;shutter_speed&quot;:&quot;0&quot;,&quot;title&quot;:&quot;BOLU\\u2019DA, YARIYIL TAT\\u0130L\\u0130NDE TUR\\u0130ZM MERKEZLER\\u0130NE 145 B\\u0130N TAT\\u0130LC\\u0130 GELD\\u0130&quot;,&quot;orientation&quot;:&quot;0&quot;}\" data-image-title=\"Bolu\u2019da, yar\u0131y\u0131l tatilinde turizm merkezlerine 145 bin tatilci geldi\" data-image-description=\"&lt;p&gt;Bolu\u2019da, yar\u0131y\u0131l tatilinde turizm merkezlerine 145 bin tatilci geldi&lt;\/p&gt; \" data-medium-file=\"https:\/\/i0.wp.com\/www.tvturk.com\/wp-content\/uploads\/2019\/02\/boluda-yariyil-tatilinde-turizm-merkezlerine-145-bin-tatilci-geldi_8505749.jpg?fit=300%2C200\" data-large-file=\"https:\/\/i0.wp.com\/www.tvturk.com\/wp-content\/uploads\/2019\/02\/boluda-yariyil-tatilinde-turizm-merkezlerine-145-bin-tatilci-geldi_8505749.jpg?fit=1000%2C666\" src=\"https:\/\/i0.wp.com\/www.tvturk.com\/wp-content\/uploads\/2019\/02\/boluda-yariyil-tatilinde-turizm-merkezlerine-145-bin-tatilci-geldi_8505749.jpg?w=330&#038;h=220\" srcset=\"https:\/\/i0.wp.com\/www.tvturk.com\/wp-content\/uploads\/2019\/02\/boluda-yariyil-tatilinde-turizm-merkezlerine-145-bin-tatilci-geldi_8505749.jpg?w=1000 1000w, https:\/\/i0.wp.com\/www.tvturk.com\/wp-content\/uploads\/2019\/02\/boluda-yariyil-tatilinde-turizm-merkezlerine-145-bin-tatilci-geldi_8505749.jpg?resize=150%2C100 150w, https:\/\/i0.wp.com\/www.tvturk.com\/wp-content\/uploads\/2019\/02\/boluda-yariyil-tatilinde-turizm-merkezlerine-145-bin-tatilci-geldi_8505749.jpg?resize=300%2C200 300w, https:\/\/i0.wp.com\/www.tvturk.com\/wp-content\/uploads\/2019\/02\/boluda-yariyil-tatilinde-turizm-merkezlerine-145-bin-tatilci-geldi_8505749.jpg?resize=768%2C511 768w, https:\/\/i0.wp.com\/www.tvturk.com\/wp-content\/uploads\/2019\/02\/boluda-yariyil-tatilinde-turizm-merkezlerine-145-bin-tatilci-geldi_8505749.jpg?resize=170%2C113 170w, https:\/\/i0.wp.com\/www.tvturk.com\/wp-content\/uploads\/2019\/02\/boluda-yariyil-tatilinde-turizm-merkezlerine-145-bin-tatilci-geldi_8505749.jpg?resize=120%2C80 120w\" width=\"330\" height=\"220\" loading=\"lazy\" data-original-width=\"330\" data-original-height=\"220\" itemprop=\"http:\/\/schema.org\/image\" title=\"Bolu\u2019da, yar\u0131y\u0131l tatilinde turizm merkezlerine 145 bin tatilci geldi\" alt=\"Bolu\u2019da, yar\u0131y\u0131l tatilinde turizm merkezlerine 145 bin tatilci geldi\" style=\"width: 330px; height: 220px;\" \/> <\/a> <\/div> <\/div> <!-- close group --> <div class=\"gallery-group images-2\" style=\"width: 166px; height: 224px;\" data-original-width=\"166\" data-original-height=\"224\" > <div class=\"tiled-gallery-item tiled-gallery-item-small\" itemprop=\"associatedMedia\" itemscope itemtype=\"http:\/\/schema.org\/ImageObject\"> <a href=\"http:\/\/www.tvturk.com\/index.php\/boluda-yariyil-tatilinde-turizm-merkezlerine-145-bin-tatilci-geldi\/boluda-yariyil-tatilinde-turizm-merkezlerine-145-bin-tatilci-geldi-4\/\" border=\"0\" itemprop=\"url\"> <meta itemprop=\"width\" content=\"162\"> <meta itemprop=\"height\" content=\"108\"> <img decoding=\"async\" class=\"\" data-attachment-id=\"8920\" data-orig-file=\"http:\/\/www.tvturk.com\/wp-content\/uploads\/2019\/02\/boluda-yariyil-tatilinde-turizm-merkezlerine-145-bin-tatilci-geldi_b15733f.jpg\" data-orig-size=\"1000,666\" data-comments-opened=\"\" data-image-meta=\"{&quot;aperture&quot;:&quot;0&quot;,&quot;credit&quot;:&quot;IHA&quot;,&quot;camera&quot;:&quot;&quot;,&quot;caption&quot;:&quot;BOLU\\u2019DA, YARIYIL TAT\\u0130L\\u0130N\\u0130 DE\\u011eERLEND\\u0130RMEK \\u0130STEYEN 145 B\\u0130N TAT\\u0130LC\\u0130, KARTALKAYA KAYAK MERKEZ\\u0130, YED\\u0130G\\u00d6LLER M\\u0130LL\\u0130 PARKI, ABANT, G\\u00d6LC\\u00dcK, S\\u00dcNNET G\\u00d6L\\u00dc VE S\\u00dcL\\u00dcKL\\u00dc G\\u00d6L TAB\\u0130AT PARKI\\u0027NDA KEY\\u0130FL\\u0130 ANLAR YA\\u015eADILAR. (FARUK \\u00c7\\u0130DEM\\\/BOLU-\\u0130HA)&quot;,&quot;created_timestamp&quot;:&quot;0&quot;,&quot;copyright&quot;:&quot;\\u0130HLAS HABER AJANSI, www.iha.com.tr&quot;,&quot;focal_length&quot;:&quot;0&quot;,&quot;iso&quot;:&quot;0&quot;,&quot;shutter_speed&quot;:&quot;0&quot;,&quot;title&quot;:&quot;BOLU\\u2019DA, YARIYIL TAT\\u0130L\\u0130NDE TUR\\u0130ZM MERKEZLER\\u0130NE 145 B\\u0130N TAT\\u0130LC\\u0130 GELD\\u0130&quot;,&quot;orientation&quot;:&quot;0&quot;}\" data-image-title=\"Bolu\u2019da, yar\u0131y\u0131l tatilinde turizm merkezlerine 145 bin tatilci geldi\" data-image-description=\"&lt;p&gt;Bolu\u2019da, yar\u0131y\u0131l tatilinde turizm merkezlerine 145 bin tatilci geldi&lt;\/p&gt; \" data-medium-file=\"https:\/\/i0.wp.com\/www.tvturk.com\/wp-content\/uploads\/2019\/02\/boluda-yariyil-tatilinde-turizm-merkezlerine-145-bin-tatilci-geldi_b15733f.jpg?fit=300%2C200\" data-large-file=\"https:\/\/i0.wp.com\/www.tvturk.com\/wp-content\/uploads\/2019\/02\/boluda-yariyil-tatilinde-turizm-merkezlerine-145-bin-tatilci-geldi_b15733f.jpg?fit=1000%2C666\" src=\"https:\/\/i0.wp.com\/www.tvturk.com\/wp-content\/uploads\/2019\/02\/boluda-yariyil-tatilinde-turizm-merkezlerine-145-bin-tatilci-geldi_b15733f.jpg?w=162&#038;h=108\" srcset=\"https:\/\/i0.wp.com\/www.tvturk.com\/wp-content\/uploads\/2019\/02\/boluda-yariyil-tatilinde-turizm-merkezlerine-145-bin-tatilci-geldi_b15733f.jpg?w=1000 1000w, https:\/\/i0.wp.com\/www.tvturk.com\/wp-content\/uploads\/2019\/02\/boluda-yariyil-tatilinde-turizm-merkezlerine-145-bin-tatilci-geldi_b15733f.jpg?resize=150%2C100 150w, https:\/\/i0.wp.com\/www.tvturk.com\/wp-content\/uploads\/2019\/02\/boluda-yariyil-tatilinde-turizm-merkezlerine-145-bin-tatilci-geldi_b15733f.jpg?resize=300%2C200 300w, https:\/\/i0.wp.com\/www.tvturk.com\/wp-content\/uploads\/2019\/02\/boluda-yariyil-tatilinde-turizm-merkezlerine-145-bin-tatilci-geldi_b15733f.jpg?resize=768%2C511 768w, https:\/\/i0.wp.com\/www.tvturk.com\/wp-content\/uploads\/2019\/02\/boluda-yariyil-tatilinde-turizm-merkezlerine-145-bin-tatilci-geldi_b15733f.jpg?resize=170%2C113 170w, https:\/\/i0.wp.com\/www.tvturk.com\/wp-content\/uploads\/2019\/02\/boluda-yariyil-tatilinde-turizm-merkezlerine-145-bin-tatilci-geldi_b15733f.jpg?resize=120%2C80 120w\" width=\"162\" height=\"108\" loading=\"lazy\" data-original-width=\"162\" data-original-height=\"108\" itemprop=\"http:\/\/schema.org\/image\" title=\"Bolu\u2019da, yar\u0131y\u0131l tatilinde turizm merkezlerine 145 bin tatilci geldi\" alt=\"Bolu\u2019da, yar\u0131y\u0131l tatilinde turizm merkezlerine 145 bin tatilci geldi\" style=\"width: 162px; height: 108px;\" \/> <\/a> <\/div> <div class=\"tiled-gallery-item tiled-gallery-item-small\" itemprop=\"associatedMedia\" itemscope itemtype=\"http:\/\/schema.org\/ImageObject\"> <a href=\"http:\/\/www.tvturk.com\/index.php\/boluda-yariyil-tatilinde-turizm-merkezlerine-145-bin-tatilci-geldi\/boluda-yariyil-tatilinde-turizm-merkezlerine-145-bin-tatilci-geldi-5\/\" border=\"0\" itemprop=\"url\"> <meta itemprop=\"width\" content=\"162\"> <meta itemprop=\"height\" content=\"108\"> <img decoding=\"async\" class=\"\" data-attachment-id=\"8921\" data-orig-file=\"http:\/\/www.tvturk.com\/wp-content\/uploads\/2019\/02\/boluda-yariyil-tatilinde-turizm-merkezlerine-145-bin-tatilci-geldi_c1b9512.jpg\" data-orig-size=\"1000,666\" data-comments-opened=\"\" data-image-meta=\"{&quot;aperture&quot;:&quot;0&quot;,&quot;credit&quot;:&quot;IHA&quot;,&quot;camera&quot;:&quot;&quot;,&quot;caption&quot;:&quot;BOLU\\u2019DA, YARIYIL TAT\\u0130L\\u0130N\\u0130 DE\\u011eERLEND\\u0130RMEK \\u0130STEYEN 145 B\\u0130N TAT\\u0130LC\\u0130, KARTALKAYA KAYAK MERKEZ\\u0130, YED\\u0130G\\u00d6LLER M\\u0130LL\\u0130 PARKI, ABANT, G\\u00d6LC\\u00dcK, S\\u00dcNNET G\\u00d6L\\u00dc VE S\\u00dcL\\u00dcKL\\u00dc G\\u00d6L TAB\\u0130AT PARKI\\u0027NDA KEY\\u0130FL\\u0130 ANLAR YA\\u015eADILAR. (FARUK \\u00c7\\u0130DEM\\\/BOLU-\\u0130HA)&quot;,&quot;created_timestamp&quot;:&quot;0&quot;,&quot;copyright&quot;:&quot;\\u0130HLAS HABER AJANSI, www.iha.com.tr&quot;,&quot;focal_length&quot;:&quot;0&quot;,&quot;iso&quot;:&quot;0&quot;,&quot;shutter_speed&quot;:&quot;0&quot;,&quot;title&quot;:&quot;BOLU\\u2019DA, YARIYIL TAT\\u0130L\\u0130NDE TUR\\u0130ZM MERKEZLER\\u0130NE 145 B\\u0130N TAT\\u0130LC\\u0130 GELD\\u0130&quot;,&quot;orientation&quot;:&quot;0&quot;}\" data-image-title=\"Bolu\u2019da, yar\u0131y\u0131l tatilinde turizm merkezlerine 145 bin tatilci geldi\" data-image-description=\"&lt;p&gt;Bolu\u2019da, yar\u0131y\u0131l tatilinde turizm merkezlerine 145 bin tatilci geldi&lt;\/p&gt; \" data-medium-file=\"https:\/\/i0.wp.com\/www.tvturk.com\/wp-content\/uploads\/2019\/02\/boluda-yariyil-tatilinde-turizm-merkezlerine-145-bin-tatilci-geldi_c1b9512.jpg?fit=300%2C200\" data-large-file=\"https:\/\/i0.wp.com\/www.tvturk.com\/wp-content\/uploads\/2019\/02\/boluda-yariyil-tatilinde-turizm-merkezlerine-145-bin-tatilci-geldi_c1b9512.jpg?fit=1000%2C666\" src=\"https:\/\/i0.wp.com\/www.tvturk.com\/wp-content\/uploads\/2019\/02\/boluda-yariyil-tatilinde-turizm-merkezlerine-145-bin-tatilci-geldi_c1b9512.jpg?w=162&#038;h=108\" srcset=\"https:\/\/i0.wp.com\/www.tvturk.com\/wp-content\/uploads\/2019\/02\/boluda-yariyil-tatilinde-turizm-merkezlerine-145-bin-tatilci-geldi_c1b9512.jpg?w=1000 1000w, https:\/\/i0.wp.com\/www.tvturk.com\/wp-content\/uploads\/2019\/02\/boluda-yariyil-tatilinde-turizm-merkezlerine-145-bin-tatilci-geldi_c1b9512.jpg?resize=150%2C100 150w, https:\/\/i0.wp.com\/www.tvturk.com\/wp-content\/uploads\/2019\/02\/boluda-yariyil-tatilinde-turizm-merkezlerine-145-bin-tatilci-geldi_c1b9512.jpg?resize=300%2C200 300w, https:\/\/i0.wp.com\/www.tvturk.com\/wp-content\/uploads\/2019\/02\/boluda-yariyil-tatilinde-turizm-merkezlerine-145-bin-tatilci-geldi_c1b9512.jpg?resize=768%2C511 768w, https:\/\/i0.wp.com\/www.tvturk.com\/wp-content\/uploads\/2019\/02\/boluda-yariyil-tatilinde-turizm-merkezlerine-145-bin-tatilci-geldi_c1b9512.jpg?resize=170%2C113 170w, https:\/\/i0.wp.com\/www.tvturk.com\/wp-content\/uploads\/2019\/02\/boluda-yariyil-tatilinde-turizm-merkezlerine-145-bin-tatilci-geldi_c1b9512.jpg?resize=120%2C80 120w\" width=\"162\" height=\"108\" loading=\"lazy\" data-original-width=\"162\" data-original-height=\"108\" itemprop=\"http:\/\/schema.org\/image\" title=\"Bolu\u2019da, yar\u0131y\u0131l tatilinde turizm merkezlerine 145 bin tatilci geldi\" alt=\"Bolu\u2019da, yar\u0131y\u0131l tatilinde turizm merkezlerine 145 bin tatilci geldi\" style=\"width: 162px; height: 108px;\" \/> <\/a> <\/div> <\/div> <!-- close group --> <\/div> <!-- close row --> <\/div><\/p>\n","protected":false},"excerpt":{"rendered":"<p>BOLU\u2019DA, YARIYIL TAT\u0130L\u0130N\u0130 DE\u011eERLEND\u0130RMEK \u0130STEYEN 145 B\u0130N TAT\u0130LC\u0130, KARTALKAYA KAYAK MERKEZ\u0130, YED\u0130G\u00d6LLER M\u0130LL\u0130 PARKI, ABANT, G\u00d6LC\u00dcK, S\u00dcNNET G\u00d6L\u00dc VE S\u00dcL\u00dcKL\u00dc G\u00d6L TAB\u0130AT PARKI&#8217;NDA KEY\u0130FL\u0130 ANLAR YA\u015eADILAR.<\/p>\n","protected":false},"author":1,"featured_media":8918,"comment_status":"closed","ping_status":"open","sticky":false,"template":"","format":"standard","meta":{"jetpack_post_was_ever_published":false,"_jetpack_newsletter_access":"","_jetpack_dont_email_post_to_subs":false,"_jetpack_newsletter_tier_id":0,"_jetpack_memberships_contains_paywalled_content":false,"_jetpack_memberships_contains_paid_content":false,"footnotes":"","jetpack_publicize_message":"","jetpack_publicize_feature_enabled":true,"jetpack_social_post_already_shared":false,"jetpack_social_options":{"image_generator_settings":{"template":"highway","default_image_id":0,"font":"","enabled":false},"version":2}},"categories":[655],"tags":[4757,213,2745,127,4756,4758,4755,2184,2209],"class_list":["post-8917","post","type-post","status-publish","format-standard","has-post-thumbnail","hentry","category-son-dakika","tag-4757","tag-bin","tag-boluda","tag-geldi","tag-merkezlerine","tag-tatilci","tag-tatilinde","tag-turizm","tag-yariyil"],"jetpack_publicize_connections":[],"jetpack_featured_media_url":"https:\/\/i0.wp.com\/www.tvturk.com\/wp-content\/uploads\/2019\/02\/boluda-yariyil-tatilinde-turizm-merkezlerine-145-bin-tatilci-geldi_8cce2e2.jpg?fit=1000%2C666","jetpack_sharing_enabled":true,"jetpack_shortlink":"https:\/\/wp.me\/paKIfm-2jP","_links":{"self":[{"href":"http:\/\/www.tvturk.com\/index.php\/wp-json\/wp\/v2\/posts\/8917","targetHints":{"allow":["GET"]}}],"collection":[{"href":"http:\/\/www.tvturk.com\/index.php\/wp-json\/wp\/v2\/posts"}],"about":[{"href":"http:\/\/www.tvturk.com\/index.php\/wp-json\/wp\/v2\/types\/post"}],"author":[{"embeddable":true,"href":"http:\/\/www.tvturk.com\/index.php\/wp-json\/wp\/v2\/users\/1"}],"replies":[{"embeddable":true,"href":"http:\/\/www.tvturk.com\/index.php\/wp-json\/wp\/v2\/comments?post=8917"}],"version-history":[{"count":1,"href":"http:\/\/www.tvturk.com\/index.php\/wp-json\/wp\/v2\/posts\/8917\/revisions"}],"predecessor-version":[{"id":8922,"href":"http:\/\/www.tvturk.com\/index.php\/wp-json\/wp\/v2\/posts\/8917\/revisions\/8922"}],"wp:featuredmedia":[{"embeddable":true,"href":"http:\/\/www.tvturk.com\/index.php\/wp-json\/wp\/v2\/media\/8918"}],"wp:attachment":[{"href":"http:\/\/www.tvturk.com\/index.php\/wp-json\/wp\/v2\/media?parent=8917"}],"wp:term":[{"taxonomy":"category","embeddable":true,"href":"http:\/\/www.tvturk.com\/index.php\/wp-json\/wp\/v2\/categories?post=8917"},{"taxonomy":"post_tag","embeddable":true,"href":"http:\/\/www.tvturk.com\/index.php\/wp-json\/wp\/v2\/tags?post=8917"}],"curies":[{"name":"wp","href":"https:\/\/api.w.org\/{rel}","templated":true}]}}