{"id":89187,"date":"2019-03-13T14:35:04","date_gmt":"2019-03-13T11:35:04","guid":{"rendered":"http:\/\/www.tvturk.com\/index.php\/halicte-yelkenli-alabora-oldu-yat-kulubu-ogrenciler-kurtarildi\/"},"modified":"2019-03-13T14:35:08","modified_gmt":"2019-03-13T11:35:08","slug":"halicte-yelkenli-alabora-oldu-yat-kulubu-ogrenciler-kurtarildi","status":"publish","type":"post","link":"http:\/\/www.tvturk.com\/index.php\/halicte-yelkenli-alabora-oldu-yat-kulubu-ogrenciler-kurtarildi\/","title":{"rendered":"Hali\u00e7\u2019te yelkenli alabora oldu, yat kul\u00fcb\u00fc \u00f6\u011frenciler kurtar\u0131ld\u0131"},"content":{"rendered":"<p>Hali\u00e7\u2019te yat kul\u00fcb\u00fc \u00f6\u011frencilerinin kulland\u0131\u011f\u0131 yelkenli alabora oldu. Yelkenlide bulunan iki \u00f6\u011frenci kurtar\u0131ld\u0131.<\/p>\n<p>Edinilen bilgilere g\u00f6re olay Hali\u00e7\u2019te \u00f6\u011fle saatlerinde meydana geldi. Yat kul\u00fcb\u00fc \u00f6\u011frencilerinin e\u011fitim i\u00e7in kulland\u0131\u011f\u0131 yelkenli, denizde alabora oldu. Olay\u0131 g\u00f6ren \u00e7evredeki vatanda\u015flar, durumu polise bildirdi. Deniz polisi olay yerine gelerek yelkenlide bulunan iki \u00f6\u011frenciyi kurtard\u0131. Ekiplerin olay yerindeki \u00e7al\u0131\u015fmalar\u0131 s\u00fcr\u00fcyor.<div class=\"tiled-gallery type-rectangular tiled-gallery-unresized\" data-original-width=\"500\" data-carousel-extra='null' itemscope itemtype=\"http:\/\/schema.org\/ImageGallery\" > <div class=\"gallery-row\" style=\"width: 500px; height: 223px;\" data-original-width=\"500\" data-original-height=\"223\" > <div class=\"gallery-group images-1\" style=\"width: 330px; height: 223px;\" data-original-width=\"330\" data-original-height=\"223\" > <div class=\"tiled-gallery-item tiled-gallery-item-large\" itemprop=\"associatedMedia\" itemscope itemtype=\"http:\/\/schema.org\/ImageObject\"> <a href=\"http:\/\/www.tvturk.com\/index.php\/halicte-yelkenli-alabora-oldu-yat-kulubu-ogrenciler-kurtarildi\/halicte-yelkenli-alabora-oldu-yat-kulubu-ogrenciler-kurtarildi-3\/\" border=\"0\" itemprop=\"url\"> <meta itemprop=\"width\" content=\"326\"> <meta itemprop=\"height\" content=\"219\"> <img decoding=\"async\" class=\"\" data-attachment-id=\"89189\" data-orig-file=\"http:\/\/www.tvturk.com\/wp-content\/uploads\/2019\/03\/halicte-yelkenli-alabora-oldu-yat-kulubu-ogrenciler-kurtarildi_0be9b8d.jpg\" data-orig-size=\"1000,671\" data-comments-opened=\"\" data-image-meta=\"{&quot;aperture&quot;:&quot;0&quot;,&quot;credit&quot;:&quot;IHA&quot;,&quot;camera&quot;:&quot;&quot;,&quot;caption&quot;:&quot;HAL\\u0130\\u00c7\\u0027TE YAT KUL\\u00dcB\\u00dc \\u00d6\\u011eRENC\\u0130LER\\u0130N\\u0130N KULLANDI\\u011eI YELKENL\\u0130 ALABORA OLDU. YELKENL\\u0130DE BULUNAN \\u0130K\\u0130 \\u00d6\\u011eRENC\\u0130 KURTARILDI. (EMRAH KU\\u015e - O\\u011eUZCAN YAZAR\\\/\\u0130STANBUL-\\u0130HA)&quot;,&quot;created_timestamp&quot;:&quot;0&quot;,&quot;copyright&quot;:&quot;\\u0130HLAS HABER AJANSI, www.iha.com.tr&quot;,&quot;focal_length&quot;:&quot;0&quot;,&quot;iso&quot;:&quot;0&quot;,&quot;shutter_speed&quot;:&quot;0&quot;,&quot;title&quot;:&quot;HAL\\u0130\\u00c7\\u0027TE YELKENL\\u0130 ALABORA OLDU, YAT KUL\\u00dcB\\u00dc \\u00d6\\u011eRENC\\u0130LER KURTARILDI&quot;,&quot;orientation&quot;:&quot;0&quot;}\" data-image-title=\"Hali\u00e7\u2019te yelkenli alabora oldu, yat kul\u00fcb\u00fc \u00f6\u011frenciler kurtar\u0131ld\u0131\" data-image-description=\"&lt;p&gt;Hali\u00e7\u2019te yelkenli alabora oldu, yat kul\u00fcb\u00fc \u00f6\u011frenciler kurtar\u0131ld\u0131&lt;\/p&gt; \" data-medium-file=\"https:\/\/i0.wp.com\/www.tvturk.com\/wp-content\/uploads\/2019\/03\/halicte-yelkenli-alabora-oldu-yat-kulubu-ogrenciler-kurtarildi_0be9b8d.jpg?fit=300%2C201\" data-large-file=\"https:\/\/i0.wp.com\/www.tvturk.com\/wp-content\/uploads\/2019\/03\/halicte-yelkenli-alabora-oldu-yat-kulubu-ogrenciler-kurtarildi_0be9b8d.jpg?fit=1000%2C671\" src=\"https:\/\/i0.wp.com\/www.tvturk.com\/wp-content\/uploads\/2019\/03\/halicte-yelkenli-alabora-oldu-yat-kulubu-ogrenciler-kurtarildi_0be9b8d.jpg?w=326&#038;h=219\" srcset=\"https:\/\/i0.wp.com\/www.tvturk.com\/wp-content\/uploads\/2019\/03\/halicte-yelkenli-alabora-oldu-yat-kulubu-ogrenciler-kurtarildi_0be9b8d.jpg?w=1000 1000w, https:\/\/i0.wp.com\/www.tvturk.com\/wp-content\/uploads\/2019\/03\/halicte-yelkenli-alabora-oldu-yat-kulubu-ogrenciler-kurtarildi_0be9b8d.jpg?resize=150%2C101 150w, https:\/\/i0.wp.com\/www.tvturk.com\/wp-content\/uploads\/2019\/03\/halicte-yelkenli-alabora-oldu-yat-kulubu-ogrenciler-kurtarildi_0be9b8d.jpg?resize=300%2C201 300w, https:\/\/i0.wp.com\/www.tvturk.com\/wp-content\/uploads\/2019\/03\/halicte-yelkenli-alabora-oldu-yat-kulubu-ogrenciler-kurtarildi_0be9b8d.jpg?resize=768%2C515 768w, https:\/\/i0.wp.com\/www.tvturk.com\/wp-content\/uploads\/2019\/03\/halicte-yelkenli-alabora-oldu-yat-kulubu-ogrenciler-kurtarildi_0be9b8d.jpg?resize=170%2C113 170w, https:\/\/i0.wp.com\/www.tvturk.com\/wp-content\/uploads\/2019\/03\/halicte-yelkenli-alabora-oldu-yat-kulubu-ogrenciler-kurtarildi_0be9b8d.jpg?resize=120%2C80 120w, https:\/\/i0.wp.com\/www.tvturk.com\/wp-content\/uploads\/2019\/03\/halicte-yelkenli-alabora-oldu-yat-kulubu-ogrenciler-kurtarildi_0be9b8d.jpg?resize=80%2C55 80w\" width=\"326\" height=\"219\" loading=\"lazy\" data-original-width=\"326\" data-original-height=\"219\" itemprop=\"http:\/\/schema.org\/image\" title=\"Hali\u00e7\u2019te yelkenli alabora oldu, yat kul\u00fcb\u00fc \u00f6\u011frenciler kurtar\u0131ld\u0131\" alt=\"Hali\u00e7\u2019te yelkenli alabora oldu, yat kul\u00fcb\u00fc \u00f6\u011frenciler kurtar\u0131ld\u0131\" style=\"width: 326px; height: 219px;\" \/> <\/a> <\/div> <\/div> <!-- close group --> <div class=\"gallery-group images-2\" style=\"width: 170px; height: 223px;\" data-original-width=\"170\" data-original-height=\"223\" > <div class=\"tiled-gallery-item tiled-gallery-item-small\" itemprop=\"associatedMedia\" itemscope itemtype=\"http:\/\/schema.org\/ImageObject\"> <a href=\"http:\/\/www.tvturk.com\/index.php\/halicte-yelkenli-alabora-oldu-yat-kulubu-ogrenciler-kurtarildi\/halicte-yelkenli-alabora-oldu-yat-kulubu-ogrenciler-kurtarildi-4\/\" border=\"0\" itemprop=\"url\"> <meta itemprop=\"width\" content=\"166\"> <meta itemprop=\"height\" content=\"103\"> <img decoding=\"async\" class=\"\" data-attachment-id=\"89190\" data-orig-file=\"http:\/\/www.tvturk.com\/wp-content\/uploads\/2019\/03\/halicte-yelkenli-alabora-oldu-yat-kulubu-ogrenciler-kurtarildi_893f80d.jpg\" data-orig-size=\"1000,625\" data-comments-opened=\"\" data-image-meta=\"{&quot;aperture&quot;:&quot;0&quot;,&quot;credit&quot;:&quot;IHA&quot;,&quot;camera&quot;:&quot;&quot;,&quot;caption&quot;:&quot;HAL\\u0130\\u00c7\\u0027TE YAT KUL\\u00dcB\\u00dc \\u00d6\\u011eRENC\\u0130LER\\u0130N\\u0130N KULLANDI\\u011eI YELKENL\\u0130 ALABORA OLDU. YELKENL\\u0130DE BULUNAN \\u0130K\\u0130 \\u00d6\\u011eRENC\\u0130 KURTARILDI. (EMRAH KU\\u015e - O\\u011eUZCAN YAZAR\\\/\\u0130STANBUL-\\u0130HA)&quot;,&quot;created_timestamp&quot;:&quot;0&quot;,&quot;copyright&quot;:&quot;\\u0130HLAS HABER AJANSI, www.iha.com.tr&quot;,&quot;focal_length&quot;:&quot;0&quot;,&quot;iso&quot;:&quot;0&quot;,&quot;shutter_speed&quot;:&quot;0&quot;,&quot;title&quot;:&quot;HAL\\u0130\\u00c7\\u0027TE YELKENL\\u0130 ALABORA OLDU, YAT KUL\\u00dcB\\u00dc \\u00d6\\u011eRENC\\u0130LER KURTARILDI&quot;,&quot;orientation&quot;:&quot;0&quot;}\" data-image-title=\"Hali\u00e7\u2019te yelkenli alabora oldu, yat kul\u00fcb\u00fc \u00f6\u011frenciler kurtar\u0131ld\u0131\" data-image-description=\"&lt;p&gt;Hali\u00e7\u2019te yelkenli alabora oldu, yat kul\u00fcb\u00fc \u00f6\u011frenciler kurtar\u0131ld\u0131&lt;\/p&gt; \" data-medium-file=\"https:\/\/i0.wp.com\/www.tvturk.com\/wp-content\/uploads\/2019\/03\/halicte-yelkenli-alabora-oldu-yat-kulubu-ogrenciler-kurtarildi_893f80d.jpg?fit=300%2C188\" data-large-file=\"https:\/\/i0.wp.com\/www.tvturk.com\/wp-content\/uploads\/2019\/03\/halicte-yelkenli-alabora-oldu-yat-kulubu-ogrenciler-kurtarildi_893f80d.jpg?fit=1000%2C625\" src=\"https:\/\/i0.wp.com\/www.tvturk.com\/wp-content\/uploads\/2019\/03\/halicte-yelkenli-alabora-oldu-yat-kulubu-ogrenciler-kurtarildi_893f80d.jpg?w=166&#038;h=103\" srcset=\"https:\/\/i0.wp.com\/www.tvturk.com\/wp-content\/uploads\/2019\/03\/halicte-yelkenli-alabora-oldu-yat-kulubu-ogrenciler-kurtarildi_893f80d.jpg?w=1000 1000w, https:\/\/i0.wp.com\/www.tvturk.com\/wp-content\/uploads\/2019\/03\/halicte-yelkenli-alabora-oldu-yat-kulubu-ogrenciler-kurtarildi_893f80d.jpg?resize=150%2C94 150w, https:\/\/i0.wp.com\/www.tvturk.com\/wp-content\/uploads\/2019\/03\/halicte-yelkenli-alabora-oldu-yat-kulubu-ogrenciler-kurtarildi_893f80d.jpg?resize=300%2C188 300w, https:\/\/i0.wp.com\/www.tvturk.com\/wp-content\/uploads\/2019\/03\/halicte-yelkenli-alabora-oldu-yat-kulubu-ogrenciler-kurtarildi_893f80d.jpg?resize=768%2C480 768w, https:\/\/i0.wp.com\/www.tvturk.com\/wp-content\/uploads\/2019\/03\/halicte-yelkenli-alabora-oldu-yat-kulubu-ogrenciler-kurtarildi_893f80d.jpg?resize=243%2C150 243w\" width=\"166\" height=\"103\" loading=\"lazy\" data-original-width=\"166\" data-original-height=\"103\" itemprop=\"http:\/\/schema.org\/image\" title=\"Hali\u00e7\u2019te yelkenli alabora oldu, yat kul\u00fcb\u00fc \u00f6\u011frenciler kurtar\u0131ld\u0131\" alt=\"Hali\u00e7\u2019te yelkenli alabora oldu, yat kul\u00fcb\u00fc \u00f6\u011frenciler kurtar\u0131ld\u0131\" style=\"width: 166px; height: 103px;\" \/> <\/a> <\/div> <div class=\"tiled-gallery-item tiled-gallery-item-small\" itemprop=\"associatedMedia\" itemscope itemtype=\"http:\/\/schema.org\/ImageObject\"> <a href=\"http:\/\/www.tvturk.com\/index.php\/halicte-yelkenli-alabora-oldu-yat-kulubu-ogrenciler-kurtarildi\/halicte-yelkenli-alabora-oldu-yat-kulubu-ogrenciler-kurtarildi-5\/\" border=\"0\" itemprop=\"url\"> <meta itemprop=\"width\" content=\"166\"> <meta itemprop=\"height\" content=\"112\"> <img decoding=\"async\" class=\"\" data-attachment-id=\"89191\" data-orig-file=\"http:\/\/www.tvturk.com\/wp-content\/uploads\/2019\/03\/halicte-yelkenli-alabora-oldu-yat-kulubu-ogrenciler-kurtarildi_8faec74.jpg\" data-orig-size=\"1000,674\" data-comments-opened=\"\" data-image-meta=\"{&quot;aperture&quot;:&quot;0&quot;,&quot;credit&quot;:&quot;IHA&quot;,&quot;camera&quot;:&quot;&quot;,&quot;caption&quot;:&quot;HAL\\u0130\\u00c7\\u0027TE YAT KUL\\u00dcB\\u00dc \\u00d6\\u011eRENC\\u0130LER\\u0130N\\u0130N KULLANDI\\u011eI YELKENL\\u0130 ALABORA OLDU. YELKENL\\u0130DE BULUNAN \\u0130K\\u0130 \\u00d6\\u011eRENC\\u0130 KURTARILDI. (EMRAH KU\\u015e - O\\u011eUZCAN YAZAR\\\/\\u0130STANBUL-\\u0130HA)&quot;,&quot;created_timestamp&quot;:&quot;0&quot;,&quot;copyright&quot;:&quot;\\u0130HLAS HABER AJANSI, www.iha.com.tr&quot;,&quot;focal_length&quot;:&quot;0&quot;,&quot;iso&quot;:&quot;0&quot;,&quot;shutter_speed&quot;:&quot;0&quot;,&quot;title&quot;:&quot;HAL\\u0130\\u00c7\\u0027TE YELKENL\\u0130 ALABORA OLDU, YAT KUL\\u00dcB\\u00dc \\u00d6\\u011eRENC\\u0130LER KURTARILDI&quot;,&quot;orientation&quot;:&quot;0&quot;}\" data-image-title=\"Hali\u00e7\u2019te yelkenli alabora oldu, yat kul\u00fcb\u00fc \u00f6\u011frenciler kurtar\u0131ld\u0131\" data-image-description=\"&lt;p&gt;Hali\u00e7\u2019te yelkenli alabora oldu, yat kul\u00fcb\u00fc \u00f6\u011frenciler kurtar\u0131ld\u0131&lt;\/p&gt; \" data-medium-file=\"https:\/\/i0.wp.com\/www.tvturk.com\/wp-content\/uploads\/2019\/03\/halicte-yelkenli-alabora-oldu-yat-kulubu-ogrenciler-kurtarildi_8faec74.jpg?fit=300%2C202\" data-large-file=\"https:\/\/i0.wp.com\/www.tvturk.com\/wp-content\/uploads\/2019\/03\/halicte-yelkenli-alabora-oldu-yat-kulubu-ogrenciler-kurtarildi_8faec74.jpg?fit=1000%2C674\" src=\"https:\/\/i0.wp.com\/www.tvturk.com\/wp-content\/uploads\/2019\/03\/halicte-yelkenli-alabora-oldu-yat-kulubu-ogrenciler-kurtarildi_8faec74.jpg?w=166&#038;h=112\" srcset=\"https:\/\/i0.wp.com\/www.tvturk.com\/wp-content\/uploads\/2019\/03\/halicte-yelkenli-alabora-oldu-yat-kulubu-ogrenciler-kurtarildi_8faec74.jpg?w=1000 1000w, https:\/\/i0.wp.com\/www.tvturk.com\/wp-content\/uploads\/2019\/03\/halicte-yelkenli-alabora-oldu-yat-kulubu-ogrenciler-kurtarildi_8faec74.jpg?resize=150%2C101 150w, https:\/\/i0.wp.com\/www.tvturk.com\/wp-content\/uploads\/2019\/03\/halicte-yelkenli-alabora-oldu-yat-kulubu-ogrenciler-kurtarildi_8faec74.jpg?resize=300%2C200 300w, https:\/\/i0.wp.com\/www.tvturk.com\/wp-content\/uploads\/2019\/03\/halicte-yelkenli-alabora-oldu-yat-kulubu-ogrenciler-kurtarildi_8faec74.jpg?resize=768%2C518 768w, https:\/\/i0.wp.com\/www.tvturk.com\/wp-content\/uploads\/2019\/03\/halicte-yelkenli-alabora-oldu-yat-kulubu-ogrenciler-kurtarildi_8faec74.jpg?resize=120%2C80 120w, https:\/\/i0.wp.com\/www.tvturk.com\/wp-content\/uploads\/2019\/03\/halicte-yelkenli-alabora-oldu-yat-kulubu-ogrenciler-kurtarildi_8faec74.jpg?resize=80%2C55 80w\" width=\"166\" height=\"112\" loading=\"lazy\" data-original-width=\"166\" data-original-height=\"112\" itemprop=\"http:\/\/schema.org\/image\" title=\"Hali\u00e7\u2019te yelkenli alabora oldu, yat kul\u00fcb\u00fc \u00f6\u011frenciler kurtar\u0131ld\u0131\" alt=\"Hali\u00e7\u2019te yelkenli alabora oldu, yat kul\u00fcb\u00fc \u00f6\u011frenciler kurtar\u0131ld\u0131\" style=\"width: 166px; height: 112px;\" \/> <\/a> <\/div> <\/div> <!-- close group --> <\/div> <!-- close row --> <\/div><\/p>\n","protected":false},"excerpt":{"rendered":"<p>HAL\u0130\u00c7&#8217;TE YAT KUL\u00dcB\u00dc \u00d6\u011eRENC\u0130LER\u0130N\u0130N KULLANDI\u011eI YELKENL\u0130 ALABORA OLDU. YELKENL\u0130DE BULUNAN \u0130K\u0130 \u00d6\u011eRENC\u0130 KURTARILDI.<\/p>\n","protected":false},"author":1,"featured_media":89188,"comment_status":"closed","ping_status":"open","sticky":false,"template":"","format":"standard","meta":{"jetpack_post_was_ever_published":false,"_jetpack_newsletter_access":"","_jetpack_dont_email_post_to_subs":false,"_jetpack_newsletter_tier_id":0,"_jetpack_memberships_contains_paywalled_content":false,"_jetpack_memberships_contains_paid_content":false,"footnotes":"","jetpack_publicize_message":"","jetpack_publicize_feature_enabled":true,"jetpack_social_post_already_shared":true,"jetpack_social_options":{"image_generator_settings":{"template":"highway","default_image_id":0,"font":"","enabled":false},"version":2}},"categories":[655],"tags":[13387,24092,4029,766,1293,77,17202,24102],"class_list":["post-89187","post","type-post","status-publish","format-standard","has-post-thumbnail","hentry","category-son-dakika","tag-alabora","tag-halicte","tag-kulubu","tag-kurtarildi","tag-ogrenciler","tag-oldu","tag-yat","tag-yelkenli"],"jetpack_publicize_connections":[],"jetpack_featured_media_url":"https:\/\/i0.wp.com\/www.tvturk.com\/wp-content\/uploads\/2019\/03\/halicte-yelkenli-alabora-oldu-yat-kulubu-ogrenciler-kurtarildi_f8b51c7.jpg?fit=1000%2C654","jetpack_sharing_enabled":true,"jetpack_shortlink":"https:\/\/wp.me\/paKIfm-ncv","_links":{"self":[{"href":"http:\/\/www.tvturk.com\/index.php\/wp-json\/wp\/v2\/posts\/89187","targetHints":{"allow":["GET"]}}],"collection":[{"href":"http:\/\/www.tvturk.com\/index.php\/wp-json\/wp\/v2\/posts"}],"about":[{"href":"http:\/\/www.tvturk.com\/index.php\/wp-json\/wp\/v2\/types\/post"}],"author":[{"embeddable":true,"href":"http:\/\/www.tvturk.com\/index.php\/wp-json\/wp\/v2\/users\/1"}],"replies":[{"embeddable":true,"href":"http:\/\/www.tvturk.com\/index.php\/wp-json\/wp\/v2\/comments?post=89187"}],"version-history":[{"count":1,"href":"http:\/\/www.tvturk.com\/index.php\/wp-json\/wp\/v2\/posts\/89187\/revisions"}],"predecessor-version":[{"id":89192,"href":"http:\/\/www.tvturk.com\/index.php\/wp-json\/wp\/v2\/posts\/89187\/revisions\/89192"}],"wp:featuredmedia":[{"embeddable":true,"href":"http:\/\/www.tvturk.com\/index.php\/wp-json\/wp\/v2\/media\/89188"}],"wp:attachment":[{"href":"http:\/\/www.tvturk.com\/index.php\/wp-json\/wp\/v2\/media?parent=89187"}],"wp:term":[{"taxonomy":"category","embeddable":true,"href":"http:\/\/www.tvturk.com\/index.php\/wp-json\/wp\/v2\/categories?post=89187"},{"taxonomy":"post_tag","embeddable":true,"href":"http:\/\/www.tvturk.com\/index.php\/wp-json\/wp\/v2\/tags?post=89187"}],"curies":[{"name":"wp","href":"https:\/\/api.w.org\/{rel}","templated":true}]}}