{"id":89776,"date":"2019-03-13T18:21:04","date_gmt":"2019-03-13T15:21:04","guid":{"rendered":"http:\/\/www.tvturk.com\/index.php\/catida-mahsur-kalan-guvercini-itfaiye-kurtardi\/"},"modified":"2019-03-13T18:21:06","modified_gmt":"2019-03-13T15:21:06","slug":"catida-mahsur-kalan-guvercini-itfaiye-kurtardi","status":"publish","type":"post","link":"http:\/\/www.tvturk.com\/index.php\/catida-mahsur-kalan-guvercini-itfaiye-kurtardi\/","title":{"rendered":"\u00c7at\u0131da mahsur kalan g\u00fcvercini itfaiye kurtard\u0131"},"content":{"rendered":"<p>Bursa\u2019n\u0131n \u0130neg\u00f6l il\u00e7esinde aya\u011f\u0131na tel dolanan g\u00fcvercini itfaiye kurtard\u0131.<\/p>\n<p>Cuma Mahallesi \u0130brahim Efendi \u00c7\u0131kmaz\u0131\u2019nda bir evin \u00e7at\u0131 kat\u0131ndan \u00e7\u0131karken aya\u011f\u0131na demir tel dolanan g\u00fcvercin, \u00e7\u0131rp\u0131nmaya ba\u015flad\u0131. Bir g\u00fcn boyunca \u00e7\u0131rp\u0131narak kurtar\u0131lmay\u0131 bekleyen g\u00fcvercini yoldan ge\u00e7en Kadir Arslan isimli vatanda\u015f fark ederek itfaiye ekiplerine bildirdi. Olay yerine ilk b\u00fcy\u00fck ara\u00e7la gelen itfaiye ekipleri, \u0130brahim Efendi \u00c7\u0131kmaz\u0131\u2019n\u0131n dar olmas\u0131ndan dolay\u0131 arac\u0131 Kas\u0131m Efendi Caddesi\u2019ne b\u0131rakt\u0131. Ara\u00e7tan merdiven alan ekipleri kurtarma operasyonuna yapt\u0131. G\u00fcvercin itfaiye eri taraf\u0131ndan kurtar\u0131ld\u0131.<\/p>\n<p>Kadir Arslan, \u201cBuras\u0131 karde\u015fimin evi. Hayvan\u0131n aya\u011f\u0131na galiba ip dola\u015fm\u0131\u015f. \u0130tfaiye ekiplerini arad\u0131k. \u00d6nce b\u00fcy\u00fck ara\u00e7la geldiler, ama ara\u00e7 buraya giermedi. Sonra sa\u011folsunlar merdivenle \u00e7\u0131k\u0131p ku\u015fu kurtard\u0131lar. Hayvan ak\u015famdan beri mahsur kalm\u0131\u015f\u201d dedi.<div class=\"tiled-gallery type-rectangular tiled-gallery-unresized\" data-original-width=\"500\" data-carousel-extra='null' itemscope itemtype=\"http:\/\/schema.org\/ImageGallery\" > <div class=\"gallery-row\" style=\"width: 500px; height: 142px;\" data-original-width=\"500\" data-original-height=\"142\" > <div class=\"gallery-group images-1\" style=\"width: 250px; height: 142px;\" data-original-width=\"250\" data-original-height=\"142\" > <div class=\"tiled-gallery-item tiled-gallery-item-small\" itemprop=\"associatedMedia\" itemscope itemtype=\"http:\/\/schema.org\/ImageObject\"> <a href=\"http:\/\/www.tvturk.com\/index.php\/catida-mahsur-kalan-guvercini-itfaiye-kurtardi\/catida-mahsur-kalan-guvercini-itfaiye-kurtardi-3\/\" border=\"0\" itemprop=\"url\"> <meta itemprop=\"width\" content=\"246\"> <meta itemprop=\"height\" content=\"138\"> <img decoding=\"async\" class=\"\" data-attachment-id=\"89778\" data-orig-file=\"http:\/\/www.tvturk.com\/wp-content\/uploads\/2019\/03\/catida-mahsur-kalan-guvercini-itfaiye-kurtardi_d07f20b.jpg\" data-orig-size=\"1000,562\" data-comments-opened=\"\" data-image-meta=\"{&quot;aperture&quot;:&quot;0&quot;,&quot;credit&quot;:&quot;IHA&quot;,&quot;camera&quot;:&quot;&quot;,&quot;caption&quot;:&quot;BURSA\\u0027NIN \\u0130NEG\\u00d6L \\u0130L\\u00c7ES\\u0130NE BA\\u011eLI CUMA MAHALLES\\u0130 \\u0130BRAH\\u0130M EFEND\\u0130 \\u00c7IKMAZI\\u2019NDA MEYDANA GELEN OLAYDA, AYA\\u011eINA TEL TAKILAN G\\u00dcVERC\\u0130N, B\\u0130R G\\u00dcN BOYUNCA KURTARILMAYI BEKLED\\u0130. DUYARLI B\\u0130R VATANDA\\u015eIN \\u0130HBARI \\u00dcZER\\u0130NE \\u0130TFA\\u0130YE EK\\u0130PLER\\u0130 OLAY YER\\u0130NE GELEREK G\\u00dcVERC\\u0130N\\u0130 TAKILDI\\u011eI YERDEN KURTARDI. (SEYFETT\\u0130N ARAS\\\/BURSA-\\u0130HA)&quot;,&quot;created_timestamp&quot;:&quot;0&quot;,&quot;copyright&quot;:&quot;\\u0130HLAS HABER AJANSI, www.iha.com.tr&quot;,&quot;focal_length&quot;:&quot;0&quot;,&quot;iso&quot;:&quot;0&quot;,&quot;shutter_speed&quot;:&quot;0&quot;,&quot;title&quot;:&quot;\\u00c7ATIDA MAHSUR KALAN G\\u00dcVERC\\u0130N\\u0130 \\u0130TFA\\u0130YE KURTARDI&quot;,&quot;orientation&quot;:&quot;0&quot;}\" data-image-title=\"\u00c7at\u0131da mahsur kalan g\u00fcvercini itfaiye kurtard\u0131\" data-image-description=\"&lt;p&gt;\u00c7at\u0131da mahsur kalan g\u00fcvercini itfaiye kurtard\u0131&lt;\/p&gt; \" data-medium-file=\"https:\/\/i0.wp.com\/www.tvturk.com\/wp-content\/uploads\/2019\/03\/catida-mahsur-kalan-guvercini-itfaiye-kurtardi_d07f20b.jpg?fit=300%2C169\" data-large-file=\"https:\/\/i0.wp.com\/www.tvturk.com\/wp-content\/uploads\/2019\/03\/catida-mahsur-kalan-guvercini-itfaiye-kurtardi_d07f20b.jpg?fit=1000%2C562\" src=\"https:\/\/i0.wp.com\/www.tvturk.com\/wp-content\/uploads\/2019\/03\/catida-mahsur-kalan-guvercini-itfaiye-kurtardi_d07f20b.jpg?w=246&#038;h=138\" srcset=\"https:\/\/i0.wp.com\/www.tvturk.com\/wp-content\/uploads\/2019\/03\/catida-mahsur-kalan-guvercini-itfaiye-kurtardi_d07f20b.jpg?w=1000 1000w, https:\/\/i0.wp.com\/www.tvturk.com\/wp-content\/uploads\/2019\/03\/catida-mahsur-kalan-guvercini-itfaiye-kurtardi_d07f20b.jpg?resize=150%2C84 150w, https:\/\/i0.wp.com\/www.tvturk.com\/wp-content\/uploads\/2019\/03\/catida-mahsur-kalan-guvercini-itfaiye-kurtardi_d07f20b.jpg?resize=300%2C169 300w, https:\/\/i0.wp.com\/www.tvturk.com\/wp-content\/uploads\/2019\/03\/catida-mahsur-kalan-guvercini-itfaiye-kurtardi_d07f20b.jpg?resize=768%2C432 768w, https:\/\/i0.wp.com\/www.tvturk.com\/wp-content\/uploads\/2019\/03\/catida-mahsur-kalan-guvercini-itfaiye-kurtardi_d07f20b.jpg?resize=200%2C113 200w\" width=\"246\" height=\"138\" loading=\"lazy\" data-original-width=\"246\" data-original-height=\"138\" itemprop=\"http:\/\/schema.org\/image\" title=\"\u00c7at\u0131da mahsur kalan g\u00fcvercini itfaiye kurtard\u0131\" alt=\"\u00c7at\u0131da mahsur kalan g\u00fcvercini itfaiye kurtard\u0131\" style=\"width: 246px; height: 138px;\" \/> <\/a> <\/div> <\/div> <!-- close group --> <div class=\"gallery-group images-1\" style=\"width: 250px; height: 142px;\" data-original-width=\"250\" data-original-height=\"142\" > <div class=\"tiled-gallery-item tiled-gallery-item-small\" itemprop=\"associatedMedia\" itemscope itemtype=\"http:\/\/schema.org\/ImageObject\"> <a href=\"http:\/\/www.tvturk.com\/index.php\/catida-mahsur-kalan-guvercini-itfaiye-kurtardi\/catida-mahsur-kalan-guvercini-itfaiye-kurtardi-4\/\" border=\"0\" itemprop=\"url\"> <meta itemprop=\"width\" content=\"246\"> <meta itemprop=\"height\" content=\"138\"> <img decoding=\"async\" class=\"\" data-attachment-id=\"89779\" data-orig-file=\"http:\/\/www.tvturk.com\/wp-content\/uploads\/2019\/03\/catida-mahsur-kalan-guvercini-itfaiye-kurtardi_a7ab84f.jpg\" data-orig-size=\"1000,562\" data-comments-opened=\"\" data-image-meta=\"{&quot;aperture&quot;:&quot;0&quot;,&quot;credit&quot;:&quot;IHA&quot;,&quot;camera&quot;:&quot;&quot;,&quot;caption&quot;:&quot;BURSA\\u0027NIN \\u0130NEG\\u00d6L \\u0130L\\u00c7ES\\u0130NE BA\\u011eLI CUMA MAHALLES\\u0130 \\u0130BRAH\\u0130M EFEND\\u0130 \\u00c7IKMAZI\\u2019NDA MEYDANA GELEN OLAYDA, AYA\\u011eINA TEL TAKILAN G\\u00dcVERC\\u0130N, B\\u0130R G\\u00dcN BOYUNCA KURTARILMAYI BEKLED\\u0130. DUYARLI B\\u0130R VATANDA\\u015eIN \\u0130HBARI \\u00dcZER\\u0130NE \\u0130TFA\\u0130YE EK\\u0130PLER\\u0130 OLAY YER\\u0130NE GELEREK G\\u00dcVERC\\u0130N\\u0130 TAKILDI\\u011eI YERDEN KURTARDI. (SEYFETT\\u0130N ARAS\\\/BURSA-\\u0130HA)&quot;,&quot;created_timestamp&quot;:&quot;0&quot;,&quot;copyright&quot;:&quot;\\u0130HLAS HABER AJANSI, www.iha.com.tr&quot;,&quot;focal_length&quot;:&quot;0&quot;,&quot;iso&quot;:&quot;0&quot;,&quot;shutter_speed&quot;:&quot;0&quot;,&quot;title&quot;:&quot;\\u00c7ATIDA MAHSUR KALAN G\\u00dcVERC\\u0130N\\u0130 \\u0130TFA\\u0130YE KURTARDI&quot;,&quot;orientation&quot;:&quot;0&quot;}\" data-image-title=\"\u00c7at\u0131da mahsur kalan g\u00fcvercini itfaiye kurtard\u0131\" data-image-description=\"&lt;p&gt;\u00c7at\u0131da mahsur kalan g\u00fcvercini itfaiye kurtard\u0131&lt;\/p&gt; \" data-medium-file=\"https:\/\/i0.wp.com\/www.tvturk.com\/wp-content\/uploads\/2019\/03\/catida-mahsur-kalan-guvercini-itfaiye-kurtardi_a7ab84f.jpg?fit=300%2C169\" data-large-file=\"https:\/\/i0.wp.com\/www.tvturk.com\/wp-content\/uploads\/2019\/03\/catida-mahsur-kalan-guvercini-itfaiye-kurtardi_a7ab84f.jpg?fit=1000%2C562\" src=\"https:\/\/i0.wp.com\/www.tvturk.com\/wp-content\/uploads\/2019\/03\/catida-mahsur-kalan-guvercini-itfaiye-kurtardi_a7ab84f.jpg?w=246&#038;h=138\" srcset=\"https:\/\/i0.wp.com\/www.tvturk.com\/wp-content\/uploads\/2019\/03\/catida-mahsur-kalan-guvercini-itfaiye-kurtardi_a7ab84f.jpg?w=1000 1000w, https:\/\/i0.wp.com\/www.tvturk.com\/wp-content\/uploads\/2019\/03\/catida-mahsur-kalan-guvercini-itfaiye-kurtardi_a7ab84f.jpg?resize=150%2C84 150w, https:\/\/i0.wp.com\/www.tvturk.com\/wp-content\/uploads\/2019\/03\/catida-mahsur-kalan-guvercini-itfaiye-kurtardi_a7ab84f.jpg?resize=300%2C169 300w, https:\/\/i0.wp.com\/www.tvturk.com\/wp-content\/uploads\/2019\/03\/catida-mahsur-kalan-guvercini-itfaiye-kurtardi_a7ab84f.jpg?resize=768%2C432 768w, https:\/\/i0.wp.com\/www.tvturk.com\/wp-content\/uploads\/2019\/03\/catida-mahsur-kalan-guvercini-itfaiye-kurtardi_a7ab84f.jpg?resize=200%2C113 200w\" width=\"246\" height=\"138\" loading=\"lazy\" data-original-width=\"246\" data-original-height=\"138\" itemprop=\"http:\/\/schema.org\/image\" title=\"\u00c7at\u0131da mahsur kalan g\u00fcvercini itfaiye kurtard\u0131\" alt=\"\u00c7at\u0131da mahsur kalan g\u00fcvercini itfaiye kurtard\u0131\" style=\"width: 246px; height: 138px;\" \/> <\/a> <\/div> <\/div> <!-- close group --> <\/div> <!-- close row --> <\/div><\/p>\n","protected":false},"excerpt":{"rendered":"<p>BURSA&#8217;NIN \u0130NEG\u00d6L \u0130L\u00c7ES\u0130NE BA\u011eLI CUMA MAHALLES\u0130 \u0130BRAH\u0130M EFEND\u0130 \u00c7IKMAZI\u2019NDA MEYDANA GELEN OLAYDA, AYA\u011eINA TEL TAKILAN G\u00dcVERC\u0130N, B\u0130R G\u00dcN BOYUNCA KURTARILMAYI BEKLED\u0130. DUYARLI B\u0130R VATANDA\u015eIN \u0130HBARI \u00dcZER\u0130NE \u0130TFA\u0130YE EK\u0130PLER\u0130 OLAY YER\u0130NE GELEREK  G\u00dcVERC\u0130N\u0130 TAKILDI\u011eI YERDEN KURTARDI.<\/p>\n","protected":false},"author":1,"featured_media":89777,"comment_status":"closed","ping_status":"open","sticky":false,"template":"","format":"standard","meta":{"jetpack_post_was_ever_published":false,"_jetpack_newsletter_access":"","_jetpack_dont_email_post_to_subs":false,"_jetpack_newsletter_tier_id":0,"_jetpack_memberships_contains_paywalled_content":false,"_jetpack_memberships_contains_paid_content":false,"footnotes":"","jetpack_publicize_message":"","jetpack_publicize_feature_enabled":true,"jetpack_social_post_already_shared":true,"jetpack_social_options":{"image_generator_settings":{"template":"highway","default_image_id":0,"font":"","enabled":false},"version":2}},"categories":[655],"tags":[2113,21387,764,1274,477,2381],"class_list":["post-89776","post","type-post","status-publish","format-standard","has-post-thumbnail","hentry","category-son-dakika","tag-catida","tag-guvercini","tag-itfaiye","tag-kalan","tag-kurtardi","tag-mahsur"],"jetpack_publicize_connections":[],"jetpack_featured_media_url":"https:\/\/i0.wp.com\/www.tvturk.com\/wp-content\/uploads\/2019\/03\/catida-mahsur-kalan-guvercini-itfaiye-kurtardi_f65e0b2.jpg?fit=1000%2C562","jetpack_sharing_enabled":true,"jetpack_shortlink":"https:\/\/wp.me\/paKIfm-nm0","_links":{"self":[{"href":"http:\/\/www.tvturk.com\/index.php\/wp-json\/wp\/v2\/posts\/89776","targetHints":{"allow":["GET"]}}],"collection":[{"href":"http:\/\/www.tvturk.com\/index.php\/wp-json\/wp\/v2\/posts"}],"about":[{"href":"http:\/\/www.tvturk.com\/index.php\/wp-json\/wp\/v2\/types\/post"}],"author":[{"embeddable":true,"href":"http:\/\/www.tvturk.com\/index.php\/wp-json\/wp\/v2\/users\/1"}],"replies":[{"embeddable":true,"href":"http:\/\/www.tvturk.com\/index.php\/wp-json\/wp\/v2\/comments?post=89776"}],"version-history":[{"count":1,"href":"http:\/\/www.tvturk.com\/index.php\/wp-json\/wp\/v2\/posts\/89776\/revisions"}],"predecessor-version":[{"id":89780,"href":"http:\/\/www.tvturk.com\/index.php\/wp-json\/wp\/v2\/posts\/89776\/revisions\/89780"}],"wp:featuredmedia":[{"embeddable":true,"href":"http:\/\/www.tvturk.com\/index.php\/wp-json\/wp\/v2\/media\/89777"}],"wp:attachment":[{"href":"http:\/\/www.tvturk.com\/index.php\/wp-json\/wp\/v2\/media?parent=89776"}],"wp:term":[{"taxonomy":"category","embeddable":true,"href":"http:\/\/www.tvturk.com\/index.php\/wp-json\/wp\/v2\/categories?post=89776"},{"taxonomy":"post_tag","embeddable":true,"href":"http:\/\/www.tvturk.com\/index.php\/wp-json\/wp\/v2\/tags?post=89776"}],"curies":[{"name":"wp","href":"https:\/\/api.w.org\/{rel}","templated":true}]}}