{"id":89831,"date":"2019-03-13T19:11:55","date_gmt":"2019-03-13T16:11:55","guid":{"rendered":"http:\/\/www.tvturk.com\/index.php\/marmarada-kuru-yuk-gemisi-batti\/"},"modified":"2019-03-13T19:11:57","modified_gmt":"2019-03-13T16:11:57","slug":"marmarada-kuru-yuk-gemisi-batti","status":"publish","type":"post","link":"http:\/\/www.tvturk.com\/index.php\/marmarada-kuru-yuk-gemisi-batti\/","title":{"rendered":"Marmara\u2019da kuru y\u00fck gemisi batt\u0131"},"content":{"rendered":"<p>Bal\u0131kesir\u2019in Marmara Adas\u0131 a\u00e7\u0131klar\u0131nda m\u0131c\u0131r y\u00fckl\u00fc bir gemi f\u0131rt\u0131na sebebiyle batt\u0131.<\/p>\n<p>Marmara B\u00f6lgesi\u2019nde etkili olan k\u00f6t\u00fc hava \u015fartlar\u0131, hayat\u0131  olumsuz y\u00f6nde etkiliyor. Bal\u0131kesir\u2019in ada il\u00e7esi olan Marmara \u0130l\u00e7esi\u2019nde Yusuf Celal isimli kuru y\u00fck gemisi karaya vurduktan sonra batt\u0131. M\u0131c\u0131r y\u00fckl\u00fc gemideki m\u00fcrettebat, Marmara Belediye Ba\u015fkan\u0131 S\u00fcleyman Aksoy\u2019un haber vermesi sonucu ekipler taraf\u0131ndan kurtar\u0131ld\u0131.<\/p>\n<p>Olayla ilgili soru\u015fturma ba\u015flat\u0131l\u0131rken, bir ki\u015finin yaraland\u0131\u011f\u0131 bildirildi.<div class=\"tiled-gallery type-rectangular tiled-gallery-unresized\" data-original-width=\"500\" data-carousel-extra='null' itemscope itemtype=\"http:\/\/schema.org\/ImageGallery\" > <div class=\"gallery-row\" style=\"width: 500px; height: 379px;\" data-original-width=\"500\" data-original-height=\"379\" > <div class=\"gallery-group images-1\" style=\"width: 215px; height: 379px;\" data-original-width=\"215\" data-original-height=\"379\" > <div class=\"tiled-gallery-item tiled-gallery-item-small\" itemprop=\"associatedMedia\" itemscope itemtype=\"http:\/\/schema.org\/ImageObject\"> <a href=\"http:\/\/www.tvturk.com\/index.php\/marmarada-kuru-yuk-gemisi-batti\/marmarada-kuru-yuk-gemisi-batti-3\/\" border=\"0\" itemprop=\"url\"> <meta itemprop=\"width\" content=\"211\"> <meta itemprop=\"height\" content=\"375\"> <img decoding=\"async\" class=\"\" data-attachment-id=\"89833\" data-orig-file=\"http:\/\/www.tvturk.com\/wp-content\/uploads\/2019\/03\/marmarada-kuru-yuk-gemisi-batti_d2983c8.jpg\" data-orig-size=\"562,1000\" data-comments-opened=\"\" data-image-meta=\"{&quot;aperture&quot;:&quot;0&quot;,&quot;credit&quot;:&quot;IHA&quot;,&quot;camera&quot;:&quot;&quot;,&quot;caption&quot;:&quot;MICIR Y\\u00dcKL\\u00dc GEM\\u0130 BATTI (\\u0130BRAH\\u0130M ALDEM\\u0130R - SERHAT BARI\\u015e\\\/BURSA-\\u0130HA)&quot;,&quot;created_timestamp&quot;:&quot;0&quot;,&quot;copyright&quot;:&quot;\\u0130HLAS HABER AJANSI, www.iha.com.tr&quot;,&quot;focal_length&quot;:&quot;0&quot;,&quot;iso&quot;:&quot;0&quot;,&quot;shutter_speed&quot;:&quot;0&quot;,&quot;title&quot;:&quot;MARMARA\\u2019DA KURU Y\\u00dcK GEM\\u0130S\\u0130 BATTI&quot;,&quot;orientation&quot;:&quot;0&quot;}\" data-image-title=\"Marmara\u2019da kuru y\u00fck gemisi batt\u0131\" data-image-description=\"&lt;p&gt;Marmara\u2019da kuru y\u00fck gemisi batt\u0131&lt;\/p&gt; \" data-medium-file=\"https:\/\/i0.wp.com\/www.tvturk.com\/wp-content\/uploads\/2019\/03\/marmarada-kuru-yuk-gemisi-batti_d2983c8.jpg?fit=169%2C300\" data-large-file=\"https:\/\/i0.wp.com\/www.tvturk.com\/wp-content\/uploads\/2019\/03\/marmarada-kuru-yuk-gemisi-batti_d2983c8.jpg?fit=562%2C1000\" src=\"https:\/\/i0.wp.com\/www.tvturk.com\/wp-content\/uploads\/2019\/03\/marmarada-kuru-yuk-gemisi-batti_d2983c8.jpg?w=211&#038;h=375\" srcset=\"https:\/\/i0.wp.com\/www.tvturk.com\/wp-content\/uploads\/2019\/03\/marmarada-kuru-yuk-gemisi-batti_d2983c8.jpg?w=562 562w, https:\/\/i0.wp.com\/www.tvturk.com\/wp-content\/uploads\/2019\/03\/marmarada-kuru-yuk-gemisi-batti_d2983c8.jpg?resize=84%2C150 84w, https:\/\/i0.wp.com\/www.tvturk.com\/wp-content\/uploads\/2019\/03\/marmarada-kuru-yuk-gemisi-batti_d2983c8.jpg?resize=169%2C300 169w\" width=\"211\" height=\"375\" loading=\"lazy\" data-original-width=\"211\" data-original-height=\"375\" itemprop=\"http:\/\/schema.org\/image\" title=\"Marmara\u2019da kuru y\u00fck gemisi batt\u0131\" alt=\"Marmara\u2019da kuru y\u00fck gemisi batt\u0131\" style=\"width: 211px; height: 375px;\" \/> <\/a> <\/div> <\/div> <!-- close group --> <div class=\"gallery-group images-1\" style=\"width: 285px; height: 379px;\" data-original-width=\"285\" data-original-height=\"379\" > <div class=\"tiled-gallery-item tiled-gallery-item-large\" itemprop=\"associatedMedia\" itemscope itemtype=\"http:\/\/schema.org\/ImageObject\"> <a href=\"http:\/\/www.tvturk.com\/index.php\/marmarada-kuru-yuk-gemisi-batti\/marmarada-kuru-yuk-gemisi-batti-4\/\" border=\"0\" itemprop=\"url\"> <meta itemprop=\"width\" content=\"281\"> <meta itemprop=\"height\" content=\"375\"> <img decoding=\"async\" class=\"\" data-attachment-id=\"89834\" data-orig-file=\"http:\/\/www.tvturk.com\/wp-content\/uploads\/2019\/03\/marmarada-kuru-yuk-gemisi-batti_7353b79.jpg\" data-orig-size=\"750,1000\" data-comments-opened=\"\" data-image-meta=\"{&quot;aperture&quot;:&quot;0&quot;,&quot;credit&quot;:&quot;IHA&quot;,&quot;camera&quot;:&quot;&quot;,&quot;caption&quot;:&quot;MICIR Y\\u00dcKL\\u00dc GEM\\u0130 BATTI (\\u0130BRAH\\u0130M ALDEM\\u0130R - SERHAT BARI\\u015e\\\/BURSA-\\u0130HA)&quot;,&quot;created_timestamp&quot;:&quot;0&quot;,&quot;copyright&quot;:&quot;\\u0130HLAS HABER AJANSI, www.iha.com.tr&quot;,&quot;focal_length&quot;:&quot;0&quot;,&quot;iso&quot;:&quot;0&quot;,&quot;shutter_speed&quot;:&quot;0&quot;,&quot;title&quot;:&quot;MARMARA\\u2019DA KURU Y\\u00dcK GEM\\u0130S\\u0130 BATTI&quot;,&quot;orientation&quot;:&quot;0&quot;}\" data-image-title=\"Marmara\u2019da kuru y\u00fck gemisi batt\u0131\" data-image-description=\"&lt;p&gt;Marmara\u2019da kuru y\u00fck gemisi batt\u0131&lt;\/p&gt; \" data-medium-file=\"https:\/\/i0.wp.com\/www.tvturk.com\/wp-content\/uploads\/2019\/03\/marmarada-kuru-yuk-gemisi-batti_7353b79.jpg?fit=225%2C300\" data-large-file=\"https:\/\/i0.wp.com\/www.tvturk.com\/wp-content\/uploads\/2019\/03\/marmarada-kuru-yuk-gemisi-batti_7353b79.jpg?fit=750%2C1000\" src=\"https:\/\/i0.wp.com\/www.tvturk.com\/wp-content\/uploads\/2019\/03\/marmarada-kuru-yuk-gemisi-batti_7353b79.jpg?w=281&#038;h=375\" srcset=\"https:\/\/i0.wp.com\/www.tvturk.com\/wp-content\/uploads\/2019\/03\/marmarada-kuru-yuk-gemisi-batti_7353b79.jpg?w=750 750w, https:\/\/i0.wp.com\/www.tvturk.com\/wp-content\/uploads\/2019\/03\/marmarada-kuru-yuk-gemisi-batti_7353b79.jpg?resize=113%2C150 113w, https:\/\/i0.wp.com\/www.tvturk.com\/wp-content\/uploads\/2019\/03\/marmarada-kuru-yuk-gemisi-batti_7353b79.jpg?resize=225%2C300 225w\" width=\"281\" height=\"375\" loading=\"lazy\" data-original-width=\"281\" data-original-height=\"375\" itemprop=\"http:\/\/schema.org\/image\" title=\"Marmara\u2019da kuru y\u00fck gemisi batt\u0131\" alt=\"Marmara\u2019da kuru y\u00fck gemisi batt\u0131\" style=\"width: 281px; height: 375px;\" \/> <\/a> <\/div> <\/div> <!-- close group --> <\/div> <!-- close row --> <\/div><\/p>\n","protected":false},"excerpt":{"rendered":"<p>MICIR Y\u00dcKL\u00dc GEM\u0130 BATTI<\/p>\n","protected":false},"author":1,"featured_media":89832,"comment_status":"closed","ping_status":"open","sticky":false,"template":"","format":"standard","meta":{"jetpack_post_was_ever_published":false,"_jetpack_newsletter_access":"","_jetpack_dont_email_post_to_subs":false,"_jetpack_newsletter_tier_id":0,"_jetpack_memberships_contains_paywalled_content":false,"_jetpack_memberships_contains_paid_content":false,"footnotes":"","jetpack_publicize_message":"","jetpack_publicize_feature_enabled":true,"jetpack_social_post_already_shared":true,"jetpack_social_options":{"image_generator_settings":{"template":"highway","default_image_id":0,"font":"","enabled":false},"version":2}},"categories":[655],"tags":[2596,13908,6361,1470,11433],"class_list":["post-89831","post","type-post","status-publish","format-standard","has-post-thumbnail","hentry","category-son-dakika","tag-batti","tag-gemisi","tag-kuru","tag-marmarada","tag-yuk"],"jetpack_publicize_connections":[],"jetpack_featured_media_url":"https:\/\/i0.wp.com\/www.tvturk.com\/wp-content\/uploads\/2019\/03\/marmarada-kuru-yuk-gemisi-batti_e1afcf9.jpg?fit=1000%2C562","jetpack_sharing_enabled":true,"jetpack_shortlink":"https:\/\/wp.me\/paKIfm-nmT","_links":{"self":[{"href":"http:\/\/www.tvturk.com\/index.php\/wp-json\/wp\/v2\/posts\/89831","targetHints":{"allow":["GET"]}}],"collection":[{"href":"http:\/\/www.tvturk.com\/index.php\/wp-json\/wp\/v2\/posts"}],"about":[{"href":"http:\/\/www.tvturk.com\/index.php\/wp-json\/wp\/v2\/types\/post"}],"author":[{"embeddable":true,"href":"http:\/\/www.tvturk.com\/index.php\/wp-json\/wp\/v2\/users\/1"}],"replies":[{"embeddable":true,"href":"http:\/\/www.tvturk.com\/index.php\/wp-json\/wp\/v2\/comments?post=89831"}],"version-history":[{"count":1,"href":"http:\/\/www.tvturk.com\/index.php\/wp-json\/wp\/v2\/posts\/89831\/revisions"}],"predecessor-version":[{"id":89835,"href":"http:\/\/www.tvturk.com\/index.php\/wp-json\/wp\/v2\/posts\/89831\/revisions\/89835"}],"wp:featuredmedia":[{"embeddable":true,"href":"http:\/\/www.tvturk.com\/index.php\/wp-json\/wp\/v2\/media\/89832"}],"wp:attachment":[{"href":"http:\/\/www.tvturk.com\/index.php\/wp-json\/wp\/v2\/media?parent=89831"}],"wp:term":[{"taxonomy":"category","embeddable":true,"href":"http:\/\/www.tvturk.com\/index.php\/wp-json\/wp\/v2\/categories?post=89831"},{"taxonomy":"post_tag","embeddable":true,"href":"http:\/\/www.tvturk.com\/index.php\/wp-json\/wp\/v2\/tags?post=89831"}],"curies":[{"name":"wp","href":"https:\/\/api.w.org\/{rel}","templated":true}]}}