{"id":8987,"date":"2019-02-07T15:06:51","date_gmt":"2019-02-07T12:06:51","guid":{"rendered":"http:\/\/www.tvturk.com\/index.php\/kilicdarogluna-suikast-davasinda-karar-aciklandi\/"},"modified":"2019-02-07T15:06:51","modified_gmt":"2019-02-07T12:06:51","slug":"kilicdarogluna-suikast-davasinda-karar-aciklandi","status":"publish","type":"post","link":"http:\/\/www.tvturk.com\/index.php\/kilicdarogluna-suikast-davasinda-karar-aciklandi\/","title":{"rendered":"K\u0131l\u0131\u00e7daro\u011flu\u2019na suikast davas\u0131nda karar a\u00e7\u0131kland\u0131"},"content":{"rendered":"<p>CHP Genel Ba\u015fkan\u0131 Kemal K\u0131l\u0131\u00e7daro\u011flu\u2019na suikast davas\u0131nda karar a\u00e7\u0131kland\u0131. 28 san\u0131\u011f\u0131n yarg\u0131land\u0131\u011f\u0131 davada suikaste kalk\u0131\u015fan tutuklu san\u0131k O\u011fuzhan K. ile birlikte 5 san\u0131\u011fa \u2018insan \u00f6ld\u00fcrmeye te\u015febb\u00fcs\u2019 su\u00e7undan beraat karar\u0131 verilirken, O\u011fuzhan K.\u2019ya \u2018\u00f6rg\u00fct \u00fcyeli\u011fi\u2019 su\u00e7undan 14 y\u0131l 7 ay 15 g\u00fcn hapis cezas\u0131 verildi.<\/p>\n<p>5 Temmuz 2017\u2019de CHP Lideri Kemal K\u0131l\u0131\u00e7daro\u011flu\u2019nun ba\u015flatt\u0131\u011f\u0131 Adalet y\u00fcr\u00fcy\u00fc\u015f\u00fcne Kayseri\u2019den kiralad\u0131klar\u0131 ara\u00e7la sald\u0131rmay\u0131 hedefleyen DEA\u015e\u2019l\u0131 olduklar\u0131 \u00f6ne s\u00fcr\u00fclen 6 \u015f\u00fcpheli Kayseri ve Kocaeli Emniyeti\u2019nin koordineli \u00e7al\u0131\u015fmas\u0131yla yakalanm\u0131\u015ft\u0131. Kocaeli\u2019de g\u00f6zalt\u0131na al\u0131nan O\u011fuzhan K. ile irtibatl\u0131 oldu\u011fu tespit edilen 9 ki\u015fi daha g\u00f6zalt\u0131na al\u0131nd\u0131. Adalet y\u00fcr\u00fcy\u00fc\u015f\u00fcne sald\u0131r\u0131 plan\u0131 ile ilgili g\u00f6zalt\u0131 say\u0131s\u0131 15\u2019e y\u00fckselmi\u015f oldu. Kayseri \u0130l Emniyet M\u00fcd\u00fcrl\u00fc\u011f\u00fc Ter\u00f6rle M\u00fccadele \u015eube M\u00fcd\u00fcrl\u00fc\u011f\u00fc ekiplerince toplam 15 \u015f\u00fcpheli g\u00f6zalt\u0131na al\u0131nd\u0131. Kayseri Cumhuriyet Ba\u015fsavc\u0131l\u0131\u011f\u0131, g\u00f6zalt\u0131na al\u0131nan san\u0131klar O\u011fuzhan K., Ali M., Kaan A., Emre E. ve Fatih \u00d6. y\u00f6n\u00fcnden soru\u015fturma evrak\u0131n\u0131n tefrik edilerek yetkisizlik karar\u0131 ile su\u00e7 yeri Kocaeli Cumhuriyet Ba\u015fsavc\u0131l\u0131\u011f\u0131\u2019na g\u00f6nderdi. Kocaeli\u2019deki mahkeme g\u00f6revsizlik karar\u0131 vererek dosyay\u0131 Yarg\u0131tay\u2019a g\u00f6nderdi. Yarg\u0131tay da 5 san\u0131kl\u0131 duru\u015fman\u0131n Kayseri\u2019de g\u00f6r\u00fclmesine h\u00fckmederek, dosyay\u0131 Kayseri yerel mahkemeye g\u00f6nderdi.<\/p>\n<p>CHP\u2019liler de duru\u015fmay\u0131 takip etti<\/p>\n<p>Kayseri 2. A\u011f\u0131r Ceza Mahkemesi\u2019nde g\u00f6r\u00fclen davada tutuklu san\u0131klar O\u011fuzhan K., Ali M., Kaan A., Emre E., Fatih \u00d6., bir k\u0131s\u0131m tutuksuz san\u0131klar ve avukatlar\u0131 ile CHP Genel Ba\u015fkan\u0131 Kemal K\u0131l\u0131\u00e7daro\u011flu\u2019nun vekili haz\u0131r bulundu. Duru\u015fmay\u0131 CHP milletvekil \u00c7etin Ar\u0131k, \u0130l Ba\u015fkan\u0131 \u00dcmit \u00d6zer ile birlikte \u00e7ok say\u0131da partili de duru\u015fmay\u0131 takip etti.<\/p>\n<p>Dosyalar birle\u015ftirildi, san\u0131k say\u0131s\u0131 28 oldu<\/p>\n<p>2. A\u011f\u0131r Ceza Mahkemesi\u2019nde g\u00f6r\u00fclen di\u011fer DEA\u015e dosyalar\u0131 da birle\u015fti. 5\u2019i tutuklu, 1\u2019i ba\u015fka su\u00e7tan tutuklu, 1\u2019i yakalamal\u0131 olmak \u00fczere 28 san\u0131k tek bir dosyada birle\u015ftirildi. Birle\u015fme kapsam\u0131nda san\u0131klar \u015fu \u015fekilde olu\u015ftu: Bu su\u00e7tan tutuklu san\u0131klar O\u011fuzhan K., Ali M., Kaan A., Emre E. ve Fatih \u00d6. Ba\u015fka su\u00e7tan tutuklu Ahmet K. Tutuksuz san\u0131klar, Fuat Furkan K., Suriyeli Abdullah A., Kadir K., Osman Nuri \u00dc., Selahattin A., Selim \u0130., Ahmet T., Ayla K., Bu\u011frahan \u00c7., Burhanettin K., Cihan K., Ferhat K., Fetullah G.K., Orhan E., Safa K., Seyit K., \u015e\u00fckr\u00fc O., Erg\u00fcn K., Halil \u0130brahim A., Muhammed K., Muharrem A. ve yakalamas\u0131 olan Mustafa K.<\/p>\n<p>Etkin pi\u015fmanl\u0131ktan faydalanmak istedi<\/p>\n<p>Davan\u0131n  d\u00fcnk\u00fc celsesinde san\u0131klar\u0131n son savunmalar\u0131 al\u0131nm\u0131\u015ft\u0131. Suikaste kalk\u0131\u015fan ve polis ekiplerince su\u00e7\u00fcst\u00fc yakalanan ve \u00f6nceki celse eylemin ismini \u2018yaln\u0131z kurt\u2019 olarak a\u00e7\u0131klayan tutuklu san\u0131k O\u011fuzhan K., \u201cLise mezunuyum, hukuk bilmiyorum ama sizler tecr\u00fcbeli kimselersiniz. Muallakta kalm\u0131\u015f, teredd\u00fctl\u00fc bir g\u00fczergahla netice bulmam\u0131\u015f eksik bir eylem te\u015febb\u00fcs\u00fc ile ceza almak istemiyorum. Etkin pi\u015fmanl\u0131k h\u00fck\u00fcmlerinden yararlanmay\u0131 istiyorum, ben yalan ve inkar etmiyorum\u201d diye konu\u015fmu\u015ftu.<\/p>\n<p>Mahkeme heyeti yap\u0131lan yarg\u0131lama sonucu  tutuklu san\u0131klar O\u011fuzhan K., Emre E., Ali M., Kaan A. ve Fatih \u00d6.\u2019ye \u2018adam \u00f6ld\u00fcrmeye te\u015febb\u00fcs\u2019 su\u00e7undan haz\u0131rl\u0131k a\u015famas\u0131nda kald\u0131\u011f\u0131 gerek\u00e7esiyle ayr\u0131 ayr\u0131 beraat verdi. Ayr\u0131ca O\u011fuzhan K.\u2019ya \u2018\u00f6rg\u00fct \u00fcyeli\u011fi\u2019 su\u00e7undan 14 y\u0131l 7 ay 15 g\u00fcn, Emre E\u2019ye ayn\u0131 su\u00e7tan 14 y\u0131l 3 ay ve birle\u015fen dosyada ayr\u0131ca  7 y\u0131l 6 ay, Kaan A. ve Fatih \u00d6.\u2019ye ayn\u0131 su\u00e7tan 10 y\u0131l 6 ay, Ali M.\u2019ye ise 10 y\u0131l 6 ay ile birle\u015fen dosyada ayr\u0131ca 5 y\u0131l hapis cezas\u0131 ile tutukluluk hallerinin devam\u0131na karar verdi. Tutuklu san\u0131k O\u011fuzhan K.\u2019n\u0131n e\u015fi tutuksuz san\u0131k Ayla K.\u2019ya da \u2018\u00f6rg\u00fct \u00fcyeli\u011fi\u2019 su\u00e7undan 6 y\u0131l 3 ay hapis cezas\u0131 veren mahkeme, di\u011fer tutuksuz san\u0131klara da 4 y\u0131l 2 ay ile 7 y\u0131l 6 ay aras\u0131nda hapis cezalar\u0131 verildi.<\/p>\n","protected":false},"excerpt":{"rendered":"<p>CHP GENEL BA\u015eKANI KEMAL KILI\u00c7DARO\u011eLU&#8217;NA SU\u0130KAST DAVASINDA KARAR A\u00c7IKLANDI. 28 SANI\u011eIN YARGILANDI\u011eI DAVADA SU\u0130KASTE KALKI\u015eAN TUTUKLU SANIK O\u011eUZHAN K. \u0130LE B\u0130RL\u0130KTE 5 SANI\u011eA \u2018\u0130NSAN \u00d6LD\u00dcRMEYE TE\u015eEBB\u00dcS\u2019 SU\u00c7UNDAN BERAAT KARARI VER\u0130L\u0130RKEN, O\u011eUZHAN K.\u2019YA \u2018\u00d6RG\u00dcT \u00dcYEL\u0130\u011e\u0130\u2019 SU\u00c7UNDAN 14 YIL 7 AY 15 G\u00dcN HAP\u0130S CEZASI VER\u0130LD\u0130.<\/p>\n","protected":false},"author":1,"featured_media":8988,"comment_status":"closed","ping_status":"open","sticky":false,"template":"","format":"standard","meta":{"jetpack_post_was_ever_published":false,"_jetpack_newsletter_access":"","_jetpack_dont_email_post_to_subs":false,"_jetpack_newsletter_tier_id":0,"_jetpack_memberships_contains_paywalled_content":false,"_jetpack_memberships_contains_paid_content":false,"footnotes":"","jetpack_publicize_message":"","jetpack_publicize_feature_enabled":true,"jetpack_social_post_already_shared":false,"jetpack_social_options":{"image_generator_settings":{"template":"highway","default_image_id":0,"font":"","enabled":false},"version":2}},"categories":[655],"tags":[2397,1980,2110,2108,2109],"class_list":["post-8987","post","type-post","status-publish","format-standard","has-post-thumbnail","hentry","category-son-dakika","tag-aciklandi","tag-davasinda","tag-karar","tag-kilicdarogluna","tag-suikast"],"jetpack_publicize_connections":[],"jetpack_featured_media_url":"https:\/\/i0.wp.com\/www.tvturk.com\/wp-content\/uploads\/2019\/02\/kilicdarogluna-suikast-davasinda-karar-aciklandi_141f12d.jpg?fit=542%2C317","jetpack_sharing_enabled":true,"jetpack_shortlink":"https:\/\/wp.me\/paKIfm-2kX","_links":{"self":[{"href":"http:\/\/www.tvturk.com\/index.php\/wp-json\/wp\/v2\/posts\/8987","targetHints":{"allow":["GET"]}}],"collection":[{"href":"http:\/\/www.tvturk.com\/index.php\/wp-json\/wp\/v2\/posts"}],"about":[{"href":"http:\/\/www.tvturk.com\/index.php\/wp-json\/wp\/v2\/types\/post"}],"author":[{"embeddable":true,"href":"http:\/\/www.tvturk.com\/index.php\/wp-json\/wp\/v2\/users\/1"}],"replies":[{"embeddable":true,"href":"http:\/\/www.tvturk.com\/index.php\/wp-json\/wp\/v2\/comments?post=8987"}],"version-history":[{"count":0,"href":"http:\/\/www.tvturk.com\/index.php\/wp-json\/wp\/v2\/posts\/8987\/revisions"}],"wp:featuredmedia":[{"embeddable":true,"href":"http:\/\/www.tvturk.com\/index.php\/wp-json\/wp\/v2\/media\/8988"}],"wp:attachment":[{"href":"http:\/\/www.tvturk.com\/index.php\/wp-json\/wp\/v2\/media?parent=8987"}],"wp:term":[{"taxonomy":"category","embeddable":true,"href":"http:\/\/www.tvturk.com\/index.php\/wp-json\/wp\/v2\/categories?post=8987"},{"taxonomy":"post_tag","embeddable":true,"href":"http:\/\/www.tvturk.com\/index.php\/wp-json\/wp\/v2\/tags?post=8987"}],"curies":[{"name":"wp","href":"https:\/\/api.w.org\/{rel}","templated":true}]}}