{"id":90407,"date":"2019-03-14T10:06:15","date_gmt":"2019-03-14T07:06:15","guid":{"rendered":"http:\/\/www.tvturk.com\/index.php\/ankara-temali-satranc-takimi-artankarada-tanitilacak\/"},"modified":"2019-03-14T10:06:17","modified_gmt":"2019-03-14T07:06:17","slug":"ankara-temali-satranc-takimi-artankarada-tanitilacak","status":"publish","type":"post","link":"http:\/\/www.tvturk.com\/index.php\/ankara-temali-satranc-takimi-artankarada-tanitilacak\/","title":{"rendered":"Ankara temal\u0131 satran\u00e7 tak\u0131m\u0131 Artankara\u2019da tan\u0131t\u0131lacak"},"content":{"rendered":"<p>Ankara Kalk\u0131nma Ajans\u0131 Yerel \u00dcr\u00fcn\u00fcn Ticarile\u015ftirme Mali Destek Program\u0131 kapsam\u0131nda desteklenen G\u00f6kyay Satran\u00e7 Spor ve K\u00fclt\u00fcr Vakf\u0131 taraf\u0131ndan y\u00fcr\u00fct\u00fclen \u201cAnkara\u2019n\u0131n Stratejik Tan\u0131t\u0131m\u0131: Ankara Temal\u0131 Satran\u00e7 Tak\u0131m\u0131\u201d projesi ArtAnkara Fuar\u0131\u2019nda tan\u0131t\u0131lacak.<\/p>\n<p>Ankara Kalk\u0131nma Ajans\u0131 taraf\u0131ndan desteklenen proje ile d\u00fcnyan\u0131n \u00f6nemli kentleri i\u00e7in tasarlanan \u2018\u015fehir satran\u00e7 tak\u0131m\u0131\u2019 (city chess) kategorisinde T\u00fcrkiye\u2019de ilk defa Ankara temal\u0131 ta\u015flardan olu\u015fan bir satran\u00e7 tak\u0131m\u0131 tasarland\u0131. Satran\u00e7 tak\u0131m\u0131n\u0131n tan\u0131t\u0131m toplant\u0131s\u0131, 16 Mart tarihinde Ankara Kalk\u0131nma Ajans\u0131 Genel Sekreteri Arif \u015eay\u0131k, G\u00f6kyay Vakf\u0131 Satran\u00e7 M\u00fczesi Y\u00f6netim Kurulu Ba\u015fkan\u0131 ve m\u00fcze kurucusu Ak\u0131n G\u00f6kyay ve G\u00f6kyay Vakf\u0131 M\u00fctevelli Heyeti \u00dcyesi ve T\u00fcrkiye Satran\u00e7 Federasyonu Ba\u015fkan\u0131 G\u00fclk\u0131z Tulay\u2019\u0131n da kat\u0131l\u0131m\u0131 ile yap\u0131lacak.<\/p>\n<p>Ziyaret\u00e7ileri Ba\u015fkent\u2019i simgeleyen tasar\u0131m satran\u00e7 tak\u0131m\u0131n\u0131 g\u00f6rmeye davet eden m\u00fcze kurucusu Ak\u0131n G\u00f6kyay, \u201cD\u00fcnyada \u00f6nde gelen \u015fehirlerin mimari yap\u0131lar\u0131n\u0131 sembolize eden satran\u00e7 tak\u0131mlar\u0131 mevcut. Ankara Kalk\u0131nma Ajans\u0131 i\u015fbirli\u011finde olu\u015fturdu\u011fumuz proje ile art\u0131k Ba\u015fkentimizin de kendi de\u011ferlerine \u00f6zg\u00fc bir satran\u00e7 tak\u0131m\u0131 var. Bu proje ile hem T\u00fcrkiye hem de Ba\u015fkent i\u00e7in \u00f6nemli bir kazan\u0131m sa\u011flad\u0131k. \u00dcstelik \u2018Ankara temal\u0131 satran\u00e7 tak\u0131m\u0131\u2019 \u00fcretimini de ger\u00e7ekle\u015ftirdik. Ziyaret\u00e7ilerimizi bu \u00f6zel tasar\u0131m ile tan\u0131\u015fmaya davet ediyorum\u201d diye konu\u015ftu.<\/p>\n<p>Ankara Kalk\u0131nma Ajans\u0131 Genel Sekreteri Arif \u015eay\u0131k ise, \u201cAnkara Kalk\u0131nma Ajans\u0131 olarak 2018 Y\u0131l\u0131 Yerel \u00dcr\u00fcn Ticarile\u015ftirme Mali Destek Program\u0131 ile Ankara\u2019n\u0131n y\u00f6resel ve k\u00fclt\u00fcrel alanda \u00fcr\u00fcnlerinin ticarile\u015fip, tan\u0131t\u0131lmas\u0131n\u0131 ama\u00e7lad\u0131k. Proje ile Ankara temal\u0131 ta\u015flardan olu\u015fan bir satran\u00e7 tak\u0131m\u0131 tasarland\u0131 ve Ankara\u2019n\u0131n tarihi ve k\u00fclt\u00fcrel de\u011ferleri \u00fclke ve d\u00fcnya genelinde satran\u00e7 tahtas\u0131 ile tan\u0131t\u0131lacak\u201d dedi.<div class=\"tiled-gallery type-rectangular tiled-gallery-unresized\" data-original-width=\"500\" data-carousel-extra='null' itemscope itemtype=\"http:\/\/schema.org\/ImageGallery\" > <div class=\"gallery-row\" style=\"width: 500px; height: 178px;\" data-original-width=\"500\" data-original-height=\"178\" > <div class=\"gallery-group images-1\" style=\"width: 255px; height: 178px;\" data-original-width=\"255\" data-original-height=\"178\" > <div class=\"tiled-gallery-item tiled-gallery-item-large\" itemprop=\"associatedMedia\" itemscope itemtype=\"http:\/\/schema.org\/ImageObject\"> <a href=\"http:\/\/www.tvturk.com\/index.php\/ankara-temali-satranc-takimi-artankarada-tanitilacak\/ankara-temali-satranc-takimi-artankarada-tanitilacak-3\/\" border=\"0\" itemprop=\"url\"> <meta itemprop=\"width\" content=\"251\"> <meta itemprop=\"height\" content=\"174\"> <img decoding=\"async\" class=\"\" data-attachment-id=\"90409\" data-orig-file=\"http:\/\/www.tvturk.com\/wp-content\/uploads\/2019\/03\/ankara-temali-satranc-takimi-artankarada-tanitilacak_6412b11.jpg\" data-orig-size=\"1000,692\" data-comments-opened=\"\" data-image-meta=\"{&quot;aperture&quot;:&quot;0&quot;,&quot;credit&quot;:&quot;IHA&quot;,&quot;camera&quot;:&quot;&quot;,&quot;caption&quot;:&quot;ANKARA KALKINMA AJANSI YEREL \\u00dcR\\u00dcN\\u00dcN T\\u0130CAR\\u0130LE\\u015eT\\u0130RME MAL\\u0130 DESTEK PROGRAMI KAPSAMINDA DESTEKLENEN G\\u00d6KYAY SATRAN\\u00c7 SPOR VE K\\u00dcLT\\u00dcR VAKFI TARAFINDAN Y\\u00dcR\\u00dcT\\u00dcLEN \\u201cANKARA\\u2019NIN STRATEJ\\u0130K TANITIMI: ANKARA TEMALI SATRAN\\u00c7 TAKIMI\\u201d ARTANKARA FUARI\\u2019NDA TANITILACAK. (\\u0130HA\\\/ANKARA-\\u0130HA)&quot;,&quot;created_timestamp&quot;:&quot;0&quot;,&quot;copyright&quot;:&quot;\\u0130HLAS HABER AJANSI, www.iha.com.tr&quot;,&quot;focal_length&quot;:&quot;0&quot;,&quot;iso&quot;:&quot;0&quot;,&quot;shutter_speed&quot;:&quot;0&quot;,&quot;title&quot;:&quot;ANKARA TEMALI SATRAN\\u00c7 TAKIMI ARTANKARA\\u2019DA TANITILACAK&quot;,&quot;orientation&quot;:&quot;0&quot;}\" data-image-title=\"Ankara temal\u0131 satran\u00e7 tak\u0131m\u0131 Artankara\u2019da tan\u0131t\u0131lacak\" data-image-description=\"&lt;p&gt;Ankara temal\u0131 satran\u00e7 tak\u0131m\u0131 Artankara\u2019da tan\u0131t\u0131lacak&lt;\/p&gt; \" data-medium-file=\"https:\/\/i0.wp.com\/www.tvturk.com\/wp-content\/uploads\/2019\/03\/ankara-temali-satranc-takimi-artankarada-tanitilacak_6412b11.jpg?fit=300%2C208\" data-large-file=\"https:\/\/i0.wp.com\/www.tvturk.com\/wp-content\/uploads\/2019\/03\/ankara-temali-satranc-takimi-artankarada-tanitilacak_6412b11.jpg?fit=1000%2C692\" src=\"https:\/\/i0.wp.com\/www.tvturk.com\/wp-content\/uploads\/2019\/03\/ankara-temali-satranc-takimi-artankarada-tanitilacak_6412b11.jpg?w=251&#038;h=174\" srcset=\"https:\/\/i0.wp.com\/www.tvturk.com\/wp-content\/uploads\/2019\/03\/ankara-temali-satranc-takimi-artankarada-tanitilacak_6412b11.jpg?w=1000 1000w, https:\/\/i0.wp.com\/www.tvturk.com\/wp-content\/uploads\/2019\/03\/ankara-temali-satranc-takimi-artankarada-tanitilacak_6412b11.jpg?resize=150%2C104 150w, https:\/\/i0.wp.com\/www.tvturk.com\/wp-content\/uploads\/2019\/03\/ankara-temali-satranc-takimi-artankarada-tanitilacak_6412b11.jpg?resize=300%2C208 300w, https:\/\/i0.wp.com\/www.tvturk.com\/wp-content\/uploads\/2019\/03\/ankara-temali-satranc-takimi-artankarada-tanitilacak_6412b11.jpg?resize=768%2C531 768w, https:\/\/i0.wp.com\/www.tvturk.com\/wp-content\/uploads\/2019\/03\/ankara-temali-satranc-takimi-artankarada-tanitilacak_6412b11.jpg?resize=80%2C55 80w\" width=\"251\" height=\"174\" loading=\"lazy\" data-original-width=\"251\" data-original-height=\"174\" itemprop=\"http:\/\/schema.org\/image\" title=\"Ankara temal\u0131 satran\u00e7 tak\u0131m\u0131 Artankara\u2019da tan\u0131t\u0131lacak\" alt=\"Ankara temal\u0131 satran\u00e7 tak\u0131m\u0131 Artankara\u2019da tan\u0131t\u0131lacak\" style=\"width: 251px; height: 174px;\" \/> <\/a> <\/div> <\/div> <!-- close group --> <div class=\"gallery-group images-1\" style=\"width: 245px; height: 178px;\" data-original-width=\"245\" data-original-height=\"178\" > <div class=\"tiled-gallery-item tiled-gallery-item-small\" itemprop=\"associatedMedia\" itemscope itemtype=\"http:\/\/schema.org\/ImageObject\"> <a href=\"http:\/\/www.tvturk.com\/index.php\/ankara-temali-satranc-takimi-artankarada-tanitilacak\/ankara-temali-satranc-takimi-artankarada-tanitilacak-4\/\" border=\"0\" itemprop=\"url\"> <meta itemprop=\"width\" content=\"241\"> <meta itemprop=\"height\" content=\"174\"> <img decoding=\"async\" class=\"\" data-attachment-id=\"90410\" data-orig-file=\"http:\/\/www.tvturk.com\/wp-content\/uploads\/2019\/03\/ankara-temali-satranc-takimi-artankarada-tanitilacak_ad6ce37.jpg\" data-orig-size=\"1000,723\" data-comments-opened=\"\" data-image-meta=\"{&quot;aperture&quot;:&quot;0&quot;,&quot;credit&quot;:&quot;IHA&quot;,&quot;camera&quot;:&quot;&quot;,&quot;caption&quot;:&quot;ANKARA KALKINMA AJANSI YEREL \\u00dcR\\u00dcN\\u00dcN T\\u0130CAR\\u0130LE\\u015eT\\u0130RME MAL\\u0130 DESTEK PROGRAMI KAPSAMINDA DESTEKLENEN G\\u00d6KYAY SATRAN\\u00c7 SPOR VE K\\u00dcLT\\u00dcR VAKFI TARAFINDAN Y\\u00dcR\\u00dcT\\u00dcLEN \\u201cANKARA\\u2019NIN STRATEJ\\u0130K TANITIMI: ANKARA TEMALI SATRAN\\u00c7 TAKIMI\\u201d ARTANKARA FUARI\\u2019NDA TANITILACAK. (\\u0130HA\\\/ANKARA-\\u0130HA)&quot;,&quot;created_timestamp&quot;:&quot;0&quot;,&quot;copyright&quot;:&quot;\\u0130HLAS HABER AJANSI, www.iha.com.tr&quot;,&quot;focal_length&quot;:&quot;0&quot;,&quot;iso&quot;:&quot;0&quot;,&quot;shutter_speed&quot;:&quot;0&quot;,&quot;title&quot;:&quot;ANKARA TEMALI SATRAN\\u00c7 TAKIMI ARTANKARA\\u2019DA TANITILACAK&quot;,&quot;orientation&quot;:&quot;0&quot;}\" data-image-title=\"Ankara temal\u0131 satran\u00e7 tak\u0131m\u0131 Artankara\u2019da tan\u0131t\u0131lacak\" data-image-description=\"&lt;p&gt;Ankara temal\u0131 satran\u00e7 tak\u0131m\u0131 Artankara\u2019da tan\u0131t\u0131lacak&lt;\/p&gt; \" data-medium-file=\"https:\/\/i0.wp.com\/www.tvturk.com\/wp-content\/uploads\/2019\/03\/ankara-temali-satranc-takimi-artankarada-tanitilacak_ad6ce37.jpg?fit=300%2C217\" data-large-file=\"https:\/\/i0.wp.com\/www.tvturk.com\/wp-content\/uploads\/2019\/03\/ankara-temali-satranc-takimi-artankarada-tanitilacak_ad6ce37.jpg?fit=1000%2C723\" src=\"https:\/\/i0.wp.com\/www.tvturk.com\/wp-content\/uploads\/2019\/03\/ankara-temali-satranc-takimi-artankarada-tanitilacak_ad6ce37.jpg?w=241&#038;h=174\" srcset=\"https:\/\/i0.wp.com\/www.tvturk.com\/wp-content\/uploads\/2019\/03\/ankara-temali-satranc-takimi-artankarada-tanitilacak_ad6ce37.jpg?w=1000 1000w, https:\/\/i0.wp.com\/www.tvturk.com\/wp-content\/uploads\/2019\/03\/ankara-temali-satranc-takimi-artankarada-tanitilacak_ad6ce37.jpg?resize=150%2C108 150w, https:\/\/i0.wp.com\/www.tvturk.com\/wp-content\/uploads\/2019\/03\/ankara-temali-satranc-takimi-artankarada-tanitilacak_ad6ce37.jpg?resize=300%2C217 300w, https:\/\/i0.wp.com\/www.tvturk.com\/wp-content\/uploads\/2019\/03\/ankara-temali-satranc-takimi-artankarada-tanitilacak_ad6ce37.jpg?resize=768%2C555 768w\" width=\"241\" height=\"174\" loading=\"lazy\" data-original-width=\"241\" data-original-height=\"174\" itemprop=\"http:\/\/schema.org\/image\" title=\"Ankara temal\u0131 satran\u00e7 tak\u0131m\u0131 Artankara\u2019da tan\u0131t\u0131lacak\" alt=\"Ankara temal\u0131 satran\u00e7 tak\u0131m\u0131 Artankara\u2019da tan\u0131t\u0131lacak\" style=\"width: 241px; height: 174px;\" \/> <\/a> <\/div> <\/div> <!-- close group --> <\/div> <!-- close row --> <\/div><\/p>\n","protected":false},"excerpt":{"rendered":"<p>AKIN G\u00d6KYAY, \u201cD\u00dcNYADA \u00d6NDE GELEN \u015eEH\u0130RLER\u0130N M\u0130MAR\u0130 YAPILARINI SEMBOL\u0130ZE EDEN SATRAN\u00c7 TAKIMLARI MEVCUT. ANKARA KALKINMA AJANSI \u0130\u015eB\u0130RL\u0130\u011e\u0130NDE OLU\u015eTURDU\u011eUMUZ PROJE \u0130LE ARTIK BA\u015eKENT\u0130M\u0130Z\u0130N DE KEND\u0130 DE\u011eERLER\u0130NE \u00d6ZG\u00dc B\u0130R SATRAN\u00c7 TAKIMI VAR. Z\u0130YARET\u00c7\u0130LER\u0130M\u0130Z\u0130 BU \u00d6ZEL TASARIM \u0130LE TANI\u015eMAYA DAVET ED\u0130YORUM\u201d D\u0130YE KONU\u015eTU.<\/p>\n","protected":false},"author":1,"featured_media":90408,"comment_status":"closed","ping_status":"open","sticky":false,"template":"","format":"standard","meta":{"jetpack_post_was_ever_published":false,"_jetpack_newsletter_access":"","_jetpack_dont_email_post_to_subs":false,"_jetpack_newsletter_tier_id":0,"_jetpack_memberships_contains_paywalled_content":false,"_jetpack_memberships_contains_paid_content":false,"footnotes":"","jetpack_publicize_message":"","jetpack_publicize_feature_enabled":true,"jetpack_social_post_already_shared":true,"jetpack_social_options":{"image_generator_settings":{"template":"highway","default_image_id":0,"font":"","enabled":false},"version":2}},"categories":[1],"tags":[1475,24313,6765,1462,4968,12735],"class_list":["post-90407","post","type-post","status-publish","format-standard","has-post-thumbnail","hentry","category-genel","tag-ankara","tag-artankarada","tag-satranc","tag-takimi","tag-tanitilacak","tag-temali"],"jetpack_publicize_connections":[],"jetpack_featured_media_url":"https:\/\/i0.wp.com\/www.tvturk.com\/wp-content\/uploads\/2019\/03\/ankara-temali-satranc-takimi-artankarada-tanitilacak_7591c6f.jpg?fit=750%2C511","jetpack_sharing_enabled":true,"jetpack_shortlink":"https:\/\/wp.me\/paKIfm-nwb","_links":{"self":[{"href":"http:\/\/www.tvturk.com\/index.php\/wp-json\/wp\/v2\/posts\/90407","targetHints":{"allow":["GET"]}}],"collection":[{"href":"http:\/\/www.tvturk.com\/index.php\/wp-json\/wp\/v2\/posts"}],"about":[{"href":"http:\/\/www.tvturk.com\/index.php\/wp-json\/wp\/v2\/types\/post"}],"author":[{"embeddable":true,"href":"http:\/\/www.tvturk.com\/index.php\/wp-json\/wp\/v2\/users\/1"}],"replies":[{"embeddable":true,"href":"http:\/\/www.tvturk.com\/index.php\/wp-json\/wp\/v2\/comments?post=90407"}],"version-history":[{"count":1,"href":"http:\/\/www.tvturk.com\/index.php\/wp-json\/wp\/v2\/posts\/90407\/revisions"}],"predecessor-version":[{"id":90411,"href":"http:\/\/www.tvturk.com\/index.php\/wp-json\/wp\/v2\/posts\/90407\/revisions\/90411"}],"wp:featuredmedia":[{"embeddable":true,"href":"http:\/\/www.tvturk.com\/index.php\/wp-json\/wp\/v2\/media\/90408"}],"wp:attachment":[{"href":"http:\/\/www.tvturk.com\/index.php\/wp-json\/wp\/v2\/media?parent=90407"}],"wp:term":[{"taxonomy":"category","embeddable":true,"href":"http:\/\/www.tvturk.com\/index.php\/wp-json\/wp\/v2\/categories?post=90407"},{"taxonomy":"post_tag","embeddable":true,"href":"http:\/\/www.tvturk.com\/index.php\/wp-json\/wp\/v2\/tags?post=90407"}],"curies":[{"name":"wp","href":"https:\/\/api.w.org\/{rel}","templated":true}]}}