{"id":90707,"date":"2019-03-14T12:00:36","date_gmt":"2019-03-14T09:00:36","guid":{"rendered":"http:\/\/www.tvturk.com\/index.php\/ozel-haber-manisasporun-icler-acisi-hali\/"},"modified":"2019-03-14T12:00:47","modified_gmt":"2019-03-14T09:00:47","slug":"ozel-haber-manisasporun-icler-acisi-hali","status":"publish","type":"post","link":"http:\/\/www.tvturk.com\/index.php\/ozel-haber-manisasporun-icler-acisi-hali\/","title":{"rendered":"(\u00d6zel Haber) Manisaspor\u2019un i\u00e7ler ac\u0131s\u0131 hali"},"content":{"rendered":"<p>Eski futbolcular\u0131na olan bor\u00e7lar\u0131 nedeniyle 15 puan\u0131 silinen ve TFF 2. Lig\u2019in dibine demir atan Manisaspor, tarihinin en zor g\u00fcnlerini ge\u00e7iriyor. Kasap esnaf\u0131na olan bor\u00e7lar\u0131ndan dolay\u0131 kupalar\u0131 haczedilen siyah-beyazl\u0131lar, yakla\u015f\u0131k 8 aydan bu yana fatura bor\u00e7lar\u0131n\u0131 \u00f6deyememeleri sebebiyle \u0131s\u0131nmak i\u00e7in tenekede odun yak\u0131yor, mum \u0131\u015f\u0131\u011f\u0131 alt\u0131nda ma\u00e7lara haz\u0131rlan\u0131yor.<\/p>\n<p>Yanl\u0131\u015f y\u00f6netim ve transfer politikalar\u0131 sonras\u0131 S\u00fcper Lig\u2019den 2. Lig\u2019in son s\u0131ralar\u0131na demir atan Manisaspor; elektrik, su ve do\u011fal gaz\u0131 kapat\u0131lan tesislerde zor \u015fartlar alt\u0131nda antrenmanlar\u0131n\u0131 ger\u00e7ekle\u015ftirmeye \u00e7al\u0131\u015f\u0131yor. Tarihinin en zor g\u00fcnlerini ge\u00e7iren, bor\u00e7lar\u0131ndan dolay\u0131 elektri\u011fi, suyu ve do\u011fal gaz\u0131 olmayan tesiste antrenmanlara \u00e7\u0131kan futbolcular, \u0131s\u0131nmak i\u00e7in tenekede odun yak\u0131yor, mum \u0131\u015f\u0131\u011f\u0131 alt\u0131nda ma\u00e7lara haz\u0131rlan\u0131yor. Futbolcular, so\u011fuk g\u00fcnleri de dinlendikleri odalar\u0131nda yorgan alt\u0131nda ge\u00e7iriyor. Manisaspor\u2019u ligde tutabilmek i\u00e7in her hafta sahada terlerinin son damlas\u0131na kadar m\u00fccadele eden gen\u00e7 futbolcular\u0131n i\u00e7ler ac\u0131s\u0131 bu hali futbolseverlerin y\u00fcreklerini burkuyor.<\/p>\n<p>&#8220;Faturalar\u0131 \u00f6deyemez duruma geldik&#8221;<\/p>\n<p>Manisaspor \u0130kinci Ba\u015fkan\u0131 Altan \u00c7ak\u0131c\u0131, t\u00fcm Manisa\u2019ya Manisaspor\u2019u kurtarmak i\u00e7in \u00e7a\u011fr\u0131da bulundu. \u00c7ak\u0131c\u0131, \u201cManisaspor\u2019un zor g\u00fcnlerinde g\u00f6reve geldik. Yakla\u015f\u0131k 8 ayd\u0131r bu g\u00f6reve devam ediyoruz. Bizim buraya gelmemizin ana nedenlerinden biri Manisaspor sevdam\u0131zd\u0131r. \u00c7\u00fcnk\u00fc Manisaspor\u2019un d\u00fc\u015ft\u00fc\u011f\u00fc durum ortadayd\u0131. \u0130yi y\u00f6netilmedi\u011fini g\u00f6rd\u00fck ve daha iyi y\u00f6netmek i\u00e7in g\u00f6reve geldik. Kendi imkanlar\u0131m\u0131zla yapt\u0131\u011f\u0131m\u0131z neticeler do\u011frultusunda her ma\u00e7a \u00e7\u0131kt\u0131k. Her deplasman\u0131m\u0131za gittik. Hi\u00e7bir \u015fekilde problem ya\u015famad\u0131k. Her deplasmanda 25 bin lira, her i\u00e7 sahada 7 bin lira masraf\u0131 kar\u015f\u0131layarak bu noktaya geldik. Fakat \u015fu an \u00f6yle bir noktaday\u0131z ki tesisimizin elektri\u011fi yok, do\u011fal gaz\u0131 kesik ve bunlar\u0131 kar\u015f\u0131layam\u0131yoruz. 10 ay boyunca elektrik faturas\u0131 \u00f6denmemi\u015f. Ge\u00e7mi\u015f d\u00f6nemdeki faturalar\u0131m\u0131z\u0131 \u00f6demekten, \u00f6n\u00fcm\u00fczdeki faturalar\u0131 \u00f6deyemez duruma geldik. \u015eu anda 80 bin lira elektrik, 80 bin lira da do\u011fal gaz borcumuz var. Bu tak\u0131m 18-19 ya\u015f\u0131nda gen\u00e7 karde\u015flerimizden olu\u015fmaktad\u0131r. Oyuncular\u0131m\u0131z\u0131n tamam\u0131 altyap\u0131dan yeti\u015fmi\u015f karde\u015flerimizdir. Yakla\u015f\u0131k 10 \u00f6\u011frencimiz lise \u00f6\u011frencisidir. \u00dcniversiteye haz\u0131rlananlar var. Tesisin elektri\u011fi kesildi\u011finden arkada\u015flar\u0131m\u0131z mum \u0131\u015f\u0131\u011f\u0131nda ders \u00e7al\u0131\u015f\u0131yor. D\u0131\u015far\u0131da teneke i\u00e7erisinde odun yakarak \u0131s\u0131n\u0131yorlar. L\u00fctfen bu konuda t\u00fcm Manisa\u2019y\u0131 g\u00f6reve davet ediyoruz\u201d diye konu\u015ftu.<\/p>\n<p>Kasaba olan bor\u00e7 nedeniyle kupalar haczedildi<\/p>\n<p>Manisaspor Kul\u00fcp Ba\u015fkan\u0131 B\u00fclent Baygeldi de, kul\u00fcb\u00fcn kazand\u0131\u011f\u0131 22 kupan\u0131n kasaba olan bor\u00e7lar\u0131 nedeniyle haczedildi\u011fini s\u00f6yledi. Baygeldi, \u201cGenel anlamda bizim borcumuz 55 milyon. Als\u0131nlar bu \u00e7ocuklar\u0131 herhangi bir kul\u00fcbe yerle\u015ftirsinler, s\u00f6z kapataca\u011f\u0131z bu kul\u00fcb\u00fc. Onlar da bunu istiyor. Biz \u015fimdi kapat\u0131rsak 100 \u00e7ocu\u011fun vebaline nas\u0131l girece\u011fiz? \u015eu anda 15 \u00e7ocu\u011fumuz kal\u0131yor. 15 \u00e7ocu\u011fumuz hep merkez k\u00f6ylerinden. \u015eimdi bu \u00e7ocuklar\u0131 biz soka\u011fa m\u0131 atal\u0131m, ne yapal\u0131m? Bug\u00fcne kadar 100 bin liraya kadar elektrik paras\u0131 \u00f6dedik. Ge\u00e7mi\u015fte bor\u00e7lar varken bir sene boyunca elektri\u011fi kesmediler, biz geldikten sonra her ay elektri\u011fi kesiyorlar. D\u00fczenli olarak takside b\u00f6ld\u00fcrd\u00fck. Her ay 11 bin lira \u00f6dedi\u011fimiz halde bu noktaday\u0131z. Ligin bitmesine 10 hafta var. Bu \u00e7ocuklar sokakta kalacak. Nerede yatacak bu \u00e7ocuklar? Kimisi futbolu b\u0131rakacak, idman yapmayacak, gidecek kafede \u00e7al\u0131\u015facak. Kimisi nargile i\u00e7ecek, kimisi sigara i\u00e7ecek&#8230; Bu \u00e7ocuklar soka\u011fa d\u00fc\u015ft\u00fc\u011f\u00fcnde \u00e7ok mu mutlu olacaklar? Manisaspor\u2019u kim bu hale getirdiyse o arkada\u015flar gelecekler, yard\u0131m edecekler. \u2019Bu kul\u00fcp bizde kals\u0131n\u2019 da demiyoruz. Kim gelip \u2019ben kurtar\u0131r\u0131m\u2019 diyorsa hemen gelsin anahtar\u0131 da kendisine teslim edelim. Bu kul\u00fcp y\u0131llard\u0131r kupalar kazand\u0131. Kasada olan 160 bin lira i\u00e7in bir ayda 160 bin lira fatura kesilmi\u015f. 160 bin lira i\u00e7in bu kul\u00fcb\u00fcn kupalar\u0131 hacizde duruyor&#8221; a\u00e7\u0131klamas\u0131n\u0131 yapt\u0131.<\/p>\n<p>&#8220;Bir\u00e7ok zorluk ya\u015f\u0131yoruz&#8221;<\/p>\n<p>Manisaspor Tak\u0131m Kaptan\u0131 \u00d6mer Bu\u011fdayc\u0131 ise, \u201c\u00c7ok zor durumlar ya\u015f\u0131yoruz. Elektri\u011fimiz, suyumuz, do\u011fal gaz\u0131m\u0131z kesik. Bir\u00e7ok zorluk ya\u015f\u0131yoruz. Hem kendimiz hem de Manisaspor i\u00e7in m\u00fccadele ediyoruz. Bu tak\u0131m\u0131 daha iyi yerlerde g\u00f6rmek isterdik. Biz de elimizden geleni yap\u0131yoruz\u201d dedi.<div class=\"tiled-gallery type-rectangular tiled-gallery-unresized\" data-original-width=\"500\" data-carousel-extra='null' itemscope itemtype=\"http:\/\/schema.org\/ImageGallery\" > <div class=\"gallery-row\" style=\"width: 500px; height: 224px;\" data-original-width=\"500\" data-original-height=\"224\" > <div class=\"gallery-group images-1\" style=\"width: 334px; height: 224px;\" data-original-width=\"334\" data-original-height=\"224\" > <div class=\"tiled-gallery-item tiled-gallery-item-large\" itemprop=\"associatedMedia\" itemscope itemtype=\"http:\/\/schema.org\/ImageObject\"> <a href=\"http:\/\/www.tvturk.com\/index.php\/ozel-haber-manisasporun-icler-acisi-hali\/ozel-haber-manisasporun-icler-acisi-hali-3\/\" border=\"0\" itemprop=\"url\"> <meta itemprop=\"width\" content=\"330\"> <meta itemprop=\"height\" content=\"220\"> <img decoding=\"async\" class=\"\" data-attachment-id=\"90709\" data-orig-file=\"http:\/\/www.tvturk.com\/wp-content\/uploads\/2019\/03\/ozel-haber-manisasporun-icler-acisi-hali_f571e25.jpg\" data-orig-size=\"1000,666\" data-comments-opened=\"\" data-image-meta=\"{&quot;aperture&quot;:&quot;0&quot;,&quot;credit&quot;:&quot;IHA&quot;,&quot;camera&quot;:&quot;&quot;,&quot;caption&quot;:&quot;ESK\\u0130 FUTBOLCULARINA OLAN BOR\\u00c7LARI NEDEN\\u0130YLE 15 PUANI S\\u0130L\\u0130NEN VE TFF 2. L\\u0130G\\u2019\\u0130N D\\u0130B\\u0130NE DEM\\u0130R ATAN MAN\\u0130SASPOR, TAR\\u0130H\\u0130N\\u0130N EN ZOR G\\u00dcNLER\\u0130N\\u0130 GE\\u00c7\\u0130R\\u0130YOR. KASAP ESNAFINA OLAN BOR\\u00c7LARINDAN DOLAYI KUPALARI HACZED\\u0130LEN S\\u0130YAH-BEYAZLILAR, YAKLA\\u015eIK 8 AYDAN BU YANA FATURA BOR\\u00c7LARINI \\u00d6DEYEMEMELER\\u0130 SEBEB\\u0130YLE ISINMAK \\u0130\\u00c7\\u0130N TENEKEDE ODUN YAKIYOR, MUM I\\u015eI\\u011eI ALTINDA DA MA\\u00c7LARA HAZIRLANIYOR. (AYKUT YEN\\u0130\\u00c7A\\u011e - ERSAN ERDO\\u011eAN\\\/MAN\\u0130SA-\\u0130HA)&quot;,&quot;created_timestamp&quot;:&quot;0&quot;,&quot;copyright&quot;:&quot;\\u0130HLAS HABER AJANSI, www.iha.com.tr&quot;,&quot;focal_length&quot;:&quot;0&quot;,&quot;iso&quot;:&quot;0&quot;,&quot;shutter_speed&quot;:&quot;0&quot;,&quot;title&quot;:&quot;(\\u00d6ZEL HABER) MAN\\u0130SASPOR\\u2019UN \\u0130\\u00c7LER ACISI HAL\\u0130 B\\u0130R ZAMANLAR S\\u00dcPER L\\u0130G\\u0027DE FIRTINALAR EST\\u0130REN MAN\\u0130SASPOR, \\u015e\\u0130MD\\u0130LERDE ELEKTR\\u0130KS\\u0130Z, SUSUZ VE DO\\u011eAL GAZSIZ MA\\u00c7LARINA HAZIRLANIYOR YARIM ASIRLIK KUL\\u00dcB\\u00dcN KASAP ESNAFINA OLAN ET \\u00dcR\\u00dcNLER\\u0130 BORCU NEDEN\\u0130YLE \\u015eAMP\\u0130YONLUK KUPALARI HACZED\\u0130LD\\u0130 YANLI\\u015e Y\\u00d6NET\\u0130M VE TRANSFER POL\\u0130T\\u0130KALARI SONRASI S\\u00dcPER L\\u0130GDEN 2. L\\u0130G\\u0130N D\\u0130B\\u0130NE DEM\\u0130R ATAN MAN\\u0130SASPOR; ELEKTR\\u0130K, SU VE DO\\u011eALGAZI KAPATILAN TES\\u0130SLERDE ZOR \\u015eARTLAR ALTINDA ANTRENMANLARA \\u00c7IKIYOR GEN\\u00c7 FUTBOLCULAR TENEKE \\u0130\\u00c7ER\\u0130S\\u0130NDE YAKTIKLARI ODUN PAR\\u00c7ALARIYLA ISINIYOR MAN\\u0130SASPOR\\u2019U L\\u0130GDE TUTAB\\u0130LMEK \\u0130\\u00c7\\u0130N HER HAFTA SAHADA TERLER\\u0130N\\u0130N SON DAMLASINA KADAR M\\u00dcCADELE EDEN GEN\\u00c7 FUTBOLCULAR KI\\u015eIN SO\\u011eUK G\\u00dcNLER\\u0130N\\u0130 DE D\\u0130NLEND\\u0130KLER\\u0130 ODALARINDA YORGAN ALTINDA GE\\u00c7\\u0130REREK ATLATTI&quot;,&quot;orientation&quot;:&quot;0&quot;}\" data-image-title=\"(\u00d6zel Haber) Manisaspor\u2019un i\u00e7ler ac\u0131s\u0131 hali\" data-image-description=\"&lt;p&gt;(\u00d6zel Haber) Manisaspor\u2019un i\u00e7ler ac\u0131s\u0131 hali&lt;\/p&gt; \" data-medium-file=\"https:\/\/i0.wp.com\/www.tvturk.com\/wp-content\/uploads\/2019\/03\/ozel-haber-manisasporun-icler-acisi-hali_f571e25.jpg?fit=300%2C200\" data-large-file=\"https:\/\/i0.wp.com\/www.tvturk.com\/wp-content\/uploads\/2019\/03\/ozel-haber-manisasporun-icler-acisi-hali_f571e25.jpg?fit=1000%2C666\" src=\"https:\/\/i0.wp.com\/www.tvturk.com\/wp-content\/uploads\/2019\/03\/ozel-haber-manisasporun-icler-acisi-hali_f571e25.jpg?w=330&#038;h=220\" srcset=\"https:\/\/i0.wp.com\/www.tvturk.com\/wp-content\/uploads\/2019\/03\/ozel-haber-manisasporun-icler-acisi-hali_f571e25.jpg?w=1000 1000w, https:\/\/i0.wp.com\/www.tvturk.com\/wp-content\/uploads\/2019\/03\/ozel-haber-manisasporun-icler-acisi-hali_f571e25.jpg?resize=150%2C100 150w, https:\/\/i0.wp.com\/www.tvturk.com\/wp-content\/uploads\/2019\/03\/ozel-haber-manisasporun-icler-acisi-hali_f571e25.jpg?resize=300%2C200 300w, https:\/\/i0.wp.com\/www.tvturk.com\/wp-content\/uploads\/2019\/03\/ozel-haber-manisasporun-icler-acisi-hali_f571e25.jpg?resize=768%2C511 768w, https:\/\/i0.wp.com\/www.tvturk.com\/wp-content\/uploads\/2019\/03\/ozel-haber-manisasporun-icler-acisi-hali_f571e25.jpg?resize=170%2C113 170w, https:\/\/i0.wp.com\/www.tvturk.com\/wp-content\/uploads\/2019\/03\/ozel-haber-manisasporun-icler-acisi-hali_f571e25.jpg?resize=120%2C80 120w\" width=\"330\" height=\"220\" loading=\"lazy\" data-original-width=\"330\" data-original-height=\"220\" itemprop=\"http:\/\/schema.org\/image\" title=\"(\u00d6zel Haber) Manisaspor\u2019un i\u00e7ler ac\u0131s\u0131 hali\" alt=\"(\u00d6zel Haber) Manisaspor\u2019un i\u00e7ler ac\u0131s\u0131 hali\" style=\"width: 330px; height: 220px;\" \/> <\/a> <\/div> <\/div> <!-- close group --> <div class=\"gallery-group images-2\" style=\"width: 166px; height: 224px;\" data-original-width=\"166\" data-original-height=\"224\" > <div class=\"tiled-gallery-item tiled-gallery-item-small\" itemprop=\"associatedMedia\" itemscope itemtype=\"http:\/\/schema.org\/ImageObject\"> <a href=\"http:\/\/www.tvturk.com\/index.php\/ozel-haber-manisasporun-icler-acisi-hali\/ozel-haber-manisasporun-icler-acisi-hali-4\/\" border=\"0\" itemprop=\"url\"> <meta itemprop=\"width\" content=\"162\"> <meta itemprop=\"height\" content=\"108\"> <img decoding=\"async\" class=\"\" data-attachment-id=\"90710\" data-orig-file=\"http:\/\/www.tvturk.com\/wp-content\/uploads\/2019\/03\/ozel-haber-manisasporun-icler-acisi-hali_ea65a4e.jpg\" data-orig-size=\"1000,666\" data-comments-opened=\"\" data-image-meta=\"{&quot;aperture&quot;:&quot;0&quot;,&quot;credit&quot;:&quot;IHA&quot;,&quot;camera&quot;:&quot;&quot;,&quot;caption&quot;:&quot;ESK\\u0130 FUTBOLCULARINA OLAN BOR\\u00c7LARI NEDEN\\u0130YLE 15 PUANI S\\u0130L\\u0130NEN VE TFF 2. L\\u0130G\\u2019\\u0130N D\\u0130B\\u0130NE DEM\\u0130R ATAN MAN\\u0130SASPOR, TAR\\u0130H\\u0130N\\u0130N EN ZOR G\\u00dcNLER\\u0130N\\u0130 GE\\u00c7\\u0130R\\u0130YOR. KASAP ESNAFINA OLAN BOR\\u00c7LARINDAN DOLAYI KUPALARI HACZED\\u0130LEN S\\u0130YAH-BEYAZLILAR, YAKLA\\u015eIK 8 AYDAN BU YANA FATURA BOR\\u00c7LARINI \\u00d6DEYEMEMELER\\u0130 SEBEB\\u0130YLE ISINMAK \\u0130\\u00c7\\u0130N TENEKEDE ODUN YAKIYOR, MUM I\\u015eI\\u011eI ALTINDA DA MA\\u00c7LARA HAZIRLANIYOR. (AYKUT YEN\\u0130\\u00c7A\\u011e - ERSAN ERDO\\u011eAN\\\/MAN\\u0130SA-\\u0130HA)&quot;,&quot;created_timestamp&quot;:&quot;0&quot;,&quot;copyright&quot;:&quot;\\u0130HLAS HABER AJANSI, www.iha.com.tr&quot;,&quot;focal_length&quot;:&quot;0&quot;,&quot;iso&quot;:&quot;0&quot;,&quot;shutter_speed&quot;:&quot;0&quot;,&quot;title&quot;:&quot;(\\u00d6ZEL HABER) MAN\\u0130SASPOR\\u2019UN \\u0130\\u00c7LER ACISI HAL\\u0130 B\\u0130R ZAMANLAR S\\u00dcPER L\\u0130G\\u0027DE FIRTINALAR EST\\u0130REN MAN\\u0130SASPOR, \\u015e\\u0130MD\\u0130LERDE ELEKTR\\u0130KS\\u0130Z, SUSUZ VE DO\\u011eAL GAZSIZ MA\\u00c7LARINA HAZIRLANIYOR YARIM ASIRLIK KUL\\u00dcB\\u00dcN KASAP ESNAFINA OLAN ET \\u00dcR\\u00dcNLER\\u0130 BORCU NEDEN\\u0130YLE \\u015eAMP\\u0130YONLUK KUPALARI HACZED\\u0130LD\\u0130 YANLI\\u015e Y\\u00d6NET\\u0130M VE TRANSFER POL\\u0130T\\u0130KALARI SONRASI S\\u00dcPER L\\u0130GDEN 2. L\\u0130G\\u0130N D\\u0130B\\u0130NE DEM\\u0130R ATAN MAN\\u0130SASPOR; ELEKTR\\u0130K, SU VE DO\\u011eALGAZI KAPATILAN TES\\u0130SLERDE ZOR \\u015eARTLAR ALTINDA ANTRENMANLARA \\u00c7IKIYOR GEN\\u00c7 FUTBOLCULAR TENEKE \\u0130\\u00c7ER\\u0130S\\u0130NDE YAKTIKLARI ODUN PAR\\u00c7ALARIYLA ISINIYOR MAN\\u0130SASPOR\\u2019U L\\u0130GDE TUTAB\\u0130LMEK \\u0130\\u00c7\\u0130N HER HAFTA SAHADA TERLER\\u0130N\\u0130N SON DAMLASINA KADAR M\\u00dcCADELE EDEN GEN\\u00c7 FUTBOLCULAR KI\\u015eIN SO\\u011eUK G\\u00dcNLER\\u0130N\\u0130 DE D\\u0130NLEND\\u0130KLER\\u0130 ODALARINDA YORGAN ALTINDA GE\\u00c7\\u0130REREK ATLATTI&quot;,&quot;orientation&quot;:&quot;0&quot;}\" data-image-title=\"(\u00d6zel Haber) Manisaspor\u2019un i\u00e7ler ac\u0131s\u0131 hali\" data-image-description=\"&lt;p&gt;(\u00d6zel Haber) Manisaspor\u2019un i\u00e7ler ac\u0131s\u0131 hali&lt;\/p&gt; \" data-medium-file=\"https:\/\/i0.wp.com\/www.tvturk.com\/wp-content\/uploads\/2019\/03\/ozel-haber-manisasporun-icler-acisi-hali_ea65a4e.jpg?fit=300%2C200\" data-large-file=\"https:\/\/i0.wp.com\/www.tvturk.com\/wp-content\/uploads\/2019\/03\/ozel-haber-manisasporun-icler-acisi-hali_ea65a4e.jpg?fit=1000%2C666\" src=\"https:\/\/i0.wp.com\/www.tvturk.com\/wp-content\/uploads\/2019\/03\/ozel-haber-manisasporun-icler-acisi-hali_ea65a4e.jpg?w=162&#038;h=108\" srcset=\"https:\/\/i0.wp.com\/www.tvturk.com\/wp-content\/uploads\/2019\/03\/ozel-haber-manisasporun-icler-acisi-hali_ea65a4e.jpg?w=1000 1000w, https:\/\/i0.wp.com\/www.tvturk.com\/wp-content\/uploads\/2019\/03\/ozel-haber-manisasporun-icler-acisi-hali_ea65a4e.jpg?resize=150%2C100 150w, https:\/\/i0.wp.com\/www.tvturk.com\/wp-content\/uploads\/2019\/03\/ozel-haber-manisasporun-icler-acisi-hali_ea65a4e.jpg?resize=300%2C200 300w, https:\/\/i0.wp.com\/www.tvturk.com\/wp-content\/uploads\/2019\/03\/ozel-haber-manisasporun-icler-acisi-hali_ea65a4e.jpg?resize=768%2C511 768w, https:\/\/i0.wp.com\/www.tvturk.com\/wp-content\/uploads\/2019\/03\/ozel-haber-manisasporun-icler-acisi-hali_ea65a4e.jpg?resize=170%2C113 170w, https:\/\/i0.wp.com\/www.tvturk.com\/wp-content\/uploads\/2019\/03\/ozel-haber-manisasporun-icler-acisi-hali_ea65a4e.jpg?resize=120%2C80 120w\" width=\"162\" height=\"108\" loading=\"lazy\" data-original-width=\"162\" data-original-height=\"108\" itemprop=\"http:\/\/schema.org\/image\" title=\"(\u00d6zel Haber) Manisaspor\u2019un i\u00e7ler ac\u0131s\u0131 hali\" alt=\"(\u00d6zel Haber) Manisaspor\u2019un i\u00e7ler ac\u0131s\u0131 hali\" style=\"width: 162px; height: 108px;\" \/> <\/a> <\/div> <div class=\"tiled-gallery-item tiled-gallery-item-small\" itemprop=\"associatedMedia\" itemscope itemtype=\"http:\/\/schema.org\/ImageObject\"> <a href=\"http:\/\/www.tvturk.com\/index.php\/ozel-haber-manisasporun-icler-acisi-hali\/ozel-haber-manisasporun-icler-acisi-hali-5\/\" border=\"0\" itemprop=\"url\"> <meta itemprop=\"width\" content=\"162\"> <meta itemprop=\"height\" content=\"108\"> <img decoding=\"async\" class=\"\" data-attachment-id=\"90711\" data-orig-file=\"http:\/\/www.tvturk.com\/wp-content\/uploads\/2019\/03\/ozel-haber-manisasporun-icler-acisi-hali_21c670a.jpg\" data-orig-size=\"1000,666\" data-comments-opened=\"\" data-image-meta=\"{&quot;aperture&quot;:&quot;0&quot;,&quot;credit&quot;:&quot;IHA&quot;,&quot;camera&quot;:&quot;&quot;,&quot;caption&quot;:&quot;ESK\\u0130 FUTBOLCULARINA OLAN BOR\\u00c7LARI NEDEN\\u0130YLE 15 PUANI S\\u0130L\\u0130NEN VE TFF 2. L\\u0130G\\u2019\\u0130N D\\u0130B\\u0130NE DEM\\u0130R ATAN MAN\\u0130SASPOR, TAR\\u0130H\\u0130N\\u0130N EN ZOR G\\u00dcNLER\\u0130N\\u0130 GE\\u00c7\\u0130R\\u0130YOR. KASAP ESNAFINA OLAN BOR\\u00c7LARINDAN DOLAYI KUPALARI HACZED\\u0130LEN S\\u0130YAH-BEYAZLILAR, YAKLA\\u015eIK 8 AYDAN BU YANA FATURA BOR\\u00c7LARINI \\u00d6DEYEMEMELER\\u0130 SEBEB\\u0130YLE ISINMAK \\u0130\\u00c7\\u0130N TENEKEDE ODUN YAKIYOR, MUM I\\u015eI\\u011eI ALTINDA DA MA\\u00c7LARA HAZIRLANIYOR. (AYKUT YEN\\u0130\\u00c7A\\u011e - ERSAN ERDO\\u011eAN\\\/MAN\\u0130SA-\\u0130HA)&quot;,&quot;created_timestamp&quot;:&quot;0&quot;,&quot;copyright&quot;:&quot;\\u0130HLAS HABER AJANSI, www.iha.com.tr&quot;,&quot;focal_length&quot;:&quot;0&quot;,&quot;iso&quot;:&quot;0&quot;,&quot;shutter_speed&quot;:&quot;0&quot;,&quot;title&quot;:&quot;(\\u00d6ZEL HABER) MAN\\u0130SASPOR\\u2019UN \\u0130\\u00c7LER ACISI HAL\\u0130 B\\u0130R ZAMANLAR S\\u00dcPER L\\u0130G\\u0027DE FIRTINALAR EST\\u0130REN MAN\\u0130SASPOR, \\u015e\\u0130MD\\u0130LERDE ELEKTR\\u0130KS\\u0130Z, SUSUZ VE DO\\u011eAL GAZSIZ MA\\u00c7LARINA HAZIRLANIYOR YARIM ASIRLIK KUL\\u00dcB\\u00dcN KASAP ESNAFINA OLAN ET \\u00dcR\\u00dcNLER\\u0130 BORCU NEDEN\\u0130YLE \\u015eAMP\\u0130YONLUK KUPALARI HACZED\\u0130LD\\u0130 YANLI\\u015e Y\\u00d6NET\\u0130M VE TRANSFER POL\\u0130T\\u0130KALARI SONRASI S\\u00dcPER L\\u0130GDEN 2. L\\u0130G\\u0130N D\\u0130B\\u0130NE DEM\\u0130R ATAN MAN\\u0130SASPOR; ELEKTR\\u0130K, SU VE DO\\u011eALGAZI KAPATILAN TES\\u0130SLERDE ZOR \\u015eARTLAR ALTINDA ANTRENMANLARA \\u00c7IKIYOR GEN\\u00c7 FUTBOLCULAR TENEKE \\u0130\\u00c7ER\\u0130S\\u0130NDE YAKTIKLARI ODUN PAR\\u00c7ALARIYLA ISINIYOR MAN\\u0130SASPOR\\u2019U L\\u0130GDE TUTAB\\u0130LMEK \\u0130\\u00c7\\u0130N HER HAFTA SAHADA TERLER\\u0130N\\u0130N SON DAMLASINA KADAR M\\u00dcCADELE EDEN GEN\\u00c7 FUTBOLCULAR KI\\u015eIN SO\\u011eUK G\\u00dcNLER\\u0130N\\u0130 DE D\\u0130NLEND\\u0130KLER\\u0130 ODALARINDA YORGAN ALTINDA GE\\u00c7\\u0130REREK ATLATTI&quot;,&quot;orientation&quot;:&quot;0&quot;}\" data-image-title=\"(\u00d6zel Haber) Manisaspor\u2019un i\u00e7ler ac\u0131s\u0131 hali\" data-image-description=\"&lt;p&gt;(\u00d6zel Haber) Manisaspor\u2019un i\u00e7ler ac\u0131s\u0131 hali&lt;\/p&gt; \" data-medium-file=\"https:\/\/i0.wp.com\/www.tvturk.com\/wp-content\/uploads\/2019\/03\/ozel-haber-manisasporun-icler-acisi-hali_21c670a.jpg?fit=300%2C200\" data-large-file=\"https:\/\/i0.wp.com\/www.tvturk.com\/wp-content\/uploads\/2019\/03\/ozel-haber-manisasporun-icler-acisi-hali_21c670a.jpg?fit=1000%2C666\" src=\"https:\/\/i0.wp.com\/www.tvturk.com\/wp-content\/uploads\/2019\/03\/ozel-haber-manisasporun-icler-acisi-hali_21c670a.jpg?w=162&#038;h=108\" srcset=\"https:\/\/i0.wp.com\/www.tvturk.com\/wp-content\/uploads\/2019\/03\/ozel-haber-manisasporun-icler-acisi-hali_21c670a.jpg?w=1000 1000w, https:\/\/i0.wp.com\/www.tvturk.com\/wp-content\/uploads\/2019\/03\/ozel-haber-manisasporun-icler-acisi-hali_21c670a.jpg?resize=150%2C100 150w, https:\/\/i0.wp.com\/www.tvturk.com\/wp-content\/uploads\/2019\/03\/ozel-haber-manisasporun-icler-acisi-hali_21c670a.jpg?resize=300%2C200 300w, https:\/\/i0.wp.com\/www.tvturk.com\/wp-content\/uploads\/2019\/03\/ozel-haber-manisasporun-icler-acisi-hali_21c670a.jpg?resize=768%2C511 768w, https:\/\/i0.wp.com\/www.tvturk.com\/wp-content\/uploads\/2019\/03\/ozel-haber-manisasporun-icler-acisi-hali_21c670a.jpg?resize=170%2C113 170w, https:\/\/i0.wp.com\/www.tvturk.com\/wp-content\/uploads\/2019\/03\/ozel-haber-manisasporun-icler-acisi-hali_21c670a.jpg?resize=120%2C80 120w\" width=\"162\" height=\"108\" loading=\"lazy\" data-original-width=\"162\" data-original-height=\"108\" itemprop=\"http:\/\/schema.org\/image\" title=\"(\u00d6zel Haber) Manisaspor\u2019un i\u00e7ler ac\u0131s\u0131 hali\" alt=\"(\u00d6zel Haber) Manisaspor\u2019un i\u00e7ler ac\u0131s\u0131 hali\" style=\"width: 162px; height: 108px;\" \/> <\/a> <\/div> <\/div> <!-- close group --> <\/div> <!-- close row --> <div class=\"gallery-row\" style=\"width: 500px; height: 224px;\" data-original-width=\"500\" data-original-height=\"224\" > <div class=\"gallery-group images-2\" style=\"width: 166px; height: 224px;\" data-original-width=\"166\" data-original-height=\"224\" > <div class=\"tiled-gallery-item tiled-gallery-item-small\" itemprop=\"associatedMedia\" itemscope itemtype=\"http:\/\/schema.org\/ImageObject\"> <a href=\"http:\/\/www.tvturk.com\/index.php\/ozel-haber-manisasporun-icler-acisi-hali\/ozel-haber-manisasporun-icler-acisi-hali-6\/\" border=\"0\" itemprop=\"url\"> <meta itemprop=\"width\" content=\"162\"> <meta itemprop=\"height\" content=\"108\"> <img decoding=\"async\" class=\"\" data-attachment-id=\"90712\" data-orig-file=\"http:\/\/www.tvturk.com\/wp-content\/uploads\/2019\/03\/ozel-haber-manisasporun-icler-acisi-hali_6f5f9aa.jpg\" data-orig-size=\"1000,666\" data-comments-opened=\"\" data-image-meta=\"{&quot;aperture&quot;:&quot;0&quot;,&quot;credit&quot;:&quot;IHA&quot;,&quot;camera&quot;:&quot;&quot;,&quot;caption&quot;:&quot;ESK\\u0130 FUTBOLCULARINA OLAN BOR\\u00c7LARI NEDEN\\u0130YLE 15 PUANI S\\u0130L\\u0130NEN VE TFF 2. L\\u0130G\\u2019\\u0130N D\\u0130B\\u0130NE DEM\\u0130R ATAN MAN\\u0130SASPOR, TAR\\u0130H\\u0130N\\u0130N EN ZOR G\\u00dcNLER\\u0130N\\u0130 GE\\u00c7\\u0130R\\u0130YOR. KASAP ESNAFINA OLAN BOR\\u00c7LARINDAN DOLAYI KUPALARI HACZED\\u0130LEN S\\u0130YAH-BEYAZLILAR, YAKLA\\u015eIK 8 AYDAN BU YANA FATURA BOR\\u00c7LARINI \\u00d6DEYEMEMELER\\u0130 SEBEB\\u0130YLE ISINMAK \\u0130\\u00c7\\u0130N TENEKEDE ODUN YAKIYOR, MUM I\\u015eI\\u011eI ALTINDA DA MA\\u00c7LARA HAZIRLANIYOR. (AYKUT YEN\\u0130\\u00c7A\\u011e - ERSAN ERDO\\u011eAN\\\/MAN\\u0130SA-\\u0130HA)&quot;,&quot;created_timestamp&quot;:&quot;0&quot;,&quot;copyright&quot;:&quot;\\u0130HLAS HABER AJANSI, www.iha.com.tr&quot;,&quot;focal_length&quot;:&quot;0&quot;,&quot;iso&quot;:&quot;0&quot;,&quot;shutter_speed&quot;:&quot;0&quot;,&quot;title&quot;:&quot;(\\u00d6ZEL HABER) MAN\\u0130SASPOR\\u2019UN \\u0130\\u00c7LER ACISI HAL\\u0130 B\\u0130R ZAMANLAR S\\u00dcPER L\\u0130G\\u0027DE FIRTINALAR EST\\u0130REN MAN\\u0130SASPOR, \\u015e\\u0130MD\\u0130LERDE ELEKTR\\u0130KS\\u0130Z, SUSUZ VE DO\\u011eAL GAZSIZ MA\\u00c7LARINA HAZIRLANIYOR YARIM ASIRLIK KUL\\u00dcB\\u00dcN KASAP ESNAFINA OLAN ET \\u00dcR\\u00dcNLER\\u0130 BORCU NEDEN\\u0130YLE \\u015eAMP\\u0130YONLUK KUPALARI HACZED\\u0130LD\\u0130 YANLI\\u015e Y\\u00d6NET\\u0130M VE TRANSFER POL\\u0130T\\u0130KALARI SONRASI S\\u00dcPER L\\u0130GDEN 2. L\\u0130G\\u0130N D\\u0130B\\u0130NE DEM\\u0130R ATAN MAN\\u0130SASPOR; ELEKTR\\u0130K, SU VE DO\\u011eALGAZI KAPATILAN TES\\u0130SLERDE ZOR \\u015eARTLAR ALTINDA ANTRENMANLARA \\u00c7IKIYOR GEN\\u00c7 FUTBOLCULAR TENEKE \\u0130\\u00c7ER\\u0130S\\u0130NDE YAKTIKLARI ODUN PAR\\u00c7ALARIYLA ISINIYOR MAN\\u0130SASPOR\\u2019U L\\u0130GDE TUTAB\\u0130LMEK \\u0130\\u00c7\\u0130N HER HAFTA SAHADA TERLER\\u0130N\\u0130N SON DAMLASINA KADAR M\\u00dcCADELE EDEN GEN\\u00c7 FUTBOLCULAR KI\\u015eIN SO\\u011eUK G\\u00dcNLER\\u0130N\\u0130 DE D\\u0130NLEND\\u0130KLER\\u0130 ODALARINDA YORGAN ALTINDA GE\\u00c7\\u0130REREK ATLATTI&quot;,&quot;orientation&quot;:&quot;0&quot;}\" data-image-title=\"(\u00d6zel Haber) Manisaspor\u2019un i\u00e7ler ac\u0131s\u0131 hali\" data-image-description=\"&lt;p&gt;(\u00d6zel Haber) Manisaspor\u2019un i\u00e7ler ac\u0131s\u0131 hali&lt;\/p&gt; \" data-medium-file=\"https:\/\/i0.wp.com\/www.tvturk.com\/wp-content\/uploads\/2019\/03\/ozel-haber-manisasporun-icler-acisi-hali_6f5f9aa.jpg?fit=300%2C200\" data-large-file=\"https:\/\/i0.wp.com\/www.tvturk.com\/wp-content\/uploads\/2019\/03\/ozel-haber-manisasporun-icler-acisi-hali_6f5f9aa.jpg?fit=1000%2C666\" src=\"https:\/\/i0.wp.com\/www.tvturk.com\/wp-content\/uploads\/2019\/03\/ozel-haber-manisasporun-icler-acisi-hali_6f5f9aa.jpg?w=162&#038;h=108\" srcset=\"https:\/\/i0.wp.com\/www.tvturk.com\/wp-content\/uploads\/2019\/03\/ozel-haber-manisasporun-icler-acisi-hali_6f5f9aa.jpg?w=1000 1000w, https:\/\/i0.wp.com\/www.tvturk.com\/wp-content\/uploads\/2019\/03\/ozel-haber-manisasporun-icler-acisi-hali_6f5f9aa.jpg?resize=150%2C100 150w, https:\/\/i0.wp.com\/www.tvturk.com\/wp-content\/uploads\/2019\/03\/ozel-haber-manisasporun-icler-acisi-hali_6f5f9aa.jpg?resize=300%2C200 300w, https:\/\/i0.wp.com\/www.tvturk.com\/wp-content\/uploads\/2019\/03\/ozel-haber-manisasporun-icler-acisi-hali_6f5f9aa.jpg?resize=768%2C511 768w, https:\/\/i0.wp.com\/www.tvturk.com\/wp-content\/uploads\/2019\/03\/ozel-haber-manisasporun-icler-acisi-hali_6f5f9aa.jpg?resize=170%2C113 170w, https:\/\/i0.wp.com\/www.tvturk.com\/wp-content\/uploads\/2019\/03\/ozel-haber-manisasporun-icler-acisi-hali_6f5f9aa.jpg?resize=120%2C80 120w\" width=\"162\" height=\"108\" loading=\"lazy\" data-original-width=\"162\" data-original-height=\"108\" itemprop=\"http:\/\/schema.org\/image\" title=\"(\u00d6zel Haber) Manisaspor\u2019un i\u00e7ler ac\u0131s\u0131 hali\" alt=\"(\u00d6zel Haber) Manisaspor\u2019un i\u00e7ler ac\u0131s\u0131 hali\" style=\"width: 162px; height: 108px;\" \/> <\/a> <\/div> <div class=\"tiled-gallery-item tiled-gallery-item-small\" itemprop=\"associatedMedia\" itemscope itemtype=\"http:\/\/schema.org\/ImageObject\"> <a href=\"http:\/\/www.tvturk.com\/index.php\/ozel-haber-manisasporun-icler-acisi-hali\/ozel-haber-manisasporun-icler-acisi-hali-7\/\" border=\"0\" itemprop=\"url\"> <meta itemprop=\"width\" content=\"162\"> <meta itemprop=\"height\" content=\"108\"> <img decoding=\"async\" class=\"\" data-attachment-id=\"90713\" data-orig-file=\"http:\/\/www.tvturk.com\/wp-content\/uploads\/2019\/03\/ozel-haber-manisasporun-icler-acisi-hali_d1da254.jpg\" data-orig-size=\"1000,666\" data-comments-opened=\"\" data-image-meta=\"{&quot;aperture&quot;:&quot;0&quot;,&quot;credit&quot;:&quot;IHA&quot;,&quot;camera&quot;:&quot;&quot;,&quot;caption&quot;:&quot;ESK\\u0130 FUTBOLCULARINA OLAN BOR\\u00c7LARI NEDEN\\u0130YLE 15 PUANI S\\u0130L\\u0130NEN VE TFF 2. L\\u0130G\\u2019\\u0130N D\\u0130B\\u0130NE DEM\\u0130R ATAN MAN\\u0130SASPOR, TAR\\u0130H\\u0130N\\u0130N EN ZOR G\\u00dcNLER\\u0130N\\u0130 GE\\u00c7\\u0130R\\u0130YOR. KASAP ESNAFINA OLAN BOR\\u00c7LARINDAN DOLAYI KUPALARI HACZED\\u0130LEN S\\u0130YAH-BEYAZLILAR, YAKLA\\u015eIK 8 AYDAN BU YANA FATURA BOR\\u00c7LARINI \\u00d6DEYEMEMELER\\u0130 SEBEB\\u0130YLE ISINMAK \\u0130\\u00c7\\u0130N TENEKEDE ODUN YAKIYOR, MUM I\\u015eI\\u011eI ALTINDA DA MA\\u00c7LARA HAZIRLANIYOR. (AYKUT YEN\\u0130\\u00c7A\\u011e - ERSAN ERDO\\u011eAN\\\/MAN\\u0130SA-\\u0130HA)&quot;,&quot;created_timestamp&quot;:&quot;0&quot;,&quot;copyright&quot;:&quot;\\u0130HLAS HABER AJANSI, www.iha.com.tr&quot;,&quot;focal_length&quot;:&quot;0&quot;,&quot;iso&quot;:&quot;0&quot;,&quot;shutter_speed&quot;:&quot;0&quot;,&quot;title&quot;:&quot;(\\u00d6ZEL HABER) MAN\\u0130SASPOR\\u2019UN \\u0130\\u00c7LER ACISI HAL\\u0130 B\\u0130R ZAMANLAR S\\u00dcPER L\\u0130G\\u0027DE FIRTINALAR EST\\u0130REN MAN\\u0130SASPOR, \\u015e\\u0130MD\\u0130LERDE ELEKTR\\u0130KS\\u0130Z, SUSUZ VE DO\\u011eAL GAZSIZ MA\\u00c7LARINA HAZIRLANIYOR YARIM ASIRLIK KUL\\u00dcB\\u00dcN KASAP ESNAFINA OLAN ET \\u00dcR\\u00dcNLER\\u0130 BORCU NEDEN\\u0130YLE \\u015eAMP\\u0130YONLUK KUPALARI HACZED\\u0130LD\\u0130 YANLI\\u015e Y\\u00d6NET\\u0130M VE TRANSFER POL\\u0130T\\u0130KALARI SONRASI S\\u00dcPER L\\u0130GDEN 2. L\\u0130G\\u0130N D\\u0130B\\u0130NE DEM\\u0130R ATAN MAN\\u0130SASPOR; ELEKTR\\u0130K, SU VE DO\\u011eALGAZI KAPATILAN TES\\u0130SLERDE ZOR \\u015eARTLAR ALTINDA ANTRENMANLARA \\u00c7IKIYOR GEN\\u00c7 FUTBOLCULAR TENEKE \\u0130\\u00c7ER\\u0130S\\u0130NDE YAKTIKLARI ODUN PAR\\u00c7ALARIYLA ISINIYOR MAN\\u0130SASPOR\\u2019U L\\u0130GDE TUTAB\\u0130LMEK \\u0130\\u00c7\\u0130N HER HAFTA SAHADA TERLER\\u0130N\\u0130N SON DAMLASINA KADAR M\\u00dcCADELE EDEN GEN\\u00c7 FUTBOLCULAR KI\\u015eIN SO\\u011eUK G\\u00dcNLER\\u0130N\\u0130 DE D\\u0130NLEND\\u0130KLER\\u0130 ODALARINDA YORGAN ALTINDA GE\\u00c7\\u0130REREK ATLATTI&quot;,&quot;orientation&quot;:&quot;0&quot;}\" data-image-title=\"(\u00d6zel Haber) Manisaspor\u2019un i\u00e7ler ac\u0131s\u0131 hali\" data-image-description=\"&lt;p&gt;(\u00d6zel Haber) Manisaspor\u2019un i\u00e7ler ac\u0131s\u0131 hali&lt;\/p&gt; \" data-medium-file=\"https:\/\/i0.wp.com\/www.tvturk.com\/wp-content\/uploads\/2019\/03\/ozel-haber-manisasporun-icler-acisi-hali_d1da254.jpg?fit=300%2C200\" data-large-file=\"https:\/\/i0.wp.com\/www.tvturk.com\/wp-content\/uploads\/2019\/03\/ozel-haber-manisasporun-icler-acisi-hali_d1da254.jpg?fit=1000%2C666\" src=\"https:\/\/i0.wp.com\/www.tvturk.com\/wp-content\/uploads\/2019\/03\/ozel-haber-manisasporun-icler-acisi-hali_d1da254.jpg?w=162&#038;h=108\" srcset=\"https:\/\/i0.wp.com\/www.tvturk.com\/wp-content\/uploads\/2019\/03\/ozel-haber-manisasporun-icler-acisi-hali_d1da254.jpg?w=1000 1000w, https:\/\/i0.wp.com\/www.tvturk.com\/wp-content\/uploads\/2019\/03\/ozel-haber-manisasporun-icler-acisi-hali_d1da254.jpg?resize=150%2C100 150w, https:\/\/i0.wp.com\/www.tvturk.com\/wp-content\/uploads\/2019\/03\/ozel-haber-manisasporun-icler-acisi-hali_d1da254.jpg?resize=300%2C200 300w, https:\/\/i0.wp.com\/www.tvturk.com\/wp-content\/uploads\/2019\/03\/ozel-haber-manisasporun-icler-acisi-hali_d1da254.jpg?resize=768%2C511 768w, https:\/\/i0.wp.com\/www.tvturk.com\/wp-content\/uploads\/2019\/03\/ozel-haber-manisasporun-icler-acisi-hali_d1da254.jpg?resize=170%2C113 170w, https:\/\/i0.wp.com\/www.tvturk.com\/wp-content\/uploads\/2019\/03\/ozel-haber-manisasporun-icler-acisi-hali_d1da254.jpg?resize=120%2C80 120w\" width=\"162\" height=\"108\" loading=\"lazy\" data-original-width=\"162\" data-original-height=\"108\" itemprop=\"http:\/\/schema.org\/image\" title=\"(\u00d6zel Haber) Manisaspor\u2019un i\u00e7ler ac\u0131s\u0131 hali\" alt=\"(\u00d6zel Haber) Manisaspor\u2019un i\u00e7ler ac\u0131s\u0131 hali\" style=\"width: 162px; height: 108px;\" \/> <\/a> <\/div> <\/div> <!-- close group --> <div class=\"gallery-group images-1\" style=\"width: 334px; height: 224px;\" data-original-width=\"334\" data-original-height=\"224\" > <div class=\"tiled-gallery-item tiled-gallery-item-large\" itemprop=\"associatedMedia\" itemscope itemtype=\"http:\/\/schema.org\/ImageObject\"> <a href=\"http:\/\/www.tvturk.com\/index.php\/ozel-haber-manisasporun-icler-acisi-hali\/ozel-haber-manisasporun-icler-acisi-hali-8\/\" border=\"0\" itemprop=\"url\"> <meta itemprop=\"width\" content=\"330\"> <meta itemprop=\"height\" content=\"220\"> <img decoding=\"async\" class=\"\" data-attachment-id=\"90714\" data-orig-file=\"http:\/\/www.tvturk.com\/wp-content\/uploads\/2019\/03\/ozel-haber-manisasporun-icler-acisi-hali_e6abb3e.jpg\" data-orig-size=\"1000,666\" data-comments-opened=\"\" data-image-meta=\"{&quot;aperture&quot;:&quot;0&quot;,&quot;credit&quot;:&quot;IHA&quot;,&quot;camera&quot;:&quot;&quot;,&quot;caption&quot;:&quot;ESK\\u0130 FUTBOLCULARINA OLAN BOR\\u00c7LARI NEDEN\\u0130YLE 15 PUANI S\\u0130L\\u0130NEN VE TFF 2. L\\u0130G\\u2019\\u0130N D\\u0130B\\u0130NE DEM\\u0130R ATAN MAN\\u0130SASPOR, TAR\\u0130H\\u0130N\\u0130N EN ZOR G\\u00dcNLER\\u0130N\\u0130 GE\\u00c7\\u0130R\\u0130YOR. KASAP ESNAFINA OLAN BOR\\u00c7LARINDAN DOLAYI KUPALARI HACZED\\u0130LEN S\\u0130YAH-BEYAZLILAR, YAKLA\\u015eIK 8 AYDAN BU YANA FATURA BOR\\u00c7LARINI \\u00d6DEYEMEMELER\\u0130 SEBEB\\u0130YLE ISINMAK \\u0130\\u00c7\\u0130N TENEKEDE ODUN YAKIYOR, MUM I\\u015eI\\u011eI ALTINDA DA MA\\u00c7LARA HAZIRLANIYOR. (AYKUT YEN\\u0130\\u00c7A\\u011e - ERSAN ERDO\\u011eAN\\\/MAN\\u0130SA-\\u0130HA)&quot;,&quot;created_timestamp&quot;:&quot;0&quot;,&quot;copyright&quot;:&quot;\\u0130HLAS HABER AJANSI, www.iha.com.tr&quot;,&quot;focal_length&quot;:&quot;0&quot;,&quot;iso&quot;:&quot;0&quot;,&quot;shutter_speed&quot;:&quot;0&quot;,&quot;title&quot;:&quot;(\\u00d6ZEL HABER) MAN\\u0130SASPOR\\u2019UN \\u0130\\u00c7LER ACISI HAL\\u0130 B\\u0130R ZAMANLAR S\\u00dcPER L\\u0130G\\u0027DE FIRTINALAR EST\\u0130REN MAN\\u0130SASPOR, \\u015e\\u0130MD\\u0130LERDE ELEKTR\\u0130KS\\u0130Z, SUSUZ VE DO\\u011eAL GAZSIZ MA\\u00c7LARINA HAZIRLANIYOR YARIM ASIRLIK KUL\\u00dcB\\u00dcN KASAP ESNAFINA OLAN ET \\u00dcR\\u00dcNLER\\u0130 BORCU NEDEN\\u0130YLE \\u015eAMP\\u0130YONLUK KUPALARI HACZED\\u0130LD\\u0130 YANLI\\u015e Y\\u00d6NET\\u0130M VE TRANSFER POL\\u0130T\\u0130KALARI SONRASI S\\u00dcPER L\\u0130GDEN 2. L\\u0130G\\u0130N D\\u0130B\\u0130NE DEM\\u0130R ATAN MAN\\u0130SASPOR; ELEKTR\\u0130K, SU VE DO\\u011eALGAZI KAPATILAN TES\\u0130SLERDE ZOR \\u015eARTLAR ALTINDA ANTRENMANLARA \\u00c7IKIYOR GEN\\u00c7 FUTBOLCULAR TENEKE \\u0130\\u00c7ER\\u0130S\\u0130NDE YAKTIKLARI ODUN PAR\\u00c7ALARIYLA ISINIYOR MAN\\u0130SASPOR\\u2019U L\\u0130GDE TUTAB\\u0130LMEK \\u0130\\u00c7\\u0130N HER HAFTA SAHADA TERLER\\u0130N\\u0130N SON DAMLASINA KADAR M\\u00dcCADELE EDEN GEN\\u00c7 FUTBOLCULAR KI\\u015eIN SO\\u011eUK G\\u00dcNLER\\u0130N\\u0130 DE D\\u0130NLEND\\u0130KLER\\u0130 ODALARINDA YORGAN ALTINDA GE\\u00c7\\u0130REREK ATLATTI&quot;,&quot;orientation&quot;:&quot;0&quot;}\" data-image-title=\"(\u00d6zel Haber) Manisaspor\u2019un i\u00e7ler ac\u0131s\u0131 hali\" data-image-description=\"&lt;p&gt;(\u00d6zel Haber) Manisaspor\u2019un i\u00e7ler ac\u0131s\u0131 hali&lt;\/p&gt; \" data-medium-file=\"https:\/\/i0.wp.com\/www.tvturk.com\/wp-content\/uploads\/2019\/03\/ozel-haber-manisasporun-icler-acisi-hali_e6abb3e.jpg?fit=300%2C200\" data-large-file=\"https:\/\/i0.wp.com\/www.tvturk.com\/wp-content\/uploads\/2019\/03\/ozel-haber-manisasporun-icler-acisi-hali_e6abb3e.jpg?fit=1000%2C666\" src=\"https:\/\/i0.wp.com\/www.tvturk.com\/wp-content\/uploads\/2019\/03\/ozel-haber-manisasporun-icler-acisi-hali_e6abb3e.jpg?w=330&#038;h=220\" srcset=\"https:\/\/i0.wp.com\/www.tvturk.com\/wp-content\/uploads\/2019\/03\/ozel-haber-manisasporun-icler-acisi-hali_e6abb3e.jpg?w=1000 1000w, https:\/\/i0.wp.com\/www.tvturk.com\/wp-content\/uploads\/2019\/03\/ozel-haber-manisasporun-icler-acisi-hali_e6abb3e.jpg?resize=150%2C100 150w, https:\/\/i0.wp.com\/www.tvturk.com\/wp-content\/uploads\/2019\/03\/ozel-haber-manisasporun-icler-acisi-hali_e6abb3e.jpg?resize=300%2C200 300w, https:\/\/i0.wp.com\/www.tvturk.com\/wp-content\/uploads\/2019\/03\/ozel-haber-manisasporun-icler-acisi-hali_e6abb3e.jpg?resize=768%2C511 768w, https:\/\/i0.wp.com\/www.tvturk.com\/wp-content\/uploads\/2019\/03\/ozel-haber-manisasporun-icler-acisi-hali_e6abb3e.jpg?resize=170%2C113 170w, https:\/\/i0.wp.com\/www.tvturk.com\/wp-content\/uploads\/2019\/03\/ozel-haber-manisasporun-icler-acisi-hali_e6abb3e.jpg?resize=120%2C80 120w\" width=\"330\" height=\"220\" loading=\"lazy\" data-original-width=\"330\" data-original-height=\"220\" itemprop=\"http:\/\/schema.org\/image\" title=\"(\u00d6zel Haber) Manisaspor\u2019un i\u00e7ler ac\u0131s\u0131 hali\" alt=\"(\u00d6zel Haber) Manisaspor\u2019un i\u00e7ler ac\u0131s\u0131 hali\" style=\"width: 330px; height: 220px;\" \/> <\/a> <\/div> <\/div> <!-- close group --> <\/div> <!-- close row --> <div class=\"gallery-row\" style=\"width: 500px; height: 168px;\" data-original-width=\"500\" data-original-height=\"168\" > <div class=\"gallery-group images-1\" style=\"width: 250px; height: 168px;\" data-original-width=\"250\" data-original-height=\"168\" > <div class=\"tiled-gallery-item tiled-gallery-item-small\" itemprop=\"associatedMedia\" itemscope itemtype=\"http:\/\/schema.org\/ImageObject\"> <a href=\"http:\/\/www.tvturk.com\/index.php\/ozel-haber-manisasporun-icler-acisi-hali\/ozel-haber-manisasporun-icler-acisi-hali-9\/\" border=\"0\" itemprop=\"url\"> <meta itemprop=\"width\" content=\"246\"> <meta itemprop=\"height\" content=\"164\"> <img decoding=\"async\" class=\"\" data-attachment-id=\"90715\" data-orig-file=\"http:\/\/www.tvturk.com\/wp-content\/uploads\/2019\/03\/ozel-haber-manisasporun-icler-acisi-hali_fc6ed39.jpg\" data-orig-size=\"1000,666\" data-comments-opened=\"\" data-image-meta=\"{&quot;aperture&quot;:&quot;0&quot;,&quot;credit&quot;:&quot;IHA&quot;,&quot;camera&quot;:&quot;&quot;,&quot;caption&quot;:&quot;MAN\\u0130SASPOR KUL\\u00dcP BA\\u015eKANI B\\u00dcLENT BAYGELD\\u0130 DE, KUL\\u00dcB\\u00dcN KAZANDI\\u011eI 22 KUPANIN KASABA OLAN BOR\\u00c7LARI NEDEN\\u0130YLE HACZED\\u0130LD\\u0130\\u011e\\u0130N\\u0130 S\\u00d6YLED\\u0130. BAYGELD\\u0130, \\u015e\\u00d6YLE DEVAM ETT\\u0130: \\u201cGENEL ANLAMDA B\\u0130Z\\u0130M BORCUMUZ 55 M\\u0130LYON. ALSINLAR BU \\u00c7OCUKLARI HERHANG\\u0130 B\\u0130R KUL\\u00dcBE YERLE\\u015eT\\u0130RS\\u0130NLER, S\\u00d6Z KAPATACA\\u011eIMIZ BU KUL\\u00dcB\\u00dc. ONLAR DA BUNU \\u0130ST\\u0130YOR. B\\u0130Z \\u015e\\u0130MD\\u0130 KAPATIRSAK 100 \\u00c7OCU\\u011eUN VEBAL\\u0130NE NASIL G\\u0130RECE\\u011e\\u0130Z?\\u0022 DED\\u0130. (AYKUT YEN\\u0130\\u00c7A\\u011e - ERSAN ERDO\\u011eAN\\\/MAN\\u0130SA-\\u0130HA)&quot;,&quot;created_timestamp&quot;:&quot;0&quot;,&quot;copyright&quot;:&quot;\\u0130HLAS HABER AJANSI, www.iha.com.tr&quot;,&quot;focal_length&quot;:&quot;0&quot;,&quot;iso&quot;:&quot;0&quot;,&quot;shutter_speed&quot;:&quot;0&quot;,&quot;title&quot;:&quot;(\\u00d6ZEL HABER) MAN\\u0130SASPOR\\u2019UN \\u0130\\u00c7LER ACISI HAL\\u0130 B\\u0130R ZAMANLAR S\\u00dcPER L\\u0130G\\u0027DE FIRTINALAR EST\\u0130REN MAN\\u0130SASPOR, \\u015e\\u0130MD\\u0130LERDE ELEKTR\\u0130KS\\u0130Z, SUSUZ VE DO\\u011eAL GAZSIZ MA\\u00c7LARINA HAZIRLANIYOR YARIM ASIRLIK KUL\\u00dcB\\u00dcN KASAP ESNAFINA OLAN ET \\u00dcR\\u00dcNLER\\u0130 BORCU NEDEN\\u0130YLE \\u015eAMP\\u0130YONLUK KUPALARI HACZED\\u0130LD\\u0130 YANLI\\u015e Y\\u00d6NET\\u0130M VE TRANSFER POL\\u0130T\\u0130KALARI SONRASI S\\u00dcPER L\\u0130GDEN 2. L\\u0130G\\u0130N D\\u0130B\\u0130NE DEM\\u0130R ATAN MAN\\u0130SASPOR; ELEKTR\\u0130K, SU VE DO\\u011eALGAZI KAPATILAN TES\\u0130SLERDE ZOR \\u015eARTLAR ALTINDA ANTRENMANLARA \\u00c7IKIYOR GEN\\u00c7 FUTBOLCULAR TENEKE \\u0130\\u00c7ER\\u0130S\\u0130NDE YAKTIKLARI ODUN PAR\\u00c7ALARIYLA ISINIYOR MAN\\u0130SASPOR\\u2019U L\\u0130GDE TUTAB\\u0130LMEK \\u0130\\u00c7\\u0130N HER HAFTA SAHADA TERLER\\u0130N\\u0130N SON DAMLASINA KADAR M\\u00dcCADELE EDEN GEN\\u00c7 FUTBOLCULAR KI\\u015eIN SO\\u011eUK G\\u00dcNLER\\u0130N\\u0130 DE D\\u0130NLEND\\u0130KLER\\u0130 ODALARINDA YORGAN ALTINDA GE\\u00c7\\u0130REREK ATLATTI&quot;,&quot;orientation&quot;:&quot;0&quot;}\" data-image-title=\"(\u00d6zel Haber) Manisaspor\u2019un i\u00e7ler ac\u0131s\u0131 hali\" data-image-description=\"&lt;p&gt;(\u00d6zel Haber) Manisaspor\u2019un i\u00e7ler ac\u0131s\u0131 hali&lt;\/p&gt; \" data-medium-file=\"https:\/\/i0.wp.com\/www.tvturk.com\/wp-content\/uploads\/2019\/03\/ozel-haber-manisasporun-icler-acisi-hali_fc6ed39.jpg?fit=300%2C200\" data-large-file=\"https:\/\/i0.wp.com\/www.tvturk.com\/wp-content\/uploads\/2019\/03\/ozel-haber-manisasporun-icler-acisi-hali_fc6ed39.jpg?fit=1000%2C666\" src=\"https:\/\/i0.wp.com\/www.tvturk.com\/wp-content\/uploads\/2019\/03\/ozel-haber-manisasporun-icler-acisi-hali_fc6ed39.jpg?w=246&#038;h=164\" srcset=\"https:\/\/i0.wp.com\/www.tvturk.com\/wp-content\/uploads\/2019\/03\/ozel-haber-manisasporun-icler-acisi-hali_fc6ed39.jpg?w=1000 1000w, https:\/\/i0.wp.com\/www.tvturk.com\/wp-content\/uploads\/2019\/03\/ozel-haber-manisasporun-icler-acisi-hali_fc6ed39.jpg?resize=150%2C100 150w, https:\/\/i0.wp.com\/www.tvturk.com\/wp-content\/uploads\/2019\/03\/ozel-haber-manisasporun-icler-acisi-hali_fc6ed39.jpg?resize=300%2C200 300w, https:\/\/i0.wp.com\/www.tvturk.com\/wp-content\/uploads\/2019\/03\/ozel-haber-manisasporun-icler-acisi-hali_fc6ed39.jpg?resize=768%2C511 768w, https:\/\/i0.wp.com\/www.tvturk.com\/wp-content\/uploads\/2019\/03\/ozel-haber-manisasporun-icler-acisi-hali_fc6ed39.jpg?resize=170%2C113 170w, https:\/\/i0.wp.com\/www.tvturk.com\/wp-content\/uploads\/2019\/03\/ozel-haber-manisasporun-icler-acisi-hali_fc6ed39.jpg?resize=120%2C80 120w\" width=\"246\" height=\"164\" loading=\"lazy\" data-original-width=\"246\" data-original-height=\"164\" itemprop=\"http:\/\/schema.org\/image\" title=\"(\u00d6zel Haber) Manisaspor\u2019un i\u00e7ler ac\u0131s\u0131 hali\" alt=\"(\u00d6zel Haber) Manisaspor\u2019un i\u00e7ler ac\u0131s\u0131 hali\" style=\"width: 246px; height: 164px;\" \/> <\/a> <\/div> <\/div> <!-- close group --> <div class=\"gallery-group images-1\" style=\"width: 250px; height: 168px;\" data-original-width=\"250\" data-original-height=\"168\" > <div class=\"tiled-gallery-item tiled-gallery-item-small\" itemprop=\"associatedMedia\" itemscope itemtype=\"http:\/\/schema.org\/ImageObject\"> <a href=\"http:\/\/www.tvturk.com\/index.php\/ozel-haber-manisasporun-icler-acisi-hali\/ozel-haber-manisasporun-icler-acisi-hali-10\/\" border=\"0\" itemprop=\"url\"> <meta itemprop=\"width\" content=\"246\"> <meta itemprop=\"height\" content=\"164\"> <img decoding=\"async\" class=\"\" data-attachment-id=\"90716\" data-orig-file=\"http:\/\/www.tvturk.com\/wp-content\/uploads\/2019\/03\/ozel-haber-manisasporun-icler-acisi-hali_121cd9c.jpg\" data-orig-size=\"1000,666\" data-comments-opened=\"\" data-image-meta=\"{&quot;aperture&quot;:&quot;0&quot;,&quot;credit&quot;:&quot;IHA&quot;,&quot;camera&quot;:&quot;&quot;,&quot;caption&quot;:&quot;KUL\\u00dcP BA\\u015eKANI B\\u00dcLENT BAY GELD\\u0130 (SOLDA), TAKIM KAPTANI \\u00d6MER BU\\u011eDAYCI (ORTADA) VE 2\\u2019NC\\u0130 BA\\u015eKAN ALTAN \\u00c7AKICI (SA\\u011eDA) TAKIMINA SAH\\u0130P \\u00c7IKILARAK BU ZOR DURUMDAN KURTARILMASI GEREKT\\u0130\\u011e\\u0130N\\u0130 S\\u00d6YLED\\u0130. (AYKUT YEN\\u0130\\u00c7A\\u011e - ERSAN ERDO\\u011eAN\\\/MAN\\u0130SA-\\u0130HA)&quot;,&quot;created_timestamp&quot;:&quot;0&quot;,&quot;copyright&quot;:&quot;\\u0130HLAS HABER AJANSI, www.iha.com.tr&quot;,&quot;focal_length&quot;:&quot;0&quot;,&quot;iso&quot;:&quot;0&quot;,&quot;shutter_speed&quot;:&quot;0&quot;,&quot;title&quot;:&quot;(\\u00d6ZEL HABER) MAN\\u0130SASPOR\\u2019UN \\u0130\\u00c7LER ACISI HAL\\u0130 B\\u0130R ZAMANLAR S\\u00dcPER L\\u0130G\\u0027DE FIRTINALAR EST\\u0130REN MAN\\u0130SASPOR, \\u015e\\u0130MD\\u0130LERDE ELEKTR\\u0130KS\\u0130Z, SUSUZ VE DO\\u011eAL GAZSIZ MA\\u00c7LARINA HAZIRLANIYOR YARIM ASIRLIK KUL\\u00dcB\\u00dcN KASAP ESNAFINA OLAN ET \\u00dcR\\u00dcNLER\\u0130 BORCU NEDEN\\u0130YLE \\u015eAMP\\u0130YONLUK KUPALARI HACZED\\u0130LD\\u0130 YANLI\\u015e Y\\u00d6NET\\u0130M VE TRANSFER POL\\u0130T\\u0130KALARI SONRASI S\\u00dcPER L\\u0130GDEN 2. L\\u0130G\\u0130N D\\u0130B\\u0130NE DEM\\u0130R ATAN MAN\\u0130SASPOR; ELEKTR\\u0130K, SU VE DO\\u011eALGAZI KAPATILAN TES\\u0130SLERDE ZOR \\u015eARTLAR ALTINDA ANTRENMANLARA \\u00c7IKIYOR GEN\\u00c7 FUTBOLCULAR TENEKE \\u0130\\u00c7ER\\u0130S\\u0130NDE YAKTIKLARI ODUN PAR\\u00c7ALARIYLA ISINIYOR MAN\\u0130SASPOR\\u2019U L\\u0130GDE TUTAB\\u0130LMEK \\u0130\\u00c7\\u0130N HER HAFTA SAHADA TERLER\\u0130N\\u0130N SON DAMLASINA KADAR M\\u00dcCADELE EDEN GEN\\u00c7 FUTBOLCULAR KI\\u015eIN SO\\u011eUK G\\u00dcNLER\\u0130N\\u0130 DE D\\u0130NLEND\\u0130KLER\\u0130 ODALARINDA YORGAN ALTINDA GE\\u00c7\\u0130REREK ATLATTI&quot;,&quot;orientation&quot;:&quot;0&quot;}\" data-image-title=\"(\u00d6zel Haber) Manisaspor\u2019un i\u00e7ler ac\u0131s\u0131 hali\" data-image-description=\"&lt;p&gt;(\u00d6zel Haber) Manisaspor\u2019un i\u00e7ler ac\u0131s\u0131 hali&lt;\/p&gt; \" data-medium-file=\"https:\/\/i0.wp.com\/www.tvturk.com\/wp-content\/uploads\/2019\/03\/ozel-haber-manisasporun-icler-acisi-hali_121cd9c.jpg?fit=300%2C200\" data-large-file=\"https:\/\/i0.wp.com\/www.tvturk.com\/wp-content\/uploads\/2019\/03\/ozel-haber-manisasporun-icler-acisi-hali_121cd9c.jpg?fit=1000%2C666\" src=\"https:\/\/i0.wp.com\/www.tvturk.com\/wp-content\/uploads\/2019\/03\/ozel-haber-manisasporun-icler-acisi-hali_121cd9c.jpg?w=246&#038;h=164\" srcset=\"https:\/\/i0.wp.com\/www.tvturk.com\/wp-content\/uploads\/2019\/03\/ozel-haber-manisasporun-icler-acisi-hali_121cd9c.jpg?w=1000 1000w, https:\/\/i0.wp.com\/www.tvturk.com\/wp-content\/uploads\/2019\/03\/ozel-haber-manisasporun-icler-acisi-hali_121cd9c.jpg?resize=150%2C100 150w, https:\/\/i0.wp.com\/www.tvturk.com\/wp-content\/uploads\/2019\/03\/ozel-haber-manisasporun-icler-acisi-hali_121cd9c.jpg?resize=300%2C200 300w, https:\/\/i0.wp.com\/www.tvturk.com\/wp-content\/uploads\/2019\/03\/ozel-haber-manisasporun-icler-acisi-hali_121cd9c.jpg?resize=768%2C511 768w, https:\/\/i0.wp.com\/www.tvturk.com\/wp-content\/uploads\/2019\/03\/ozel-haber-manisasporun-icler-acisi-hali_121cd9c.jpg?resize=170%2C113 170w, https:\/\/i0.wp.com\/www.tvturk.com\/wp-content\/uploads\/2019\/03\/ozel-haber-manisasporun-icler-acisi-hali_121cd9c.jpg?resize=120%2C80 120w\" width=\"246\" height=\"164\" loading=\"lazy\" data-original-width=\"246\" data-original-height=\"164\" itemprop=\"http:\/\/schema.org\/image\" title=\"(\u00d6zel Haber) Manisaspor\u2019un i\u00e7ler ac\u0131s\u0131 hali\" alt=\"(\u00d6zel Haber) Manisaspor\u2019un i\u00e7ler ac\u0131s\u0131 hali\" style=\"width: 246px; height: 164px;\" \/> <\/a> <\/div> <\/div> <!-- close group --> <\/div> <!-- close row --> <div class=\"gallery-row\" style=\"width: 500px; height: 585px;\" data-original-width=\"500\" data-original-height=\"585\" > <div class=\"gallery-group images-1\" style=\"width: 500px; height: 585px;\" data-original-width=\"500\" data-original-height=\"585\" > <div class=\"tiled-gallery-item tiled-gallery-item-large\" itemprop=\"associatedMedia\" itemscope itemtype=\"http:\/\/schema.org\/ImageObject\"> <a href=\"http:\/\/www.tvturk.com\/index.php\/ozel-haber-manisasporun-icler-acisi-hali\/ozel-haber-manisasporun-icler-acisi-hali-11\/\" border=\"0\" itemprop=\"url\"> <meta itemprop=\"width\" content=\"496\"> <meta itemprop=\"height\" content=\"581\"> <img decoding=\"async\" class=\"\" data-attachment-id=\"90717\" data-orig-file=\"http:\/\/www.tvturk.com\/wp-content\/uploads\/2019\/03\/ozel-haber-manisasporun-icler-acisi-hali_a540cbc.jpg\" data-orig-size=\"854,1000\" data-comments-opened=\"\" data-image-meta=\"{&quot;aperture&quot;:&quot;0&quot;,&quot;credit&quot;:&quot;IHA&quot;,&quot;camera&quot;:&quot;&quot;,&quot;caption&quot;:&quot;ESK\\u0130 FUTBOLCULARINA OLAN BOR\\u00c7LARI NEDEN\\u0130YLE 15 PUANI S\\u0130L\\u0130NEN VE TFF 2. L\\u0130G\\u2019\\u0130N D\\u0130B\\u0130NE DEM\\u0130R ATAN MAN\\u0130SASPOR, TAR\\u0130H\\u0130N\\u0130N EN ZOR G\\u00dcNLER\\u0130N\\u0130 GE\\u00c7\\u0130R\\u0130YOR. KASAP ESNAFINA OLAN BOR\\u00c7LARINDAN DOLAYI KUPALARI HACZED\\u0130LEN S\\u0130YAH-BEYAZLILAR, YAKLA\\u015eIK 8 AYDAN BU YANA FATURA BOR\\u00c7LARINI \\u00d6DEYEMEMELER\\u0130 SEBEB\\u0130YLE ISINMAK \\u0130\\u00c7\\u0130N TENEKEDE ODUN YAKIYOR, MUM I\\u015eI\\u011eI ALTINDA DA MA\\u00c7LARA HAZIRLANIYOR. (AYKUT YEN\\u0130\\u00c7A\\u011e - ERSAN ERDO\\u011eAN\\\/MAN\\u0130SA-\\u0130HA)&quot;,&quot;created_timestamp&quot;:&quot;0&quot;,&quot;copyright&quot;:&quot;\\u0130HLAS HABER AJANSI, www.iha.com.tr&quot;,&quot;focal_length&quot;:&quot;0&quot;,&quot;iso&quot;:&quot;0&quot;,&quot;shutter_speed&quot;:&quot;0&quot;,&quot;title&quot;:&quot;(\\u00d6ZEL HABER) MAN\\u0130SASPOR\\u2019UN \\u0130\\u00c7LER ACISI HAL\\u0130 B\\u0130R ZAMANLAR S\\u00dcPER L\\u0130G\\u0027DE FIRTINALAR EST\\u0130REN MAN\\u0130SASPOR, \\u015e\\u0130MD\\u0130LERDE ELEKTR\\u0130KS\\u0130Z, SUSUZ VE DO\\u011eAL GAZSIZ MA\\u00c7LARINA HAZIRLANIYOR YARIM ASIRLIK KUL\\u00dcB\\u00dcN KASAP ESNAFINA OLAN ET \\u00dcR\\u00dcNLER\\u0130 BORCU NEDEN\\u0130YLE \\u015eAMP\\u0130YONLUK KUPALARI HACZED\\u0130LD\\u0130 YANLI\\u015e Y\\u00d6NET\\u0130M VE TRANSFER POL\\u0130T\\u0130KALARI SONRASI S\\u00dcPER L\\u0130GDEN 2. L\\u0130G\\u0130N D\\u0130B\\u0130NE DEM\\u0130R ATAN MAN\\u0130SASPOR; ELEKTR\\u0130K, SU VE DO\\u011eALGAZI KAPATILAN TES\\u0130SLERDE ZOR \\u015eARTLAR ALTINDA ANTRENMANLARA \\u00c7IKIYOR GEN\\u00c7 FUTBOLCULAR TENEKE \\u0130\\u00c7ER\\u0130S\\u0130NDE YAKTIKLARI ODUN PAR\\u00c7ALARIYLA ISINIYOR MAN\\u0130SASPOR\\u2019U L\\u0130GDE TUTAB\\u0130LMEK \\u0130\\u00c7\\u0130N HER HAFTA SAHADA TERLER\\u0130N\\u0130N SON DAMLASINA KADAR M\\u00dcCADELE EDEN GEN\\u00c7 FUTBOLCULAR KI\\u015eIN SO\\u011eUK G\\u00dcNLER\\u0130N\\u0130 DE D\\u0130NLEND\\u0130KLER\\u0130 ODALARINDA YORGAN ALTINDA GE\\u00c7\\u0130REREK ATLATTI&quot;,&quot;orientation&quot;:&quot;0&quot;}\" data-image-title=\"(\u00d6zel Haber) Manisaspor\u2019un i\u00e7ler ac\u0131s\u0131 hali\" data-image-description=\"&lt;p&gt;(\u00d6zel Haber) Manisaspor\u2019un i\u00e7ler ac\u0131s\u0131 hali&lt;\/p&gt; \" data-medium-file=\"https:\/\/i0.wp.com\/www.tvturk.com\/wp-content\/uploads\/2019\/03\/ozel-haber-manisasporun-icler-acisi-hali_a540cbc.jpg?fit=256%2C300\" data-large-file=\"https:\/\/i0.wp.com\/www.tvturk.com\/wp-content\/uploads\/2019\/03\/ozel-haber-manisasporun-icler-acisi-hali_a540cbc.jpg?fit=854%2C1000\" src=\"https:\/\/i0.wp.com\/www.tvturk.com\/wp-content\/uploads\/2019\/03\/ozel-haber-manisasporun-icler-acisi-hali_a540cbc.jpg?w=496&#038;h=581\" srcset=\"https:\/\/i0.wp.com\/www.tvturk.com\/wp-content\/uploads\/2019\/03\/ozel-haber-manisasporun-icler-acisi-hali_a540cbc.jpg?w=854 854w, https:\/\/i0.wp.com\/www.tvturk.com\/wp-content\/uploads\/2019\/03\/ozel-haber-manisasporun-icler-acisi-hali_a540cbc.jpg?resize=128%2C150 128w, https:\/\/i0.wp.com\/www.tvturk.com\/wp-content\/uploads\/2019\/03\/ozel-haber-manisasporun-icler-acisi-hali_a540cbc.jpg?resize=256%2C300 256w, https:\/\/i0.wp.com\/www.tvturk.com\/wp-content\/uploads\/2019\/03\/ozel-haber-manisasporun-icler-acisi-hali_a540cbc.jpg?resize=768%2C899 768w\" width=\"496\" height=\"581\" loading=\"lazy\" data-original-width=\"496\" data-original-height=\"581\" itemprop=\"http:\/\/schema.org\/image\" title=\"(\u00d6zel Haber) Manisaspor\u2019un i\u00e7ler ac\u0131s\u0131 hali\" alt=\"(\u00d6zel Haber) Manisaspor\u2019un i\u00e7ler ac\u0131s\u0131 hali\" style=\"width: 496px; height: 581px;\" \/> <\/a> <\/div> <\/div> <!-- close group --> <\/div> <!-- close row --> <\/div><\/p>\n","protected":false},"excerpt":{"rendered":"<p>ESK\u0130 FUTBOLCULARINA OLAN BOR\u00c7LARI NEDEN\u0130YLE 15 PUANI S\u0130L\u0130NEN VE TFF 2. L\u0130G\u2019\u0130N D\u0130B\u0130NE DEM\u0130R ATAN MAN\u0130SASPOR, TAR\u0130H\u0130N\u0130N EN ZOR G\u00dcNLER\u0130N\u0130 GE\u00c7\u0130R\u0130YOR. KASAP ESNAFINA OLAN BOR\u00c7LARINDAN DOLAYI KUPALARI HACZED\u0130LEN S\u0130YAH-BEYAZLILAR, YAKLA\u015eIK 8 AYDAN BU YANA FATURA BOR\u00c7LARINI \u00d6DEYEMEMELER\u0130 SEBEB\u0130YLE ISINMAK \u0130\u00c7\u0130N TENEKEDE ODUN YAKIYOR, MUM I\u015eI\u011eI ALTINDA DA MA\u00c7LARA HAZIRLANIYOR.<\/p>\n","protected":false},"author":1,"featured_media":90708,"comment_status":"closed","ping_status":"open","sticky":false,"template":"","format":"standard","meta":{"jetpack_post_was_ever_published":false,"_jetpack_newsletter_access":"","_jetpack_dont_email_post_to_subs":false,"_jetpack_newsletter_tier_id":0,"_jetpack_memberships_contains_paywalled_content":false,"_jetpack_memberships_contains_paid_content":false,"footnotes":"","jetpack_publicize_message":"","jetpack_publicize_feature_enabled":true,"jetpack_social_post_already_shared":true,"jetpack_social_options":{"image_generator_settings":{"template":"highway","default_image_id":0,"font":"","enabled":false},"version":2}},"categories":[657],"tags":[1073,7681,1545,5937,24403,24402],"class_list":["post-90707","post","type-post","status-publish","format-standard","has-post-thumbnail","hentry","category-spor","tag-ozel","tag-acisi","tag-haber","tag-hali","tag-icler","tag-manisasporun"],"jetpack_publicize_connections":[],"jetpack_featured_media_url":"https:\/\/i0.wp.com\/www.tvturk.com\/wp-content\/uploads\/2019\/03\/ozel-haber-manisasporun-icler-acisi-hali_249ffc0.jpg?fit=1000%2C666","jetpack_sharing_enabled":true,"jetpack_shortlink":"https:\/\/wp.me\/paKIfm-nB1","_links":{"self":[{"href":"http:\/\/www.tvturk.com\/index.php\/wp-json\/wp\/v2\/posts\/90707","targetHints":{"allow":["GET"]}}],"collection":[{"href":"http:\/\/www.tvturk.com\/index.php\/wp-json\/wp\/v2\/posts"}],"about":[{"href":"http:\/\/www.tvturk.com\/index.php\/wp-json\/wp\/v2\/types\/post"}],"author":[{"embeddable":true,"href":"http:\/\/www.tvturk.com\/index.php\/wp-json\/wp\/v2\/users\/1"}],"replies":[{"embeddable":true,"href":"http:\/\/www.tvturk.com\/index.php\/wp-json\/wp\/v2\/comments?post=90707"}],"version-history":[{"count":1,"href":"http:\/\/www.tvturk.com\/index.php\/wp-json\/wp\/v2\/posts\/90707\/revisions"}],"predecessor-version":[{"id":90718,"href":"http:\/\/www.tvturk.com\/index.php\/wp-json\/wp\/v2\/posts\/90707\/revisions\/90718"}],"wp:featuredmedia":[{"embeddable":true,"href":"http:\/\/www.tvturk.com\/index.php\/wp-json\/wp\/v2\/media\/90708"}],"wp:attachment":[{"href":"http:\/\/www.tvturk.com\/index.php\/wp-json\/wp\/v2\/media?parent=90707"}],"wp:term":[{"taxonomy":"category","embeddable":true,"href":"http:\/\/www.tvturk.com\/index.php\/wp-json\/wp\/v2\/categories?post=90707"},{"taxonomy":"post_tag","embeddable":true,"href":"http:\/\/www.tvturk.com\/index.php\/wp-json\/wp\/v2\/tags?post=90707"}],"curies":[{"name":"wp","href":"https:\/\/api.w.org\/{rel}","templated":true}]}}