{"id":91134,"date":"2019-03-14T13:56:43","date_gmt":"2019-03-14T10:56:43","guid":{"rendered":"http:\/\/www.tvturk.com\/index.php\/barcelonada-dembele-3-4-hafta-yok\/"},"modified":"2019-03-14T13:56:43","modified_gmt":"2019-03-14T10:56:43","slug":"barcelonada-dembele-3-4-hafta-yok","status":"publish","type":"post","link":"http:\/\/www.tvturk.com\/index.php\/barcelonada-dembele-3-4-hafta-yok\/","title":{"rendered":"Barcelona\u2019da Dembele 3-4 hafta yok"},"content":{"rendered":"<p>Barcelona, Frans\u0131z futbolcu Ousmane Dembele\u2019nin sol uylu\u011fundaki femoral bicepsinde y\u0131rt\u0131k tespit edilmesinden dolay\u0131 3 ile 4 hafta aras\u0131nda sahalardan uzak kalaca\u011f\u0131n\u0131 a\u00e7\u0131klad\u0131.<\/p>\n<p>\u0130spanyol ekibi Barcelona\u2019da Frans\u0131z futbolcu Ousmane Dembele \u015foku ya\u015fan\u0131yor. Dembele\u2019nin sa\u011fl\u0131k durumu ile ilgili a\u00e7\u0131klama yap\u0131ld\u0131. Kul\u00fcb\u00fcn sosyal medya hesab\u0131ndan yap\u0131lan a\u00e7\u0131klamada, &#8220;Sol uylu\u011fundaki femoral bicepsinde y\u0131rt\u0131k tespit edilen Ousmane Dembele 3 ile 4 hafta aras\u0131nda sahalardan uzak kalacak&#8221; denildi.<\/p>\n<p>21 ya\u015f\u0131ndaki futbolcu, Barcelona ile bu sezon 35 resmi m\u00fcsabakada g\u00f6rev ald\u0131 ve 14 gol, 8 asistlik performans sergiledi.<\/p>\n<p>Dembele bu sezon daha \u00f6nce de ayak bile\u011finden sakatlanm\u0131\u015f ve 5 ma\u00e7 ka\u00e7\u0131rm\u0131\u015ft\u0131.<\/p>\n","protected":false},"excerpt":{"rendered":"<p>BARCELONA, FRANSIZ FUTBOLCU OUSMANE DEMBELE&#8217;N\u0130N SOL UYLU\u011eUNDAK\u0130 FEMORAL B\u0130CEPS\u0130NDE YIRTIK TESP\u0130T ED\u0130LMES\u0130NDEN DOLAYI 3 \u0130LE 4 HAFTA ARASINDA SAHALARDAN UZAK KALACA\u011eINI A\u00c7IKLADI.<\/p>\n","protected":false},"author":1,"featured_media":91135,"comment_status":"closed","ping_status":"open","sticky":false,"template":"","format":"standard","meta":{"jetpack_post_was_ever_published":false,"_jetpack_newsletter_access":"","_jetpack_dont_email_post_to_subs":false,"_jetpack_newsletter_tier_id":0,"_jetpack_memberships_contains_paywalled_content":false,"_jetpack_memberships_contains_paid_content":false,"footnotes":"","jetpack_publicize_message":"","jetpack_publicize_feature_enabled":true,"jetpack_social_post_already_shared":true,"jetpack_social_options":{"image_generator_settings":{"template":"highway","default_image_id":0,"font":"","enabled":false},"version":2}},"categories":[657],"tags":[24485,24483,24484,1178,664],"class_list":["post-91134","post","type-post","status-publish","format-standard","has-post-thumbnail","hentry","category-spor","tag-3-4","tag-barcelonada","tag-dembele","tag-hafta","tag-yok"],"jetpack_publicize_connections":[],"jetpack_featured_media_url":"https:\/\/i0.wp.com\/www.tvturk.com\/wp-content\/uploads\/2019\/03\/barcelonada-dembele-3-4-hafta-yok_61af90c.jpg?fit=666%2C1000","jetpack_sharing_enabled":true,"jetpack_shortlink":"https:\/\/wp.me\/paKIfm-nHU","_links":{"self":[{"href":"http:\/\/www.tvturk.com\/index.php\/wp-json\/wp\/v2\/posts\/91134","targetHints":{"allow":["GET"]}}],"collection":[{"href":"http:\/\/www.tvturk.com\/index.php\/wp-json\/wp\/v2\/posts"}],"about":[{"href":"http:\/\/www.tvturk.com\/index.php\/wp-json\/wp\/v2\/types\/post"}],"author":[{"embeddable":true,"href":"http:\/\/www.tvturk.com\/index.php\/wp-json\/wp\/v2\/users\/1"}],"replies":[{"embeddable":true,"href":"http:\/\/www.tvturk.com\/index.php\/wp-json\/wp\/v2\/comments?post=91134"}],"version-history":[{"count":0,"href":"http:\/\/www.tvturk.com\/index.php\/wp-json\/wp\/v2\/posts\/91134\/revisions"}],"wp:featuredmedia":[{"embeddable":true,"href":"http:\/\/www.tvturk.com\/index.php\/wp-json\/wp\/v2\/media\/91135"}],"wp:attachment":[{"href":"http:\/\/www.tvturk.com\/index.php\/wp-json\/wp\/v2\/media?parent=91134"}],"wp:term":[{"taxonomy":"category","embeddable":true,"href":"http:\/\/www.tvturk.com\/index.php\/wp-json\/wp\/v2\/categories?post=91134"},{"taxonomy":"post_tag","embeddable":true,"href":"http:\/\/www.tvturk.com\/index.php\/wp-json\/wp\/v2\/tags?post=91134"}],"curies":[{"name":"wp","href":"https:\/\/api.w.org\/{rel}","templated":true}]}}