{"id":9134,"date":"2019-02-07T15:23:55","date_gmt":"2019-02-07T12:23:55","guid":{"rendered":"http:\/\/www.tvturk.com\/index.php\/vali-cagatay-muhtarlarla-bir-araya-geldi\/"},"modified":"2019-02-07T15:23:57","modified_gmt":"2019-02-07T12:23:57","slug":"vali-cagatay-muhtarlarla-bir-araya-geldi","status":"publish","type":"post","link":"http:\/\/www.tvturk.com\/index.php\/vali-cagatay-muhtarlarla-bir-araya-geldi\/","title":{"rendered":"Vali \u00c7a\u011fatay, muhtarlarla bir araya geldi"},"content":{"rendered":"<p>Bitlis Valisi Oktay \u00c7a\u011fatay, se\u00e7im \u00f6ncesi mahalle ve k\u00f6y muhtarlar\u0131 ile bir araya geldi.<\/p>\n<p>Bitlis Valili\u011fi toplant\u0131 salonunda kurum amirleri ve muhtarlarla bir araya gelen Vali Oktay \u00c7a\u011fatay, bu t\u00fcr toplant\u0131lar\u0131n \u0130\u00e7i\u015fleri Bakanl\u0131\u011f\u0131n\u0131n himayesinde oldu\u011funu s\u00f6yledi. Vali \u00c7a\u011fatay, \u201cSe\u00e7im \u00f6ncesi bir araya geldik. Daha \u00f6nce de muhtarlar\u0131m\u0131zla toplanm\u0131\u015ft\u0131k. G\u00f6reve yeni geldim. \u0130limizi tan\u0131maya \u00e7al\u0131\u015f\u0131yoruz. Art\u0131k bu ziyaretler bitti. \u00c7al\u0131\u015fmaya ba\u015flayaca\u011f\u0131z. Bu toplant\u0131m\u0131z da hay\u0131rl\u0131 olur in\u015fallah. \u00d6n\u00fcm\u00fczde bir se\u00e7im var. Belki burada baz\u0131lar\u0131n\u0131zla son toplant\u0131m\u0131z olacakt\u0131r. Yeni arkada\u015flar\u0131m\u0131zla da \u00e7al\u0131\u015fmaya devam edece\u011fiz\u201d dedi.<\/p>\n<p>Vali \u00c7a\u011fatay, bundan \u00f6nceki se\u00e7imlerde bu b\u00f6lgede s\u0131k\u0131nt\u0131 ya\u015fanmad\u0131\u011f\u0131na dikkat \u00e7ekerek, \u201cBu se\u00e7imde de b\u00f6lgemizde in\u015fallah sorun olmayacakt\u0131r. Bu bir rekabettir. Demokratik \u00e7er\u00e7evede gidilecek se\u00e7imde birbirimizi k\u0131rmadan d\u00f6kmeden in\u015fallah se\u00e7imi tamamlayaca\u011f\u0131z\u201d diye konu\u015ftu.<\/p>\n<p>Toplant\u0131 daha sonra bas\u0131na kapal\u0131 olarak devam etti.<div class=\"tiled-gallery type-rectangular tiled-gallery-unresized\" data-original-width=\"500\" data-carousel-extra='null' itemscope itemtype=\"http:\/\/schema.org\/ImageGallery\" > <div class=\"gallery-row\" style=\"width: 500px; height: 168px;\" data-original-width=\"500\" data-original-height=\"168\" > <div class=\"gallery-group images-1\" style=\"width: 250px; height: 168px;\" data-original-width=\"250\" data-original-height=\"168\" > <div class=\"tiled-gallery-item tiled-gallery-item-small\" itemprop=\"associatedMedia\" itemscope itemtype=\"http:\/\/schema.org\/ImageObject\"> <a href=\"http:\/\/www.tvturk.com\/index.php\/vali-cagatay-muhtarlarla-bir-araya-geldi\/vali-cagatay-muhtarlarla-bir-araya-geldi-3\/\" border=\"0\" itemprop=\"url\"> <meta itemprop=\"width\" content=\"246\"> <meta itemprop=\"height\" content=\"164\"> <img decoding=\"async\" class=\"\" data-attachment-id=\"9136\" data-orig-file=\"http:\/\/www.tvturk.com\/wp-content\/uploads\/2019\/02\/vali-cagatay-muhtarlarla-bir-araya-geldi_295a738.jpg\" data-orig-size=\"1000,666\" data-comments-opened=\"\" data-image-meta=\"{&quot;aperture&quot;:&quot;0&quot;,&quot;credit&quot;:&quot;IHA&quot;,&quot;camera&quot;:&quot;&quot;,&quot;caption&quot;:&quot;B\\u0130TL\\u0130S VAL\\u0130S\\u0130 OKTAY \\u00c7A\\u011eATAY, SE\\u00c7\\u0130M \\u00d6NCES\\u0130 MAHALLE VE K\\u00d6Y MUHTARLARI \\u0130LE B\\u0130R ARAYA GELD\\u0130. (VAH\\u0130T OLCAY\\\/B\\u0130TL\\u0130S-\\u0130HA)&quot;,&quot;created_timestamp&quot;:&quot;0&quot;,&quot;copyright&quot;:&quot;\\u0130HLAS HABER AJANSI, www.iha.com.tr&quot;,&quot;focal_length&quot;:&quot;0&quot;,&quot;iso&quot;:&quot;0&quot;,&quot;shutter_speed&quot;:&quot;0&quot;,&quot;title&quot;:&quot;VAL\\u0130 \\u00c7A\\u011eATAY, MUHTARLARLA B\\u0130R ARAYA GELD\\u0130&quot;,&quot;orientation&quot;:&quot;0&quot;}\" data-image-title=\"Vali \u00c7a\u011fatay, muhtarlarla bir araya geldi\" data-image-description=\"&lt;p&gt;Vali \u00c7a\u011fatay, muhtarlarla bir araya geldi&lt;\/p&gt; \" data-medium-file=\"https:\/\/i0.wp.com\/www.tvturk.com\/wp-content\/uploads\/2019\/02\/vali-cagatay-muhtarlarla-bir-araya-geldi_295a738.jpg?fit=300%2C200\" data-large-file=\"https:\/\/i0.wp.com\/www.tvturk.com\/wp-content\/uploads\/2019\/02\/vali-cagatay-muhtarlarla-bir-araya-geldi_295a738.jpg?fit=1000%2C666\" src=\"https:\/\/i0.wp.com\/www.tvturk.com\/wp-content\/uploads\/2019\/02\/vali-cagatay-muhtarlarla-bir-araya-geldi_295a738.jpg?w=246&#038;h=164\" srcset=\"https:\/\/i0.wp.com\/www.tvturk.com\/wp-content\/uploads\/2019\/02\/vali-cagatay-muhtarlarla-bir-araya-geldi_295a738.jpg?w=1000 1000w, https:\/\/i0.wp.com\/www.tvturk.com\/wp-content\/uploads\/2019\/02\/vali-cagatay-muhtarlarla-bir-araya-geldi_295a738.jpg?resize=150%2C100 150w, https:\/\/i0.wp.com\/www.tvturk.com\/wp-content\/uploads\/2019\/02\/vali-cagatay-muhtarlarla-bir-araya-geldi_295a738.jpg?resize=300%2C200 300w, https:\/\/i0.wp.com\/www.tvturk.com\/wp-content\/uploads\/2019\/02\/vali-cagatay-muhtarlarla-bir-araya-geldi_295a738.jpg?resize=768%2C511 768w, https:\/\/i0.wp.com\/www.tvturk.com\/wp-content\/uploads\/2019\/02\/vali-cagatay-muhtarlarla-bir-araya-geldi_295a738.jpg?resize=170%2C113 170w, https:\/\/i0.wp.com\/www.tvturk.com\/wp-content\/uploads\/2019\/02\/vali-cagatay-muhtarlarla-bir-araya-geldi_295a738.jpg?resize=120%2C80 120w\" width=\"246\" height=\"164\" loading=\"lazy\" data-original-width=\"246\" data-original-height=\"164\" itemprop=\"http:\/\/schema.org\/image\" title=\"Vali \u00c7a\u011fatay, muhtarlarla bir araya geldi\" alt=\"Vali \u00c7a\u011fatay, muhtarlarla bir araya geldi\" style=\"width: 246px; height: 164px;\" \/> <\/a> <\/div> <\/div> <!-- close group --> <div class=\"gallery-group images-1\" style=\"width: 250px; height: 168px;\" data-original-width=\"250\" data-original-height=\"168\" > <div class=\"tiled-gallery-item tiled-gallery-item-small\" itemprop=\"associatedMedia\" itemscope itemtype=\"http:\/\/schema.org\/ImageObject\"> <a href=\"http:\/\/www.tvturk.com\/index.php\/vali-cagatay-muhtarlarla-bir-araya-geldi\/vali-cagatay-muhtarlarla-bir-araya-geldi-4\/\" border=\"0\" itemprop=\"url\"> <meta itemprop=\"width\" content=\"246\"> <meta itemprop=\"height\" content=\"164\"> <img decoding=\"async\" class=\"\" data-attachment-id=\"9137\" data-orig-file=\"http:\/\/www.tvturk.com\/wp-content\/uploads\/2019\/02\/vali-cagatay-muhtarlarla-bir-araya-geldi_aaa88b4.jpg\" data-orig-size=\"1000,666\" data-comments-opened=\"\" data-image-meta=\"{&quot;aperture&quot;:&quot;0&quot;,&quot;credit&quot;:&quot;IHA&quot;,&quot;camera&quot;:&quot;&quot;,&quot;caption&quot;:&quot;B\\u0130TL\\u0130S VAL\\u0130S\\u0130 OKTAY \\u00c7A\\u011eATAY, SE\\u00c7\\u0130M \\u00d6NCES\\u0130 MAHALLE VE K\\u00d6Y MUHTARLARI \\u0130LE B\\u0130R ARAYA GELD\\u0130. (VAH\\u0130T OLCAY\\\/B\\u0130TL\\u0130S-\\u0130HA)&quot;,&quot;created_timestamp&quot;:&quot;0&quot;,&quot;copyright&quot;:&quot;\\u0130HLAS HABER AJANSI, www.iha.com.tr&quot;,&quot;focal_length&quot;:&quot;0&quot;,&quot;iso&quot;:&quot;0&quot;,&quot;shutter_speed&quot;:&quot;0&quot;,&quot;title&quot;:&quot;VAL\\u0130 \\u00c7A\\u011eATAY, MUHTARLARLA B\\u0130R ARAYA GELD\\u0130&quot;,&quot;orientation&quot;:&quot;0&quot;}\" data-image-title=\"Vali \u00c7a\u011fatay, muhtarlarla bir araya geldi\" data-image-description=\"&lt;p&gt;Vali \u00c7a\u011fatay, muhtarlarla bir araya geldi&lt;\/p&gt; \" data-medium-file=\"https:\/\/i0.wp.com\/www.tvturk.com\/wp-content\/uploads\/2019\/02\/vali-cagatay-muhtarlarla-bir-araya-geldi_aaa88b4.jpg?fit=300%2C200\" data-large-file=\"https:\/\/i0.wp.com\/www.tvturk.com\/wp-content\/uploads\/2019\/02\/vali-cagatay-muhtarlarla-bir-araya-geldi_aaa88b4.jpg?fit=1000%2C666\" src=\"https:\/\/i0.wp.com\/www.tvturk.com\/wp-content\/uploads\/2019\/02\/vali-cagatay-muhtarlarla-bir-araya-geldi_aaa88b4.jpg?w=246&#038;h=164\" srcset=\"https:\/\/i0.wp.com\/www.tvturk.com\/wp-content\/uploads\/2019\/02\/vali-cagatay-muhtarlarla-bir-araya-geldi_aaa88b4.jpg?w=1000 1000w, https:\/\/i0.wp.com\/www.tvturk.com\/wp-content\/uploads\/2019\/02\/vali-cagatay-muhtarlarla-bir-araya-geldi_aaa88b4.jpg?resize=150%2C100 150w, https:\/\/i0.wp.com\/www.tvturk.com\/wp-content\/uploads\/2019\/02\/vali-cagatay-muhtarlarla-bir-araya-geldi_aaa88b4.jpg?resize=300%2C200 300w, https:\/\/i0.wp.com\/www.tvturk.com\/wp-content\/uploads\/2019\/02\/vali-cagatay-muhtarlarla-bir-araya-geldi_aaa88b4.jpg?resize=768%2C511 768w, https:\/\/i0.wp.com\/www.tvturk.com\/wp-content\/uploads\/2019\/02\/vali-cagatay-muhtarlarla-bir-araya-geldi_aaa88b4.jpg?resize=170%2C113 170w, https:\/\/i0.wp.com\/www.tvturk.com\/wp-content\/uploads\/2019\/02\/vali-cagatay-muhtarlarla-bir-araya-geldi_aaa88b4.jpg?resize=120%2C80 120w\" width=\"246\" height=\"164\" loading=\"lazy\" data-original-width=\"246\" data-original-height=\"164\" itemprop=\"http:\/\/schema.org\/image\" title=\"Vali \u00c7a\u011fatay, muhtarlarla bir araya geldi\" alt=\"Vali \u00c7a\u011fatay, muhtarlarla bir araya geldi\" style=\"width: 246px; height: 164px;\" \/> <\/a> <\/div> <\/div> <!-- close group --> <\/div> <!-- close row --> <\/div><\/p>\n","protected":false},"excerpt":{"rendered":"<p>B\u0130TL\u0130S VAL\u0130S\u0130 OKTAY \u00c7A\u011eATAY, SE\u00c7\u0130M \u00d6NCES\u0130 MAHALLE VE K\u00d6Y MUHTARLARI \u0130LE B\u0130R ARAYA GELD\u0130.<\/p>\n","protected":false},"author":1,"featured_media":9135,"comment_status":"closed","ping_status":"open","sticky":false,"template":"","format":"standard","meta":{"jetpack_post_was_ever_published":false,"_jetpack_newsletter_access":"","_jetpack_dont_email_post_to_subs":false,"_jetpack_newsletter_tier_id":0,"_jetpack_memberships_contains_paywalled_content":false,"_jetpack_memberships_contains_paid_content":false,"footnotes":"","jetpack_publicize_message":"","jetpack_publicize_feature_enabled":true,"jetpack_social_post_already_shared":false,"jetpack_social_options":{"image_generator_settings":{"template":"highway","default_image_id":0,"font":"","enabled":false},"version":2}},"categories":[655],"tags":[126,125,4843,127,4844,148],"class_list":["post-9134","post","type-post","status-publish","format-standard","has-post-thumbnail","hentry","category-son-dakika","tag-araya","tag-bir","tag-cagatay","tag-geldi","tag-muhtarlarla","tag-vali"],"jetpack_publicize_connections":[],"jetpack_featured_media_url":"https:\/\/i0.wp.com\/www.tvturk.com\/wp-content\/uploads\/2019\/02\/vali-cagatay-muhtarlarla-bir-araya-geldi_c35e506.jpg?fit=1000%2C666","jetpack_sharing_enabled":true,"jetpack_shortlink":"https:\/\/wp.me\/paKIfm-2nk","_links":{"self":[{"href":"http:\/\/www.tvturk.com\/index.php\/wp-json\/wp\/v2\/posts\/9134","targetHints":{"allow":["GET"]}}],"collection":[{"href":"http:\/\/www.tvturk.com\/index.php\/wp-json\/wp\/v2\/posts"}],"about":[{"href":"http:\/\/www.tvturk.com\/index.php\/wp-json\/wp\/v2\/types\/post"}],"author":[{"embeddable":true,"href":"http:\/\/www.tvturk.com\/index.php\/wp-json\/wp\/v2\/users\/1"}],"replies":[{"embeddable":true,"href":"http:\/\/www.tvturk.com\/index.php\/wp-json\/wp\/v2\/comments?post=9134"}],"version-history":[{"count":1,"href":"http:\/\/www.tvturk.com\/index.php\/wp-json\/wp\/v2\/posts\/9134\/revisions"}],"predecessor-version":[{"id":9138,"href":"http:\/\/www.tvturk.com\/index.php\/wp-json\/wp\/v2\/posts\/9134\/revisions\/9138"}],"wp:featuredmedia":[{"embeddable":true,"href":"http:\/\/www.tvturk.com\/index.php\/wp-json\/wp\/v2\/media\/9135"}],"wp:attachment":[{"href":"http:\/\/www.tvturk.com\/index.php\/wp-json\/wp\/v2\/media?parent=9134"}],"wp:term":[{"taxonomy":"category","embeddable":true,"href":"http:\/\/www.tvturk.com\/index.php\/wp-json\/wp\/v2\/categories?post=9134"},{"taxonomy":"post_tag","embeddable":true,"href":"http:\/\/www.tvturk.com\/index.php\/wp-json\/wp\/v2\/tags?post=9134"}],"curies":[{"name":"wp","href":"https:\/\/api.w.org\/{rel}","templated":true}]}}