{"id":91787,"date":"2019-03-14T17:21:09","date_gmt":"2019-03-14T14:21:09","guid":{"rendered":"http:\/\/www.tvturk.com\/index.php\/vanda-4-1-buyuklugunde-deprem\/"},"modified":"2019-03-14T17:21:11","modified_gmt":"2019-03-14T14:21:11","slug":"vanda-4-1-buyuklugunde-deprem","status":"publish","type":"post","link":"http:\/\/www.tvturk.com\/index.php\/vanda-4-1-buyuklugunde-deprem\/","title":{"rendered":"Van\u2019da 4.1 b\u00fcy\u00fckl\u00fc\u011f\u00fcnde deprem"},"content":{"rendered":"<p>Van\u2019\u0131n Muradiye il\u00e7esinde 4.1 b\u00fcy\u00fckl\u00fc\u011f\u00fcnde deprem meydana geldi.<\/p>\n<p>Bo\u011fazi\u00e7i \u00dcniversitesi Kandilli Rasathanesi ve Deprem Ara\u015ft\u0131rma Enstit\u00fcs\u00fcnden al\u0131nan bilgilere g\u00f6re, saat 16.18 s\u0131ralar\u0131nda merkez \u00fcss\u00fc Muradiye il\u00e7esi A\u00e7\u0131kyol Mahallesi\u2019nde 4.1 b\u00fcy\u00fckl\u00fc\u011f\u00fcnde bir deprem meydana geldi. \u0130lk bilgilere g\u00f6re can ve mal kayb\u0131n\u0131n olmad\u0131\u011f\u0131 depremde, k\u0131sa s\u00fcreli panik ya\u015fand\u0131.<div class=\"tiled-gallery type-rectangular tiled-gallery-unresized\" data-original-width=\"500\" data-carousel-extra='null' itemscope itemtype=\"http:\/\/schema.org\/ImageGallery\" > <div class=\"gallery-row\" style=\"width: 500px; height: 665px;\" data-original-width=\"500\" data-original-height=\"665\" > <div class=\"gallery-group images-1\" style=\"width: 500px; height: 665px;\" data-original-width=\"500\" data-original-height=\"665\" > <div class=\"tiled-gallery-item tiled-gallery-item-large\" itemprop=\"associatedMedia\" itemscope itemtype=\"http:\/\/schema.org\/ImageObject\"> <a href=\"http:\/\/www.tvturk.com\/index.php\/vanda-4-1-buyuklugunde-deprem\/vanda-4-1-buyuklugunde-deprem-3\/\" border=\"0\" itemprop=\"url\"> <meta itemprop=\"width\" content=\"496\"> <meta itemprop=\"height\" content=\"661\"> <img decoding=\"async\" class=\"\" data-attachment-id=\"91789\" data-orig-file=\"http:\/\/www.tvturk.com\/wp-content\/uploads\/2019\/03\/vanda-41-buyuklugunde-deprem_916108f.jpg\" data-orig-size=\"750,1000\" data-comments-opened=\"\" data-image-meta=\"{&quot;aperture&quot;:&quot;0&quot;,&quot;credit&quot;:&quot;IHA&quot;,&quot;camera&quot;:&quot;&quot;,&quot;caption&quot;:&quot;VAN\\u2019IN MURAD\\u0130YE \\u0130L\\u00c7ES\\u0130NDE 4.1 B\\u00dcY\\u00dcKL\\u00dc\\u011e\\u00dcNDE B\\u0130R DEPREM MEYDANA GELD\\u0130. (SERACETT\\u0130N SE\\u00c7K\\u0130N\\\/VAN-\\u0130HA)&quot;,&quot;created_timestamp&quot;:&quot;0&quot;,&quot;copyright&quot;:&quot;\\u0130HLAS HABER AJANSI, www.iha.com.tr&quot;,&quot;focal_length&quot;:&quot;0&quot;,&quot;iso&quot;:&quot;0&quot;,&quot;shutter_speed&quot;:&quot;0&quot;,&quot;title&quot;:&quot;VAN\\u2019DA 4.1 B\\u00dcY\\u00dcKL\\u00dc\\u011e\\u00dcNDE DEPREM&quot;,&quot;orientation&quot;:&quot;0&quot;}\" data-image-title=\"Van\u2019da 4.1 b\u00fcy\u00fckl\u00fc\u011f\u00fcnde deprem\" data-image-description=\"&lt;p&gt;Van\u2019da 4.1 b\u00fcy\u00fckl\u00fc\u011f\u00fcnde deprem&lt;\/p&gt; \" data-medium-file=\"https:\/\/i0.wp.com\/www.tvturk.com\/wp-content\/uploads\/2019\/03\/vanda-41-buyuklugunde-deprem_916108f.jpg?fit=225%2C300\" data-large-file=\"https:\/\/i0.wp.com\/www.tvturk.com\/wp-content\/uploads\/2019\/03\/vanda-41-buyuklugunde-deprem_916108f.jpg?fit=750%2C1000\" src=\"https:\/\/i0.wp.com\/www.tvturk.com\/wp-content\/uploads\/2019\/03\/vanda-41-buyuklugunde-deprem_916108f.jpg?w=496&#038;h=661\" srcset=\"https:\/\/i0.wp.com\/www.tvturk.com\/wp-content\/uploads\/2019\/03\/vanda-41-buyuklugunde-deprem_916108f.jpg?w=750 750w, https:\/\/i0.wp.com\/www.tvturk.com\/wp-content\/uploads\/2019\/03\/vanda-41-buyuklugunde-deprem_916108f.jpg?resize=113%2C150 113w, https:\/\/i0.wp.com\/www.tvturk.com\/wp-content\/uploads\/2019\/03\/vanda-41-buyuklugunde-deprem_916108f.jpg?resize=225%2C300 225w\" width=\"496\" height=\"661\" loading=\"lazy\" data-original-width=\"496\" data-original-height=\"661\" itemprop=\"http:\/\/schema.org\/image\" title=\"Van\u2019da 4.1 b\u00fcy\u00fckl\u00fc\u011f\u00fcnde deprem\" alt=\"Van\u2019da 4.1 b\u00fcy\u00fckl\u00fc\u011f\u00fcnde deprem\" style=\"width: 496px; height: 661px;\" \/> <\/a> <\/div> <\/div> <!-- close group --> <\/div> <!-- close row --> <\/div><\/p>\n","protected":false},"excerpt":{"rendered":"<p>VAN\u2019IN MURAD\u0130YE \u0130L\u00c7ES\u0130NDE 4.1 B\u00dcY\u00dcKL\u00dc\u011e\u00dcNDE B\u0130R DEPREM MEYDANA GELD\u0130.<\/p>\n","protected":false},"author":1,"featured_media":91788,"comment_status":"closed","ping_status":"open","sticky":false,"template":"","format":"standard","meta":{"jetpack_post_was_ever_published":false,"_jetpack_newsletter_access":"","_jetpack_dont_email_post_to_subs":false,"_jetpack_newsletter_tier_id":0,"_jetpack_memberships_contains_paywalled_content":false,"_jetpack_memberships_contains_paid_content":false,"footnotes":"","jetpack_publicize_message":"","jetpack_publicize_feature_enabled":true,"jetpack_social_post_already_shared":true,"jetpack_social_options":{"image_generator_settings":{"template":"highway","default_image_id":0,"font":"","enabled":false},"version":2}},"categories":[655],"tags":[24616,14798,221,1203],"class_list":["post-91787","post","type-post","status-publish","format-standard","has-post-thumbnail","hentry","category-son-dakika","tag-4-1","tag-buyuklugunde","tag-deprem","tag-vanda"],"jetpack_publicize_connections":[],"jetpack_featured_media_url":"https:\/\/i0.wp.com\/www.tvturk.com\/wp-content\/uploads\/2019\/03\/vanda-41-buyuklugunde-deprem_adad8bb.jpg?fit=1000%2C750","jetpack_sharing_enabled":true,"jetpack_shortlink":"https:\/\/wp.me\/paKIfm-nSr","_links":{"self":[{"href":"http:\/\/www.tvturk.com\/index.php\/wp-json\/wp\/v2\/posts\/91787","targetHints":{"allow":["GET"]}}],"collection":[{"href":"http:\/\/www.tvturk.com\/index.php\/wp-json\/wp\/v2\/posts"}],"about":[{"href":"http:\/\/www.tvturk.com\/index.php\/wp-json\/wp\/v2\/types\/post"}],"author":[{"embeddable":true,"href":"http:\/\/www.tvturk.com\/index.php\/wp-json\/wp\/v2\/users\/1"}],"replies":[{"embeddable":true,"href":"http:\/\/www.tvturk.com\/index.php\/wp-json\/wp\/v2\/comments?post=91787"}],"version-history":[{"count":1,"href":"http:\/\/www.tvturk.com\/index.php\/wp-json\/wp\/v2\/posts\/91787\/revisions"}],"predecessor-version":[{"id":91790,"href":"http:\/\/www.tvturk.com\/index.php\/wp-json\/wp\/v2\/posts\/91787\/revisions\/91790"}],"wp:featuredmedia":[{"embeddable":true,"href":"http:\/\/www.tvturk.com\/index.php\/wp-json\/wp\/v2\/media\/91788"}],"wp:attachment":[{"href":"http:\/\/www.tvturk.com\/index.php\/wp-json\/wp\/v2\/media?parent=91787"}],"wp:term":[{"taxonomy":"category","embeddable":true,"href":"http:\/\/www.tvturk.com\/index.php\/wp-json\/wp\/v2\/categories?post=91787"},{"taxonomy":"post_tag","embeddable":true,"href":"http:\/\/www.tvturk.com\/index.php\/wp-json\/wp\/v2\/tags?post=91787"}],"curies":[{"name":"wp","href":"https:\/\/api.w.org\/{rel}","templated":true}]}}