{"id":92272,"date":"2019-03-15T00:38:16","date_gmt":"2019-03-14T21:38:16","guid":{"rendered":"http:\/\/www.tvturk.com\/index.php\/10-yasindaki-ogluna-trafikte-arac-kullandiran-sahis-yakalandi\/"},"modified":"2019-03-15T00:38:16","modified_gmt":"2019-03-14T21:38:16","slug":"10-yasindaki-ogluna-trafikte-arac-kullandiran-sahis-yakalandi","status":"publish","type":"post","link":"http:\/\/www.tvturk.com\/index.php\/10-yasindaki-ogluna-trafikte-arac-kullandiran-sahis-yakalandi\/","title":{"rendered":"10 ya\u015f\u0131ndaki o\u011fluna trafikte ara\u00e7 kulland\u0131ran \u015fah\u0131s yakaland\u0131"},"content":{"rendered":"<p>Kayseri\u2019de 10 ya\u015f\u0131ndaki o\u011fluna trafi\u011fin yo\u011fun oldu\u011fu yolda ara\u00e7 kulland\u0131ran 1 ki\u015fiye trafik g\u00fcvenli\u011fini tehlikeye d\u00fc\u015f\u00fcrmekten i\u015flem yap\u0131ld\u0131. \u015eahs\u0131n o\u011fluna ara\u00e7 kulland\u0131r\u0131rken kaydetti\u011fi g\u00f6r\u00fcnt\u00fclerdeki rahatl\u0131\u011f\u0131 izleyenleri \u015fa\u015f\u0131rtt\u0131.<\/p>\n<p>Kayseri\u2019de \u00dcnal D. isimli \u015fah\u0131s, 10 ya\u015f\u0131ndaki o\u011flu Hidayet D.\u2019ye ara\u00e7 kullanmay\u0131 \u00f6\u011fretmek i\u00e7in trafi\u011fin yo\u011fun oldu\u011fu yerde direksiyon ba\u015f\u0131na ge\u00e7irtti. O\u011flunun ara\u00e7 s\u00fcrmesini kaydeden \u00dcnal D., ara\u00e7 h\u0131zland\u0131\u011f\u0131nda ise &#8220;Gaza yava\u015f basacaks\u0131n o\u011flum, \u00e7ok y\u00fcklenme&#8221; diyerek komut verdi. \u00dcnal D.\u2019nin \u00e7ekti\u011fi g\u00f6r\u00fcnt\u00fc \u00fczerine harekete ge\u00e7en ekipler, k\u0131sa s\u00fcre i\u00e7erisinde \u00dcnal D.\u2019yi yakalad\u0131. \u00dcnal D.\u2019ye, belgesiz ara\u00e7 kulland\u0131rmak su\u00e7undan gerekli idari cezai i\u015flem uygulan\u0131rken, trafik g\u00fcvenli\u011fini tehlikeye sokmak su\u00e7undan da adli i\u015flem ba\u015flat\u0131ld\u0131.<\/p>\n","protected":false},"excerpt":{"rendered":"<p>KAYSER\u0130&#8217;DE 10 YA\u015eINDAK\u0130 O\u011eLUNA TRAF\u0130\u011e\u0130N YO\u011eUN OLDU\u011eU YOLDA &#8216;AYNI B\u0130S\u0130KLET S\u00dcR\u00dcYORMU\u015e G\u0130B\u0130 S\u00dcRECEKS\u0130N O\u011eLUM, KORKMA&#8217; D\u0130YEREK ARA\u00c7 KULLANDIRAN 1 K\u0130\u015e\u0130YE TRAF\u0130K G\u00dcVENL\u0130\u011e\u0130N\u0130 TEHL\u0130KEYE D\u00dc\u015e\u00dcRMEKTEN \u0130\u015eLEM YAPILDI. \u015eAHSIN O\u011eLUNA ARA\u00c7 KULLANDIRIRKEN KAYDETT\u0130\u011e\u0130 G\u00d6R\u00dcNT\u00dcLERDEK\u0130 RAHATLI\u011eI, \u0130ZLEYENLER\u0130 \u015eA\u015eIRTTI.<\/p>\n","protected":false},"author":1,"featured_media":92273,"comment_status":"closed","ping_status":"open","sticky":false,"template":"","format":"standard","meta":{"jetpack_post_was_ever_published":false,"_jetpack_newsletter_access":"","_jetpack_dont_email_post_to_subs":false,"_jetpack_newsletter_tier_id":0,"_jetpack_memberships_contains_paywalled_content":false,"_jetpack_memberships_contains_paid_content":false,"footnotes":"","jetpack_publicize_message":"","jetpack_publicize_feature_enabled":true,"jetpack_social_post_already_shared":true,"jetpack_social_options":{"image_generator_settings":{"template":"highway","default_image_id":0,"font":"","enabled":false},"version":2}},"categories":[1],"tags":[1278,1221,24689,7523,970,1010,1063],"class_list":["post-92272","post","type-post","status-publish","format-standard","has-post-thumbnail","hentry","category-genel","tag-trafikte","tag-arac","tag-kullandiran","tag-ogluna","tag-sahis","tag-yakalandi","tag-yasindaki"],"jetpack_publicize_connections":[],"jetpack_featured_media_url":"https:\/\/i0.wp.com\/www.tvturk.com\/wp-content\/uploads\/2019\/03\/10-yasindaki-ogluna-trafikte-arac-kullandiran-sahis-yakalandi_60ea004.jpg?fit=234%2C575","jetpack_sharing_enabled":true,"jetpack_shortlink":"https:\/\/wp.me\/paKIfm-o0g","_links":{"self":[{"href":"http:\/\/www.tvturk.com\/index.php\/wp-json\/wp\/v2\/posts\/92272","targetHints":{"allow":["GET"]}}],"collection":[{"href":"http:\/\/www.tvturk.com\/index.php\/wp-json\/wp\/v2\/posts"}],"about":[{"href":"http:\/\/www.tvturk.com\/index.php\/wp-json\/wp\/v2\/types\/post"}],"author":[{"embeddable":true,"href":"http:\/\/www.tvturk.com\/index.php\/wp-json\/wp\/v2\/users\/1"}],"replies":[{"embeddable":true,"href":"http:\/\/www.tvturk.com\/index.php\/wp-json\/wp\/v2\/comments?post=92272"}],"version-history":[{"count":0,"href":"http:\/\/www.tvturk.com\/index.php\/wp-json\/wp\/v2\/posts\/92272\/revisions"}],"wp:featuredmedia":[{"embeddable":true,"href":"http:\/\/www.tvturk.com\/index.php\/wp-json\/wp\/v2\/media\/92273"}],"wp:attachment":[{"href":"http:\/\/www.tvturk.com\/index.php\/wp-json\/wp\/v2\/media?parent=92272"}],"wp:term":[{"taxonomy":"category","embeddable":true,"href":"http:\/\/www.tvturk.com\/index.php\/wp-json\/wp\/v2\/categories?post=92272"},{"taxonomy":"post_tag","embeddable":true,"href":"http:\/\/www.tvturk.com\/index.php\/wp-json\/wp\/v2\/tags?post=92272"}],"curies":[{"name":"wp","href":"https:\/\/api.w.org\/{rel}","templated":true}]}}