{"id":92358,"date":"2019-03-15T07:54:55","date_gmt":"2019-03-15T04:54:55","guid":{"rendered":"http:\/\/www.tvturk.com\/index.php\/baskentte-raydan-cikan-akaryakit-treni-raylara-oturtularak-olay-yerinden-uzaklastirildi\/"},"modified":"2019-03-15T07:54:59","modified_gmt":"2019-03-15T04:54:59","slug":"baskentte-raydan-cikan-akaryakit-treni-raylara-oturtularak-olay-yerinden-uzaklastirildi","status":"publish","type":"post","link":"http:\/\/www.tvturk.com\/index.php\/baskentte-raydan-cikan-akaryakit-treni-raylara-oturtularak-olay-yerinden-uzaklastirildi\/","title":{"rendered":"Ba\u015fkent\u2019te raydan \u00e7\u0131kan akaryak\u0131t treni raylara oturtularak olay yerinden uzakla\u015ft\u0131r\u0131ld\u0131"},"content":{"rendered":"<p>Ba\u015fkent\u2019te raylardan \u00e7\u0131karak yan devrilen akaryak\u0131t y\u00fckl\u00fc tren, TCDD ekiplerinin \u00e7al\u0131\u015fmalar\u0131 sonucu raylara oturtuldu. Olay mahallinin 200 metre ilerisine \u00e7ekilen lokomotif ve vagonlar\u0131 hangara g\u00f6t\u00fcr\u00fclmeyi bekliyor.<\/p>\n<p>D\u00fcn gece yar\u0131s\u0131 Ankara\u2019n\u0131n Sincan \u0130l\u00e7esi \u00c7a\u011flayan Altge\u00e7idi mevkiinde raydan \u00e7\u0131kan akaryak\u0131t dolu tankerleri ta\u015f\u0131yan y\u00fck treni, TCDD ekiplerinin yo\u011fun \u00e7al\u0131\u015fmalar\u0131 sonucu devrildi\u011fi yerden kurtar\u0131larak tekrar raylara oturtuldu.<\/p>\n<p>\u0130zmit- Ankara hatt\u0131nda seyir halinde olan y\u00fck treni Sincan\u2019dan ge\u00e7i\u015fi s\u0131ras\u0131nda lokomotifi ve 5 vagonunun raydan \u00e7\u0131kmas\u0131 sonucu kapanan demir yolu hatt\u0131n\u0131n a\u00e7\u0131lma \u00e7al\u0131\u015fmalar\u0131 g\u00fcn boyu devam etti.<\/p>\n<p>TCDD\u2019ye ba\u011fl\u0131 ekipler, yo\u011fun \u00e7al\u0131\u015fmalar sonucu raydan \u00e7\u0131kan trenin vagonlar\u0131nda bulunan akaryak\u0131t dolu tankerlerin i\u00e7erisindeki mazotu bo\u015faltarak olay yerinden uzakla\u015ft\u0131rd\u0131.<\/p>\n<p>Hasar g\u00f6ren raylar\u0131n onar\u0131m \u00e7al\u0131\u015fmalar\u0131n\u0131 s\u00fcrd\u00fcren ekipler, hatt\u0131n g\u00fcn i\u00e7erisinde a\u00e7\u0131lmas\u0131n\u0131 bekliyor.<\/p>\n<p>Tren seferleri normale d\u00f6nd\u00fc<\/p>\n<p>Meydana gelen kaza sonucu iptal edilen b\u00f6lgesel seferler k\u0131sa s\u00fcre sonra tekrar ba\u015flat\u0131ld\u0131. Ba\u015fkentray ve Yeni H\u0131zl\u0131 Tren (YHT) seferleri, di\u011fer raylardan ger\u00e7ekle\u015ftiriliyor. B\u00f6lgesel tren seferleri normale d\u00f6nd\u00fc.<div class=\"tiled-gallery type-rectangular tiled-gallery-unresized\" data-original-width=\"500\" data-carousel-extra='null' itemscope itemtype=\"http:\/\/schema.org\/ImageGallery\" > <div class=\"gallery-row\" style=\"width: 500px; height: 251px;\" data-original-width=\"500\" data-original-height=\"251\" > <div class=\"gallery-group images-1\" style=\"width: 334px; height: 251px;\" data-original-width=\"334\" data-original-height=\"251\" > <div class=\"tiled-gallery-item tiled-gallery-item-large\" itemprop=\"associatedMedia\" itemscope itemtype=\"http:\/\/schema.org\/ImageObject\"> <a href=\"http:\/\/www.tvturk.com\/index.php\/baskentte-raydan-cikan-akaryakit-treni-raylara-oturtularak-olay-yerinden-uzaklastirildi\/baskentte-raydan-cikan-akaryakit-treni-raylara-oturtularak-olay-yerinden-uzaklastirildi-3\/\" border=\"0\" itemprop=\"url\"> <meta itemprop=\"width\" content=\"330\"> <meta itemprop=\"height\" content=\"247\"> <img decoding=\"async\" class=\"\" data-attachment-id=\"92360\" data-orig-file=\"http:\/\/www.tvturk.com\/wp-content\/uploads\/2019\/03\/baskentte-raydan-cikan-akaryakit-treni-raylara-oturtularak-olay-yerinden-uzaklastirildi_34a7f98.jpg\" data-orig-size=\"1000,750\" data-comments-opened=\"\" data-image-meta=\"{&quot;aperture&quot;:&quot;0&quot;,&quot;credit&quot;:&quot;IHA&quot;,&quot;camera&quot;:&quot;&quot;,&quot;caption&quot;:&quot;BA\\u015eKENT\\u2019TE RAYLARDAN \\u00c7IKARAK YAN DEVR\\u0130LEN AKARYAKIT Y\\u00dcKL\\u00dc TREN, TCDD EK\\u0130PLER\\u0130N\\u0130N \\u00c7ALI\\u015eMALARI SONUCU RAYLARA OTURTULDU. OLAY MAHALL\\u0130N\\u0130N 200 METRE \\u0130LER\\u0130S\\u0130NE \\u00c7EK\\u0130LEN LOKOMOT\\u0130F VE VAGONLARI HANGARA G\\u00d6T\\u00dcR\\u00dcLMEY\\u0130 BEKL\\u0130YOR. (MUHAMMET M\\u00dcCAH\\u0130T DEREL\\u0130\\\/ANKARA-\\u0130HA)&quot;,&quot;created_timestamp&quot;:&quot;0&quot;,&quot;copyright&quot;:&quot;\\u0130HLAS HABER AJANSI, www.iha.com.tr&quot;,&quot;focal_length&quot;:&quot;0&quot;,&quot;iso&quot;:&quot;0&quot;,&quot;shutter_speed&quot;:&quot;0&quot;,&quot;title&quot;:&quot;BA\\u015eKENT\\u2019TE RAYDAN \\u00c7IKAN AKARYAKIT TREN\\u0130 RAYLARA OTURTULARAK OLAY YER\\u0130NDEN UZAKLA\\u015eTIRILDI&quot;,&quot;orientation&quot;:&quot;0&quot;}\" data-image-title=\"Ba\u015fkent\u2019te raydan \u00e7\u0131kan akaryak\u0131t treni raylara oturtularak olay yerinden uzakla\u015ft\u0131r\u0131ld\u0131\" data-image-description=\"&lt;p&gt;Ba\u015fkent\u2019te raydan \u00e7\u0131kan akaryak\u0131t treni raylara oturtularak olay yerinden uzakla\u015ft\u0131r\u0131ld\u0131&lt;\/p&gt; \" data-medium-file=\"https:\/\/i0.wp.com\/www.tvturk.com\/wp-content\/uploads\/2019\/03\/baskentte-raydan-cikan-akaryakit-treni-raylara-oturtularak-olay-yerinden-uzaklastirildi_34a7f98.jpg?fit=300%2C225\" data-large-file=\"https:\/\/i0.wp.com\/www.tvturk.com\/wp-content\/uploads\/2019\/03\/baskentte-raydan-cikan-akaryakit-treni-raylara-oturtularak-olay-yerinden-uzaklastirildi_34a7f98.jpg?fit=1000%2C750\" src=\"https:\/\/i0.wp.com\/www.tvturk.com\/wp-content\/uploads\/2019\/03\/baskentte-raydan-cikan-akaryakit-treni-raylara-oturtularak-olay-yerinden-uzaklastirildi_34a7f98.jpg?w=330&#038;h=247\" srcset=\"https:\/\/i0.wp.com\/www.tvturk.com\/wp-content\/uploads\/2019\/03\/baskentte-raydan-cikan-akaryakit-treni-raylara-oturtularak-olay-yerinden-uzaklastirildi_34a7f98.jpg?w=1000 1000w, https:\/\/i0.wp.com\/www.tvturk.com\/wp-content\/uploads\/2019\/03\/baskentte-raydan-cikan-akaryakit-treni-raylara-oturtularak-olay-yerinden-uzaklastirildi_34a7f98.jpg?resize=150%2C113 150w, https:\/\/i0.wp.com\/www.tvturk.com\/wp-content\/uploads\/2019\/03\/baskentte-raydan-cikan-akaryakit-treni-raylara-oturtularak-olay-yerinden-uzaklastirildi_34a7f98.jpg?resize=300%2C225 300w, https:\/\/i0.wp.com\/www.tvturk.com\/wp-content\/uploads\/2019\/03\/baskentte-raydan-cikan-akaryakit-treni-raylara-oturtularak-olay-yerinden-uzaklastirildi_34a7f98.jpg?resize=768%2C576 768w\" width=\"330\" height=\"247\" loading=\"lazy\" data-original-width=\"330\" data-original-height=\"247\" itemprop=\"http:\/\/schema.org\/image\" title=\"Ba\u015fkent\u2019te raydan \u00e7\u0131kan akaryak\u0131t treni raylara oturtularak olay yerinden uzakla\u015ft\u0131r\u0131ld\u0131\" alt=\"Ba\u015fkent\u2019te raydan \u00e7\u0131kan akaryak\u0131t treni raylara oturtularak olay yerinden uzakla\u015ft\u0131r\u0131ld\u0131\" style=\"width: 330px; height: 247px;\" \/> <\/a> <\/div> <\/div> <!-- close group --> <div class=\"gallery-group images-2\" style=\"width: 166px; height: 251px;\" data-original-width=\"166\" data-original-height=\"251\" > <div class=\"tiled-gallery-item tiled-gallery-item-small\" itemprop=\"associatedMedia\" itemscope itemtype=\"http:\/\/schema.org\/ImageObject\"> <a href=\"http:\/\/www.tvturk.com\/index.php\/baskentte-raydan-cikan-akaryakit-treni-raylara-oturtularak-olay-yerinden-uzaklastirildi\/baskentte-raydan-cikan-akaryakit-treni-raylara-oturtularak-olay-yerinden-uzaklastirildi-4\/\" border=\"0\" itemprop=\"url\"> <meta itemprop=\"width\" content=\"162\"> <meta itemprop=\"height\" content=\"122\"> <img decoding=\"async\" class=\"\" data-attachment-id=\"92361\" data-orig-file=\"http:\/\/www.tvturk.com\/wp-content\/uploads\/2019\/03\/baskentte-raydan-cikan-akaryakit-treni-raylara-oturtularak-olay-yerinden-uzaklastirildi_a64be66.jpg\" data-orig-size=\"1000,750\" data-comments-opened=\"\" data-image-meta=\"{&quot;aperture&quot;:&quot;0&quot;,&quot;credit&quot;:&quot;IHA&quot;,&quot;camera&quot;:&quot;&quot;,&quot;caption&quot;:&quot;BA\\u015eKENT\\u2019TE RAYLARDAN \\u00c7IKARAK YAN DEVR\\u0130LEN AKARYAKIT Y\\u00dcKL\\u00dc TREN, TCDD EK\\u0130PLER\\u0130N\\u0130N \\u00c7ALI\\u015eMALARI SONUCU RAYLARA OTURTULDU. OLAY MAHALL\\u0130N\\u0130N 200 METRE \\u0130LER\\u0130S\\u0130NE \\u00c7EK\\u0130LEN LOKOMOT\\u0130F VE VAGONLARI HANGARA G\\u00d6T\\u00dcR\\u00dcLMEY\\u0130 BEKL\\u0130YOR. (MUHAMMET M\\u00dcCAH\\u0130T DEREL\\u0130\\\/ANKARA-\\u0130HA)&quot;,&quot;created_timestamp&quot;:&quot;0&quot;,&quot;copyright&quot;:&quot;\\u0130HLAS HABER AJANSI, www.iha.com.tr&quot;,&quot;focal_length&quot;:&quot;0&quot;,&quot;iso&quot;:&quot;0&quot;,&quot;shutter_speed&quot;:&quot;0&quot;,&quot;title&quot;:&quot;BA\\u015eKENT\\u2019TE RAYDAN \\u00c7IKAN AKARYAKIT TREN\\u0130 RAYLARA OTURTULARAK OLAY YER\\u0130NDEN UZAKLA\\u015eTIRILDI&quot;,&quot;orientation&quot;:&quot;0&quot;}\" data-image-title=\"Ba\u015fkent\u2019te raydan \u00e7\u0131kan akaryak\u0131t treni raylara oturtularak olay yerinden uzakla\u015ft\u0131r\u0131ld\u0131\" data-image-description=\"&lt;p&gt;Ba\u015fkent\u2019te raydan \u00e7\u0131kan akaryak\u0131t treni raylara oturtularak olay yerinden uzakla\u015ft\u0131r\u0131ld\u0131&lt;\/p&gt; \" data-medium-file=\"https:\/\/i0.wp.com\/www.tvturk.com\/wp-content\/uploads\/2019\/03\/baskentte-raydan-cikan-akaryakit-treni-raylara-oturtularak-olay-yerinden-uzaklastirildi_a64be66.jpg?fit=300%2C225\" data-large-file=\"https:\/\/i0.wp.com\/www.tvturk.com\/wp-content\/uploads\/2019\/03\/baskentte-raydan-cikan-akaryakit-treni-raylara-oturtularak-olay-yerinden-uzaklastirildi_a64be66.jpg?fit=1000%2C750\" src=\"https:\/\/i0.wp.com\/www.tvturk.com\/wp-content\/uploads\/2019\/03\/baskentte-raydan-cikan-akaryakit-treni-raylara-oturtularak-olay-yerinden-uzaklastirildi_a64be66.jpg?w=162&#038;h=122\" srcset=\"https:\/\/i0.wp.com\/www.tvturk.com\/wp-content\/uploads\/2019\/03\/baskentte-raydan-cikan-akaryakit-treni-raylara-oturtularak-olay-yerinden-uzaklastirildi_a64be66.jpg?w=1000 1000w, https:\/\/i0.wp.com\/www.tvturk.com\/wp-content\/uploads\/2019\/03\/baskentte-raydan-cikan-akaryakit-treni-raylara-oturtularak-olay-yerinden-uzaklastirildi_a64be66.jpg?resize=150%2C113 150w, https:\/\/i0.wp.com\/www.tvturk.com\/wp-content\/uploads\/2019\/03\/baskentte-raydan-cikan-akaryakit-treni-raylara-oturtularak-olay-yerinden-uzaklastirildi_a64be66.jpg?resize=300%2C225 300w, https:\/\/i0.wp.com\/www.tvturk.com\/wp-content\/uploads\/2019\/03\/baskentte-raydan-cikan-akaryakit-treni-raylara-oturtularak-olay-yerinden-uzaklastirildi_a64be66.jpg?resize=768%2C576 768w\" width=\"162\" height=\"122\" loading=\"lazy\" data-original-width=\"162\" data-original-height=\"122\" itemprop=\"http:\/\/schema.org\/image\" title=\"Ba\u015fkent\u2019te raydan \u00e7\u0131kan akaryak\u0131t treni raylara oturtularak olay yerinden uzakla\u015ft\u0131r\u0131ld\u0131\" alt=\"Ba\u015fkent\u2019te raydan \u00e7\u0131kan akaryak\u0131t treni raylara oturtularak olay yerinden uzakla\u015ft\u0131r\u0131ld\u0131\" style=\"width: 162px; height: 122px;\" \/> <\/a> <\/div> <div class=\"tiled-gallery-item tiled-gallery-item-small\" itemprop=\"associatedMedia\" itemscope itemtype=\"http:\/\/schema.org\/ImageObject\"> <a href=\"http:\/\/www.tvturk.com\/index.php\/baskentte-raydan-cikan-akaryakit-treni-raylara-oturtularak-olay-yerinden-uzaklastirildi\/baskentte-raydan-cikan-akaryakit-treni-raylara-oturtularak-olay-yerinden-uzaklastirildi-5\/\" border=\"0\" itemprop=\"url\"> <meta itemprop=\"width\" content=\"162\"> <meta itemprop=\"height\" content=\"121\"> <img decoding=\"async\" class=\"\" data-attachment-id=\"92362\" data-orig-file=\"http:\/\/www.tvturk.com\/wp-content\/uploads\/2019\/03\/baskentte-raydan-cikan-akaryakit-treni-raylara-oturtularak-olay-yerinden-uzaklastirildi_91e0a65.jpg\" data-orig-size=\"1000,750\" data-comments-opened=\"\" data-image-meta=\"{&quot;aperture&quot;:&quot;0&quot;,&quot;credit&quot;:&quot;IHA&quot;,&quot;camera&quot;:&quot;&quot;,&quot;caption&quot;:&quot;BA\\u015eKENT\\u2019TE RAYLARDAN \\u00c7IKARAK YAN DEVR\\u0130LEN AKARYAKIT Y\\u00dcKL\\u00dc TREN, TCDD EK\\u0130PLER\\u0130N\\u0130N \\u00c7ALI\\u015eMALARI SONUCU RAYLARA OTURTULDU. OLAY MAHALL\\u0130N\\u0130N 200 METRE \\u0130LER\\u0130S\\u0130NE \\u00c7EK\\u0130LEN LOKOMOT\\u0130F VE VAGONLARI HANGARA G\\u00d6T\\u00dcR\\u00dcLMEY\\u0130 BEKL\\u0130YOR. (MUHAMMET M\\u00dcCAH\\u0130T DEREL\\u0130\\\/ANKARA-\\u0130HA)&quot;,&quot;created_timestamp&quot;:&quot;0&quot;,&quot;copyright&quot;:&quot;\\u0130HLAS HABER AJANSI, www.iha.com.tr&quot;,&quot;focal_length&quot;:&quot;0&quot;,&quot;iso&quot;:&quot;0&quot;,&quot;shutter_speed&quot;:&quot;0&quot;,&quot;title&quot;:&quot;BA\\u015eKENT\\u2019TE RAYDAN \\u00c7IKAN AKARYAKIT TREN\\u0130 RAYLARA OTURTULARAK OLAY YER\\u0130NDEN UZAKLA\\u015eTIRILDI&quot;,&quot;orientation&quot;:&quot;0&quot;}\" data-image-title=\"Ba\u015fkent\u2019te raydan \u00e7\u0131kan akaryak\u0131t treni raylara oturtularak olay yerinden uzakla\u015ft\u0131r\u0131ld\u0131\" data-image-description=\"&lt;p&gt;Ba\u015fkent\u2019te raydan \u00e7\u0131kan akaryak\u0131t treni raylara oturtularak olay yerinden uzakla\u015ft\u0131r\u0131ld\u0131&lt;\/p&gt; \" data-medium-file=\"https:\/\/i0.wp.com\/www.tvturk.com\/wp-content\/uploads\/2019\/03\/baskentte-raydan-cikan-akaryakit-treni-raylara-oturtularak-olay-yerinden-uzaklastirildi_91e0a65.jpg?fit=300%2C225\" data-large-file=\"https:\/\/i0.wp.com\/www.tvturk.com\/wp-content\/uploads\/2019\/03\/baskentte-raydan-cikan-akaryakit-treni-raylara-oturtularak-olay-yerinden-uzaklastirildi_91e0a65.jpg?fit=1000%2C750\" src=\"https:\/\/i0.wp.com\/www.tvturk.com\/wp-content\/uploads\/2019\/03\/baskentte-raydan-cikan-akaryakit-treni-raylara-oturtularak-olay-yerinden-uzaklastirildi_91e0a65.jpg?w=162&#038;h=121\" srcset=\"https:\/\/i0.wp.com\/www.tvturk.com\/wp-content\/uploads\/2019\/03\/baskentte-raydan-cikan-akaryakit-treni-raylara-oturtularak-olay-yerinden-uzaklastirildi_91e0a65.jpg?w=1000 1000w, https:\/\/i0.wp.com\/www.tvturk.com\/wp-content\/uploads\/2019\/03\/baskentte-raydan-cikan-akaryakit-treni-raylara-oturtularak-olay-yerinden-uzaklastirildi_91e0a65.jpg?resize=150%2C113 150w, https:\/\/i0.wp.com\/www.tvturk.com\/wp-content\/uploads\/2019\/03\/baskentte-raydan-cikan-akaryakit-treni-raylara-oturtularak-olay-yerinden-uzaklastirildi_91e0a65.jpg?resize=300%2C225 300w, https:\/\/i0.wp.com\/www.tvturk.com\/wp-content\/uploads\/2019\/03\/baskentte-raydan-cikan-akaryakit-treni-raylara-oturtularak-olay-yerinden-uzaklastirildi_91e0a65.jpg?resize=768%2C576 768w\" width=\"162\" height=\"121\" loading=\"lazy\" data-original-width=\"162\" data-original-height=\"121\" itemprop=\"http:\/\/schema.org\/image\" title=\"Ba\u015fkent\u2019te raydan \u00e7\u0131kan akaryak\u0131t treni raylara oturtularak olay yerinden uzakla\u015ft\u0131r\u0131ld\u0131\" alt=\"Ba\u015fkent\u2019te raydan \u00e7\u0131kan akaryak\u0131t treni raylara oturtularak olay yerinden uzakla\u015ft\u0131r\u0131ld\u0131\" style=\"width: 162px; height: 121px;\" \/> <\/a> <\/div> <\/div> <!-- close group --> <\/div> <!-- close row --> <\/div><\/p>\n","protected":false},"excerpt":{"rendered":"<p>BA\u015eKENT\u2019TE RAYLARDAN \u00c7IKARAK YAN DEVR\u0130LEN AKARYAKIT Y\u00dcKL\u00dc TREN, TCDD EK\u0130PLER\u0130N\u0130N \u00c7ALI\u015eMALARI SONUCU RAYLARA OTURTULDU. OLAY MAHALL\u0130N\u0130N 200 METRE \u0130LER\u0130S\u0130NE \u00c7EK\u0130LEN LOKOMOT\u0130F VE VAGONLARI HANGARA G\u00d6T\u00dcR\u00dcLMEY\u0130 BEKL\u0130YOR.<\/p>\n","protected":false},"author":1,"featured_media":92359,"comment_status":"closed","ping_status":"open","sticky":false,"template":"","format":"standard","meta":{"jetpack_post_was_ever_published":false,"_jetpack_newsletter_access":"","_jetpack_dont_email_post_to_subs":false,"_jetpack_newsletter_tier_id":0,"_jetpack_memberships_contains_paywalled_content":false,"_jetpack_memberships_contains_paid_content":false,"footnotes":"","jetpack_publicize_message":"","jetpack_publicize_feature_enabled":true,"jetpack_social_post_already_shared":true,"jetpack_social_options":{"image_generator_settings":{"template":"highway","default_image_id":0,"font":"","enabled":false},"version":2}},"categories":[655],"tags":[2423,5434,2114,1793,24694,19580,24693,1631,24695,4872],"class_list":["post-92358","post","type-post","status-publish","format-standard","has-post-thumbnail","hentry","category-son-dakika","tag-akaryakit","tag-baskentte","tag-cikan","tag-olay","tag-oturtularak","tag-raydan","tag-raylara","tag-treni","tag-uzaklastirildi","tag-yerinden"],"jetpack_publicize_connections":[],"jetpack_featured_media_url":"https:\/\/i0.wp.com\/www.tvturk.com\/wp-content\/uploads\/2019\/03\/baskentte-raydan-cikan-akaryakit-treni-raylara-oturtularak-olay-yerinden-uzaklastirildi_7591c6f.jpg?fit=1000%2C750","jetpack_sharing_enabled":true,"jetpack_shortlink":"https:\/\/wp.me\/paKIfm-o1E","_links":{"self":[{"href":"http:\/\/www.tvturk.com\/index.php\/wp-json\/wp\/v2\/posts\/92358","targetHints":{"allow":["GET"]}}],"collection":[{"href":"http:\/\/www.tvturk.com\/index.php\/wp-json\/wp\/v2\/posts"}],"about":[{"href":"http:\/\/www.tvturk.com\/index.php\/wp-json\/wp\/v2\/types\/post"}],"author":[{"embeddable":true,"href":"http:\/\/www.tvturk.com\/index.php\/wp-json\/wp\/v2\/users\/1"}],"replies":[{"embeddable":true,"href":"http:\/\/www.tvturk.com\/index.php\/wp-json\/wp\/v2\/comments?post=92358"}],"version-history":[{"count":1,"href":"http:\/\/www.tvturk.com\/index.php\/wp-json\/wp\/v2\/posts\/92358\/revisions"}],"predecessor-version":[{"id":92363,"href":"http:\/\/www.tvturk.com\/index.php\/wp-json\/wp\/v2\/posts\/92358\/revisions\/92363"}],"wp:featuredmedia":[{"embeddable":true,"href":"http:\/\/www.tvturk.com\/index.php\/wp-json\/wp\/v2\/media\/92359"}],"wp:attachment":[{"href":"http:\/\/www.tvturk.com\/index.php\/wp-json\/wp\/v2\/media?parent=92358"}],"wp:term":[{"taxonomy":"category","embeddable":true,"href":"http:\/\/www.tvturk.com\/index.php\/wp-json\/wp\/v2\/categories?post=92358"},{"taxonomy":"post_tag","embeddable":true,"href":"http:\/\/www.tvturk.com\/index.php\/wp-json\/wp\/v2\/tags?post=92358"}],"curies":[{"name":"wp","href":"https:\/\/api.w.org\/{rel}","templated":true}]}}