{"id":9271,"date":"2019-02-07T15:35:54","date_gmt":"2019-02-07T12:35:54","guid":{"rendered":"http:\/\/www.tvturk.com\/index.php\/gelenegi-yasatmak-icin-gelenekten-gelecege-cocuk-takvimi\/"},"modified":"2019-02-07T15:35:56","modified_gmt":"2019-02-07T12:35:56","slug":"gelenegi-yasatmak-icin-gelenekten-gelecege-cocuk-takvimi","status":"publish","type":"post","link":"http:\/\/www.tvturk.com\/index.php\/gelenegi-yasatmak-icin-gelenekten-gelecege-cocuk-takvimi\/","title":{"rendered":"Gelene\u011fi ya\u015fatmak i\u00e7in \u2018Gelenekten gelece\u011fe\u2019 \u00e7ocuk takvimi"},"content":{"rendered":"<p>Malatya Kent Konseyi Genel Sekreterli\u011fi taraf\u0131ndan 2019 y\u0131l\u0131 lokomotif projesi olarak ba\u015flat\u0131lan \u201cGelenekten Gelece\u011fe\u201d projesi kapsam\u0131nda \u00c7ocuk Takvimi da\u011f\u0131t\u0131m\u0131 ger\u00e7ekle\u015ftirildi.<\/p>\n<p>Malatya B\u00fcy\u00fck\u015fehir Belediyesi Kernek Semt Kona\u011f\u0131\u2019nda \u00f6\u011frencilerle bulu\u015fan Malatya Kent Konseyi Genel Sekreteri Necati \u00c7obano\u011flu, \u201c Takvimleri kullan\u0131rken \u00f6nemli g\u00fcn ve haftalar\u0131, ya\u015fad\u0131\u011f\u0131m\u0131z g\u00fcn\u00fcn tarihini \u00f6\u011frenmek gibi nedenlerle kullan\u0131r\u0131z. Ancak haz\u0131rlam\u0131\u015f oldu\u011fumuz bu takvimde bir k\u00fclt\u00fcr olarak var olan, hayat\u0131m\u0131zda uygulam\u0131\u015f oldu\u011fumuz geleneklerimizi \u00e7ocuklara hat\u0131rlatmak istiyoruz\u201d ifadelerine yer verdi.<\/p>\n<p>\u00c7ocuklara gelenek ve g\u00f6renekleri \u00f6\u011fretmek ve ya\u015famlar\u0131nda uygulanabilir k\u0131lmak amac\u0131yla \u00e7ocuk takviminin haz\u0131rland\u0131\u011f\u0131n\u0131 belirten \u00c7obano\u011flu \u201cTakvimimizin i\u00e7inde her aya bir gelene\u011fimizi se\u00e7erek \u00e7ocuklar\u0131n gelenekleri uygulayarak e\u011flenceli bir \u015fekilde \u00f6\u011frenmelerini istedik. Takvimimizde yer alan \u201cGelene\u011fini Bizimle Payla\u015f Hediyeni Al\u201d k\u0131sm\u0131na \u00e7ocuklar o ay i\u00e7inde ge\u00e7erli olan gelene\u011fi uygulayarak yazmalar\u0131 gerekmektedir. Takvim i\u00e7erisinde ne yapt\u0131\u011f\u0131n\u0131 yazan \u00e7ocuklar\u0131m\u0131z o ay sonunda takvimin ilgili yapra\u011f\u0131n\u0131 Kent Konseyine getirerek hediyesini alacakt\u0131r\u201d diye konu\u015ftu.<\/p>\n<p>Takvimlerini alan \u00e7ocuklar yap\u0131lan uygulamadan duyduklar\u0131 memnuniyeti dile getirerek, Kent Konseyi Genel Sekreterli\u011fine te\u015fekk\u00fcr ettiler.<div class=\"tiled-gallery type-rectangular tiled-gallery-unresized\" data-original-width=\"500\" data-carousel-extra='null' itemscope itemtype=\"http:\/\/schema.org\/ImageGallery\" > <div class=\"gallery-row\" style=\"width: 500px; height: 168px;\" data-original-width=\"500\" data-original-height=\"168\" > <div class=\"gallery-group images-1\" style=\"width: 250px; height: 168px;\" data-original-width=\"250\" data-original-height=\"168\" > <div class=\"tiled-gallery-item tiled-gallery-item-small\" itemprop=\"associatedMedia\" itemscope itemtype=\"http:\/\/schema.org\/ImageObject\"> <a href=\"http:\/\/www.tvturk.com\/index.php\/gelenegi-yasatmak-icin-gelenekten-gelecege-cocuk-takvimi\/gelenegi-yasatmak-icin-gelenekten-gelecege-cocuk-takvimi-3\/\" border=\"0\" itemprop=\"url\"> <meta itemprop=\"width\" content=\"246\"> <meta itemprop=\"height\" content=\"164\"> <img decoding=\"async\" class=\"\" data-attachment-id=\"9273\" data-orig-file=\"http:\/\/www.tvturk.com\/wp-content\/uploads\/2019\/02\/gelenegi-yasatmak-icin-gelenekten-gelecege-cocuk-takvimi_29b11be.jpg\" data-orig-size=\"1000,666\" data-comments-opened=\"\" data-image-meta=\"{&quot;aperture&quot;:&quot;0&quot;,&quot;credit&quot;:&quot;IHA&quot;,&quot;camera&quot;:&quot;&quot;,&quot;caption&quot;:&quot;MALATYA KENT KONSEY\\u0130 GENEL SEKRETERL\\u0130\\u011e\\u0130 TARAFINDAN 2019 YILI LOKOMOT\\u0130F PROJES\\u0130 OLARAK BA\\u015eLATILAN \\u201cGELENEKTEN GELECE\\u011eE\\u201d PROJES\\u0130 KAPSAMINDA \\u00c7OCUK TAKV\\u0130M\\u0130 DA\\u011eITIMI GER\\u00c7EKLE\\u015eT\\u0130R\\u0130LD\\u0130. (\\u0130HA\\\/MALATYA-\\u0130HA)&quot;,&quot;created_timestamp&quot;:&quot;0&quot;,&quot;copyright&quot;:&quot;\\u0130HLAS HABER AJANSI, www.iha.com.tr&quot;,&quot;focal_length&quot;:&quot;0&quot;,&quot;iso&quot;:&quot;0&quot;,&quot;shutter_speed&quot;:&quot;0&quot;,&quot;title&quot;:&quot;GELENE\\u011e\\u0130 YA\\u015eATMAK \\u0130\\u00c7\\u0130N \\u2018GELENEKTEN GELECE\\u011eE\\u2019 \\u00c7OCUK TAKV\\u0130M\\u0130&quot;,&quot;orientation&quot;:&quot;0&quot;}\" data-image-title=\"Gelene\u011fi ya\u015fatmak i\u00e7in \u2018Gelenekten gelece\u011fe\u2019 \u00e7ocuk takvimi\" data-image-description=\"&lt;p&gt;Gelene\u011fi ya\u015fatmak i\u00e7in \u2018Gelenekten gelece\u011fe\u2019 \u00e7ocuk takvimi&lt;\/p&gt; \" data-medium-file=\"https:\/\/i0.wp.com\/www.tvturk.com\/wp-content\/uploads\/2019\/02\/gelenegi-yasatmak-icin-gelenekten-gelecege-cocuk-takvimi_29b11be.jpg?fit=300%2C200\" data-large-file=\"https:\/\/i0.wp.com\/www.tvturk.com\/wp-content\/uploads\/2019\/02\/gelenegi-yasatmak-icin-gelenekten-gelecege-cocuk-takvimi_29b11be.jpg?fit=1000%2C666\" src=\"https:\/\/i0.wp.com\/www.tvturk.com\/wp-content\/uploads\/2019\/02\/gelenegi-yasatmak-icin-gelenekten-gelecege-cocuk-takvimi_29b11be.jpg?w=246&#038;h=164\" srcset=\"https:\/\/i0.wp.com\/www.tvturk.com\/wp-content\/uploads\/2019\/02\/gelenegi-yasatmak-icin-gelenekten-gelecege-cocuk-takvimi_29b11be.jpg?w=1000 1000w, https:\/\/i0.wp.com\/www.tvturk.com\/wp-content\/uploads\/2019\/02\/gelenegi-yasatmak-icin-gelenekten-gelecege-cocuk-takvimi_29b11be.jpg?resize=150%2C100 150w, https:\/\/i0.wp.com\/www.tvturk.com\/wp-content\/uploads\/2019\/02\/gelenegi-yasatmak-icin-gelenekten-gelecege-cocuk-takvimi_29b11be.jpg?resize=300%2C200 300w, https:\/\/i0.wp.com\/www.tvturk.com\/wp-content\/uploads\/2019\/02\/gelenegi-yasatmak-icin-gelenekten-gelecege-cocuk-takvimi_29b11be.jpg?resize=768%2C511 768w, https:\/\/i0.wp.com\/www.tvturk.com\/wp-content\/uploads\/2019\/02\/gelenegi-yasatmak-icin-gelenekten-gelecege-cocuk-takvimi_29b11be.jpg?resize=170%2C113 170w, https:\/\/i0.wp.com\/www.tvturk.com\/wp-content\/uploads\/2019\/02\/gelenegi-yasatmak-icin-gelenekten-gelecege-cocuk-takvimi_29b11be.jpg?resize=120%2C80 120w\" width=\"246\" height=\"164\" loading=\"lazy\" data-original-width=\"246\" data-original-height=\"164\" itemprop=\"http:\/\/schema.org\/image\" title=\"Gelene\u011fi ya\u015fatmak i\u00e7in \u2018Gelenekten gelece\u011fe\u2019 \u00e7ocuk takvimi\" alt=\"Gelene\u011fi ya\u015fatmak i\u00e7in \u2018Gelenekten gelece\u011fe\u2019 \u00e7ocuk takvimi\" style=\"width: 246px; height: 164px;\" \/> <\/a> <\/div> <\/div> <!-- close group --> <div class=\"gallery-group images-1\" style=\"width: 250px; height: 168px;\" data-original-width=\"250\" data-original-height=\"168\" > <div class=\"tiled-gallery-item tiled-gallery-item-small\" itemprop=\"associatedMedia\" itemscope itemtype=\"http:\/\/schema.org\/ImageObject\"> <a href=\"http:\/\/www.tvturk.com\/index.php\/gelenegi-yasatmak-icin-gelenekten-gelecege-cocuk-takvimi\/gelenegi-yasatmak-icin-gelenekten-gelecege-cocuk-takvimi-4\/\" border=\"0\" itemprop=\"url\"> <meta itemprop=\"width\" content=\"246\"> <meta itemprop=\"height\" content=\"164\"> <img decoding=\"async\" class=\"\" data-attachment-id=\"9274\" data-orig-file=\"http:\/\/www.tvturk.com\/wp-content\/uploads\/2019\/02\/gelenegi-yasatmak-icin-gelenekten-gelecege-cocuk-takvimi_28955b8.jpg\" data-orig-size=\"1000,666\" data-comments-opened=\"\" data-image-meta=\"{&quot;aperture&quot;:&quot;0&quot;,&quot;credit&quot;:&quot;IHA&quot;,&quot;camera&quot;:&quot;&quot;,&quot;caption&quot;:&quot;MALATYA KENT KONSEY\\u0130 GENEL SEKRETERL\\u0130\\u011e\\u0130 TARAFINDAN 2019 YILI LOKOMOT\\u0130F PROJES\\u0130 OLARAK BA\\u015eLATILAN \\u201cGELENEKTEN GELECE\\u011eE\\u201d PROJES\\u0130 KAPSAMINDA \\u00c7OCUK TAKV\\u0130M\\u0130 DA\\u011eITIMI GER\\u00c7EKLE\\u015eT\\u0130R\\u0130LD\\u0130. (\\u0130HA\\\/MALATYA-\\u0130HA)&quot;,&quot;created_timestamp&quot;:&quot;0&quot;,&quot;copyright&quot;:&quot;\\u0130HLAS HABER AJANSI, www.iha.com.tr&quot;,&quot;focal_length&quot;:&quot;0&quot;,&quot;iso&quot;:&quot;0&quot;,&quot;shutter_speed&quot;:&quot;0&quot;,&quot;title&quot;:&quot;GELENE\\u011e\\u0130 YA\\u015eATMAK \\u0130\\u00c7\\u0130N \\u2018GELENEKTEN GELECE\\u011eE\\u2019 \\u00c7OCUK TAKV\\u0130M\\u0130&quot;,&quot;orientation&quot;:&quot;0&quot;}\" data-image-title=\"Gelene\u011fi ya\u015fatmak i\u00e7in \u2018Gelenekten gelece\u011fe\u2019 \u00e7ocuk takvimi\" data-image-description=\"&lt;p&gt;Gelene\u011fi ya\u015fatmak i\u00e7in \u2018Gelenekten gelece\u011fe\u2019 \u00e7ocuk takvimi&lt;\/p&gt; \" data-medium-file=\"https:\/\/i0.wp.com\/www.tvturk.com\/wp-content\/uploads\/2019\/02\/gelenegi-yasatmak-icin-gelenekten-gelecege-cocuk-takvimi_28955b8.jpg?fit=300%2C200\" data-large-file=\"https:\/\/i0.wp.com\/www.tvturk.com\/wp-content\/uploads\/2019\/02\/gelenegi-yasatmak-icin-gelenekten-gelecege-cocuk-takvimi_28955b8.jpg?fit=1000%2C666\" src=\"https:\/\/i0.wp.com\/www.tvturk.com\/wp-content\/uploads\/2019\/02\/gelenegi-yasatmak-icin-gelenekten-gelecege-cocuk-takvimi_28955b8.jpg?w=246&#038;h=164\" srcset=\"https:\/\/i0.wp.com\/www.tvturk.com\/wp-content\/uploads\/2019\/02\/gelenegi-yasatmak-icin-gelenekten-gelecege-cocuk-takvimi_28955b8.jpg?w=1000 1000w, https:\/\/i0.wp.com\/www.tvturk.com\/wp-content\/uploads\/2019\/02\/gelenegi-yasatmak-icin-gelenekten-gelecege-cocuk-takvimi_28955b8.jpg?resize=150%2C100 150w, https:\/\/i0.wp.com\/www.tvturk.com\/wp-content\/uploads\/2019\/02\/gelenegi-yasatmak-icin-gelenekten-gelecege-cocuk-takvimi_28955b8.jpg?resize=300%2C200 300w, https:\/\/i0.wp.com\/www.tvturk.com\/wp-content\/uploads\/2019\/02\/gelenegi-yasatmak-icin-gelenekten-gelecege-cocuk-takvimi_28955b8.jpg?resize=768%2C511 768w, https:\/\/i0.wp.com\/www.tvturk.com\/wp-content\/uploads\/2019\/02\/gelenegi-yasatmak-icin-gelenekten-gelecege-cocuk-takvimi_28955b8.jpg?resize=170%2C113 170w, https:\/\/i0.wp.com\/www.tvturk.com\/wp-content\/uploads\/2019\/02\/gelenegi-yasatmak-icin-gelenekten-gelecege-cocuk-takvimi_28955b8.jpg?resize=120%2C80 120w\" width=\"246\" height=\"164\" loading=\"lazy\" data-original-width=\"246\" data-original-height=\"164\" itemprop=\"http:\/\/schema.org\/image\" title=\"Gelene\u011fi ya\u015fatmak i\u00e7in \u2018Gelenekten gelece\u011fe\u2019 \u00e7ocuk takvimi\" alt=\"Gelene\u011fi ya\u015fatmak i\u00e7in \u2018Gelenekten gelece\u011fe\u2019 \u00e7ocuk takvimi\" style=\"width: 246px; height: 164px;\" \/> <\/a> <\/div> <\/div> <!-- close group --> <\/div> <!-- close row --> <\/div><\/p>\n","protected":false},"excerpt":{"rendered":"<p>MALATYA KENT KONSEY\u0130 GENEL SEKRETERL\u0130\u011e\u0130 TARAFINDAN 2019 YILI LOKOMOT\u0130F PROJES\u0130 OLARAK BA\u015eLATILAN \u201cGELENEKTEN GELECE\u011eE\u201d PROJES\u0130 KAPSAMINDA \u00c7OCUK TAKV\u0130M\u0130 DA\u011eITIMI GER\u00c7EKLE\u015eT\u0130R\u0130LD\u0130.<\/p>\n","protected":false},"author":1,"featured_media":9272,"comment_status":"closed","ping_status":"open","sticky":false,"template":"","format":"standard","meta":{"jetpack_post_was_ever_published":false,"_jetpack_newsletter_access":"","_jetpack_dont_email_post_to_subs":false,"_jetpack_newsletter_tier_id":0,"_jetpack_memberships_contains_paywalled_content":false,"_jetpack_memberships_contains_paid_content":false,"footnotes":"","jetpack_publicize_message":"","jetpack_publicize_feature_enabled":true,"jetpack_social_post_already_shared":false,"jetpack_social_options":{"image_generator_settings":{"template":"highway","default_image_id":0,"font":"","enabled":false},"version":2}},"categories":[655],"tags":[4904,1008,2059,4902,44,3182,4903],"class_list":["post-9271","post","type-post","status-publish","format-standard","has-post-thumbnail","hentry","category-son-dakika","tag-gelenekten","tag-cocuk","tag-gelecege","tag-gelenegi","tag-icin","tag-takvimi","tag-yasatmak"],"jetpack_publicize_connections":[],"jetpack_featured_media_url":"https:\/\/i0.wp.com\/www.tvturk.com\/wp-content\/uploads\/2019\/02\/gelenegi-yasatmak-icin-gelenekten-gelecege-cocuk-takvimi_121cd9c.jpg?fit=1000%2C666","jetpack_sharing_enabled":true,"jetpack_shortlink":"https:\/\/wp.me\/paKIfm-2px","_links":{"self":[{"href":"http:\/\/www.tvturk.com\/index.php\/wp-json\/wp\/v2\/posts\/9271","targetHints":{"allow":["GET"]}}],"collection":[{"href":"http:\/\/www.tvturk.com\/index.php\/wp-json\/wp\/v2\/posts"}],"about":[{"href":"http:\/\/www.tvturk.com\/index.php\/wp-json\/wp\/v2\/types\/post"}],"author":[{"embeddable":true,"href":"http:\/\/www.tvturk.com\/index.php\/wp-json\/wp\/v2\/users\/1"}],"replies":[{"embeddable":true,"href":"http:\/\/www.tvturk.com\/index.php\/wp-json\/wp\/v2\/comments?post=9271"}],"version-history":[{"count":1,"href":"http:\/\/www.tvturk.com\/index.php\/wp-json\/wp\/v2\/posts\/9271\/revisions"}],"predecessor-version":[{"id":9275,"href":"http:\/\/www.tvturk.com\/index.php\/wp-json\/wp\/v2\/posts\/9271\/revisions\/9275"}],"wp:featuredmedia":[{"embeddable":true,"href":"http:\/\/www.tvturk.com\/index.php\/wp-json\/wp\/v2\/media\/9272"}],"wp:attachment":[{"href":"http:\/\/www.tvturk.com\/index.php\/wp-json\/wp\/v2\/media?parent=9271"}],"wp:term":[{"taxonomy":"category","embeddable":true,"href":"http:\/\/www.tvturk.com\/index.php\/wp-json\/wp\/v2\/categories?post=9271"},{"taxonomy":"post_tag","embeddable":true,"href":"http:\/\/www.tvturk.com\/index.php\/wp-json\/wp\/v2\/tags?post=9271"}],"curies":[{"name":"wp","href":"https:\/\/api.w.org\/{rel}","templated":true}]}}