{"id":9365,"date":"2019-02-07T16:01:10","date_gmt":"2019-02-07T13:01:10","guid":{"rendered":"http:\/\/www.tvturk.com\/index.php\/tufekle-yaralama-suphelisi-adliyede\/"},"modified":"2019-02-07T16:01:10","modified_gmt":"2019-02-07T13:01:10","slug":"tufekle-yaralama-suphelisi-adliyede","status":"publish","type":"post","link":"http:\/\/www.tvturk.com\/index.php\/tufekle-yaralama-suphelisi-adliyede\/","title":{"rendered":"T\u00fcfekle yaralama \u015f\u00fcphelisi adliyede"},"content":{"rendered":"<p>Samsun\u2019da bir ki\u015fiyi t\u00fcfekle yaralayan \u015fah\u0131s polis taraf\u0131ndan g\u00f6zalt\u0131na al\u0131narak adliyeye sevk edildi.<\/p>\n<p>Olay, Samsun\u2019un \u0130lkad\u0131m il\u00e7esi Derebah\u00e7e Mahallesi\u2019nde d\u00fcn ak\u015fam meydana geldi. Edinilen bilgiye g\u00f6re, av t\u00fcfe\u011fiyle a\u00e7\u0131lan ate\u015f sonucu A.S.(36) baca\u011f\u0131ndan ve y\u00fcz\u00fcnden yaraland\u0131. Samsun E\u011fitim ve Ara\u015ft\u0131rma Hastanesine kald\u0131r\u0131lan A.S., tedavi alt\u0131na al\u0131nd\u0131. Silahl\u0131 sald\u0131r\u0131y\u0131 d\u00fczenledi\u011fi iddia edilen G.S.(24) polis taraf\u0131ndan yakalanarak g\u00f6zalt\u0131na al\u0131nd\u0131.<\/p>\n<p>Samsun Emniyet M\u00fcd\u00fcrl\u00fc\u011f\u00fc Asayi\u015f \u015eube M\u00fcd\u00fcrl\u00fc\u011f\u00fc Cinayet B\u00fcrosunda sorgulanan G.S., bug\u00fcn Samsun Adliyesine sevk edildi.<\/p>\n","protected":false},"excerpt":{"rendered":"<p>G.S., BUG\u00dcN SAMSUN ADL\u0130YES\u0130NE SEVK ED\u0130LD\u0130.<\/p>\n","protected":false},"author":1,"featured_media":9366,"comment_status":"closed","ping_status":"open","sticky":false,"template":"","format":"standard","meta":{"jetpack_post_was_ever_published":false,"_jetpack_newsletter_access":"","_jetpack_dont_email_post_to_subs":false,"_jetpack_newsletter_tier_id":0,"_jetpack_memberships_contains_paywalled_content":false,"_jetpack_memberships_contains_paid_content":false,"footnotes":"","jetpack_publicize_message":"","jetpack_publicize_feature_enabled":true,"jetpack_social_post_already_shared":false,"jetpack_social_options":{"image_generator_settings":{"template":"highway","default_image_id":0,"font":"","enabled":false},"version":2}},"categories":[655],"tags":[1896,1894,4913,4944],"class_list":["post-9365","post","type-post","status-publish","format-standard","has-post-thumbnail","hentry","category-son-dakika","tag-adliyede","tag-suphelisi","tag-tufekle","tag-yaralama"],"jetpack_publicize_connections":[],"jetpack_featured_media_url":"https:\/\/i0.wp.com\/www.tvturk.com\/wp-content\/uploads\/2019\/02\/tufekle-yaralama-suphelisi-adliyede_17b5793.jpg?fit=1000%2C633","jetpack_sharing_enabled":true,"jetpack_shortlink":"https:\/\/wp.me\/paKIfm-2r3","_links":{"self":[{"href":"http:\/\/www.tvturk.com\/index.php\/wp-json\/wp\/v2\/posts\/9365","targetHints":{"allow":["GET"]}}],"collection":[{"href":"http:\/\/www.tvturk.com\/index.php\/wp-json\/wp\/v2\/posts"}],"about":[{"href":"http:\/\/www.tvturk.com\/index.php\/wp-json\/wp\/v2\/types\/post"}],"author":[{"embeddable":true,"href":"http:\/\/www.tvturk.com\/index.php\/wp-json\/wp\/v2\/users\/1"}],"replies":[{"embeddable":true,"href":"http:\/\/www.tvturk.com\/index.php\/wp-json\/wp\/v2\/comments?post=9365"}],"version-history":[{"count":0,"href":"http:\/\/www.tvturk.com\/index.php\/wp-json\/wp\/v2\/posts\/9365\/revisions"}],"wp:featuredmedia":[{"embeddable":true,"href":"http:\/\/www.tvturk.com\/index.php\/wp-json\/wp\/v2\/media\/9366"}],"wp:attachment":[{"href":"http:\/\/www.tvturk.com\/index.php\/wp-json\/wp\/v2\/media?parent=9365"}],"wp:term":[{"taxonomy":"category","embeddable":true,"href":"http:\/\/www.tvturk.com\/index.php\/wp-json\/wp\/v2\/categories?post=9365"},{"taxonomy":"post_tag","embeddable":true,"href":"http:\/\/www.tvturk.com\/index.php\/wp-json\/wp\/v2\/tags?post=9365"}],"curies":[{"name":"wp","href":"https:\/\/api.w.org\/{rel}","templated":true}]}}