{"id":9510,"date":"2019-02-07T16:15:09","date_gmt":"2019-02-07T13:15:09","guid":{"rendered":"http:\/\/www.tvturk.com\/index.php\/ilk-kez-kitap-fuari-duzenlendi\/"},"modified":"2019-02-07T16:15:11","modified_gmt":"2019-02-07T13:15:11","slug":"ilk-kez-kitap-fuari-duzenlendi","status":"publish","type":"post","link":"http:\/\/www.tvturk.com\/index.php\/ilk-kez-kitap-fuari-duzenlendi\/","title":{"rendered":"\u0130lk kez kitap fuar\u0131 d\u00fczenlendi"},"content":{"rendered":"<p>Tekirda\u011f\u2019\u0131n Kapakl\u0131 il\u00e7esinde ilk defa d\u00fczenlenen kitap fuar\u0131na \u00fcnl\u00fc yazarlar konuk olurken, vatanda\u015flar da yo\u011fun ilgi g\u00f6sterdi.<\/p>\n<p>Kapakl\u0131 il\u00e7esinde ilk kez d\u00fczenlenen kitap fuar\u0131n\u0131n a\u00e7\u0131l\u0131\u015f\u0131 yap\u0131ld\u0131. Sayg\u0131 duru\u015funda bulunulmas\u0131 ve \u0130stiklal Mar\u015f\u0131\u2019n\u0131n okunmas\u0131n\u0131n ard\u0131ndan konu\u015fmas\u0131n\u0131 yapmak \u00fczere k\u00fcrs\u00fcye davet edilen Kapakl\u0131 \u0130l\u00e7e Milli E\u011fitim M\u00fcd\u00fcr\u00fc \u0130rfan Dan\u0131\u015fmaz, &#8220;12 Kas\u0131m 2018 tarihinde Kapakl\u0131 il\u00e7esinde g\u00f6reve ba\u015flad\u0131\u011f\u0131m\u0131zda adeta yar\u0131\u015f d\u0131\u015f\u0131 kalm\u0131\u015f il\u00e7emiz bug\u00fcn \u2018ben de var\u0131m\u2019 demi\u015ftir. E\u011fitim alan\u0131nda yerli ve milli projemizden sonra bug\u00fcn Kapakl\u0131 kitap fuar\u0131n\u0131n ger\u00e7ekle\u015ftiriyoruz. Trakya\u2019n\u0131n ilk ve en b\u00fcy\u00fck kitap fuar\u0131n\u0131 il\u00e7emizde yap\u0131yoruz. Bunun gururunu ya\u015f\u0131yoruz. Ekip olarak yakla\u015f\u0131k 40 g\u00fcnd\u00fcr bu fuar\u0131n haz\u0131rl\u0131\u011f\u0131 i\u00e7erisindeydik, hepimize hay\u0131rl\u0131 u\u011furlu olsun. Kat\u0131l\u0131m\u0131n\u0131zdan dolay\u0131 \u00e7ok te\u015fekk\u00fcr ediyor, sayg\u0131lar sunuyorum&#8221; ifadelerine yer verdi.<\/p>\n<p>Birbirinden \u00fcnl\u00fc yazarlar konuk oluyor<\/p>\n<p>Konu\u015fmalar\u0131n ard\u0131ndan kitap fuar\u0131 gezildi. Birbirinden \u00fcnl\u00fc yazarlar\u0131n da konuk olaca\u011f\u0131 kitap fuar\u0131 17 \u015eubat tarihine kadar devam edecek. Kapakl\u0131 Kitap Fuar\u0131na, \u015eermin Ya\u015far, Kahraman Tazeo\u011flu, B\u00fclent \u00dcst\u00fcn, Yelda Kur\u00e7uval, Haydar Erg\u00fclen, Y\u0131lmaz Aslant\u00fcrk, \u015e\u00fckr\u00fc Erba\u015f-Metin Karausta, Sinan Ya\u011fmur, Bilal Sami G\u00f6kdemir, Cem G\u00fclbent, Canan Tan ve Murat Tavl\u0131 gibi isimler imza ve s\u00f6yle\u015fi i\u00e7in kat\u0131lacak.<div class=\"tiled-gallery type-rectangular tiled-gallery-unresized\" data-original-width=\"500\" data-carousel-extra='null' itemscope itemtype=\"http:\/\/schema.org\/ImageGallery\" > <div class=\"gallery-row\" style=\"width: 500px; height: 167px;\" data-original-width=\"500\" data-original-height=\"167\" > <div class=\"gallery-group images-1\" style=\"width: 250px; height: 167px;\" data-original-width=\"250\" data-original-height=\"167\" > <div class=\"tiled-gallery-item tiled-gallery-item-small\" itemprop=\"associatedMedia\" itemscope itemtype=\"http:\/\/schema.org\/ImageObject\"> <a href=\"http:\/\/www.tvturk.com\/index.php\/ilk-kez-kitap-fuari-duzenlendi\/ilk-kez-kitap-fuari-duzenlendi-3\/\" border=\"0\" itemprop=\"url\"> <meta itemprop=\"width\" content=\"246\"> <meta itemprop=\"height\" content=\"163\"> <img decoding=\"async\" class=\"\" data-attachment-id=\"9512\" data-orig-file=\"http:\/\/www.tvturk.com\/wp-content\/uploads\/2019\/02\/ilk-kez-kitap-fuari-duzenlendi_d924899.jpg\" data-orig-size=\"1000,662\" data-comments-opened=\"\" data-image-meta=\"{&quot;aperture&quot;:&quot;0&quot;,&quot;credit&quot;:&quot;IHA&quot;,&quot;camera&quot;:&quot;&quot;,&quot;caption&quot;:&quot;KAPAKLI \\u0130L\\u00c7E M\\u0130LL\\u0130 E\\u011e\\u0130T\\u0130M M\\u00dcD\\u00dcR\\u00dc \\u0130RFAN DANI\\u015eMAZ, \\u002212 KASIM 2018 TAR\\u0130H\\u0130NDE KAPAKLI \\u0130L\\u00c7ES\\u0130NDE G\\u00d6REVE BA\\u015eLADI\\u011eIMIZDA ADETA YARI\\u015e DI\\u015eI KALMI\\u015e \\u0130L\\u00c7EM\\u0130Z BUG\\u00dcN \\u2018BEN DE VARIM\\u2019 DEM\\u0130\\u015eT\\u0130R. E\\u011e\\u0130T\\u0130M ALANINDA YERL\\u0130 VE M\\u0130LL\\u0130 PROJEM\\u0130ZDEN SONRA BUG\\u00dcN KAPAKLI K\\u0130TAP FUARININ GER\\u00c7EKLE\\u015eT\\u0130R\\u0130YORUZ. KATILIMINIZDAN DOLAYI \\u00c7OK TE\\u015eEKK\\u00dcR ED\\u0130YOR, SAYGILAR SUNUYORUM\\u0022 DED\\u0130. (H\\u00dcSEY\\u0130N G\\u00d6K\\u00c7EL\\u0130\\\/TEK\\u0130RDA\\u011e-\\u0130HA)&quot;,&quot;created_timestamp&quot;:&quot;0&quot;,&quot;copyright&quot;:&quot;\\u0130HLAS HABER AJANSI, www.iha.com.tr&quot;,&quot;focal_length&quot;:&quot;0&quot;,&quot;iso&quot;:&quot;0&quot;,&quot;shutter_speed&quot;:&quot;0&quot;,&quot;title&quot;:&quot;\\u0130LK KEZ K\\u0130TAP FUARI D\\u00dcZENLEND\\u0130&quot;,&quot;orientation&quot;:&quot;0&quot;}\" data-image-title=\"\u0130lk kez kitap fuar\u0131 d\u00fczenlendi\" data-image-description=\"&lt;p&gt;\u0130lk kez kitap fuar\u0131 d\u00fczenlendi&lt;\/p&gt; \" data-medium-file=\"https:\/\/i0.wp.com\/www.tvturk.com\/wp-content\/uploads\/2019\/02\/ilk-kez-kitap-fuari-duzenlendi_d924899.jpg?fit=300%2C199\" data-large-file=\"https:\/\/i0.wp.com\/www.tvturk.com\/wp-content\/uploads\/2019\/02\/ilk-kez-kitap-fuari-duzenlendi_d924899.jpg?fit=1000%2C662\" src=\"https:\/\/i0.wp.com\/www.tvturk.com\/wp-content\/uploads\/2019\/02\/ilk-kez-kitap-fuari-duzenlendi_d924899.jpg?w=246&#038;h=163\" srcset=\"https:\/\/i0.wp.com\/www.tvturk.com\/wp-content\/uploads\/2019\/02\/ilk-kez-kitap-fuari-duzenlendi_d924899.jpg?w=1000 1000w, https:\/\/i0.wp.com\/www.tvturk.com\/wp-content\/uploads\/2019\/02\/ilk-kez-kitap-fuari-duzenlendi_d924899.jpg?resize=150%2C99 150w, https:\/\/i0.wp.com\/www.tvturk.com\/wp-content\/uploads\/2019\/02\/ilk-kez-kitap-fuari-duzenlendi_d924899.jpg?resize=300%2C200 300w, https:\/\/i0.wp.com\/www.tvturk.com\/wp-content\/uploads\/2019\/02\/ilk-kez-kitap-fuari-duzenlendi_d924899.jpg?resize=768%2C508 768w, https:\/\/i0.wp.com\/www.tvturk.com\/wp-content\/uploads\/2019\/02\/ilk-kez-kitap-fuari-duzenlendi_d924899.jpg?resize=170%2C113 170w, https:\/\/i0.wp.com\/www.tvturk.com\/wp-content\/uploads\/2019\/02\/ilk-kez-kitap-fuari-duzenlendi_d924899.jpg?resize=120%2C80 120w\" width=\"246\" height=\"163\" loading=\"lazy\" data-original-width=\"246\" data-original-height=\"163\" itemprop=\"http:\/\/schema.org\/image\" title=\"\u0130lk kez kitap fuar\u0131 d\u00fczenlendi\" alt=\"\u0130lk kez kitap fuar\u0131 d\u00fczenlendi\" style=\"width: 246px; height: 163px;\" \/> <\/a> <\/div> <\/div> <!-- close group --> <div class=\"gallery-group images-1\" style=\"width: 250px; height: 167px;\" data-original-width=\"250\" data-original-height=\"167\" > <div class=\"tiled-gallery-item tiled-gallery-item-small\" itemprop=\"associatedMedia\" itemscope itemtype=\"http:\/\/schema.org\/ImageObject\"> <a href=\"http:\/\/www.tvturk.com\/index.php\/ilk-kez-kitap-fuari-duzenlendi\/ilk-kez-kitap-fuari-duzenlendi-4\/\" border=\"0\" itemprop=\"url\"> <meta itemprop=\"width\" content=\"246\"> <meta itemprop=\"height\" content=\"163\"> <img decoding=\"async\" class=\"\" data-attachment-id=\"9513\" data-orig-file=\"http:\/\/www.tvturk.com\/wp-content\/uploads\/2019\/02\/ilk-kez-kitap-fuari-duzenlendi_4238a0b.jpg\" data-orig-size=\"1000,662\" data-comments-opened=\"\" data-image-meta=\"{&quot;aperture&quot;:&quot;0&quot;,&quot;credit&quot;:&quot;IHA&quot;,&quot;camera&quot;:&quot;&quot;,&quot;caption&quot;:&quot;KONU\\u015eMALARIN ARDINDAN K\\u0130TAP FUARI GEZ\\u0130LD\\u0130. B\\u0130RB\\u0130R\\u0130NDEN \\u00dcNL\\u00dc YAZARLARIN DA KONUK OLACA\\u011eI K\\u0130TAP FUARI 17 \\u015eUBAT TAR\\u0130H\\u0130NE KADAR DEVAM EDECEK. (H\\u00dcSEY\\u0130N G\\u00d6K\\u00c7EL\\u0130\\\/TEK\\u0130RDA\\u011e-\\u0130HA)&quot;,&quot;created_timestamp&quot;:&quot;0&quot;,&quot;copyright&quot;:&quot;\\u0130HLAS HABER AJANSI, www.iha.com.tr&quot;,&quot;focal_length&quot;:&quot;0&quot;,&quot;iso&quot;:&quot;0&quot;,&quot;shutter_speed&quot;:&quot;0&quot;,&quot;title&quot;:&quot;\\u0130LK KEZ K\\u0130TAP FUARI D\\u00dcZENLEND\\u0130&quot;,&quot;orientation&quot;:&quot;0&quot;}\" data-image-title=\"\u0130lk kez kitap fuar\u0131 d\u00fczenlendi\" data-image-description=\"&lt;p&gt;\u0130lk kez kitap fuar\u0131 d\u00fczenlendi&lt;\/p&gt; \" data-medium-file=\"https:\/\/i0.wp.com\/www.tvturk.com\/wp-content\/uploads\/2019\/02\/ilk-kez-kitap-fuari-duzenlendi_4238a0b.jpg?fit=300%2C199\" data-large-file=\"https:\/\/i0.wp.com\/www.tvturk.com\/wp-content\/uploads\/2019\/02\/ilk-kez-kitap-fuari-duzenlendi_4238a0b.jpg?fit=1000%2C662\" src=\"https:\/\/i0.wp.com\/www.tvturk.com\/wp-content\/uploads\/2019\/02\/ilk-kez-kitap-fuari-duzenlendi_4238a0b.jpg?w=246&#038;h=163\" srcset=\"https:\/\/i0.wp.com\/www.tvturk.com\/wp-content\/uploads\/2019\/02\/ilk-kez-kitap-fuari-duzenlendi_4238a0b.jpg?w=1000 1000w, https:\/\/i0.wp.com\/www.tvturk.com\/wp-content\/uploads\/2019\/02\/ilk-kez-kitap-fuari-duzenlendi_4238a0b.jpg?resize=150%2C99 150w, https:\/\/i0.wp.com\/www.tvturk.com\/wp-content\/uploads\/2019\/02\/ilk-kez-kitap-fuari-duzenlendi_4238a0b.jpg?resize=300%2C200 300w, https:\/\/i0.wp.com\/www.tvturk.com\/wp-content\/uploads\/2019\/02\/ilk-kez-kitap-fuari-duzenlendi_4238a0b.jpg?resize=768%2C508 768w, https:\/\/i0.wp.com\/www.tvturk.com\/wp-content\/uploads\/2019\/02\/ilk-kez-kitap-fuari-duzenlendi_4238a0b.jpg?resize=170%2C113 170w, https:\/\/i0.wp.com\/www.tvturk.com\/wp-content\/uploads\/2019\/02\/ilk-kez-kitap-fuari-duzenlendi_4238a0b.jpg?resize=120%2C80 120w\" width=\"246\" height=\"163\" loading=\"lazy\" data-original-width=\"246\" data-original-height=\"163\" itemprop=\"http:\/\/schema.org\/image\" title=\"\u0130lk kez kitap fuar\u0131 d\u00fczenlendi\" alt=\"\u0130lk kez kitap fuar\u0131 d\u00fczenlendi\" style=\"width: 246px; height: 163px;\" \/> <\/a> <\/div> <\/div> <!-- close group --> <\/div> <!-- close row --> <\/div><\/p>\n","protected":false},"excerpt":{"rendered":"<p>TEK\u0130RDA\u011e&#8217;IN KAPAKLI \u0130L\u00c7ES\u0130NDE \u0130LK KEZ D\u00dcZENLENEN K\u0130TAP FUARININ A\u00c7ILI\u015eI YAPILDI. D\u00dcZENLENEN K\u0130TAP FUARINA \u00dcNL\u00dc YAZARLAR KONUK OLURKEN, VATANDA\u015eLAR DA YO\u011eUN \u0130LG\u0130 G\u00d6STERD\u0130.<\/p>\n","protected":false},"author":1,"featured_media":9511,"comment_status":"closed","ping_status":"open","sticky":false,"template":"","format":"standard","meta":{"jetpack_post_was_ever_published":false,"_jetpack_newsletter_access":"","_jetpack_dont_email_post_to_subs":false,"_jetpack_newsletter_tier_id":0,"_jetpack_memberships_contains_paywalled_content":false,"_jetpack_memberships_contains_paid_content":false,"footnotes":"","jetpack_publicize_message":"","jetpack_publicize_feature_enabled":true,"jetpack_social_post_already_shared":false,"jetpack_social_options":{"image_generator_settings":{"template":"highway","default_image_id":0,"font":"","enabled":false},"version":2}},"categories":[659],"tags":[2202,2924,37,1497,4074],"class_list":["post-9510","post","type-post","status-publish","format-standard","has-post-thumbnail","hentry","category-egitim","tag-duzenlendi","tag-fuari","tag-ilk","tag-kez","tag-kitap"],"jetpack_publicize_connections":[],"jetpack_featured_media_url":"https:\/\/i0.wp.com\/www.tvturk.com\/wp-content\/uploads\/2019\/02\/ilk-kez-kitap-fuari-duzenlendi_030ba12.jpg?fit=1000%2C662","jetpack_sharing_enabled":true,"jetpack_shortlink":"https:\/\/wp.me\/paKIfm-2to","_links":{"self":[{"href":"http:\/\/www.tvturk.com\/index.php\/wp-json\/wp\/v2\/posts\/9510","targetHints":{"allow":["GET"]}}],"collection":[{"href":"http:\/\/www.tvturk.com\/index.php\/wp-json\/wp\/v2\/posts"}],"about":[{"href":"http:\/\/www.tvturk.com\/index.php\/wp-json\/wp\/v2\/types\/post"}],"author":[{"embeddable":true,"href":"http:\/\/www.tvturk.com\/index.php\/wp-json\/wp\/v2\/users\/1"}],"replies":[{"embeddable":true,"href":"http:\/\/www.tvturk.com\/index.php\/wp-json\/wp\/v2\/comments?post=9510"}],"version-history":[{"count":1,"href":"http:\/\/www.tvturk.com\/index.php\/wp-json\/wp\/v2\/posts\/9510\/revisions"}],"predecessor-version":[{"id":9514,"href":"http:\/\/www.tvturk.com\/index.php\/wp-json\/wp\/v2\/posts\/9510\/revisions\/9514"}],"wp:featuredmedia":[{"embeddable":true,"href":"http:\/\/www.tvturk.com\/index.php\/wp-json\/wp\/v2\/media\/9511"}],"wp:attachment":[{"href":"http:\/\/www.tvturk.com\/index.php\/wp-json\/wp\/v2\/media?parent=9510"}],"wp:term":[{"taxonomy":"category","embeddable":true,"href":"http:\/\/www.tvturk.com\/index.php\/wp-json\/wp\/v2\/categories?post=9510"},{"taxonomy":"post_tag","embeddable":true,"href":"http:\/\/www.tvturk.com\/index.php\/wp-json\/wp\/v2\/tags?post=9510"}],"curies":[{"name":"wp","href":"https:\/\/api.w.org\/{rel}","templated":true}]}}