{"id":95270,"date":"2019-03-16T11:08:23","date_gmt":"2019-03-16T08:08:23","guid":{"rendered":"http:\/\/www.tvturk.com\/index.php\/binanin-2-katinda-bu-arabayi-gorenler-donup-bir-daha-bakiyor\/"},"modified":"2019-03-16T11:08:27","modified_gmt":"2019-03-16T08:08:27","slug":"binanin-2-katinda-bu-arabayi-gorenler-donup-bir-daha-bakiyor","status":"publish","type":"post","link":"http:\/\/www.tvturk.com\/index.php\/binanin-2-katinda-bu-arabayi-gorenler-donup-bir-daha-bakiyor\/","title":{"rendered":"Binan\u0131n 2. kat\u0131nda bu arabay\u0131 g\u00f6renler d\u00f6n\u00fcp bir daha bak\u0131yor"},"content":{"rendered":"<p>Trabzon\u2019da bu klasik arabay\u0131 binan\u0131n ikinci kat\u0131nda g\u00f6renler d\u00f6n\u00fcp bir daha bak\u0131yor. Yoldan ge\u00e7en vatanda\u015flar\u0131n ilgi g\u00f6sterdi\u011fi Vosvos yap\u0131lmakta olan bir kafede ziyaret\u00e7ilerini a\u011f\u0131rlayacak.<\/p>\n<p>Trabzon\u2019un Arakl\u0131 il\u00e7esinde sanatsal faaliyetlerde bulunan Fatih Alemdar, internet kafe olarak kulland\u0131\u011f\u0131 d\u00fckkan\u0131n\u0131 bir kafe yapmaya karar verdi. Kafenin ilgi \u00e7ekmesi i\u00e7in farkl\u0131 bir proje d\u00fc\u015f\u00fcnen Alemdar, 10 y\u0131l \u00f6nce ald\u0131\u011f\u0131 klasik Vosvos\u2019un ayn\u0131s\u0131n\u0131 buldu. Alemdar, 1972 model Vosvos\u2019u arkada\u015f\u0131n\u0131n vinci sayesinde kafe yapmay\u0131 planlad\u0131\u011f\u0131 d\u00fckkan\u0131n ikinci kat\u0131na \u00e7\u0131kard\u0131. Klasik arabay\u0131 10 katl\u0131 binan\u0131n 2. kat\u0131na yerle\u015ftiren Alemdar, Vosvos\u2019un \u00fcst kattan g\u00f6r\u00fclebilmesi i\u00e7in bir seyir teras\u0131 da yapt\u0131. Yoldan ge\u00e7en vatanda\u015flar\u0131n ilgi g\u00f6sterdi\u011fi Vosvos restorasyonu tamamland\u0131ktan sonra ziyaret\u00e7ilerini a\u011f\u0131rlayacak.<\/p>\n<p>Klasik Vosvos ile farkl\u0131 projelerinin oldu\u011funu ancak ekonomik \u015fartlar nedeniyle bunlar\u0131 ger\u00e7ekle\u015ftiremedi\u011fini belirten Fatih Alemdar, \u201cHalk sanat\u0131 i\u015fiyle u\u011fra\u015f\u0131yorum. Hobi olarak lise y\u0131llar\u0131mda ba\u015flam\u0131\u015ft\u0131m. Yapt\u0131\u011f\u0131m\u0131z i\u015f klasik oldu\u011fu i\u00e7in klasik bir araba alal\u0131m d\u00fc\u015f\u00fcncesi geldi. 10 sene \u00f6nce ye\u015fil bir Vosvos ald\u0131m. Sonra farkl\u0131 araba alal\u0131m diye d\u00fc\u015f\u00fcn\u00fcrd\u00fcm kar\u015f\u0131ma ayn\u0131 arabadan \u00e7\u0131kt\u0131. Akl\u0131mda baz\u0131 projeler vard\u0131 ekonomik \u015fartlar nedeniyle onu ger\u00e7ekle\u015ftiremedim. Kendi d\u00fckkan\u0131m\u0131n \u00fczerine bir sanat odas\u0131, bir salon yapal\u0131m d\u00fc\u015f\u00fcncesiyle turuncu arabam\u0131 \u00fcst kata \u00e7\u0131kard\u0131m. Ekonomik \u015fartlar\u0131m d\u00fczelince araban\u0131n \u00f6n\u00fcne konak \u015feklinde yapaca\u011f\u0131z. Her d\u0131\u015far\u0131dan bakt\u0131\u011f\u0131m\u0131z zaman hem de i\u00e7eriye gelen ki\u015fi Vosvos\u2019u kona\u011fa yana\u015fm\u0131\u015f bir \u015fekilde g\u00f6recek\u201d dedi.<\/p>\n<p>\u201cOnu oraya nas\u0131l \u00e7\u0131kard\u0131n, onun orada ne i\u015fi var \u015feklinde tepkiler al\u0131yorum\u201d<\/p>\n<p>Kafenin tamamlanmas\u0131yla m\u00fc\u015fterilerinin hem Vosvos\u2019un i\u00e7inde oturabilece\u011fi hemde \u00e7ay\u0131n\u0131 i\u00e7ebilece\u011fini dile getiren Alemdar, \u201cArkada\u015f\u0131m\u0131n bir vinci vard\u0131. Onunla beraber yapabilir miyiz dedik. Ba\u015far\u0131r\u0131z dedik ve arabay\u0131 \u00fcst kata \u00e7\u0131kard\u0131k. Onun d\u0131\u015f\u0131nda s\u00fcrekli kulland\u0131\u011f\u0131m ayn\u0131 marka bir arac\u0131m daha var. Onunla zaman zaman fuarlara, \u015fenlik alanlar\u0131na gidiyorum. Bu d\u00fckkan\u0131 kafe olarak yapmay\u0131 istiyorum. Ama bu arabay\u0131 almam\u0131n nedeni klasik \u015fenliklere giderek stant olarak kullanmak amac\u0131yla ald\u0131m. Kafeye gelen hem klasik araban\u0131n i\u00e7inde oturabilecek hem de \u00e7ay\u0131n\u0131 i\u00e7ebilecek. \u2019Onu oraya nas\u0131l \u00e7\u0131kard\u0131n ? Onun orada ne i\u015fi var ?\u2019\u015feklinde tepkiler al\u0131yorum. Ama biraz standartt\u0131n d\u0131\u015f\u0131na \u00e7\u0131kmakta iyi olur diye d\u00fc\u015f\u00fcn\u00fcyorum. Zaten Arakl\u0131\u2019n\u0131n da buna ihtiyac\u0131 var. Bu tip de\u011fi\u015fik faaliyetler biraz kafa yordu\u011fun zaman oluyor\u201d \u015feklinde konu\u015ftu.<\/p>\n<p>\u201cAra\u00e7 kullan\u0131yorsak d\u00f6n\u00fcp bakmamak elde de\u011fil\u201d<\/p>\n<p>Fatih Alemdar\u2019\u0131n kom\u015fusu Metin Ta\u015fk\u0131n ise, yoldan ge\u00e7en vatanda\u015flar\u0131n d\u00f6n\u00fcrek Vosvos\u2019a bir daha bakt\u0131\u011f\u0131n\u0131 vurgulayarak, \u201cYoldan ge\u00e7erken ara\u00e7 kullan\u0131yorsak d\u00f6n\u00fcp bakmamak elde de\u011fil. Bir an direksiyon hakimiyetini bile kaybediyoruz. \u0130ster istemez insan bakakal\u0131yor. \u015ea\u015f\u0131r\u0131yor insan bu nas\u0131l \u00e7\u0131kt\u0131 buraya veya nas\u0131l inecek diye akl\u0131m\u0131zdan \u00e7ok sorular ge\u00e7iyor. Sonra arkada\u015f\u0131m\u0131z projesini bize anlatt\u0131. Bizde kendisini destekliyoruz, merakla bekliyoruz. Bir an \u00f6nce gelip misafiri de olmak istiyoruz\u201d ifadelerini kulland\u0131.<div class=\"tiled-gallery type-rectangular tiled-gallery-unresized\" data-original-width=\"500\" data-carousel-extra='null' itemscope itemtype=\"http:\/\/schema.org\/ImageGallery\" > <div class=\"gallery-row\" style=\"width: 500px; height: 353px;\" data-original-width=\"500\" data-original-height=\"353\" > <div class=\"gallery-group images-2\" style=\"width: 263px; height: 353px;\" data-original-width=\"263\" data-original-height=\"353\" > <div class=\"tiled-gallery-item tiled-gallery-item-large\" itemprop=\"associatedMedia\" itemscope itemtype=\"http:\/\/schema.org\/ImageObject\"> <a href=\"http:\/\/www.tvturk.com\/index.php\/binanin-2-katinda-bu-arabayi-gorenler-donup-bir-daha-bakiyor\/binanin-2-katinda-bu-arabayi-gorenler-donup-bir-daha-bakiyor-3\/\" border=\"0\" itemprop=\"url\"> <meta itemprop=\"width\" content=\"259\"> <meta itemprop=\"height\" content=\"173\"> <img decoding=\"async\" class=\"\" data-attachment-id=\"95272\" data-orig-file=\"http:\/\/www.tvturk.com\/wp-content\/uploads\/2019\/03\/binanin-2-katinda-bu-arabayi-gorenler-donup-bir-daha-bakiyor_4d67858.jpg\" data-orig-size=\"1000,666\" data-comments-opened=\"\" data-image-meta=\"{&quot;aperture&quot;:&quot;0&quot;,&quot;credit&quot;:&quot;IHA&quot;,&quot;camera&quot;:&quot;&quot;,&quot;caption&quot;:&quot;TRABZON\\u2019DA BU KLAS\\u0130K ARABAYI B\\u0130NANIN \\u0130K\\u0130NC\\u0130 KATINDA G\\u00d6RENLER D\\u00d6N\\u00dcP B\\u0130R DAHA BAKIYOR. (YUSUF GEN\\u00c7\\\/TRABZON-\\u0130HA)&quot;,&quot;created_timestamp&quot;:&quot;0&quot;,&quot;copyright&quot;:&quot;\\u0130HLAS HABER AJANSI, www.iha.com.tr&quot;,&quot;focal_length&quot;:&quot;0&quot;,&quot;iso&quot;:&quot;0&quot;,&quot;shutter_speed&quot;:&quot;0&quot;,&quot;title&quot;:&quot;B\\u0130NANIN 2. KATINDA BU ARABAYI G\\u00d6RENLER D\\u00d6N\\u00dcP B\\u0130R DAHA BAKIYOR YOLDAN GE\\u00c7EN VATANDA\\u015eLARIN \\u0130LG\\u0130 G\\u00d6STERD\\u0130\\u011e\\u0130 VOSVOS B\\u0130R KAFEDE Z\\u0130YARET\\u00c7\\u0130LER\\u0130N\\u0130 A\\u011eIRLAYACAK&quot;,&quot;orientation&quot;:&quot;0&quot;}\" data-image-title=\"Binan\u0131n 2. kat\u0131nda bu arabay\u0131 g\u00f6renler d\u00f6n\u00fcp bir daha bak\u0131yor\" data-image-description=\"&lt;p&gt;Binan\u0131n 2. kat\u0131nda bu arabay\u0131 g\u00f6renler d\u00f6n\u00fcp bir daha bak\u0131yor&lt;\/p&gt; \" data-medium-file=\"https:\/\/i0.wp.com\/www.tvturk.com\/wp-content\/uploads\/2019\/03\/binanin-2-katinda-bu-arabayi-gorenler-donup-bir-daha-bakiyor_4d67858.jpg?fit=300%2C200\" data-large-file=\"https:\/\/i0.wp.com\/www.tvturk.com\/wp-content\/uploads\/2019\/03\/binanin-2-katinda-bu-arabayi-gorenler-donup-bir-daha-bakiyor_4d67858.jpg?fit=1000%2C666\" src=\"https:\/\/i0.wp.com\/www.tvturk.com\/wp-content\/uploads\/2019\/03\/binanin-2-katinda-bu-arabayi-gorenler-donup-bir-daha-bakiyor_4d67858.jpg?w=259&#038;h=173\" srcset=\"https:\/\/i0.wp.com\/www.tvturk.com\/wp-content\/uploads\/2019\/03\/binanin-2-katinda-bu-arabayi-gorenler-donup-bir-daha-bakiyor_4d67858.jpg?w=1000 1000w, https:\/\/i0.wp.com\/www.tvturk.com\/wp-content\/uploads\/2019\/03\/binanin-2-katinda-bu-arabayi-gorenler-donup-bir-daha-bakiyor_4d67858.jpg?resize=150%2C100 150w, https:\/\/i0.wp.com\/www.tvturk.com\/wp-content\/uploads\/2019\/03\/binanin-2-katinda-bu-arabayi-gorenler-donup-bir-daha-bakiyor_4d67858.jpg?resize=300%2C200 300w, https:\/\/i0.wp.com\/www.tvturk.com\/wp-content\/uploads\/2019\/03\/binanin-2-katinda-bu-arabayi-gorenler-donup-bir-daha-bakiyor_4d67858.jpg?resize=768%2C511 768w, https:\/\/i0.wp.com\/www.tvturk.com\/wp-content\/uploads\/2019\/03\/binanin-2-katinda-bu-arabayi-gorenler-donup-bir-daha-bakiyor_4d67858.jpg?resize=170%2C113 170w, https:\/\/i0.wp.com\/www.tvturk.com\/wp-content\/uploads\/2019\/03\/binanin-2-katinda-bu-arabayi-gorenler-donup-bir-daha-bakiyor_4d67858.jpg?resize=120%2C80 120w\" width=\"259\" height=\"173\" loading=\"lazy\" data-original-width=\"259\" data-original-height=\"173\" itemprop=\"http:\/\/schema.org\/image\" title=\"Binan\u0131n 2. kat\u0131nda bu arabay\u0131 g\u00f6renler d\u00f6n\u00fcp bir daha bak\u0131yor\" alt=\"Binan\u0131n 2. kat\u0131nda bu arabay\u0131 g\u00f6renler d\u00f6n\u00fcp bir daha bak\u0131yor\" style=\"width: 259px; height: 173px;\" \/> <\/a> <\/div> <div class=\"tiled-gallery-item tiled-gallery-item-large\" itemprop=\"associatedMedia\" itemscope itemtype=\"http:\/\/schema.org\/ImageObject\"> <a href=\"http:\/\/www.tvturk.com\/index.php\/binanin-2-katinda-bu-arabayi-gorenler-donup-bir-daha-bakiyor\/binanin-2-katinda-bu-arabayi-gorenler-donup-bir-daha-bakiyor-4\/\" border=\"0\" itemprop=\"url\"> <meta itemprop=\"width\" content=\"259\"> <meta itemprop=\"height\" content=\"172\"> <img decoding=\"async\" class=\"\" data-attachment-id=\"95273\" data-orig-file=\"http:\/\/www.tvturk.com\/wp-content\/uploads\/2019\/03\/binanin-2-katinda-bu-arabayi-gorenler-donup-bir-daha-bakiyor_29b11be.jpg\" data-orig-size=\"1000,666\" data-comments-opened=\"\" data-image-meta=\"{&quot;aperture&quot;:&quot;0&quot;,&quot;credit&quot;:&quot;IHA&quot;,&quot;camera&quot;:&quot;&quot;,&quot;caption&quot;:&quot;TRABZON\\u2019DA BU KLAS\\u0130K ARABAYI B\\u0130NANIN \\u0130K\\u0130NC\\u0130 KATINDA G\\u00d6RENLER D\\u00d6N\\u00dcP B\\u0130R DAHA BAKIYOR. (YUSUF GEN\\u00c7\\\/TRABZON-\\u0130HA)&quot;,&quot;created_timestamp&quot;:&quot;0&quot;,&quot;copyright&quot;:&quot;\\u0130HLAS HABER AJANSI, www.iha.com.tr&quot;,&quot;focal_length&quot;:&quot;0&quot;,&quot;iso&quot;:&quot;0&quot;,&quot;shutter_speed&quot;:&quot;0&quot;,&quot;title&quot;:&quot;B\\u0130NANIN 2. KATINDA BU ARABAYI G\\u00d6RENLER D\\u00d6N\\u00dcP B\\u0130R DAHA BAKIYOR YOLDAN GE\\u00c7EN VATANDA\\u015eLARIN \\u0130LG\\u0130 G\\u00d6STERD\\u0130\\u011e\\u0130 VOSVOS B\\u0130R KAFEDE Z\\u0130YARET\\u00c7\\u0130LER\\u0130N\\u0130 A\\u011eIRLAYACAK&quot;,&quot;orientation&quot;:&quot;0&quot;}\" data-image-title=\"Binan\u0131n 2. kat\u0131nda bu arabay\u0131 g\u00f6renler d\u00f6n\u00fcp bir daha bak\u0131yor\" data-image-description=\"&lt;p&gt;Binan\u0131n 2. kat\u0131nda bu arabay\u0131 g\u00f6renler d\u00f6n\u00fcp bir daha bak\u0131yor&lt;\/p&gt; \" data-medium-file=\"https:\/\/i0.wp.com\/www.tvturk.com\/wp-content\/uploads\/2019\/03\/binanin-2-katinda-bu-arabayi-gorenler-donup-bir-daha-bakiyor_29b11be.jpg?fit=300%2C200\" data-large-file=\"https:\/\/i0.wp.com\/www.tvturk.com\/wp-content\/uploads\/2019\/03\/binanin-2-katinda-bu-arabayi-gorenler-donup-bir-daha-bakiyor_29b11be.jpg?fit=1000%2C666\" src=\"https:\/\/i0.wp.com\/www.tvturk.com\/wp-content\/uploads\/2019\/03\/binanin-2-katinda-bu-arabayi-gorenler-donup-bir-daha-bakiyor_29b11be.jpg?w=259&#038;h=172\" srcset=\"https:\/\/i0.wp.com\/www.tvturk.com\/wp-content\/uploads\/2019\/03\/binanin-2-katinda-bu-arabayi-gorenler-donup-bir-daha-bakiyor_29b11be.jpg?w=1000 1000w, https:\/\/i0.wp.com\/www.tvturk.com\/wp-content\/uploads\/2019\/03\/binanin-2-katinda-bu-arabayi-gorenler-donup-bir-daha-bakiyor_29b11be.jpg?resize=150%2C100 150w, https:\/\/i0.wp.com\/www.tvturk.com\/wp-content\/uploads\/2019\/03\/binanin-2-katinda-bu-arabayi-gorenler-donup-bir-daha-bakiyor_29b11be.jpg?resize=300%2C200 300w, https:\/\/i0.wp.com\/www.tvturk.com\/wp-content\/uploads\/2019\/03\/binanin-2-katinda-bu-arabayi-gorenler-donup-bir-daha-bakiyor_29b11be.jpg?resize=768%2C511 768w, https:\/\/i0.wp.com\/www.tvturk.com\/wp-content\/uploads\/2019\/03\/binanin-2-katinda-bu-arabayi-gorenler-donup-bir-daha-bakiyor_29b11be.jpg?resize=170%2C113 170w, https:\/\/i0.wp.com\/www.tvturk.com\/wp-content\/uploads\/2019\/03\/binanin-2-katinda-bu-arabayi-gorenler-donup-bir-daha-bakiyor_29b11be.jpg?resize=120%2C80 120w\" width=\"259\" height=\"172\" loading=\"lazy\" data-original-width=\"259\" data-original-height=\"172\" itemprop=\"http:\/\/schema.org\/image\" title=\"Binan\u0131n 2. kat\u0131nda bu arabay\u0131 g\u00f6renler d\u00f6n\u00fcp bir daha bak\u0131yor\" alt=\"Binan\u0131n 2. kat\u0131nda bu arabay\u0131 g\u00f6renler d\u00f6n\u00fcp bir daha bak\u0131yor\" style=\"width: 259px; height: 172px;\" \/> <\/a> <\/div> <\/div> <!-- close group --> <div class=\"gallery-group images-1\" style=\"width: 237px; height: 353px;\" data-original-width=\"237\" data-original-height=\"353\" > <div class=\"tiled-gallery-item tiled-gallery-item-small\" itemprop=\"associatedMedia\" itemscope itemtype=\"http:\/\/schema.org\/ImageObject\"> <a href=\"http:\/\/www.tvturk.com\/index.php\/binanin-2-katinda-bu-arabayi-gorenler-donup-bir-daha-bakiyor\/binanin-2-katinda-bu-arabayi-gorenler-donup-bir-daha-bakiyor-5\/\" border=\"0\" itemprop=\"url\"> <meta itemprop=\"width\" content=\"233\"> <meta itemprop=\"height\" content=\"349\"> <img decoding=\"async\" class=\"\" data-attachment-id=\"95274\" data-orig-file=\"http:\/\/www.tvturk.com\/wp-content\/uploads\/2019\/03\/binanin-2-katinda-bu-arabayi-gorenler-donup-bir-daha-bakiyor_b6fb5fb.jpg\" data-orig-size=\"666,1000\" data-comments-opened=\"\" data-image-meta=\"{&quot;aperture&quot;:&quot;0&quot;,&quot;credit&quot;:&quot;IHA&quot;,&quot;camera&quot;:&quot;&quot;,&quot;caption&quot;:&quot;TRABZON\\u2019DA BU KLAS\\u0130K ARABAYI B\\u0130NANIN \\u0130K\\u0130NC\\u0130 KATINDA G\\u00d6RENLER D\\u00d6N\\u00dcP B\\u0130R DAHA BAKIYOR. (YUSUF GEN\\u00c7\\\/TRABZON-\\u0130HA)&quot;,&quot;created_timestamp&quot;:&quot;0&quot;,&quot;copyright&quot;:&quot;\\u0130HLAS HABER AJANSI, www.iha.com.tr&quot;,&quot;focal_length&quot;:&quot;0&quot;,&quot;iso&quot;:&quot;0&quot;,&quot;shutter_speed&quot;:&quot;0&quot;,&quot;title&quot;:&quot;B\\u0130NANIN 2. KATINDA BU ARABAYI G\\u00d6RENLER D\\u00d6N\\u00dcP B\\u0130R DAHA BAKIYOR YOLDAN GE\\u00c7EN VATANDA\\u015eLARIN \\u0130LG\\u0130 G\\u00d6STERD\\u0130\\u011e\\u0130 VOSVOS B\\u0130R KAFEDE Z\\u0130YARET\\u00c7\\u0130LER\\u0130N\\u0130 A\\u011eIRLAYACAK&quot;,&quot;orientation&quot;:&quot;0&quot;}\" data-image-title=\"Binan\u0131n 2. kat\u0131nda bu arabay\u0131 g\u00f6renler d\u00f6n\u00fcp bir daha bak\u0131yor\" data-image-description=\"&lt;p&gt;Binan\u0131n 2. kat\u0131nda bu arabay\u0131 g\u00f6renler d\u00f6n\u00fcp bir daha bak\u0131yor&lt;\/p&gt; \" data-medium-file=\"https:\/\/i0.wp.com\/www.tvturk.com\/wp-content\/uploads\/2019\/03\/binanin-2-katinda-bu-arabayi-gorenler-donup-bir-daha-bakiyor_b6fb5fb.jpg?fit=200%2C300\" data-large-file=\"https:\/\/i0.wp.com\/www.tvturk.com\/wp-content\/uploads\/2019\/03\/binanin-2-katinda-bu-arabayi-gorenler-donup-bir-daha-bakiyor_b6fb5fb.jpg?fit=666%2C1000\" src=\"https:\/\/i0.wp.com\/www.tvturk.com\/wp-content\/uploads\/2019\/03\/binanin-2-katinda-bu-arabayi-gorenler-donup-bir-daha-bakiyor_b6fb5fb.jpg?w=233&#038;h=349\" srcset=\"https:\/\/i0.wp.com\/www.tvturk.com\/wp-content\/uploads\/2019\/03\/binanin-2-katinda-bu-arabayi-gorenler-donup-bir-daha-bakiyor_b6fb5fb.jpg?w=666 666w, https:\/\/i0.wp.com\/www.tvturk.com\/wp-content\/uploads\/2019\/03\/binanin-2-katinda-bu-arabayi-gorenler-donup-bir-daha-bakiyor_b6fb5fb.jpg?resize=100%2C150 100w, https:\/\/i0.wp.com\/www.tvturk.com\/wp-content\/uploads\/2019\/03\/binanin-2-katinda-bu-arabayi-gorenler-donup-bir-daha-bakiyor_b6fb5fb.jpg?resize=200%2C300 200w\" width=\"233\" height=\"349\" loading=\"lazy\" data-original-width=\"233\" data-original-height=\"349\" itemprop=\"http:\/\/schema.org\/image\" title=\"Binan\u0131n 2. kat\u0131nda bu arabay\u0131 g\u00f6renler d\u00f6n\u00fcp bir daha bak\u0131yor\" alt=\"Binan\u0131n 2. kat\u0131nda bu arabay\u0131 g\u00f6renler d\u00f6n\u00fcp bir daha bak\u0131yor\" style=\"width: 233px; height: 349px;\" \/> <\/a> <\/div> <\/div> <!-- close group --> <\/div> <!-- close row --> <div class=\"gallery-row\" style=\"width: 500px; height: 373px;\" data-original-width=\"500\" data-original-height=\"373\" > <div class=\"gallery-group images-1\" style=\"width: 250px; height: 373px;\" data-original-width=\"250\" data-original-height=\"373\" > <div class=\"tiled-gallery-item tiled-gallery-item-small\" itemprop=\"associatedMedia\" itemscope itemtype=\"http:\/\/schema.org\/ImageObject\"> <a href=\"http:\/\/www.tvturk.com\/index.php\/binanin-2-katinda-bu-arabayi-gorenler-donup-bir-daha-bakiyor\/binanin-2-katinda-bu-arabayi-gorenler-donup-bir-daha-bakiyor-6\/\" border=\"0\" itemprop=\"url\"> <meta itemprop=\"width\" content=\"246\"> <meta itemprop=\"height\" content=\"369\"> <img decoding=\"async\" class=\"\" data-attachment-id=\"95275\" data-orig-file=\"http:\/\/www.tvturk.com\/wp-content\/uploads\/2019\/03\/binanin-2-katinda-bu-arabayi-gorenler-donup-bir-daha-bakiyor_9449784.jpg\" data-orig-size=\"666,1000\" data-comments-opened=\"\" data-image-meta=\"{&quot;aperture&quot;:&quot;0&quot;,&quot;credit&quot;:&quot;IHA&quot;,&quot;camera&quot;:&quot;&quot;,&quot;caption&quot;:&quot;TRABZON\\u2019DA BU KLAS\\u0130K ARABAYI B\\u0130NANIN \\u0130K\\u0130NC\\u0130 KATINDA G\\u00d6RENLER D\\u00d6N\\u00dcP B\\u0130R DAHA BAKIYOR. (YUSUF GEN\\u00c7\\\/TRABZON-\\u0130HA)&quot;,&quot;created_timestamp&quot;:&quot;0&quot;,&quot;copyright&quot;:&quot;\\u0130HLAS HABER AJANSI, www.iha.com.tr&quot;,&quot;focal_length&quot;:&quot;0&quot;,&quot;iso&quot;:&quot;0&quot;,&quot;shutter_speed&quot;:&quot;0&quot;,&quot;title&quot;:&quot;B\\u0130NANIN 2. KATINDA BU ARABAYI G\\u00d6RENLER D\\u00d6N\\u00dcP B\\u0130R DAHA BAKIYOR YOLDAN GE\\u00c7EN VATANDA\\u015eLARIN \\u0130LG\\u0130 G\\u00d6STERD\\u0130\\u011e\\u0130 VOSVOS B\\u0130R KAFEDE Z\\u0130YARET\\u00c7\\u0130LER\\u0130N\\u0130 A\\u011eIRLAYACAK&quot;,&quot;orientation&quot;:&quot;0&quot;}\" data-image-title=\"Binan\u0131n 2. kat\u0131nda bu arabay\u0131 g\u00f6renler d\u00f6n\u00fcp bir daha bak\u0131yor\" data-image-description=\"&lt;p&gt;Binan\u0131n 2. kat\u0131nda bu arabay\u0131 g\u00f6renler d\u00f6n\u00fcp bir daha bak\u0131yor&lt;\/p&gt; \" data-medium-file=\"https:\/\/i0.wp.com\/www.tvturk.com\/wp-content\/uploads\/2019\/03\/binanin-2-katinda-bu-arabayi-gorenler-donup-bir-daha-bakiyor_9449784.jpg?fit=200%2C300\" data-large-file=\"https:\/\/i0.wp.com\/www.tvturk.com\/wp-content\/uploads\/2019\/03\/binanin-2-katinda-bu-arabayi-gorenler-donup-bir-daha-bakiyor_9449784.jpg?fit=666%2C1000\" src=\"https:\/\/i0.wp.com\/www.tvturk.com\/wp-content\/uploads\/2019\/03\/binanin-2-katinda-bu-arabayi-gorenler-donup-bir-daha-bakiyor_9449784.jpg?w=246&#038;h=369\" srcset=\"https:\/\/i0.wp.com\/www.tvturk.com\/wp-content\/uploads\/2019\/03\/binanin-2-katinda-bu-arabayi-gorenler-donup-bir-daha-bakiyor_9449784.jpg?w=666 666w, https:\/\/i0.wp.com\/www.tvturk.com\/wp-content\/uploads\/2019\/03\/binanin-2-katinda-bu-arabayi-gorenler-donup-bir-daha-bakiyor_9449784.jpg?resize=100%2C150 100w, https:\/\/i0.wp.com\/www.tvturk.com\/wp-content\/uploads\/2019\/03\/binanin-2-katinda-bu-arabayi-gorenler-donup-bir-daha-bakiyor_9449784.jpg?resize=200%2C300 200w\" width=\"246\" height=\"369\" loading=\"lazy\" data-original-width=\"246\" data-original-height=\"369\" itemprop=\"http:\/\/schema.org\/image\" title=\"Binan\u0131n 2. kat\u0131nda bu arabay\u0131 g\u00f6renler d\u00f6n\u00fcp bir daha bak\u0131yor\" alt=\"Binan\u0131n 2. kat\u0131nda bu arabay\u0131 g\u00f6renler d\u00f6n\u00fcp bir daha bak\u0131yor\" style=\"width: 246px; height: 369px;\" \/> <\/a> <\/div> <\/div> <!-- close group --> <div class=\"gallery-group images-1\" style=\"width: 250px; height: 373px;\" data-original-width=\"250\" data-original-height=\"373\" > <div class=\"tiled-gallery-item tiled-gallery-item-small\" itemprop=\"associatedMedia\" itemscope itemtype=\"http:\/\/schema.org\/ImageObject\"> <a href=\"http:\/\/www.tvturk.com\/index.php\/binanin-2-katinda-bu-arabayi-gorenler-donup-bir-daha-bakiyor\/binanin-2-katinda-bu-arabayi-gorenler-donup-bir-daha-bakiyor-7\/\" border=\"0\" itemprop=\"url\"> <meta itemprop=\"width\" content=\"246\"> <meta itemprop=\"height\" content=\"369\"> <img decoding=\"async\" class=\"\" data-attachment-id=\"95276\" data-orig-file=\"http:\/\/www.tvturk.com\/wp-content\/uploads\/2019\/03\/binanin-2-katinda-bu-arabayi-gorenler-donup-bir-daha-bakiyor_29dc243.jpg\" data-orig-size=\"666,1000\" data-comments-opened=\"\" data-image-meta=\"{&quot;aperture&quot;:&quot;0&quot;,&quot;credit&quot;:&quot;IHA&quot;,&quot;camera&quot;:&quot;&quot;,&quot;caption&quot;:&quot;TRABZON\\u2019DA BU KLAS\\u0130K ARABAYI B\\u0130NANIN \\u0130K\\u0130NC\\u0130 KATINDA G\\u00d6RENLER D\\u00d6N\\u00dcP B\\u0130R DAHA BAKIYOR. (YUSUF GEN\\u00c7\\\/TRABZON-\\u0130HA)&quot;,&quot;created_timestamp&quot;:&quot;0&quot;,&quot;copyright&quot;:&quot;\\u0130HLAS HABER AJANSI, www.iha.com.tr&quot;,&quot;focal_length&quot;:&quot;0&quot;,&quot;iso&quot;:&quot;0&quot;,&quot;shutter_speed&quot;:&quot;0&quot;,&quot;title&quot;:&quot;B\\u0130NANIN 2. KATINDA BU ARABAYI G\\u00d6RENLER D\\u00d6N\\u00dcP B\\u0130R DAHA BAKIYOR YOLDAN GE\\u00c7EN VATANDA\\u015eLARIN \\u0130LG\\u0130 G\\u00d6STERD\\u0130\\u011e\\u0130 VOSVOS B\\u0130R KAFEDE Z\\u0130YARET\\u00c7\\u0130LER\\u0130N\\u0130 A\\u011eIRLAYACAK&quot;,&quot;orientation&quot;:&quot;0&quot;}\" data-image-title=\"Binan\u0131n 2. kat\u0131nda bu arabay\u0131 g\u00f6renler d\u00f6n\u00fcp bir daha bak\u0131yor\" data-image-description=\"&lt;p&gt;Binan\u0131n 2. kat\u0131nda bu arabay\u0131 g\u00f6renler d\u00f6n\u00fcp bir daha bak\u0131yor&lt;\/p&gt; \" data-medium-file=\"https:\/\/i0.wp.com\/www.tvturk.com\/wp-content\/uploads\/2019\/03\/binanin-2-katinda-bu-arabayi-gorenler-donup-bir-daha-bakiyor_29dc243.jpg?fit=200%2C300\" data-large-file=\"https:\/\/i0.wp.com\/www.tvturk.com\/wp-content\/uploads\/2019\/03\/binanin-2-katinda-bu-arabayi-gorenler-donup-bir-daha-bakiyor_29dc243.jpg?fit=666%2C1000\" src=\"https:\/\/i0.wp.com\/www.tvturk.com\/wp-content\/uploads\/2019\/03\/binanin-2-katinda-bu-arabayi-gorenler-donup-bir-daha-bakiyor_29dc243.jpg?w=246&#038;h=369\" srcset=\"https:\/\/i0.wp.com\/www.tvturk.com\/wp-content\/uploads\/2019\/03\/binanin-2-katinda-bu-arabayi-gorenler-donup-bir-daha-bakiyor_29dc243.jpg?w=666 666w, https:\/\/i0.wp.com\/www.tvturk.com\/wp-content\/uploads\/2019\/03\/binanin-2-katinda-bu-arabayi-gorenler-donup-bir-daha-bakiyor_29dc243.jpg?resize=100%2C150 100w, https:\/\/i0.wp.com\/www.tvturk.com\/wp-content\/uploads\/2019\/03\/binanin-2-katinda-bu-arabayi-gorenler-donup-bir-daha-bakiyor_29dc243.jpg?resize=200%2C300 200w\" width=\"246\" height=\"369\" loading=\"lazy\" data-original-width=\"246\" data-original-height=\"369\" itemprop=\"http:\/\/schema.org\/image\" title=\"Binan\u0131n 2. kat\u0131nda bu arabay\u0131 g\u00f6renler d\u00f6n\u00fcp bir daha bak\u0131yor\" alt=\"Binan\u0131n 2. kat\u0131nda bu arabay\u0131 g\u00f6renler d\u00f6n\u00fcp bir daha bak\u0131yor\" style=\"width: 246px; height: 369px;\" \/> <\/a> <\/div> <\/div> <!-- close group --> <\/div> <!-- close row --> <\/div><\/p>\n","protected":false},"excerpt":{"rendered":"<p>TRABZON\u2019DA BU KLAS\u0130K ARABAYI B\u0130NANIN \u0130K\u0130NC\u0130 KATINDA G\u00d6RENLER D\u00d6N\u00dcP B\u0130R DAHA BAKIYOR.<\/p>\n","protected":false},"author":1,"featured_media":95271,"comment_status":"closed","ping_status":"open","sticky":false,"template":"","format":"standard","meta":{"jetpack_post_was_ever_published":false,"_jetpack_newsletter_access":"","_jetpack_dont_email_post_to_subs":false,"_jetpack_newsletter_tier_id":0,"_jetpack_memberships_contains_paywalled_content":false,"_jetpack_memberships_contains_paid_content":false,"footnotes":"","jetpack_publicize_message":"","jetpack_publicize_feature_enabled":true,"jetpack_social_post_already_shared":true,"jetpack_social_options":{"image_generator_settings":{"template":"highway","default_image_id":0,"font":"","enabled":false},"version":2}},"categories":[1],"tags":[25162,2061,3144,125,1018,5494,8570,5074],"class_list":["post-95270","post","type-post","status-publish","format-standard","has-post-thumbnail","hentry","category-genel","tag-arabayi","tag-bakiyor","tag-binanin","tag-bir","tag-daha","tag-donup","tag-gorenler","tag-katinda"],"jetpack_publicize_connections":[],"jetpack_featured_media_url":"https:\/\/i0.wp.com\/www.tvturk.com\/wp-content\/uploads\/2019\/03\/binanin-2-katinda-bu-arabayi-gorenler-donup-bir-daha-bakiyor_139df5e.jpg?fit=1000%2C666","jetpack_sharing_enabled":true,"jetpack_shortlink":"https:\/\/wp.me\/paKIfm-oMC","_links":{"self":[{"href":"http:\/\/www.tvturk.com\/index.php\/wp-json\/wp\/v2\/posts\/95270","targetHints":{"allow":["GET"]}}],"collection":[{"href":"http:\/\/www.tvturk.com\/index.php\/wp-json\/wp\/v2\/posts"}],"about":[{"href":"http:\/\/www.tvturk.com\/index.php\/wp-json\/wp\/v2\/types\/post"}],"author":[{"embeddable":true,"href":"http:\/\/www.tvturk.com\/index.php\/wp-json\/wp\/v2\/users\/1"}],"replies":[{"embeddable":true,"href":"http:\/\/www.tvturk.com\/index.php\/wp-json\/wp\/v2\/comments?post=95270"}],"version-history":[{"count":1,"href":"http:\/\/www.tvturk.com\/index.php\/wp-json\/wp\/v2\/posts\/95270\/revisions"}],"predecessor-version":[{"id":95277,"href":"http:\/\/www.tvturk.com\/index.php\/wp-json\/wp\/v2\/posts\/95270\/revisions\/95277"}],"wp:featuredmedia":[{"embeddable":true,"href":"http:\/\/www.tvturk.com\/index.php\/wp-json\/wp\/v2\/media\/95271"}],"wp:attachment":[{"href":"http:\/\/www.tvturk.com\/index.php\/wp-json\/wp\/v2\/media?parent=95270"}],"wp:term":[{"taxonomy":"category","embeddable":true,"href":"http:\/\/www.tvturk.com\/index.php\/wp-json\/wp\/v2\/categories?post=95270"},{"taxonomy":"post_tag","embeddable":true,"href":"http:\/\/www.tvturk.com\/index.php\/wp-json\/wp\/v2\/tags?post=95270"}],"curies":[{"name":"wp","href":"https:\/\/api.w.org\/{rel}","templated":true}]}}