{"id":9567,"date":"2019-02-07T16:21:52","date_gmt":"2019-02-07T13:21:52","guid":{"rendered":"http:\/\/www.tvturk.com\/index.php\/aydinda-galeriye-silahli-saldiri-1-yarali\/"},"modified":"2019-02-07T16:21:56","modified_gmt":"2019-02-07T13:21:56","slug":"aydinda-galeriye-silahli-saldiri-1-yarali","status":"publish","type":"post","link":"http:\/\/www.tvturk.com\/index.php\/aydinda-galeriye-silahli-saldiri-1-yarali\/","title":{"rendered":"Ayd\u0131n\u2019da galeriye silahl\u0131 sald\u0131r\u0131: 1 yaral\u0131"},"content":{"rendered":"<p>Ayd\u0131n\u2019\u0131n Efeler il\u00e7esinde, bir oto galeride park halinde bulunan 5 ara\u00e7 kur\u015funland\u0131, seken kur\u015funlardan bir tanesi karayolu kenar\u0131nda \u00e7al\u0131\u015fan i\u015f\u00e7iyi yaralad\u0131.<\/p>\n<p>Olay, Efeler AYMAS Galericiler sitesinde meydana geldi. Saat 14.30 s\u0131ralar\u0131nda AYMAS Galericiler Sitesi\u2019nde bulunan bir araba galerisinin \u00f6n\u00fcne gelen \u015f\u00fcpheli veya \u015f\u00fcpheliler galeri \u00f6n\u00fcnde bulunan 5 adet arac\u0131 kur\u015fun ya\u011fmuruna tuttuktan sonra olay yerinden h\u0131zla ka\u00e7t\u0131. Araba galerisi \u00e7al\u0131\u015fanlar\u0131n\u0131n ihbar\u0131 \u00fczerine olay yerine \u00e7ok say\u0131da polis ekibi sevk edildi. Ayd\u0131n Emniyet M\u00fcd\u00fcrl\u00fc\u011f\u00fc olay yeri ekipleri, kur\u015funlama olay\u0131n\u0131n ya\u015fand\u0131\u011f\u0131 b\u00f6lgede ve ara\u00e7larda \u00e7al\u0131\u015fma yapt\u0131, g\u00fcvenlik kameralar\u0131n\u0131 incelemeye ald\u0131. Kur\u015funlanma olay\u0131n\u0131n ya\u015fand\u0131\u011f\u0131 yerdeki yolda \u00e7al\u0131\u015fan bir i\u015f\u00e7i ise baca\u011f\u0131na isabet eden kur\u015fun sonucu yaraland\u0131. Yaral\u0131 i\u015f\u00e7i, ambulansla Ayd\u0131n Devlet Hastanesi\u2019ne kald\u0131r\u0131ld\u0131.<\/p>\n<p>Kur\u015funlama olay\u0131n\u0131n sebebi \u00f6\u011frenilemezken, polis ekipleri ka\u00e7an \u015f\u00fcpheli veya \u015f\u00fcphelileri yakalamak i\u00e7in \u00e7al\u0131\u015fma ba\u015flatt\u0131.<div class=\"tiled-gallery type-rectangular tiled-gallery-unresized\" data-original-width=\"500\" data-carousel-extra='null' itemscope itemtype=\"http:\/\/schema.org\/ImageGallery\" > <div class=\"gallery-row\" style=\"width: 500px; height: 235px;\" data-original-width=\"500\" data-original-height=\"235\" > <div class=\"gallery-group images-1\" style=\"width: 336px; height: 235px;\" data-original-width=\"336\" data-original-height=\"235\" > <div class=\"tiled-gallery-item tiled-gallery-item-large\" itemprop=\"associatedMedia\" itemscope itemtype=\"http:\/\/schema.org\/ImageObject\"> <a href=\"http:\/\/www.tvturk.com\/index.php\/aydinda-galeriye-silahli-saldiri-1-yarali\/aydinda-galeriye-silahli-saldiri-1-yarali-3\/\" border=\"0\" itemprop=\"url\"> <meta itemprop=\"width\" content=\"332\"> <meta itemprop=\"height\" content=\"231\"> <img decoding=\"async\" class=\"\" data-attachment-id=\"9569\" data-orig-file=\"http:\/\/www.tvturk.com\/wp-content\/uploads\/2019\/02\/aydinda-galeriye-silahli-saldiri-1-yarali_938ba2c.jpg\" data-orig-size=\"1000,698\" data-comments-opened=\"\" data-image-meta=\"{&quot;aperture&quot;:&quot;0&quot;,&quot;credit&quot;:&quot;IHA&quot;,&quot;camera&quot;:&quot;&quot;,&quot;caption&quot;:&quot;AYDIN\\u2019IN EFELER \\u0130L\\u00c7ES\\u0130NDEK\\u0130 B\\u0130R GALER\\u0130DE PARK HAL\\u0130NDE BULUNAN ARA\\u00c7LAR KUR\\u015eUNLANDI, SEKEN KUR\\u015eUNLARDAN B\\u0130R TANES\\u0130 KARAYOLU KENARINDA \\u00c7ALI\\u015eAN B\\u0130R \\u0130\\u015e\\u00c7\\u0130Y\\u0130 \\u0130SE YARALADI. (\\u0130HA\\\/AYDIN-\\u0130HA)&quot;,&quot;created_timestamp&quot;:&quot;0&quot;,&quot;copyright&quot;:&quot;\\u0130HLAS HABER AJANSI, www.iha.com.tr&quot;,&quot;focal_length&quot;:&quot;0&quot;,&quot;iso&quot;:&quot;0&quot;,&quot;shutter_speed&quot;:&quot;0&quot;,&quot;title&quot;:&quot;AYDIN\\u2019DA GALER\\u0130YE S\\u0130LAHLI SALDIRI: 1 YARALI&quot;,&quot;orientation&quot;:&quot;0&quot;}\" data-image-title=\"Ayd\u0131n\u2019da galeriye silahl\u0131 sald\u0131r\u0131: 1 yaral\u0131\" data-image-description=\"&lt;p&gt;Ayd\u0131n\u2019da galeriye silahl\u0131 sald\u0131r\u0131: 1 yaral\u0131&lt;\/p&gt; \" data-medium-file=\"https:\/\/i0.wp.com\/www.tvturk.com\/wp-content\/uploads\/2019\/02\/aydinda-galeriye-silahli-saldiri-1-yarali_938ba2c.jpg?fit=300%2C209\" data-large-file=\"https:\/\/i0.wp.com\/www.tvturk.com\/wp-content\/uploads\/2019\/02\/aydinda-galeriye-silahli-saldiri-1-yarali_938ba2c.jpg?fit=1000%2C698\" src=\"https:\/\/i0.wp.com\/www.tvturk.com\/wp-content\/uploads\/2019\/02\/aydinda-galeriye-silahli-saldiri-1-yarali_938ba2c.jpg?w=332&#038;h=231\" srcset=\"https:\/\/i0.wp.com\/www.tvturk.com\/wp-content\/uploads\/2019\/02\/aydinda-galeriye-silahli-saldiri-1-yarali_938ba2c.jpg?w=1000 1000w, https:\/\/i0.wp.com\/www.tvturk.com\/wp-content\/uploads\/2019\/02\/aydinda-galeriye-silahli-saldiri-1-yarali_938ba2c.jpg?resize=150%2C105 150w, https:\/\/i0.wp.com\/www.tvturk.com\/wp-content\/uploads\/2019\/02\/aydinda-galeriye-silahli-saldiri-1-yarali_938ba2c.jpg?resize=300%2C209 300w, https:\/\/i0.wp.com\/www.tvturk.com\/wp-content\/uploads\/2019\/02\/aydinda-galeriye-silahli-saldiri-1-yarali_938ba2c.jpg?resize=768%2C536 768w, https:\/\/i0.wp.com\/www.tvturk.com\/wp-content\/uploads\/2019\/02\/aydinda-galeriye-silahli-saldiri-1-yarali_938ba2c.jpg?resize=80%2C55 80w\" width=\"332\" height=\"231\" loading=\"lazy\" data-original-width=\"332\" data-original-height=\"231\" itemprop=\"http:\/\/schema.org\/image\" title=\"Ayd\u0131n\u2019da galeriye silahl\u0131 sald\u0131r\u0131: 1 yaral\u0131\" alt=\"Ayd\u0131n\u2019da galeriye silahl\u0131 sald\u0131r\u0131: 1 yaral\u0131\" style=\"width: 332px; height: 231px;\" \/> <\/a> <\/div> <\/div> <!-- close group --> <div class=\"gallery-group images-2\" style=\"width: 164px; height: 235px;\" data-original-width=\"164\" data-original-height=\"235\" > <div class=\"tiled-gallery-item tiled-gallery-item-small\" itemprop=\"associatedMedia\" itemscope itemtype=\"http:\/\/schema.org\/ImageObject\"> <a href=\"http:\/\/www.tvturk.com\/index.php\/aydinda-galeriye-silahli-saldiri-1-yarali\/aydinda-galeriye-silahli-saldiri-1-yarali-4\/\" border=\"0\" itemprop=\"url\"> <meta itemprop=\"width\" content=\"160\"> <meta itemprop=\"height\" content=\"120\"> <img decoding=\"async\" class=\"\" data-attachment-id=\"9570\" data-orig-file=\"http:\/\/www.tvturk.com\/wp-content\/uploads\/2019\/02\/aydinda-galeriye-silahli-saldiri-1-yarali_61594b1.jpg\" data-orig-size=\"1000,750\" data-comments-opened=\"\" data-image-meta=\"{&quot;aperture&quot;:&quot;0&quot;,&quot;credit&quot;:&quot;IHA&quot;,&quot;camera&quot;:&quot;&quot;,&quot;caption&quot;:&quot;AYDIN\\u2019IN EFELER \\u0130L\\u00c7ES\\u0130NDEK\\u0130 B\\u0130R GALER\\u0130DE PARK HAL\\u0130NDE BULUNAN ARA\\u00c7LAR KUR\\u015eUNLANDI, SEKEN KUR\\u015eUNLARDAN B\\u0130R TANES\\u0130 KARAYOLU KENARINDA \\u00c7ALI\\u015eAN B\\u0130R \\u0130\\u015e\\u00c7\\u0130Y\\u0130 \\u0130SE YARALADI. (\\u0130HA\\\/AYDIN-\\u0130HA)&quot;,&quot;created_timestamp&quot;:&quot;0&quot;,&quot;copyright&quot;:&quot;\\u0130HLAS HABER AJANSI, www.iha.com.tr&quot;,&quot;focal_length&quot;:&quot;0&quot;,&quot;iso&quot;:&quot;0&quot;,&quot;shutter_speed&quot;:&quot;0&quot;,&quot;title&quot;:&quot;AYDIN\\u2019DA GALER\\u0130YE S\\u0130LAHLI SALDIRI: 1 YARALI&quot;,&quot;orientation&quot;:&quot;0&quot;}\" data-image-title=\"Ayd\u0131n\u2019da galeriye silahl\u0131 sald\u0131r\u0131: 1 yaral\u0131\" data-image-description=\"&lt;p&gt;Ayd\u0131n\u2019da galeriye silahl\u0131 sald\u0131r\u0131: 1 yaral\u0131&lt;\/p&gt; \" data-medium-file=\"https:\/\/i0.wp.com\/www.tvturk.com\/wp-content\/uploads\/2019\/02\/aydinda-galeriye-silahli-saldiri-1-yarali_61594b1.jpg?fit=300%2C225\" data-large-file=\"https:\/\/i0.wp.com\/www.tvturk.com\/wp-content\/uploads\/2019\/02\/aydinda-galeriye-silahli-saldiri-1-yarali_61594b1.jpg?fit=1000%2C750\" src=\"https:\/\/i0.wp.com\/www.tvturk.com\/wp-content\/uploads\/2019\/02\/aydinda-galeriye-silahli-saldiri-1-yarali_61594b1.jpg?w=160&#038;h=120\" srcset=\"https:\/\/i0.wp.com\/www.tvturk.com\/wp-content\/uploads\/2019\/02\/aydinda-galeriye-silahli-saldiri-1-yarali_61594b1.jpg?w=1000 1000w, https:\/\/i0.wp.com\/www.tvturk.com\/wp-content\/uploads\/2019\/02\/aydinda-galeriye-silahli-saldiri-1-yarali_61594b1.jpg?resize=150%2C113 150w, https:\/\/i0.wp.com\/www.tvturk.com\/wp-content\/uploads\/2019\/02\/aydinda-galeriye-silahli-saldiri-1-yarali_61594b1.jpg?resize=300%2C225 300w, https:\/\/i0.wp.com\/www.tvturk.com\/wp-content\/uploads\/2019\/02\/aydinda-galeriye-silahli-saldiri-1-yarali_61594b1.jpg?resize=768%2C576 768w\" width=\"160\" height=\"120\" loading=\"lazy\" data-original-width=\"160\" data-original-height=\"120\" itemprop=\"http:\/\/schema.org\/image\" title=\"Ayd\u0131n\u2019da galeriye silahl\u0131 sald\u0131r\u0131: 1 yaral\u0131\" alt=\"Ayd\u0131n\u2019da galeriye silahl\u0131 sald\u0131r\u0131: 1 yaral\u0131\" style=\"width: 160px; height: 120px;\" \/> <\/a> <\/div> <div class=\"tiled-gallery-item tiled-gallery-item-small\" itemprop=\"associatedMedia\" itemscope itemtype=\"http:\/\/schema.org\/ImageObject\"> <a href=\"http:\/\/www.tvturk.com\/index.php\/aydinda-galeriye-silahli-saldiri-1-yarali\/aydinda-galeriye-silahli-saldiri-1-yarali-5\/\" border=\"0\" itemprop=\"url\"> <meta itemprop=\"width\" content=\"160\"> <meta itemprop=\"height\" content=\"107\"> <img decoding=\"async\" class=\"\" data-attachment-id=\"9571\" data-orig-file=\"http:\/\/www.tvturk.com\/wp-content\/uploads\/2019\/02\/aydinda-galeriye-silahli-saldiri-1-yarali_3825e8f.jpg\" data-orig-size=\"1000,667\" data-comments-opened=\"\" data-image-meta=\"{&quot;aperture&quot;:&quot;0&quot;,&quot;credit&quot;:&quot;IHA&quot;,&quot;camera&quot;:&quot;&quot;,&quot;caption&quot;:&quot;AYDIN\\u2019IN EFELER \\u0130L\\u00c7ES\\u0130NDEK\\u0130 B\\u0130R GALER\\u0130DE PARK HAL\\u0130NDE BULUNAN ARA\\u00c7LAR KUR\\u015eUNLANDI, SEKEN KUR\\u015eUNLARDAN B\\u0130R TANES\\u0130 KARAYOLU KENARINDA \\u00c7ALI\\u015eAN B\\u0130R \\u0130\\u015e\\u00c7\\u0130Y\\u0130 \\u0130SE YARALADI. (\\u0130HA\\\/AYDIN-\\u0130HA)&quot;,&quot;created_timestamp&quot;:&quot;0&quot;,&quot;copyright&quot;:&quot;\\u0130HLAS HABER AJANSI, www.iha.com.tr&quot;,&quot;focal_length&quot;:&quot;0&quot;,&quot;iso&quot;:&quot;0&quot;,&quot;shutter_speed&quot;:&quot;0&quot;,&quot;title&quot;:&quot;AYDIN\\u2019DA GALER\\u0130YE S\\u0130LAHLI SALDIRI: 1 YARALI&quot;,&quot;orientation&quot;:&quot;0&quot;}\" data-image-title=\"Ayd\u0131n\u2019da galeriye silahl\u0131 sald\u0131r\u0131: 1 yaral\u0131\" data-image-description=\"&lt;p&gt;Ayd\u0131n\u2019da galeriye silahl\u0131 sald\u0131r\u0131: 1 yaral\u0131&lt;\/p&gt; \" data-medium-file=\"https:\/\/i0.wp.com\/www.tvturk.com\/wp-content\/uploads\/2019\/02\/aydinda-galeriye-silahli-saldiri-1-yarali_3825e8f.jpg?fit=300%2C200\" data-large-file=\"https:\/\/i0.wp.com\/www.tvturk.com\/wp-content\/uploads\/2019\/02\/aydinda-galeriye-silahli-saldiri-1-yarali_3825e8f.jpg?fit=1000%2C667\" src=\"https:\/\/i0.wp.com\/www.tvturk.com\/wp-content\/uploads\/2019\/02\/aydinda-galeriye-silahli-saldiri-1-yarali_3825e8f.jpg?w=160&#038;h=107\" srcset=\"https:\/\/i0.wp.com\/www.tvturk.com\/wp-content\/uploads\/2019\/02\/aydinda-galeriye-silahli-saldiri-1-yarali_3825e8f.jpg?w=1000 1000w, https:\/\/i0.wp.com\/www.tvturk.com\/wp-content\/uploads\/2019\/02\/aydinda-galeriye-silahli-saldiri-1-yarali_3825e8f.jpg?resize=150%2C100 150w, https:\/\/i0.wp.com\/www.tvturk.com\/wp-content\/uploads\/2019\/02\/aydinda-galeriye-silahli-saldiri-1-yarali_3825e8f.jpg?resize=300%2C200 300w, https:\/\/i0.wp.com\/www.tvturk.com\/wp-content\/uploads\/2019\/02\/aydinda-galeriye-silahli-saldiri-1-yarali_3825e8f.jpg?resize=768%2C512 768w, https:\/\/i0.wp.com\/www.tvturk.com\/wp-content\/uploads\/2019\/02\/aydinda-galeriye-silahli-saldiri-1-yarali_3825e8f.jpg?resize=170%2C113 170w, https:\/\/i0.wp.com\/www.tvturk.com\/wp-content\/uploads\/2019\/02\/aydinda-galeriye-silahli-saldiri-1-yarali_3825e8f.jpg?resize=120%2C80 120w, https:\/\/i0.wp.com\/www.tvturk.com\/wp-content\/uploads\/2019\/02\/aydinda-galeriye-silahli-saldiri-1-yarali_3825e8f.jpg?resize=80%2C55 80w\" width=\"160\" height=\"107\" loading=\"lazy\" data-original-width=\"160\" data-original-height=\"107\" itemprop=\"http:\/\/schema.org\/image\" title=\"Ayd\u0131n\u2019da galeriye silahl\u0131 sald\u0131r\u0131: 1 yaral\u0131\" alt=\"Ayd\u0131n\u2019da galeriye silahl\u0131 sald\u0131r\u0131: 1 yaral\u0131\" style=\"width: 160px; height: 107px;\" \/> <\/a> <\/div> <\/div> <!-- close group --> <\/div> <!-- close row --> <div class=\"gallery-row\" style=\"width: 500px; height: 335px;\" data-original-width=\"500\" data-original-height=\"335\" > <div class=\"gallery-group images-1\" style=\"width: 500px; height: 335px;\" data-original-width=\"500\" data-original-height=\"335\" > <div class=\"tiled-gallery-item tiled-gallery-item-large\" itemprop=\"associatedMedia\" itemscope itemtype=\"http:\/\/schema.org\/ImageObject\"> <a href=\"http:\/\/www.tvturk.com\/index.php\/aydinda-galeriye-silahli-saldiri-1-yarali\/aydinda-galeriye-silahli-saldiri-1-yarali-6\/\" border=\"0\" itemprop=\"url\"> <meta itemprop=\"width\" content=\"496\"> <meta itemprop=\"height\" content=\"331\"> <img decoding=\"async\" class=\"\" data-attachment-id=\"9572\" data-orig-file=\"http:\/\/www.tvturk.com\/wp-content\/uploads\/2019\/02\/aydinda-galeriye-silahli-saldiri-1-yarali_5fbbafd.jpg\" data-orig-size=\"1000,667\" data-comments-opened=\"\" data-image-meta=\"{&quot;aperture&quot;:&quot;0&quot;,&quot;credit&quot;:&quot;IHA&quot;,&quot;camera&quot;:&quot;&quot;,&quot;caption&quot;:&quot;AYDIN\\u2019IN EFELER \\u0130L\\u00c7ES\\u0130NDEK\\u0130 B\\u0130R GALER\\u0130DE PARK HAL\\u0130NDE BULUNAN ARA\\u00c7LAR KUR\\u015eUNLANDI, SEKEN KUR\\u015eUNLARDAN B\\u0130R TANES\\u0130 KARAYOLU KENARINDA \\u00c7ALI\\u015eAN B\\u0130R \\u0130\\u015e\\u00c7\\u0130Y\\u0130 \\u0130SE YARALADI. (\\u0130HA\\\/AYDIN-\\u0130HA)&quot;,&quot;created_timestamp&quot;:&quot;0&quot;,&quot;copyright&quot;:&quot;\\u0130HLAS HABER AJANSI, www.iha.com.tr&quot;,&quot;focal_length&quot;:&quot;0&quot;,&quot;iso&quot;:&quot;0&quot;,&quot;shutter_speed&quot;:&quot;0&quot;,&quot;title&quot;:&quot;AYDIN\\u2019DA GALER\\u0130YE S\\u0130LAHLI SALDIRI: 1 YARALI&quot;,&quot;orientation&quot;:&quot;0&quot;}\" data-image-title=\"Ayd\u0131n\u2019da galeriye silahl\u0131 sald\u0131r\u0131: 1 yaral\u0131\" data-image-description=\"&lt;p&gt;Ayd\u0131n\u2019da galeriye silahl\u0131 sald\u0131r\u0131: 1 yaral\u0131&lt;\/p&gt; \" data-medium-file=\"https:\/\/i0.wp.com\/www.tvturk.com\/wp-content\/uploads\/2019\/02\/aydinda-galeriye-silahli-saldiri-1-yarali_5fbbafd.jpg?fit=300%2C200\" data-large-file=\"https:\/\/i0.wp.com\/www.tvturk.com\/wp-content\/uploads\/2019\/02\/aydinda-galeriye-silahli-saldiri-1-yarali_5fbbafd.jpg?fit=1000%2C667\" src=\"https:\/\/i0.wp.com\/www.tvturk.com\/wp-content\/uploads\/2019\/02\/aydinda-galeriye-silahli-saldiri-1-yarali_5fbbafd.jpg?w=496&#038;h=331\" srcset=\"https:\/\/i0.wp.com\/www.tvturk.com\/wp-content\/uploads\/2019\/02\/aydinda-galeriye-silahli-saldiri-1-yarali_5fbbafd.jpg?w=1000 1000w, https:\/\/i0.wp.com\/www.tvturk.com\/wp-content\/uploads\/2019\/02\/aydinda-galeriye-silahli-saldiri-1-yarali_5fbbafd.jpg?resize=150%2C100 150w, https:\/\/i0.wp.com\/www.tvturk.com\/wp-content\/uploads\/2019\/02\/aydinda-galeriye-silahli-saldiri-1-yarali_5fbbafd.jpg?resize=300%2C200 300w, https:\/\/i0.wp.com\/www.tvturk.com\/wp-content\/uploads\/2019\/02\/aydinda-galeriye-silahli-saldiri-1-yarali_5fbbafd.jpg?resize=768%2C512 768w, https:\/\/i0.wp.com\/www.tvturk.com\/wp-content\/uploads\/2019\/02\/aydinda-galeriye-silahli-saldiri-1-yarali_5fbbafd.jpg?resize=170%2C113 170w, https:\/\/i0.wp.com\/www.tvturk.com\/wp-content\/uploads\/2019\/02\/aydinda-galeriye-silahli-saldiri-1-yarali_5fbbafd.jpg?resize=120%2C80 120w\" width=\"496\" height=\"331\" loading=\"lazy\" data-original-width=\"496\" data-original-height=\"331\" itemprop=\"http:\/\/schema.org\/image\" title=\"Ayd\u0131n\u2019da galeriye silahl\u0131 sald\u0131r\u0131: 1 yaral\u0131\" alt=\"Ayd\u0131n\u2019da galeriye silahl\u0131 sald\u0131r\u0131: 1 yaral\u0131\" style=\"width: 496px; height: 331px;\" \/> <\/a> <\/div> <\/div> <!-- close group --> <\/div> <!-- close row --> <\/div><\/p>\n","protected":false},"excerpt":{"rendered":"<p>AYDIN\u2019IN EFELER \u0130L\u00c7ES\u0130NDEK\u0130 B\u0130R GALER\u0130DE PARK HAL\u0130NDE BULUNAN ARA\u00c7LAR KUR\u015eUNLANDI, SEKEN KUR\u015eUNLARDAN B\u0130R TANES\u0130 KARAYOLU KENARINDA \u00c7ALI\u015eAN B\u0130R \u0130\u015e\u00c7\u0130Y\u0130 \u0130SE YARALADI.<\/p>\n","protected":false},"author":1,"featured_media":9568,"comment_status":"closed","ping_status":"open","sticky":false,"template":"","format":"standard","meta":{"jetpack_post_was_ever_published":false,"_jetpack_newsletter_access":"","_jetpack_dont_email_post_to_subs":false,"_jetpack_newsletter_tier_id":0,"_jetpack_memberships_contains_paywalled_content":false,"_jetpack_memberships_contains_paid_content":false,"footnotes":"","jetpack_publicize_message":"","jetpack_publicize_feature_enabled":true,"jetpack_social_post_already_shared":false,"jetpack_social_options":{"image_generator_settings":{"template":"highway","default_image_id":0,"font":"","enabled":false},"version":2}},"categories":[655],"tags":[1115,5047,999,998,774],"class_list":["post-9567","post","type-post","status-publish","format-standard","has-post-thumbnail","hentry","category-son-dakika","tag-aydinda","tag-galeriye","tag-saldiri","tag-silahli","tag-yarali"],"jetpack_publicize_connections":[],"jetpack_featured_media_url":"https:\/\/i0.wp.com\/www.tvturk.com\/wp-content\/uploads\/2019\/02\/aydinda-galeriye-silahli-saldiri-1-yarali_b220302.jpg?fit=1000%2C699","jetpack_sharing_enabled":true,"jetpack_shortlink":"https:\/\/wp.me\/paKIfm-2uj","_links":{"self":[{"href":"http:\/\/www.tvturk.com\/index.php\/wp-json\/wp\/v2\/posts\/9567","targetHints":{"allow":["GET"]}}],"collection":[{"href":"http:\/\/www.tvturk.com\/index.php\/wp-json\/wp\/v2\/posts"}],"about":[{"href":"http:\/\/www.tvturk.com\/index.php\/wp-json\/wp\/v2\/types\/post"}],"author":[{"embeddable":true,"href":"http:\/\/www.tvturk.com\/index.php\/wp-json\/wp\/v2\/users\/1"}],"replies":[{"embeddable":true,"href":"http:\/\/www.tvturk.com\/index.php\/wp-json\/wp\/v2\/comments?post=9567"}],"version-history":[{"count":1,"href":"http:\/\/www.tvturk.com\/index.php\/wp-json\/wp\/v2\/posts\/9567\/revisions"}],"predecessor-version":[{"id":9573,"href":"http:\/\/www.tvturk.com\/index.php\/wp-json\/wp\/v2\/posts\/9567\/revisions\/9573"}],"wp:featuredmedia":[{"embeddable":true,"href":"http:\/\/www.tvturk.com\/index.php\/wp-json\/wp\/v2\/media\/9568"}],"wp:attachment":[{"href":"http:\/\/www.tvturk.com\/index.php\/wp-json\/wp\/v2\/media?parent=9567"}],"wp:term":[{"taxonomy":"category","embeddable":true,"href":"http:\/\/www.tvturk.com\/index.php\/wp-json\/wp\/v2\/categories?post=9567"},{"taxonomy":"post_tag","embeddable":true,"href":"http:\/\/www.tvturk.com\/index.php\/wp-json\/wp\/v2\/tags?post=9567"}],"curies":[{"name":"wp","href":"https:\/\/api.w.org\/{rel}","templated":true}]}}