{"id":9601,"date":"2019-02-07T16:25:06","date_gmt":"2019-02-07T13:25:06","guid":{"rendered":"http:\/\/www.tvturk.com\/index.php\/antalyaspor-taktik-calisti\/"},"modified":"2019-02-07T16:25:10","modified_gmt":"2019-02-07T13:25:10","slug":"antalyaspor-taktik-calisti","status":"publish","type":"post","link":"http:\/\/www.tvturk.com\/index.php\/antalyaspor-taktik-calisti\/","title":{"rendered":"Antalyaspor taktik \u00e7al\u0131\u015ft\u0131"},"content":{"rendered":"<p>Antalyaspor,Spor Toto S\u00fcper Lig\u2019in 21. haftas\u0131nda kar\u015f\u0131la\u015faca\u011f\u0131 \u00c7aykur Rizespor ma\u00e7\u0131 haz\u0131rl\u0131klar\u0131n\u0131 s\u00fcrd\u00fcrd\u00fc.<\/p>\n<p>Antalyaspor, Spor Toto S\u00fcper Lig\u2019in 21. haftas\u0131nda deplasmanda Cumartesi g\u00fcn\u00fc kar\u015f\u0131la\u015faca\u011f\u0131 \u00c7aykur Rizespor ma\u00e7\u0131n\u0131n haz\u0131rl\u0131klar\u0131n\u0131 bug\u00fcn yapt\u0131\u011f\u0131 antrenmanla devam ettirdi. Teknik Direkt\u00f6r B\u00fclent Korkmaz g\u00f6zetiminde, Atilla Vehbi Konuk Tesisleri\u2019nde ger\u00e7ekle\u015fen antrenmanda \u00c7aykur Rizespor ma\u00e7\u0131n\u0131n taktiksel provalar\u0131 yap\u0131ld\u0131. D\u00fcz ko\u015fu ve \u0131s\u0131nma hareketlerinin ard\u0131ndan k\u0131rm\u0131z\u0131-beyazl\u0131lar, 2 gruba ayr\u0131ld\u0131 ve bir grup taktik \u00e7al\u0131\u015f\u0131rken di\u011fer grup yan sahada \u00e7al\u0131\u015ft\u0131. Futbolcular daha sonra tam sahada \u00e7ift kale ma\u00e7 oynad\u0131. Antrenman, serbest \u015fut \u00e7al\u0131\u015fmas\u0131 ile sona erdi.<\/p>\n<p>Antalyaspor, yar\u0131n sabah u\u00e7akla Trabzon\u2019a gidecek, oradan da kara yolu ile Rize\u2019ye ge\u00e7ecek.<div class=\"tiled-gallery type-rectangular tiled-gallery-unresized\" data-original-width=\"500\" data-carousel-extra='null' itemscope itemtype=\"http:\/\/schema.org\/ImageGallery\" > <div class=\"gallery-row\" style=\"width: 500px; height: 299px;\" data-original-width=\"500\" data-original-height=\"299\" > <div class=\"gallery-group images-1\" style=\"width: 332px; height: 299px;\" data-original-width=\"332\" data-original-height=\"299\" > <div class=\"tiled-gallery-item tiled-gallery-item-large\" itemprop=\"associatedMedia\" itemscope itemtype=\"http:\/\/schema.org\/ImageObject\"> <a href=\"http:\/\/www.tvturk.com\/index.php\/antalyaspor-taktik-calisti\/antalyaspor-taktik-calisti-3\/\" border=\"0\" itemprop=\"url\"> <meta itemprop=\"width\" content=\"328\"> <meta itemprop=\"height\" content=\"295\"> <img decoding=\"async\" class=\"\" data-attachment-id=\"9603\" data-orig-file=\"http:\/\/www.tvturk.com\/wp-content\/uploads\/2019\/02\/antalyaspor-taktik-calisti_e31dac8.jpg\" data-orig-size=\"1000,901\" data-comments-opened=\"\" data-image-meta=\"{&quot;aperture&quot;:&quot;0&quot;,&quot;credit&quot;:&quot;IHA&quot;,&quot;camera&quot;:&quot;&quot;,&quot;caption&quot;:&quot;ANTALYASPOR, \\u00c7AYKUR R\\u0130ZESPOR MA\\u00c7I HAZIRLIKLARINI S\\u00dcRD\\u00dcRD\\u00dc. (\\u0130HA\\\/ANTALYA-\\u0130HA)&quot;,&quot;created_timestamp&quot;:&quot;0&quot;,&quot;copyright&quot;:&quot;\\u0130HLAS HABER AJANSI, www.iha.com.tr&quot;,&quot;focal_length&quot;:&quot;0&quot;,&quot;iso&quot;:&quot;0&quot;,&quot;shutter_speed&quot;:&quot;0&quot;,&quot;title&quot;:&quot;ANTALYASPOR TAKT\\u0130K \\u00c7ALI\\u015eTI&quot;,&quot;orientation&quot;:&quot;0&quot;}\" data-image-title=\"Antalyaspor taktik \u00e7al\u0131\u015ft\u0131\" data-image-description=\"&lt;p&gt;Antalyaspor taktik \u00e7al\u0131\u015ft\u0131&lt;\/p&gt; \" data-medium-file=\"https:\/\/i0.wp.com\/www.tvturk.com\/wp-content\/uploads\/2019\/02\/antalyaspor-taktik-calisti_e31dac8.jpg?fit=300%2C270\" data-large-file=\"https:\/\/i0.wp.com\/www.tvturk.com\/wp-content\/uploads\/2019\/02\/antalyaspor-taktik-calisti_e31dac8.jpg?fit=1000%2C901\" src=\"https:\/\/i0.wp.com\/www.tvturk.com\/wp-content\/uploads\/2019\/02\/antalyaspor-taktik-calisti_e31dac8.jpg?w=328&#038;h=295\" srcset=\"https:\/\/i0.wp.com\/www.tvturk.com\/wp-content\/uploads\/2019\/02\/antalyaspor-taktik-calisti_e31dac8.jpg?w=1000 1000w, https:\/\/i0.wp.com\/www.tvturk.com\/wp-content\/uploads\/2019\/02\/antalyaspor-taktik-calisti_e31dac8.jpg?resize=150%2C135 150w, https:\/\/i0.wp.com\/www.tvturk.com\/wp-content\/uploads\/2019\/02\/antalyaspor-taktik-calisti_e31dac8.jpg?resize=300%2C270 300w, https:\/\/i0.wp.com\/www.tvturk.com\/wp-content\/uploads\/2019\/02\/antalyaspor-taktik-calisti_e31dac8.jpg?resize=768%2C692 768w, https:\/\/i0.wp.com\/www.tvturk.com\/wp-content\/uploads\/2019\/02\/antalyaspor-taktik-calisti_e31dac8.jpg?resize=324%2C290 324w\" width=\"328\" height=\"295\" loading=\"lazy\" data-original-width=\"328\" data-original-height=\"295\" itemprop=\"http:\/\/schema.org\/image\" title=\"Antalyaspor taktik \u00e7al\u0131\u015ft\u0131\" alt=\"Antalyaspor taktik \u00e7al\u0131\u015ft\u0131\" style=\"width: 328px; height: 295px;\" \/> <\/a> <\/div> <\/div> <!-- close group --> <div class=\"gallery-group images-2\" style=\"width: 168px; height: 299px;\" data-original-width=\"168\" data-original-height=\"299\" > <div class=\"tiled-gallery-item tiled-gallery-item-small\" itemprop=\"associatedMedia\" itemscope itemtype=\"http:\/\/schema.org\/ImageObject\"> <a href=\"http:\/\/www.tvturk.com\/index.php\/antalyaspor-taktik-calisti\/antalyaspor-taktik-calisti-4\/\" border=\"0\" itemprop=\"url\"> <meta itemprop=\"width\" content=\"164\"> <meta itemprop=\"height\" content=\"143\"> <img decoding=\"async\" class=\"\" data-attachment-id=\"9604\" data-orig-file=\"http:\/\/www.tvturk.com\/wp-content\/uploads\/2019\/02\/antalyaspor-taktik-calisti_880003e.jpg\" data-orig-size=\"1000,874\" data-comments-opened=\"\" data-image-meta=\"{&quot;aperture&quot;:&quot;0&quot;,&quot;credit&quot;:&quot;IHA&quot;,&quot;camera&quot;:&quot;&quot;,&quot;caption&quot;:&quot;ANTALYASPOR, \\u00c7AYKUR R\\u0130ZESPOR MA\\u00c7I HAZIRLIKLARINI S\\u00dcRD\\u00dcRD\\u00dc. (\\u0130HA\\\/ANTALYA-\\u0130HA)&quot;,&quot;created_timestamp&quot;:&quot;0&quot;,&quot;copyright&quot;:&quot;\\u0130HLAS HABER AJANSI, www.iha.com.tr&quot;,&quot;focal_length&quot;:&quot;0&quot;,&quot;iso&quot;:&quot;0&quot;,&quot;shutter_speed&quot;:&quot;0&quot;,&quot;title&quot;:&quot;ANTALYASPOR TAKT\\u0130K \\u00c7ALI\\u015eTI&quot;,&quot;orientation&quot;:&quot;0&quot;}\" data-image-title=\"Antalyaspor taktik \u00e7al\u0131\u015ft\u0131\" data-image-description=\"&lt;p&gt;Antalyaspor taktik \u00e7al\u0131\u015ft\u0131&lt;\/p&gt; \" data-medium-file=\"https:\/\/i0.wp.com\/www.tvturk.com\/wp-content\/uploads\/2019\/02\/antalyaspor-taktik-calisti_880003e.jpg?fit=300%2C262\" data-large-file=\"https:\/\/i0.wp.com\/www.tvturk.com\/wp-content\/uploads\/2019\/02\/antalyaspor-taktik-calisti_880003e.jpg?fit=1000%2C874\" src=\"https:\/\/i0.wp.com\/www.tvturk.com\/wp-content\/uploads\/2019\/02\/antalyaspor-taktik-calisti_880003e.jpg?w=164&#038;h=143\" srcset=\"https:\/\/i0.wp.com\/www.tvturk.com\/wp-content\/uploads\/2019\/02\/antalyaspor-taktik-calisti_880003e.jpg?w=1000 1000w, https:\/\/i0.wp.com\/www.tvturk.com\/wp-content\/uploads\/2019\/02\/antalyaspor-taktik-calisti_880003e.jpg?resize=150%2C131 150w, https:\/\/i0.wp.com\/www.tvturk.com\/wp-content\/uploads\/2019\/02\/antalyaspor-taktik-calisti_880003e.jpg?resize=300%2C262 300w, https:\/\/i0.wp.com\/www.tvturk.com\/wp-content\/uploads\/2019\/02\/antalyaspor-taktik-calisti_880003e.jpg?resize=768%2C671 768w\" width=\"164\" height=\"143\" loading=\"lazy\" data-original-width=\"164\" data-original-height=\"143\" itemprop=\"http:\/\/schema.org\/image\" title=\"Antalyaspor taktik \u00e7al\u0131\u015ft\u0131\" alt=\"Antalyaspor taktik \u00e7al\u0131\u015ft\u0131\" style=\"width: 164px; height: 143px;\" \/> <\/a> <\/div> <div class=\"tiled-gallery-item tiled-gallery-item-small\" itemprop=\"associatedMedia\" itemscope itemtype=\"http:\/\/schema.org\/ImageObject\"> <a href=\"http:\/\/www.tvturk.com\/index.php\/antalyaspor-taktik-calisti\/antalyaspor-taktik-calisti-5\/\" border=\"0\" itemprop=\"url\"> <meta itemprop=\"width\" content=\"164\"> <meta itemprop=\"height\" content=\"148\"> <img decoding=\"async\" class=\"\" data-attachment-id=\"9605\" data-orig-file=\"http:\/\/www.tvturk.com\/wp-content\/uploads\/2019\/02\/antalyaspor-taktik-calisti_853df76.jpg\" data-orig-size=\"1000,902\" data-comments-opened=\"\" data-image-meta=\"{&quot;aperture&quot;:&quot;0&quot;,&quot;credit&quot;:&quot;IHA&quot;,&quot;camera&quot;:&quot;&quot;,&quot;caption&quot;:&quot;ANTALYASPOR, \\u00c7AYKUR R\\u0130ZESPOR MA\\u00c7I HAZIRLIKLARINI S\\u00dcRD\\u00dcRD\\u00dc. (\\u0130HA\\\/ANTALYA-\\u0130HA)&quot;,&quot;created_timestamp&quot;:&quot;0&quot;,&quot;copyright&quot;:&quot;\\u0130HLAS HABER AJANSI, www.iha.com.tr&quot;,&quot;focal_length&quot;:&quot;0&quot;,&quot;iso&quot;:&quot;0&quot;,&quot;shutter_speed&quot;:&quot;0&quot;,&quot;title&quot;:&quot;ANTALYASPOR TAKT\\u0130K \\u00c7ALI\\u015eTI&quot;,&quot;orientation&quot;:&quot;0&quot;}\" data-image-title=\"Antalyaspor taktik \u00e7al\u0131\u015ft\u0131\" data-image-description=\"&lt;p&gt;Antalyaspor taktik \u00e7al\u0131\u015ft\u0131&lt;\/p&gt; \" data-medium-file=\"https:\/\/i0.wp.com\/www.tvturk.com\/wp-content\/uploads\/2019\/02\/antalyaspor-taktik-calisti_853df76.jpg?fit=300%2C271\" data-large-file=\"https:\/\/i0.wp.com\/www.tvturk.com\/wp-content\/uploads\/2019\/02\/antalyaspor-taktik-calisti_853df76.jpg?fit=1000%2C902\" src=\"https:\/\/i0.wp.com\/www.tvturk.com\/wp-content\/uploads\/2019\/02\/antalyaspor-taktik-calisti_853df76.jpg?w=164&#038;h=148\" srcset=\"https:\/\/i0.wp.com\/www.tvturk.com\/wp-content\/uploads\/2019\/02\/antalyaspor-taktik-calisti_853df76.jpg?w=1000 1000w, https:\/\/i0.wp.com\/www.tvturk.com\/wp-content\/uploads\/2019\/02\/antalyaspor-taktik-calisti_853df76.jpg?resize=150%2C135 150w, https:\/\/i0.wp.com\/www.tvturk.com\/wp-content\/uploads\/2019\/02\/antalyaspor-taktik-calisti_853df76.jpg?resize=300%2C271 300w, https:\/\/i0.wp.com\/www.tvturk.com\/wp-content\/uploads\/2019\/02\/antalyaspor-taktik-calisti_853df76.jpg?resize=768%2C693 768w, https:\/\/i0.wp.com\/www.tvturk.com\/wp-content\/uploads\/2019\/02\/antalyaspor-taktik-calisti_853df76.jpg?resize=324%2C290 324w\" width=\"164\" height=\"148\" loading=\"lazy\" data-original-width=\"164\" data-original-height=\"148\" itemprop=\"http:\/\/schema.org\/image\" title=\"Antalyaspor taktik \u00e7al\u0131\u015ft\u0131\" alt=\"Antalyaspor taktik \u00e7al\u0131\u015ft\u0131\" style=\"width: 164px; height: 148px;\" \/> <\/a> <\/div> <\/div> <!-- close group --> <\/div> <!-- close row --> <div class=\"gallery-row\" style=\"width: 500px; height: 489px;\" data-original-width=\"500\" data-original-height=\"489\" > <div class=\"gallery-group images-1\" style=\"width: 500px; height: 489px;\" data-original-width=\"500\" data-original-height=\"489\" > <div class=\"tiled-gallery-item tiled-gallery-item-large\" itemprop=\"associatedMedia\" itemscope itemtype=\"http:\/\/schema.org\/ImageObject\"> <a href=\"http:\/\/www.tvturk.com\/index.php\/antalyaspor-taktik-calisti\/antalyaspor-taktik-calisti-6\/\" border=\"0\" itemprop=\"url\"> <meta itemprop=\"width\" content=\"496\"> <meta itemprop=\"height\" content=\"485\"> <img decoding=\"async\" class=\"\" data-attachment-id=\"9606\" data-orig-file=\"http:\/\/www.tvturk.com\/wp-content\/uploads\/2019\/02\/antalyaspor-taktik-calisti_41214b3.jpg\" data-orig-size=\"1000,978\" data-comments-opened=\"\" data-image-meta=\"{&quot;aperture&quot;:&quot;0&quot;,&quot;credit&quot;:&quot;IHA&quot;,&quot;camera&quot;:&quot;&quot;,&quot;caption&quot;:&quot;ANTALYASPOR, \\u00c7AYKUR R\\u0130ZESPOR MA\\u00c7I HAZIRLIKLARINI S\\u00dcRD\\u00dcRD\\u00dc. (\\u0130HA\\\/ANTALYA-\\u0130HA)&quot;,&quot;created_timestamp&quot;:&quot;0&quot;,&quot;copyright&quot;:&quot;\\u0130HLAS HABER AJANSI, www.iha.com.tr&quot;,&quot;focal_length&quot;:&quot;0&quot;,&quot;iso&quot;:&quot;0&quot;,&quot;shutter_speed&quot;:&quot;0&quot;,&quot;title&quot;:&quot;ANTALYASPOR TAKT\\u0130K \\u00c7ALI\\u015eTI&quot;,&quot;orientation&quot;:&quot;0&quot;}\" data-image-title=\"Antalyaspor taktik \u00e7al\u0131\u015ft\u0131\" data-image-description=\"&lt;p&gt;Antalyaspor taktik \u00e7al\u0131\u015ft\u0131&lt;\/p&gt; \" data-medium-file=\"https:\/\/i0.wp.com\/www.tvturk.com\/wp-content\/uploads\/2019\/02\/antalyaspor-taktik-calisti_41214b3.jpg?fit=300%2C293\" data-large-file=\"https:\/\/i0.wp.com\/www.tvturk.com\/wp-content\/uploads\/2019\/02\/antalyaspor-taktik-calisti_41214b3.jpg?fit=1000%2C978\" src=\"https:\/\/i0.wp.com\/www.tvturk.com\/wp-content\/uploads\/2019\/02\/antalyaspor-taktik-calisti_41214b3.jpg?w=496&#038;h=485\" srcset=\"https:\/\/i0.wp.com\/www.tvturk.com\/wp-content\/uploads\/2019\/02\/antalyaspor-taktik-calisti_41214b3.jpg?w=1000 1000w, https:\/\/i0.wp.com\/www.tvturk.com\/wp-content\/uploads\/2019\/02\/antalyaspor-taktik-calisti_41214b3.jpg?resize=150%2C147 150w, https:\/\/i0.wp.com\/www.tvturk.com\/wp-content\/uploads\/2019\/02\/antalyaspor-taktik-calisti_41214b3.jpg?resize=300%2C293 300w, https:\/\/i0.wp.com\/www.tvturk.com\/wp-content\/uploads\/2019\/02\/antalyaspor-taktik-calisti_41214b3.jpg?resize=768%2C751 768w\" width=\"496\" height=\"485\" loading=\"lazy\" data-original-width=\"496\" data-original-height=\"485\" itemprop=\"http:\/\/schema.org\/image\" title=\"Antalyaspor taktik \u00e7al\u0131\u015ft\u0131\" alt=\"Antalyaspor taktik \u00e7al\u0131\u015ft\u0131\" style=\"width: 496px; height: 485px;\" \/> <\/a> <\/div> <\/div> <!-- close group --> <\/div> <!-- close row --> <\/div><\/p>\n","protected":false},"excerpt":{"rendered":"<p>ANTALYASPOR, \u00c7AYKUR R\u0130ZESPOR MA\u00c7I HAZIRLIKLARINI S\u00dcRD\u00dcRD\u00dc.<\/p>\n","protected":false},"author":1,"featured_media":9602,"comment_status":"closed","ping_status":"open","sticky":false,"template":"","format":"standard","meta":{"jetpack_post_was_ever_published":false,"_jetpack_newsletter_access":"","_jetpack_dont_email_post_to_subs":false,"_jetpack_newsletter_tier_id":0,"_jetpack_memberships_contains_paywalled_content":false,"_jetpack_memberships_contains_paid_content":false,"footnotes":"","jetpack_publicize_message":"","jetpack_publicize_feature_enabled":true,"jetpack_social_post_already_shared":false,"jetpack_social_options":{"image_generator_settings":{"template":"highway","default_image_id":0,"font":"","enabled":false},"version":2}},"categories":[657],"tags":[5058,5060,5059],"class_list":["post-9601","post","type-post","status-publish","format-standard","has-post-thumbnail","hentry","category-spor","tag-antalyaspor","tag-calisti","tag-taktik"],"jetpack_publicize_connections":[],"jetpack_featured_media_url":"https:\/\/i0.wp.com\/www.tvturk.com\/wp-content\/uploads\/2019\/02\/antalyaspor-taktik-calisti_29dc243.jpg?fit=1000%2C901","jetpack_sharing_enabled":true,"jetpack_shortlink":"https:\/\/wp.me\/paKIfm-2uR","_links":{"self":[{"href":"http:\/\/www.tvturk.com\/index.php\/wp-json\/wp\/v2\/posts\/9601","targetHints":{"allow":["GET"]}}],"collection":[{"href":"http:\/\/www.tvturk.com\/index.php\/wp-json\/wp\/v2\/posts"}],"about":[{"href":"http:\/\/www.tvturk.com\/index.php\/wp-json\/wp\/v2\/types\/post"}],"author":[{"embeddable":true,"href":"http:\/\/www.tvturk.com\/index.php\/wp-json\/wp\/v2\/users\/1"}],"replies":[{"embeddable":true,"href":"http:\/\/www.tvturk.com\/index.php\/wp-json\/wp\/v2\/comments?post=9601"}],"version-history":[{"count":1,"href":"http:\/\/www.tvturk.com\/index.php\/wp-json\/wp\/v2\/posts\/9601\/revisions"}],"predecessor-version":[{"id":9607,"href":"http:\/\/www.tvturk.com\/index.php\/wp-json\/wp\/v2\/posts\/9601\/revisions\/9607"}],"wp:featuredmedia":[{"embeddable":true,"href":"http:\/\/www.tvturk.com\/index.php\/wp-json\/wp\/v2\/media\/9602"}],"wp:attachment":[{"href":"http:\/\/www.tvturk.com\/index.php\/wp-json\/wp\/v2\/media?parent=9601"}],"wp:term":[{"taxonomy":"category","embeddable":true,"href":"http:\/\/www.tvturk.com\/index.php\/wp-json\/wp\/v2\/categories?post=9601"},{"taxonomy":"post_tag","embeddable":true,"href":"http:\/\/www.tvturk.com\/index.php\/wp-json\/wp\/v2\/tags?post=9601"}],"curies":[{"name":"wp","href":"https:\/\/api.w.org\/{rel}","templated":true}]}}