{"id":9628,"date":"2019-02-07T16:33:58","date_gmt":"2019-02-07T13:33:58","guid":{"rendered":"http:\/\/www.tvturk.com\/index.php\/chp-izmirde-secim-zirvesi\/"},"modified":"2019-02-07T16:34:00","modified_gmt":"2019-02-07T13:34:00","slug":"chp-izmirde-secim-zirvesi","status":"publish","type":"post","link":"http:\/\/www.tvturk.com\/index.php\/chp-izmirde-secim-zirvesi\/","title":{"rendered":"CHP \u0130zmir\u2019de se\u00e7im zirvesi"},"content":{"rendered":"<p>CHP \u0130zmir \u0130l Ba\u015fkanl\u0131\u011f\u0131 taraf\u0131ndan d\u00fczenlenen toplant\u0131yla, CHP\u2019nin \u0130zmir belediye ba\u015fkan adaylar\u0131 bir araya geldi. CHP \u0130zmir \u0130l Ba\u015fkan\u0131 Deniz Y\u00fccel\u2019in ba\u015fkanl\u0131\u011f\u0131nda ger\u00e7ekle\u015ftirilen toplant\u0131ya, \u0130zmir B\u00fcy\u00fck\u015fehir Belediye Ba\u015fkan aday\u0131 Tun\u00e7 Soyer ve CHP \u0130l\u00e7e ba\u015fkanlar\u0131 da kat\u0131ld\u0131.<\/p>\n<p>Yerel se\u00e7imlere az bir s\u00fcre kala \u00e7al\u0131\u015fmalar\u0131n\u0131 iyice h\u0131zland\u0131ran Cumhuriyet Halk Partisi (CHP) \u0130zmir, belediye ba\u015fkan adaylar\u0131 ve il\u00e7e ba\u015fkanlar\u0131n\u0131 toplayarak gelinen s\u00fcreci de\u011ferlendirdi.Toplant\u0131da 31 Mart\u2019a kadar ger\u00e7ekle\u015ftirilmesi planlanan \u00e7al\u0131\u015fmalarda de\u011ferlendirilirken, Ege \u00dcniversitesi \u0130ktisadi ve \u0130dari Bilimler Fak\u00fcltesi Uluslararas\u0131 \u0130li\u015fkiler B\u00f6l\u00fcm\u00fc \u00d6\u011fretim \u00dcyesi Prof. Dr. Tanju Tosun taraf\u0131ndan se\u00e7men analizleri ve kar\u015f\u0131la\u015ft\u0131rmal\u0131 se\u00e7im sonu\u00e7lar\u0131 hakk\u0131nda bir sunum yap\u0131ld\u0131.<\/p>\n<p>Toplant\u0131n\u0131n a\u00e7\u0131l\u0131\u015f\u0131n\u0131 ger\u00e7ekle\u015ftiren CHP \u0130zmir \u0130l Ba\u015fkan\u0131 Deniz Y\u00fccel, aday belirleme s\u00fcrecinin art\u0131k geride kald\u0131\u011f\u0131n\u0131, hedeflerinin CHP\u2019nin t\u00fcm adaylar\u0131n\u0131 1 Nisan sabah\u0131 belediye ba\u015fkan\u0131 yapmak oldu\u011funu ifade etti. Y\u00fccel, &#8220;Hepimiz hem ald\u0131\u011f\u0131m\u0131z g\u00f6revlerin hem CHP\u2019li olman\u0131n hem de \u0130zmirli vatanda\u015flar\u0131m\u0131z\u0131n bizlere y\u00fckledi\u011fi misyonun sorumlulu\u011funu ta\u015f\u0131yoruz. Sizler sadece CHP\u2019nin de\u011fil, \u0130zmir\u2019in aday\u0131s\u0131n\u0131z. \u0130zmirli hem\u015fehrilerimizin bizlerden beklentisi b\u00fcy\u00fck. Ba\u015fta b\u00fcy\u00fck\u015fehir belediye ba\u015fkan aday\u0131m\u0131z Tun\u00e7 Soyer olmak \u00fczere, t\u00fcm belediye ba\u015fkan adaylar\u0131m\u0131z\u0131n se\u00e7imlerden zaferle \u00e7\u0131kaca\u011f\u0131na eminim. Bizler ald\u0131\u011f\u0131m\u0131z parti k\u00fclt\u00fcr\u00fc ve demokrasi inan\u0131\u015f\u0131m\u0131z gere\u011fi rakiplerimizi k\u00fc\u00e7\u00fcmsemeden ve sanki \u0130zmir\u2019de ilk kez se\u00e7ime giriyormu\u015f\u00e7as\u0131na heyecanla, k\u0131l\u0131 k\u0131rk yararak \u00e7al\u0131\u015f\u0131yoruz&#8221; dedi.<\/p>\n<p>&#8220;Sizlerden en \u00e7ok halk\u0131n sesine kulak vermenizi istiyorum&#8221;<\/p>\n<p>Y\u00fccel, \u015f\u00f6yle devam etti:<\/p>\n<p>&#8220;Bizim derdimiz \u0130zmir\u2019de ba\u015flam\u0131\u015f ve art\u0131k marka haline gelmi\u015f CHP\u2019li yerel y\u00f6netim anlay\u0131\u015f\u0131n\u0131 daha da geli\u015ftirmek, daha da b\u00fcy\u00fctmektir. Elbette bu lafla, \u2019vatan millet Sakarya\u2019 s\u00f6ylemlerle veya ba\u015fkalar\u0131n\u0131n yapmaya \u00e7al\u0131\u015ft\u0131\u011f\u0131 gibi milliyet\u00e7i nutuklarla olmaz. Adaylar\u0131m\u0131z, sahada \u00e7al\u0131\u015f\u0131yor kendilerini, yapacaklar\u0131n\u0131 anlat\u0131yorlar. \u0130l\u00e7e \u00f6rg\u00fctlerimiz sokakta vatanda\u015flar\u0131m\u0131zla birlikteler. Bunlar\u0131n hepsi \u00e7ok \u00f6nemli ve yap\u0131lmas\u0131 gereken \u00e7al\u0131\u015fmalar. \u015eimdi bu \u00e7al\u0131\u015fmalar\u0131 30 il\u00e7emizde de, \u0130zmir b\u00fcy\u00fck\u015fehir belediye ba\u015fkan aday\u0131m\u0131z\u0131n kat\u0131l\u0131m\u0131yla yapmaya ba\u015fl\u0131yoruz. Sizlerden en \u00e7ok halk\u0131n sesine kulak vermenizi istiyorum; \u00e7\u00fcnk\u00fc sizler sermaye gruplar\u0131n\u0131n, saray\u0131n ya da sadece partinin aday\u0131 de\u011fil halk\u0131n aday\u0131s\u0131n\u0131z. \u0130l ba\u015fkanl\u0131\u011f\u0131 olarak genel merkezimizle son derece uyumlu \u00e7al\u0131\u015f\u0131yoruz. Bu s\u00fcre\u00e7te sizlerden yapmay\u0131 d\u00fc\u015f\u00fcnd\u00fc\u011f\u00fcn\u00fcz t\u00fcm projeler ve \u00e7al\u0131\u015fmalar i\u00e7in il ba\u015fkanl\u0131\u011f\u0131m\u0131zla ileti\u015fimde kalman\u0131z\u0131 istiyorum. Eylem ve s\u00f6ylem birli\u011fimizin olmas\u0131 i\u00e7in  birlikte karar vermemiz son derece \u00f6nemli. Se\u00e7imlere belli yerlerde Millet ittifak\u0131 olarak giriyoruz. \u0130ttifakla ilgili t\u00fcm g\u00f6r\u00fc\u015fmelerimiz il ba\u015fkanl\u0131\u011f\u0131 nezdinde ger\u00e7ekle\u015ftiriliyor. Sizler bu konular\u0131 d\u00fc\u015f\u00fcnmeden sadece saha \u00e7al\u0131\u015fmalar\u0131n\u0131za odaklan\u0131n.&#8221;<\/p>\n<p>CHP \u0130zmir B\u00fcy\u00fck\u015fehir Belediye Ba\u015fkan Aday\u0131 Tun\u00e7 Soyer de, se\u00e7im kampanyas\u0131 i\u00e7in uyum i\u00e7inde olman\u0131n \u00f6nemine dikkat \u00e7ekti. Soyer, &#8220;Bu i\u015fi birlikte ba\u015faraca\u011f\u0131z. A\u00e7\u0131klanacak projeler, yap\u0131lacak \u00e7al\u0131\u015fmalar i\u00e7in l\u00fctfen benimle ileti\u015fim i\u00e7inde olun. Ben sizlerden gelecek t\u00fcm davetlere kat\u0131lmaya \u00e7al\u0131\u015faca\u011f\u0131m. \u015eimdiden yapaca\u011f\u0131n\u0131z se\u00e7im \u00e7al\u0131\u015fmalar\u0131n\u0131zda kat\u0131lmam\u0131 istedi\u011finiz tarihleri bana bildirirseniz, ona g\u00f6re planlama yapabiliriz. \u0130nan\u0131yorum ki b\u00fcy\u00fck\u015fehirde \u0130zmirli hem\u015fehrilerimizin verece\u011fi b\u00fcy\u00fck destekle yeni bir rekora imza atmaya \u00e7ok yak\u0131n\u0131z. Bu toplant\u0131n\u0131n \u00e7ok faydal\u0131 ve  hepimiz i\u00e7in  g\u00fczel bir ba\u015flang\u0131\u00e7 oldu\u011funa inan\u0131yorum. \u0130zmir sadece \u0130zmirlilerin de\u011fil, bu \u00fclkede demokrasi isteyen, e\u015fitlik isteyen, toplumsal bar\u0131\u015f ve kayna\u015fma isteyen herkesin. \u0130zmir, arka s\u0131radakilerin umutla takip etti\u011fi bir kent. Bizim belediyecilik anlay\u0131\u015f\u0131m\u0131zla, arka s\u0131radakilere asla unutulmad\u0131klar\u0131n\u0131, hak ettikleri hizmeti alacaklar\u0131n\u0131 g\u00f6stermeye kararl\u0131y\u0131z. \u0130zmir, eminiz ki kendisine ba\u011flanan bu umutlar\u0131n bir kez daha  ger\u00e7e\u011fe d\u00f6n\u00fc\u015ft\u00fc\u011f\u00fcn\u00fc herkese g\u00f6sterecektir&#8221; dedi.<\/p>\n<p>Toplant\u0131da il\u00e7e ba\u015fkanlar\u0131 da s\u00f6z al\u0131rken, ayr\u0131ca olu\u015fturulacak meclis \u00fcyesi adaylar\u0131 listeleri i\u00e7inde, il\u00e7e ba\u015fkanl\u0131klar\u0131n\u0131n haz\u0131rl\u0131klar\u0131n\u0131 tamamlamalar\u0131 ve bu konuda il ba\u015fkanl\u0131\u011f\u0131na bilgi verilmesi istendi.<div class=\"tiled-gallery type-rectangular tiled-gallery-unresized\" data-original-width=\"500\" data-carousel-extra='null' itemscope itemtype=\"http:\/\/schema.org\/ImageGallery\" > <div class=\"gallery-row\" style=\"width: 500px; height: 207px;\" data-original-width=\"500\" data-original-height=\"207\" > <div class=\"gallery-group images-1\" style=\"width: 309px; height: 207px;\" data-original-width=\"309\" data-original-height=\"207\" > <div class=\"tiled-gallery-item tiled-gallery-item-large\" itemprop=\"associatedMedia\" itemscope itemtype=\"http:\/\/schema.org\/ImageObject\"> <a href=\"http:\/\/www.tvturk.com\/index.php\/chp-izmirde-secim-zirvesi\/chp-izmirde-secim-zirvesi-3\/\" border=\"0\" itemprop=\"url\"> <meta itemprop=\"width\" content=\"305\"> <meta itemprop=\"height\" content=\"203\"> <img decoding=\"async\" class=\"\" data-attachment-id=\"9630\" data-orig-file=\"http:\/\/www.tvturk.com\/wp-content\/uploads\/2019\/02\/chp-izmirde-secim-zirvesi_8e327dc.jpg\" data-orig-size=\"1000,666\" data-comments-opened=\"\" data-image-meta=\"{&quot;aperture&quot;:&quot;0&quot;,&quot;credit&quot;:&quot;IHA&quot;,&quot;camera&quot;:&quot;&quot;,&quot;caption&quot;:&quot;YEREL SE\\u00c7\\u0130MLERE AZ B\\u0130R S\\u00dcRE KALA \\u00c7ALI\\u015eMALARINI \\u0130Y\\u0130CE HIZLANDIRAN CUMHUR\\u0130YET HALK PART\\u0130S\\u0130 (CHP) \\u0130ZM\\u0130R, BELED\\u0130YE BA\\u015eKAN ADAYLARI VE \\u0130L\\u00c7E BA\\u015eKANLARINI TOPLAYARAK GEL\\u0130NEN S\\u00dcREC\\u0130 DE\\u011eERLEND\\u0130RD\\u0130. (\\u0130HA\\\/\\u0130ZM\\u0130R-\\u0130HA)&quot;,&quot;created_timestamp&quot;:&quot;0&quot;,&quot;copyright&quot;:&quot;\\u0130HLAS HABER AJANSI, www.iha.com.tr&quot;,&quot;focal_length&quot;:&quot;0&quot;,&quot;iso&quot;:&quot;0&quot;,&quot;shutter_speed&quot;:&quot;0&quot;,&quot;title&quot;:&quot;CHP \\u0130ZM\\u0130R\\u0027DE SE\\u00c7\\u0130M Z\\u0130RVES\\u0130&quot;,&quot;orientation&quot;:&quot;0&quot;}\" data-image-title=\"CHP \u0130zmir\u2019de se\u00e7im zirvesi\" data-image-description=\"&lt;p&gt;CHP \u0130zmir\u2019de se\u00e7im zirvesi&lt;\/p&gt; \" data-medium-file=\"https:\/\/i0.wp.com\/www.tvturk.com\/wp-content\/uploads\/2019\/02\/chp-izmirde-secim-zirvesi_8e327dc.jpg?fit=300%2C200\" data-large-file=\"https:\/\/i0.wp.com\/www.tvturk.com\/wp-content\/uploads\/2019\/02\/chp-izmirde-secim-zirvesi_8e327dc.jpg?fit=1000%2C666\" src=\"https:\/\/i0.wp.com\/www.tvturk.com\/wp-content\/uploads\/2019\/02\/chp-izmirde-secim-zirvesi_8e327dc.jpg?w=305&#038;h=203\" srcset=\"https:\/\/i0.wp.com\/www.tvturk.com\/wp-content\/uploads\/2019\/02\/chp-izmirde-secim-zirvesi_8e327dc.jpg?w=1000 1000w, https:\/\/i0.wp.com\/www.tvturk.com\/wp-content\/uploads\/2019\/02\/chp-izmirde-secim-zirvesi_8e327dc.jpg?resize=150%2C100 150w, https:\/\/i0.wp.com\/www.tvturk.com\/wp-content\/uploads\/2019\/02\/chp-izmirde-secim-zirvesi_8e327dc.jpg?resize=300%2C200 300w, https:\/\/i0.wp.com\/www.tvturk.com\/wp-content\/uploads\/2019\/02\/chp-izmirde-secim-zirvesi_8e327dc.jpg?resize=768%2C511 768w, https:\/\/i0.wp.com\/www.tvturk.com\/wp-content\/uploads\/2019\/02\/chp-izmirde-secim-zirvesi_8e327dc.jpg?resize=170%2C113 170w, https:\/\/i0.wp.com\/www.tvturk.com\/wp-content\/uploads\/2019\/02\/chp-izmirde-secim-zirvesi_8e327dc.jpg?resize=120%2C80 120w\" width=\"305\" height=\"203\" loading=\"lazy\" data-original-width=\"305\" data-original-height=\"203\" itemprop=\"http:\/\/schema.org\/image\" title=\"CHP \u0130zmir\u2019de se\u00e7im zirvesi\" alt=\"CHP \u0130zmir\u2019de se\u00e7im zirvesi\" style=\"width: 305px; height: 203px;\" \/> <\/a> <\/div> <\/div> <!-- close group --> <div class=\"gallery-group images-1\" style=\"width: 191px; height: 207px;\" data-original-width=\"191\" data-original-height=\"207\" > <div class=\"tiled-gallery-item tiled-gallery-item-small\" itemprop=\"associatedMedia\" itemscope itemtype=\"http:\/\/schema.org\/ImageObject\"> <a href=\"http:\/\/www.tvturk.com\/index.php\/chp-izmirde-secim-zirvesi\/chp-izmirde-secim-zirvesi-4\/\" border=\"0\" itemprop=\"url\"> <meta itemprop=\"width\" content=\"187\"> <meta itemprop=\"height\" content=\"203\"> <img decoding=\"async\" class=\"\" data-attachment-id=\"9631\" data-orig-file=\"http:\/\/www.tvturk.com\/wp-content\/uploads\/2019\/02\/chp-izmirde-secim-zirvesi_70efcfa.jpg\" data-orig-size=\"920,1000\" data-comments-opened=\"\" data-image-meta=\"{&quot;aperture&quot;:&quot;0&quot;,&quot;credit&quot;:&quot;IHA&quot;,&quot;camera&quot;:&quot;&quot;,&quot;caption&quot;:&quot;TOPLANTININ A\\u00c7ILI\\u015eINI GER\\u00c7EKLE\\u015eT\\u0130REN CHP \\u0130ZM\\u0130R \\u0130L BA\\u015eKANI DEN\\u0130Z Y\\u00dcCEL, ADAY BEL\\u0130RLEME S\\u00dcREC\\u0130N\\u0130N ARTIK GER\\u0130DE KALDI\\u011eINI, HEDEFLER\\u0130N\\u0130N CHP\\u0027N\\u0130N T\\u00dcM ADAYLARINI 1 N\\u0130SAN SABAHI BELED\\u0130YE BA\\u015eKANI YAPMAK OLDU\\u011eUNU \\u0130FADE ETT\\u0130. (\\u0130HA\\\/\\u0130ZM\\u0130R-\\u0130HA)&quot;,&quot;created_timestamp&quot;:&quot;0&quot;,&quot;copyright&quot;:&quot;\\u0130HLAS HABER AJANSI, www.iha.com.tr&quot;,&quot;focal_length&quot;:&quot;0&quot;,&quot;iso&quot;:&quot;0&quot;,&quot;shutter_speed&quot;:&quot;0&quot;,&quot;title&quot;:&quot;CHP \\u0130ZM\\u0130R\\u0027DE SE\\u00c7\\u0130M Z\\u0130RVES\\u0130&quot;,&quot;orientation&quot;:&quot;0&quot;}\" data-image-title=\"CHP \u0130zmir\u2019de se\u00e7im zirvesi\" data-image-description=\"&lt;p&gt;CHP \u0130zmir\u2019de se\u00e7im zirvesi&lt;\/p&gt; \" data-medium-file=\"https:\/\/i0.wp.com\/www.tvturk.com\/wp-content\/uploads\/2019\/02\/chp-izmirde-secim-zirvesi_70efcfa.jpg?fit=276%2C300\" data-large-file=\"https:\/\/i0.wp.com\/www.tvturk.com\/wp-content\/uploads\/2019\/02\/chp-izmirde-secim-zirvesi_70efcfa.jpg?fit=920%2C1000\" src=\"https:\/\/i0.wp.com\/www.tvturk.com\/wp-content\/uploads\/2019\/02\/chp-izmirde-secim-zirvesi_70efcfa.jpg?w=187&#038;h=203\" srcset=\"https:\/\/i0.wp.com\/www.tvturk.com\/wp-content\/uploads\/2019\/02\/chp-izmirde-secim-zirvesi_70efcfa.jpg?w=920 920w, https:\/\/i0.wp.com\/www.tvturk.com\/wp-content\/uploads\/2019\/02\/chp-izmirde-secim-zirvesi_70efcfa.jpg?resize=138%2C150 138w, https:\/\/i0.wp.com\/www.tvturk.com\/wp-content\/uploads\/2019\/02\/chp-izmirde-secim-zirvesi_70efcfa.jpg?resize=276%2C300 276w, https:\/\/i0.wp.com\/www.tvturk.com\/wp-content\/uploads\/2019\/02\/chp-izmirde-secim-zirvesi_70efcfa.jpg?resize=768%2C835 768w\" width=\"187\" height=\"203\" loading=\"lazy\" data-original-width=\"187\" data-original-height=\"203\" itemprop=\"http:\/\/schema.org\/image\" title=\"CHP \u0130zmir\u2019de se\u00e7im zirvesi\" alt=\"CHP \u0130zmir\u2019de se\u00e7im zirvesi\" style=\"width: 187px; height: 203px;\" \/> <\/a> <\/div> <\/div> <!-- close group --> <\/div> <!-- close row --> <\/div><\/p>\n","protected":false},"excerpt":{"rendered":"<p>CHP \u0130ZM\u0130R \u0130L BA\u015eKANLI\u011eI TARAFINDAN D\u00dcZENLENEN TOPLANTIYLA, CHP&#8217;N\u0130N \u0130ZM\u0130R BELED\u0130YE BA\u015eKAN ADAYLARI B\u0130R ARAYA GELD\u0130. CHP \u0130ZM\u0130R \u0130L BA\u015eKANI DEN\u0130Z Y\u00dcCEL&#8217;\u0130N BA\u015eKANLI\u011eINDA GER\u00c7EKLE\u015eT\u0130R\u0130LEN TOPLANTIYA, \u0130ZM\u0130R B\u00dcY\u00dcK\u015eEH\u0130R BELED\u0130YE BA\u015eKAN ADAYI TUN\u00c7 SOYER VE CHP \u0130L\u00c7E BA\u015eKANLARI DA KATILDI.<\/p>\n","protected":false},"author":1,"featured_media":9629,"comment_status":"closed","ping_status":"open","sticky":false,"template":"","format":"standard","meta":{"jetpack_post_was_ever_published":false,"_jetpack_newsletter_access":"","_jetpack_dont_email_post_to_subs":false,"_jetpack_newsletter_tier_id":0,"_jetpack_memberships_contains_paywalled_content":false,"_jetpack_memberships_contains_paid_content":false,"footnotes":"","jetpack_publicize_message":"","jetpack_publicize_feature_enabled":true,"jetpack_social_post_already_shared":false,"jetpack_social_options":{"image_generator_settings":{"template":"highway","default_image_id":0,"font":"","enabled":false},"version":2}},"categories":[9],"tags":[30,1554,402,411],"class_list":["post-9628","post","type-post","status-publish","format-standard","has-post-thumbnail","hentry","category-siyaset","tag-chp","tag-izmirde","tag-secim","tag-zirvesi"],"jetpack_publicize_connections":[],"jetpack_featured_media_url":"https:\/\/i0.wp.com\/www.tvturk.com\/wp-content\/uploads\/2019\/02\/chp-izmirde-secim-zirvesi_a2a07ca.jpg?fit=1000%2C666","jetpack_sharing_enabled":true,"jetpack_shortlink":"https:\/\/wp.me\/paKIfm-2vi","_links":{"self":[{"href":"http:\/\/www.tvturk.com\/index.php\/wp-json\/wp\/v2\/posts\/9628","targetHints":{"allow":["GET"]}}],"collection":[{"href":"http:\/\/www.tvturk.com\/index.php\/wp-json\/wp\/v2\/posts"}],"about":[{"href":"http:\/\/www.tvturk.com\/index.php\/wp-json\/wp\/v2\/types\/post"}],"author":[{"embeddable":true,"href":"http:\/\/www.tvturk.com\/index.php\/wp-json\/wp\/v2\/users\/1"}],"replies":[{"embeddable":true,"href":"http:\/\/www.tvturk.com\/index.php\/wp-json\/wp\/v2\/comments?post=9628"}],"version-history":[{"count":1,"href":"http:\/\/www.tvturk.com\/index.php\/wp-json\/wp\/v2\/posts\/9628\/revisions"}],"predecessor-version":[{"id":9632,"href":"http:\/\/www.tvturk.com\/index.php\/wp-json\/wp\/v2\/posts\/9628\/revisions\/9632"}],"wp:featuredmedia":[{"embeddable":true,"href":"http:\/\/www.tvturk.com\/index.php\/wp-json\/wp\/v2\/media\/9629"}],"wp:attachment":[{"href":"http:\/\/www.tvturk.com\/index.php\/wp-json\/wp\/v2\/media?parent=9628"}],"wp:term":[{"taxonomy":"category","embeddable":true,"href":"http:\/\/www.tvturk.com\/index.php\/wp-json\/wp\/v2\/categories?post=9628"},{"taxonomy":"post_tag","embeddable":true,"href":"http:\/\/www.tvturk.com\/index.php\/wp-json\/wp\/v2\/tags?post=9628"}],"curies":[{"name":"wp","href":"https:\/\/api.w.org\/{rel}","templated":true}]}}