{"id":9712,"date":"2019-02-07T16:51:03","date_gmt":"2019-02-07T13:51:03","guid":{"rendered":"http:\/\/www.tvturk.com\/index.php\/bursanin-dag-ilceleri-beyazlara-burundu\/"},"modified":"2019-02-07T16:51:06","modified_gmt":"2019-02-07T13:51:06","slug":"bursanin-dag-ilceleri-beyazlara-burundu","status":"publish","type":"post","link":"http:\/\/www.tvturk.com\/index.php\/bursanin-dag-ilceleri-beyazlara-burundu\/","title":{"rendered":"Bursa\u2019n\u0131n da\u011f il\u00e7eleri beyazlara b\u00fcr\u00fcnd\u00fc"},"content":{"rendered":"<p>Bursa\u2019n\u0131n B\u00fcy\u00fckorhan il\u00e7esi beyazlara b\u00fcr\u00fcnd\u00fc. B\u00fcy\u00fck\u015fehir Belediyesi karla m\u00fccadele ekipleri yollar\u0131 a\u00e7\u0131k tutabilmek i\u00e7in b\u00fcy\u00fck \u00e7aba harc\u0131yor.<\/p>\n<p>Bursa\u2019n\u0131n da\u011f il\u00e7elerinden B\u00fcy\u00fckorhan\u2019da sabah saatlerinde ba\u015flayan kar ya\u011f\u0131\u015f\u0131 etkisini art\u0131rd\u0131. \u0130l\u00e7enin y\u00fcksek kesimlerindeki da\u011f k\u00f6ylerinin yollar\u0131 kar sebebiyle kapand\u0131. B\u00fcy\u00fckorhan\u2019\u0131n Akta\u015f, Sarn\u0131\u00e7, Ku\u015flar, Zaferiye, Dana\u00e7al\u0131, Kara\u00e7ukur mahallelerine giden yollar\u0131n kapanmas\u0131 \u00fczerine kar k\u00fcreme ara\u00e7lar\u0131 ve dozerler \u00e7al\u0131\u015fmalara ba\u015flad\u0131. B\u00fcy\u00fck\u015fehir Belediyesi karla m\u00fccadele ekipleri 24 saat yollar\u0131 a\u00e7\u0131t tutmak i\u00e7in g\u00f6rev yap\u0131yor.<div class=\"tiled-gallery type-rectangular tiled-gallery-unresized\" data-original-width=\"500\" data-carousel-extra='null' itemscope itemtype=\"http:\/\/schema.org\/ImageGallery\" > <div class=\"gallery-row\" style=\"width: 500px; height: 91px;\" data-original-width=\"500\" data-original-height=\"91\" > <div class=\"gallery-group images-1\" style=\"width: 159px; height: 91px;\" data-original-width=\"159\" data-original-height=\"91\" > <div class=\"tiled-gallery-item tiled-gallery-item-small\" itemprop=\"associatedMedia\" itemscope itemtype=\"http:\/\/schema.org\/ImageObject\"> <a href=\"http:\/\/www.tvturk.com\/index.php\/bursanin-dag-ilceleri-beyazlara-burundu\/bursanin-dag-ilceleri-beyazlara-burundu-3\/\" border=\"0\" itemprop=\"url\"> <meta itemprop=\"width\" content=\"155\"> <meta itemprop=\"height\" content=\"87\"> <img decoding=\"async\" class=\"\" data-attachment-id=\"9714\" data-orig-file=\"http:\/\/www.tvturk.com\/wp-content\/uploads\/2019\/02\/bursanin-dag-ilceleri-beyazlara-burundu_fd5c927.jpg\" data-orig-size=\"960,540\" data-comments-opened=\"\" data-image-meta=\"{&quot;aperture&quot;:&quot;0&quot;,&quot;credit&quot;:&quot;IHA&quot;,&quot;camera&quot;:&quot;&quot;,&quot;caption&quot;:&quot;BURSA\\u2019DA BAHAR \\u0130L\\u00c7ELER\\u0130NDE KAR KAR YA\\u011eI\\u015eI B\\u00dcY\\u00dcKORHAN\\u2019I ETK\\u0130S\\u0130 ALTINA ALDI DA\\u011e \\u0130L\\u00c7ELER\\u0130NDE YO\\u011eUN KAR YA\\u011eI\\u015eI (AL\\u0130 ERDEM\\\/BURSA-\\u0130HA)&quot;,&quot;created_timestamp&quot;:&quot;0&quot;,&quot;copyright&quot;:&quot;\\u0130HLAS HABER AJANSI, www.iha.com.tr&quot;,&quot;focal_length&quot;:&quot;0&quot;,&quot;iso&quot;:&quot;0&quot;,&quot;shutter_speed&quot;:&quot;0&quot;,&quot;title&quot;:&quot;BURSA\\u2019NIN DA\\u011e \\u0130L\\u00c7ELER\\u0130 BEYAZLARA B\\u00dcR\\u00dcND\\u00dc&quot;,&quot;orientation&quot;:&quot;0&quot;}\" data-image-title=\"Bursa\u2019n\u0131n da\u011f il\u00e7eleri beyazlara b\u00fcr\u00fcnd\u00fc\" data-image-description=\"&lt;p&gt;Bursa\u2019n\u0131n da\u011f il\u00e7eleri beyazlara b\u00fcr\u00fcnd\u00fc&lt;\/p&gt; \" data-medium-file=\"https:\/\/i0.wp.com\/www.tvturk.com\/wp-content\/uploads\/2019\/02\/bursanin-dag-ilceleri-beyazlara-burundu_fd5c927.jpg?fit=300%2C169\" data-large-file=\"https:\/\/i0.wp.com\/www.tvturk.com\/wp-content\/uploads\/2019\/02\/bursanin-dag-ilceleri-beyazlara-burundu_fd5c927.jpg?fit=960%2C540\" src=\"https:\/\/i0.wp.com\/www.tvturk.com\/wp-content\/uploads\/2019\/02\/bursanin-dag-ilceleri-beyazlara-burundu_fd5c927.jpg?w=155&#038;h=87\" srcset=\"https:\/\/i0.wp.com\/www.tvturk.com\/wp-content\/uploads\/2019\/02\/bursanin-dag-ilceleri-beyazlara-burundu_fd5c927.jpg?w=960 960w, https:\/\/i0.wp.com\/www.tvturk.com\/wp-content\/uploads\/2019\/02\/bursanin-dag-ilceleri-beyazlara-burundu_fd5c927.jpg?resize=150%2C84 150w, https:\/\/i0.wp.com\/www.tvturk.com\/wp-content\/uploads\/2019\/02\/bursanin-dag-ilceleri-beyazlara-burundu_fd5c927.jpg?resize=300%2C169 300w, https:\/\/i0.wp.com\/www.tvturk.com\/wp-content\/uploads\/2019\/02\/bursanin-dag-ilceleri-beyazlara-burundu_fd5c927.jpg?resize=768%2C432 768w, https:\/\/i0.wp.com\/www.tvturk.com\/wp-content\/uploads\/2019\/02\/bursanin-dag-ilceleri-beyazlara-burundu_fd5c927.jpg?resize=200%2C113 200w\" width=\"155\" height=\"87\" loading=\"lazy\" data-original-width=\"155\" data-original-height=\"87\" itemprop=\"http:\/\/schema.org\/image\" title=\"Bursa\u2019n\u0131n da\u011f il\u00e7eleri beyazlara b\u00fcr\u00fcnd\u00fc\" alt=\"Bursa\u2019n\u0131n da\u011f il\u00e7eleri beyazlara b\u00fcr\u00fcnd\u00fc\" style=\"width: 155px; height: 87px;\" \/> <\/a> <\/div> <\/div> <!-- close group --> <div class=\"gallery-group images-1\" style=\"width: 99px; height: 91px;\" data-original-width=\"99\" data-original-height=\"91\" > <div class=\"tiled-gallery-item tiled-gallery-item-small\" itemprop=\"associatedMedia\" itemscope itemtype=\"http:\/\/schema.org\/ImageObject\"> <a href=\"http:\/\/www.tvturk.com\/index.php\/bursanin-dag-ilceleri-beyazlara-burundu\/bursanin-dag-ilceleri-beyazlara-burundu-4\/\" border=\"0\" itemprop=\"url\"> <meta itemprop=\"width\" content=\"95\"> <meta itemprop=\"height\" content=\"87\"> <img decoding=\"async\" class=\"\" data-attachment-id=\"9715\" data-orig-file=\"http:\/\/www.tvturk.com\/wp-content\/uploads\/2019\/02\/bursanin-dag-ilceleri-beyazlara-burundu_dcbab05.jpg\" data-orig-size=\"774,712\" data-comments-opened=\"\" data-image-meta=\"{&quot;aperture&quot;:&quot;0&quot;,&quot;credit&quot;:&quot;IHA&quot;,&quot;camera&quot;:&quot;&quot;,&quot;caption&quot;:&quot;BURSA\\u2019DA BAHAR \\u0130L\\u00c7ELER\\u0130NDE KAR KAR YA\\u011eI\\u015eI B\\u00dcY\\u00dcKORHAN\\u2019I ETK\\u0130S\\u0130 ALTINA ALDI DA\\u011e \\u0130L\\u00c7ELER\\u0130NDE YO\\u011eUN KAR YA\\u011eI\\u015eI (AL\\u0130 ERDEM\\\/BURSA-\\u0130HA)&quot;,&quot;created_timestamp&quot;:&quot;0&quot;,&quot;copyright&quot;:&quot;\\u0130HLAS HABER AJANSI, www.iha.com.tr&quot;,&quot;focal_length&quot;:&quot;0&quot;,&quot;iso&quot;:&quot;0&quot;,&quot;shutter_speed&quot;:&quot;0&quot;,&quot;title&quot;:&quot;BURSA\\u2019NIN DA\\u011e \\u0130L\\u00c7ELER\\u0130 BEYAZLARA B\\u00dcR\\u00dcND\\u00dc&quot;,&quot;orientation&quot;:&quot;0&quot;}\" data-image-title=\"Bursa\u2019n\u0131n da\u011f il\u00e7eleri beyazlara b\u00fcr\u00fcnd\u00fc\" data-image-description=\"&lt;p&gt;Bursa\u2019n\u0131n da\u011f il\u00e7eleri beyazlara b\u00fcr\u00fcnd\u00fc&lt;\/p&gt; \" data-medium-file=\"https:\/\/i0.wp.com\/www.tvturk.com\/wp-content\/uploads\/2019\/02\/bursanin-dag-ilceleri-beyazlara-burundu_dcbab05.jpg?fit=300%2C276\" data-large-file=\"https:\/\/i0.wp.com\/www.tvturk.com\/wp-content\/uploads\/2019\/02\/bursanin-dag-ilceleri-beyazlara-burundu_dcbab05.jpg?fit=774%2C712\" src=\"https:\/\/i0.wp.com\/www.tvturk.com\/wp-content\/uploads\/2019\/02\/bursanin-dag-ilceleri-beyazlara-burundu_dcbab05.jpg?w=95&#038;h=87\" srcset=\"https:\/\/i0.wp.com\/www.tvturk.com\/wp-content\/uploads\/2019\/02\/bursanin-dag-ilceleri-beyazlara-burundu_dcbab05.jpg?w=774 774w, https:\/\/i0.wp.com\/www.tvturk.com\/wp-content\/uploads\/2019\/02\/bursanin-dag-ilceleri-beyazlara-burundu_dcbab05.jpg?resize=150%2C138 150w, https:\/\/i0.wp.com\/www.tvturk.com\/wp-content\/uploads\/2019\/02\/bursanin-dag-ilceleri-beyazlara-burundu_dcbab05.jpg?resize=300%2C276 300w, https:\/\/i0.wp.com\/www.tvturk.com\/wp-content\/uploads\/2019\/02\/bursanin-dag-ilceleri-beyazlara-burundu_dcbab05.jpg?resize=768%2C706 768w\" width=\"95\" height=\"87\" loading=\"lazy\" data-original-width=\"95\" data-original-height=\"87\" itemprop=\"http:\/\/schema.org\/image\" title=\"Bursa\u2019n\u0131n da\u011f il\u00e7eleri beyazlara b\u00fcr\u00fcnd\u00fc\" alt=\"Bursa\u2019n\u0131n da\u011f il\u00e7eleri beyazlara b\u00fcr\u00fcnd\u00fc\" style=\"width: 95px; height: 87px;\" \/> <\/a> <\/div> <\/div> <!-- close group --> <div class=\"gallery-group images-1\" style=\"width: 121px; height: 91px;\" data-original-width=\"121\" data-original-height=\"91\" > <div class=\"tiled-gallery-item tiled-gallery-item-small\" itemprop=\"associatedMedia\" itemscope itemtype=\"http:\/\/schema.org\/ImageObject\"> <a href=\"http:\/\/www.tvturk.com\/index.php\/bursanin-dag-ilceleri-beyazlara-burundu\/bursanin-dag-ilceleri-beyazlara-burundu-5\/\" border=\"0\" itemprop=\"url\"> <meta itemprop=\"width\" content=\"117\"> <meta itemprop=\"height\" content=\"87\"> <img decoding=\"async\" class=\"\" data-attachment-id=\"9716\" data-orig-file=\"http:\/\/www.tvturk.com\/wp-content\/uploads\/2019\/02\/bursanin-dag-ilceleri-beyazlara-burundu_135b436.jpg\" data-orig-size=\"1000,750\" data-comments-opened=\"\" data-image-meta=\"{&quot;aperture&quot;:&quot;0&quot;,&quot;credit&quot;:&quot;IHA&quot;,&quot;camera&quot;:&quot;&quot;,&quot;caption&quot;:&quot;BURSA\\u2019DA BAHAR \\u0130L\\u00c7ELER\\u0130NDE KAR KAR YA\\u011eI\\u015eI B\\u00dcY\\u00dcKORHAN\\u2019I ETK\\u0130S\\u0130 ALTINA ALDI DA\\u011e \\u0130L\\u00c7ELER\\u0130NDE YO\\u011eUN KAR YA\\u011eI\\u015eI (AL\\u0130 ERDEM\\\/BURSA-\\u0130HA)&quot;,&quot;created_timestamp&quot;:&quot;0&quot;,&quot;copyright&quot;:&quot;\\u0130HLAS HABER AJANSI, www.iha.com.tr&quot;,&quot;focal_length&quot;:&quot;0&quot;,&quot;iso&quot;:&quot;0&quot;,&quot;shutter_speed&quot;:&quot;0&quot;,&quot;title&quot;:&quot;BURSA\\u2019NIN DA\\u011e \\u0130L\\u00c7ELER\\u0130 BEYAZLARA B\\u00dcR\\u00dcND\\u00dc&quot;,&quot;orientation&quot;:&quot;0&quot;}\" data-image-title=\"Bursa\u2019n\u0131n da\u011f il\u00e7eleri beyazlara b\u00fcr\u00fcnd\u00fc\" data-image-description=\"&lt;p&gt;Bursa\u2019n\u0131n da\u011f il\u00e7eleri beyazlara b\u00fcr\u00fcnd\u00fc&lt;\/p&gt; \" data-medium-file=\"https:\/\/i0.wp.com\/www.tvturk.com\/wp-content\/uploads\/2019\/02\/bursanin-dag-ilceleri-beyazlara-burundu_135b436.jpg?fit=300%2C225\" data-large-file=\"https:\/\/i0.wp.com\/www.tvturk.com\/wp-content\/uploads\/2019\/02\/bursanin-dag-ilceleri-beyazlara-burundu_135b436.jpg?fit=1000%2C750\" src=\"https:\/\/i0.wp.com\/www.tvturk.com\/wp-content\/uploads\/2019\/02\/bursanin-dag-ilceleri-beyazlara-burundu_135b436.jpg?w=117&#038;h=87\" srcset=\"https:\/\/i0.wp.com\/www.tvturk.com\/wp-content\/uploads\/2019\/02\/bursanin-dag-ilceleri-beyazlara-burundu_135b436.jpg?w=1000 1000w, https:\/\/i0.wp.com\/www.tvturk.com\/wp-content\/uploads\/2019\/02\/bursanin-dag-ilceleri-beyazlara-burundu_135b436.jpg?resize=150%2C113 150w, https:\/\/i0.wp.com\/www.tvturk.com\/wp-content\/uploads\/2019\/02\/bursanin-dag-ilceleri-beyazlara-burundu_135b436.jpg?resize=300%2C225 300w, https:\/\/i0.wp.com\/www.tvturk.com\/wp-content\/uploads\/2019\/02\/bursanin-dag-ilceleri-beyazlara-burundu_135b436.jpg?resize=768%2C576 768w\" width=\"117\" height=\"87\" loading=\"lazy\" data-original-width=\"117\" data-original-height=\"87\" itemprop=\"http:\/\/schema.org\/image\" title=\"Bursa\u2019n\u0131n da\u011f il\u00e7eleri beyazlara b\u00fcr\u00fcnd\u00fc\" alt=\"Bursa\u2019n\u0131n da\u011f il\u00e7eleri beyazlara b\u00fcr\u00fcnd\u00fc\" style=\"width: 117px; height: 87px;\" \/> <\/a> <\/div> <\/div> <!-- close group --> <div class=\"gallery-group images-1\" style=\"width: 121px; height: 91px;\" data-original-width=\"121\" data-original-height=\"91\" > <div class=\"tiled-gallery-item tiled-gallery-item-small\" itemprop=\"associatedMedia\" itemscope itemtype=\"http:\/\/schema.org\/ImageObject\"> <a href=\"http:\/\/www.tvturk.com\/index.php\/bursanin-dag-ilceleri-beyazlara-burundu\/bursanin-dag-ilceleri-beyazlara-burundu-6\/\" border=\"0\" itemprop=\"url\"> <meta itemprop=\"width\" content=\"117\"> <meta itemprop=\"height\" content=\"87\"> <img decoding=\"async\" class=\"\" data-attachment-id=\"9717\" data-orig-file=\"http:\/\/www.tvturk.com\/wp-content\/uploads\/2019\/02\/bursanin-dag-ilceleri-beyazlara-burundu_13a6efe.jpg\" data-orig-size=\"1000,750\" data-comments-opened=\"\" data-image-meta=\"{&quot;aperture&quot;:&quot;0&quot;,&quot;credit&quot;:&quot;IHA&quot;,&quot;camera&quot;:&quot;&quot;,&quot;caption&quot;:&quot;BURSA\\u2019DA BAHAR \\u0130L\\u00c7ELER\\u0130NDE KAR KAR YA\\u011eI\\u015eI B\\u00dcY\\u00dcKORHAN\\u2019I ETK\\u0130S\\u0130 ALTINA ALDI DA\\u011e \\u0130L\\u00c7ELER\\u0130NDE YO\\u011eUN KAR YA\\u011eI\\u015eI (AL\\u0130 ERDEM\\\/BURSA-\\u0130HA)&quot;,&quot;created_timestamp&quot;:&quot;0&quot;,&quot;copyright&quot;:&quot;\\u0130HLAS HABER AJANSI, www.iha.com.tr&quot;,&quot;focal_length&quot;:&quot;0&quot;,&quot;iso&quot;:&quot;0&quot;,&quot;shutter_speed&quot;:&quot;0&quot;,&quot;title&quot;:&quot;BURSA\\u2019NIN DA\\u011e \\u0130L\\u00c7ELER\\u0130 BEYAZLARA B\\u00dcR\\u00dcND\\u00dc&quot;,&quot;orientation&quot;:&quot;0&quot;}\" data-image-title=\"Bursa\u2019n\u0131n da\u011f il\u00e7eleri beyazlara b\u00fcr\u00fcnd\u00fc\" data-image-description=\"&lt;p&gt;Bursa\u2019n\u0131n da\u011f il\u00e7eleri beyazlara b\u00fcr\u00fcnd\u00fc&lt;\/p&gt; \" data-medium-file=\"https:\/\/i0.wp.com\/www.tvturk.com\/wp-content\/uploads\/2019\/02\/bursanin-dag-ilceleri-beyazlara-burundu_13a6efe.jpg?fit=300%2C225\" data-large-file=\"https:\/\/i0.wp.com\/www.tvturk.com\/wp-content\/uploads\/2019\/02\/bursanin-dag-ilceleri-beyazlara-burundu_13a6efe.jpg?fit=1000%2C750\" src=\"https:\/\/i0.wp.com\/www.tvturk.com\/wp-content\/uploads\/2019\/02\/bursanin-dag-ilceleri-beyazlara-burundu_13a6efe.jpg?w=117&#038;h=87\" srcset=\"https:\/\/i0.wp.com\/www.tvturk.com\/wp-content\/uploads\/2019\/02\/bursanin-dag-ilceleri-beyazlara-burundu_13a6efe.jpg?w=1000 1000w, https:\/\/i0.wp.com\/www.tvturk.com\/wp-content\/uploads\/2019\/02\/bursanin-dag-ilceleri-beyazlara-burundu_13a6efe.jpg?resize=150%2C113 150w, https:\/\/i0.wp.com\/www.tvturk.com\/wp-content\/uploads\/2019\/02\/bursanin-dag-ilceleri-beyazlara-burundu_13a6efe.jpg?resize=300%2C225 300w, https:\/\/i0.wp.com\/www.tvturk.com\/wp-content\/uploads\/2019\/02\/bursanin-dag-ilceleri-beyazlara-burundu_13a6efe.jpg?resize=768%2C576 768w\" width=\"117\" height=\"87\" loading=\"lazy\" data-original-width=\"117\" data-original-height=\"87\" itemprop=\"http:\/\/schema.org\/image\" title=\"Bursa\u2019n\u0131n da\u011f il\u00e7eleri beyazlara b\u00fcr\u00fcnd\u00fc\" alt=\"Bursa\u2019n\u0131n da\u011f il\u00e7eleri beyazlara b\u00fcr\u00fcnd\u00fc\" style=\"width: 117px; height: 87px;\" \/> <\/a> <\/div> <\/div> <!-- close group --> <\/div> <!-- close row --> <\/div><\/p>\n","protected":false},"excerpt":{"rendered":"<p>BURSA\u2019DA BAHAR \u0130L\u00c7ELER\u0130NDE KAR KAR YA\u011eI\u015eI B\u00dcY\u00dcKORHAN\u2019I ETK\u0130S\u0130 ALTINA ALDI DA\u011e \u0130L\u00c7ELER\u0130NDE YO\u011eUN KAR YA\u011eI\u015eI<\/p>\n","protected":false},"author":1,"featured_media":9713,"comment_status":"closed","ping_status":"open","sticky":false,"template":"","format":"standard","meta":{"jetpack_post_was_ever_published":false,"_jetpack_newsletter_access":"","_jetpack_dont_email_post_to_subs":false,"_jetpack_newsletter_tier_id":0,"_jetpack_memberships_contains_paywalled_content":false,"_jetpack_memberships_contains_paid_content":false,"footnotes":"","jetpack_publicize_message":"","jetpack_publicize_feature_enabled":true,"jetpack_social_post_already_shared":false,"jetpack_social_options":{"image_generator_settings":{"template":"highway","default_image_id":0,"font":"","enabled":false},"version":2}},"categories":[655],"tags":[5131,2395,5132,384,427],"class_list":["post-9712","post","type-post","status-publish","format-standard","has-post-thumbnail","hentry","category-son-dakika","tag-beyazlara","tag-bursanin","tag-burundu","tag-dag","tag-ilceleri"],"jetpack_publicize_connections":[],"jetpack_featured_media_url":"https:\/\/i0.wp.com\/www.tvturk.com\/wp-content\/uploads\/2019\/02\/bursanin-dag-ilceleri-beyazlara-burundu_1c4a186.jpg?fit=1000%2C750","jetpack_sharing_enabled":true,"jetpack_shortlink":"https:\/\/wp.me\/paKIfm-2wE","_links":{"self":[{"href":"http:\/\/www.tvturk.com\/index.php\/wp-json\/wp\/v2\/posts\/9712","targetHints":{"allow":["GET"]}}],"collection":[{"href":"http:\/\/www.tvturk.com\/index.php\/wp-json\/wp\/v2\/posts"}],"about":[{"href":"http:\/\/www.tvturk.com\/index.php\/wp-json\/wp\/v2\/types\/post"}],"author":[{"embeddable":true,"href":"http:\/\/www.tvturk.com\/index.php\/wp-json\/wp\/v2\/users\/1"}],"replies":[{"embeddable":true,"href":"http:\/\/www.tvturk.com\/index.php\/wp-json\/wp\/v2\/comments?post=9712"}],"version-history":[{"count":1,"href":"http:\/\/www.tvturk.com\/index.php\/wp-json\/wp\/v2\/posts\/9712\/revisions"}],"predecessor-version":[{"id":9718,"href":"http:\/\/www.tvturk.com\/index.php\/wp-json\/wp\/v2\/posts\/9712\/revisions\/9718"}],"wp:featuredmedia":[{"embeddable":true,"href":"http:\/\/www.tvturk.com\/index.php\/wp-json\/wp\/v2\/media\/9713"}],"wp:attachment":[{"href":"http:\/\/www.tvturk.com\/index.php\/wp-json\/wp\/v2\/media?parent=9712"}],"wp:term":[{"taxonomy":"category","embeddable":true,"href":"http:\/\/www.tvturk.com\/index.php\/wp-json\/wp\/v2\/categories?post=9712"},{"taxonomy":"post_tag","embeddable":true,"href":"http:\/\/www.tvturk.com\/index.php\/wp-json\/wp\/v2\/tags?post=9712"}],"curies":[{"name":"wp","href":"https:\/\/api.w.org\/{rel}","templated":true}]}}