{"id":9776,"date":"2019-02-07T17:06:16","date_gmt":"2019-02-07T14:06:16","guid":{"rendered":"http:\/\/www.tvturk.com\/index.php\/simit-satarak-elazigspora-destek-olmustu-bayragi-tabutuna-ortuldu\/"},"modified":"2019-02-07T17:06:18","modified_gmt":"2019-02-07T14:06:18","slug":"simit-satarak-elazigspora-destek-olmustu-bayragi-tabutuna-ortuldu","status":"publish","type":"post","link":"http:\/\/www.tvturk.com\/index.php\/simit-satarak-elazigspora-destek-olmustu-bayragi-tabutuna-ortuldu\/","title":{"rendered":"Simit satarak Elaz\u0131\u011fspor\u2019a destek olmu\u015ftu, bayra\u011f\u0131 tabutuna \u00f6rt\u00fcld\u00fc"},"content":{"rendered":"<p>Simit satarak Elaz\u0131\u011fspor\u2019a destek olmas\u0131yla herkesin takdirini kazanan 16 ya\u015f\u0131ndaki Muhammed Furkan G\u00fcnd\u00fcz, son yolculu\u011funa tak\u0131m\u0131n bayra\u011f\u0131 da \u00f6rt\u00fclerek u\u011furland\u0131.<\/p>\n<p>Ya\u015far ve Zehra G\u00fcnd\u00fcz \u00e7ift\u00e7inin 3 \u00e7ocu\u011fundan biri olan ve simit satarak ailesine destekte bulunan Muhammed Furkan G\u00fcnd\u00fcz\u2019\u00fc (16), 2016 y\u0131l\u0131nda Elaz\u0131\u011fspor i\u00e7in ba\u015flat\u0131lan yard\u0131m kampanyas\u0131na verdi\u011fi destekle herkes tan\u0131m\u0131\u015ft\u0131. G\u00fcnd\u00fcz, d\u00fcn gece Gazi Caddesi\u2019nde kalp krizi ge\u00e7irdi. Fethi Sekin \u015eehir Hastanesine ambulansla kald\u0131r\u0131lan G\u00fcnd\u00fcz, yap\u0131lan t\u00fcm m\u00fcdahalelere ra\u011fmen kurtar\u0131lamayarak hayat\u0131n\u0131 kaybetti. G\u00fcnd\u00fcz i\u00e7in ikindi namaz\u0131n\u0131 m\u00fcteakiben Kubbeli Camii\u2019nde cenaze t\u00f6reni d\u00fczenlendi. 16 ya\u015f\u0131ndaki g\u00f6nl\u00fc b\u00fcy\u00fck taraftar G\u00fcnd\u00fcz\u2019\u00fcn tabutuna ise Elaz\u0131\u011fspor\u2019un bayra\u011f\u0131 da \u00f6rt\u00fcld\u00fc. Cenaze namaz\u0131na, Elaz\u0131\u011fspor Kayyum Ba\u015fkan\u0131 Sebahattin Devecio\u011flu, Elaz\u0131\u011fspor Eski Ba\u015fkan\u0131 Sedat Karata\u015f, ailesi, yak\u0131nlar\u0131, taraftarlar ve \u00e7ok say\u0131da vatanda\u015f kat\u0131ld\u0131. Cenaze namaz\u0131n\u0131n ard\u0131ndan G\u00fcnd\u00fcz\u2019\u00fcn cans\u0131z bedeni Kurtdere k\u00f6y\u00fc aile mezarl\u0131\u011f\u0131na g\u00f6t\u00fcr\u00fclerek defnedildi.<\/p>\n<p>\u00dcz\u00fcnt\u00fc i\u00e7erisinde olduklar\u0131n\u0131 belirten Elaz\u0131\u011fspor Gen\u00e7lik23 Taraftarlar Derne\u011fi Ba\u015fkan\u0131 Serkan \u00c7ay\u0131r, &#8220;Allah rahmet eylesin g\u00fczel bir karde\u015fimizdi. Simit sarak ge\u00e7imini sa\u011fl\u0131yordu. Allah yak\u0131nlar\u0131na sab\u0131r versin. Simitlerini sarak Elaz\u0131\u011fspor\u2019a destekte bulundu g\u00fczel Elaz\u0131\u011fspor hastas\u0131 birisiydi&#8221; dedi.<\/p>\n<p>Geriye g\u00f6r\u00fcnt\u00fcleri kald\u0131<\/p>\n<p>Son yolculu\u011funa u\u011furlanan G\u00fcnd\u00fcz\u2019den ise geriye 2016 y\u0131l\u0131nda Elaz\u0131\u011fspor\u2019a verdi\u011fi deste\u011fi anlatan videosu kald\u0131. O videoda G\u00fcnd\u00fcz, &#8220;Simit sat\u0131yorum, ge\u00e7ti\u011fimiz g\u00fcn Elaz\u0131\u011fspor i\u00e7in 25 tane fazla simit ald\u0131. Bu 25 tane simidi satt\u0131m ve gidip 17 TL\u2019ye pasolig \u00e7\u0131kartt\u0131m, 4 TL de verip bir bilet ald\u0131m. 21 TL b\u00fcy\u00fck bir mebla\u011f de\u011fil, k\u00fc\u00e7\u00fck bir mebla\u011f. Galatasaray-Be\u015fikta\u015f derbisinde bir ma\u00e7a oturdu\u011fun yerden 10 TL veriyorsun, canl\u0131 bile de\u011fil. Ama bu tak\u0131ma (Elaz\u0131\u011fspor) geliyorsun burada 4 TL veriyorsun, kale arkas\u0131 2 TL. 2 TL\u2019yi dilenciye veriyorsun kabul etmiyor, 2 TL\u2019nin pe\u015fine d\u00fc\u015fmeyin&#8221; ifadelerini kullanm\u0131\u015ft\u0131.<div class=\"tiled-gallery type-rectangular tiled-gallery-unresized\" data-original-width=\"500\" data-carousel-extra='null' itemscope itemtype=\"http:\/\/schema.org\/ImageGallery\" > <div class=\"gallery-row\" style=\"width: 500px; height: 325px;\" data-original-width=\"500\" data-original-height=\"325\" > <div class=\"gallery-group images-2\" style=\"width: 242px; height: 325px;\" data-original-width=\"242\" data-original-height=\"325\" > <div class=\"tiled-gallery-item tiled-gallery-item-small\" itemprop=\"associatedMedia\" itemscope itemtype=\"http:\/\/schema.org\/ImageObject\"> <a href=\"http:\/\/www.tvturk.com\/index.php\/simit-satarak-elazigspora-destek-olmustu-bayragi-tabutuna-ortuldu\/simit-satarak-elazigspora-destek-olmustu-bayragi-tabutuna-ortuldu-3\/\" border=\"0\" itemprop=\"url\"> <meta itemprop=\"width\" content=\"238\"> <meta itemprop=\"height\" content=\"159\"> <img decoding=\"async\" class=\"\" data-attachment-id=\"9778\" data-orig-file=\"http:\/\/www.tvturk.com\/wp-content\/uploads\/2019\/02\/simit-satarak-elazigspora-destek-olmustu-bayragi-tabutuna-ortuldu_c6d3e05.jpg\" data-orig-size=\"1000,666\" data-comments-opened=\"\" data-image-meta=\"{&quot;aperture&quot;:&quot;0&quot;,&quot;credit&quot;:&quot;IHA&quot;,&quot;camera&quot;:&quot;&quot;,&quot;caption&quot;:&quot;S\\u0130M\\u0130T SATARAK ELAZI\\u011eSPOR\\u0027A DESTEK OLMASIYLA HERKES\\u0130N TAKD\\u0130R\\u0130N\\u0130 KAZANAN 16 YA\\u015eINDAK\\u0130 MUHAMMET FURKAN G\\u00dcND\\u00dcZ, SON YOLCULU\\u011eUNA U\\u011eURLANDI. (M\\u00dcCAH\\u0130D KANTARCIO\\u011eLU\\\/ELAZI\\u011e-\\u0130HA)&quot;,&quot;created_timestamp&quot;:&quot;0&quot;,&quot;copyright&quot;:&quot;\\u0130HLAS HABER AJANSI, www.iha.com.tr&quot;,&quot;focal_length&quot;:&quot;0&quot;,&quot;iso&quot;:&quot;0&quot;,&quot;shutter_speed&quot;:&quot;0&quot;,&quot;title&quot;:&quot;S\\u0130M\\u0130T SATARAK ELAZI\\u011eSPOR\\u0027A DESTEK OLMU\\u015eTU, BAYRA\\u011eI TABUTUNA \\u00d6RT\\u00dcLD\\u00dc S\\u0130M\\u0130T SATARAK ELAZI\\u011eSPOR\\u0027A DESTEK OLMASIYLA HERKES\\u0130N TAKD\\u0130R\\u0130N\\u0130 KAZANAN 16 YA\\u015eINDAK\\u0130 MUHAMMED FURKAN G\\u00dcND\\u00dcZ, SON YOLCULU\\u011eUNA U\\u011eURLANDI.&quot;,&quot;orientation&quot;:&quot;0&quot;}\" data-image-title=\"Simit satarak Elaz\u0131\u011fspor\u2019a destek olmu\u015ftu, bayra\u011f\u0131 tabutuna \u00f6rt\u00fcld\u00fc\" data-image-description=\"&lt;p&gt;Simit satarak Elaz\u0131\u011fspor\u2019a destek olmu\u015ftu, bayra\u011f\u0131 tabutuna \u00f6rt\u00fcld\u00fc&lt;\/p&gt; \" data-medium-file=\"https:\/\/i0.wp.com\/www.tvturk.com\/wp-content\/uploads\/2019\/02\/simit-satarak-elazigspora-destek-olmustu-bayragi-tabutuna-ortuldu_c6d3e05.jpg?fit=300%2C200\" data-large-file=\"https:\/\/i0.wp.com\/www.tvturk.com\/wp-content\/uploads\/2019\/02\/simit-satarak-elazigspora-destek-olmustu-bayragi-tabutuna-ortuldu_c6d3e05.jpg?fit=1000%2C666\" src=\"https:\/\/i0.wp.com\/www.tvturk.com\/wp-content\/uploads\/2019\/02\/simit-satarak-elazigspora-destek-olmustu-bayragi-tabutuna-ortuldu_c6d3e05.jpg?w=238&#038;h=159\" srcset=\"https:\/\/i0.wp.com\/www.tvturk.com\/wp-content\/uploads\/2019\/02\/simit-satarak-elazigspora-destek-olmustu-bayragi-tabutuna-ortuldu_c6d3e05.jpg?w=1000 1000w, https:\/\/i0.wp.com\/www.tvturk.com\/wp-content\/uploads\/2019\/02\/simit-satarak-elazigspora-destek-olmustu-bayragi-tabutuna-ortuldu_c6d3e05.jpg?resize=150%2C100 150w, https:\/\/i0.wp.com\/www.tvturk.com\/wp-content\/uploads\/2019\/02\/simit-satarak-elazigspora-destek-olmustu-bayragi-tabutuna-ortuldu_c6d3e05.jpg?resize=300%2C200 300w, https:\/\/i0.wp.com\/www.tvturk.com\/wp-content\/uploads\/2019\/02\/simit-satarak-elazigspora-destek-olmustu-bayragi-tabutuna-ortuldu_c6d3e05.jpg?resize=768%2C511 768w, https:\/\/i0.wp.com\/www.tvturk.com\/wp-content\/uploads\/2019\/02\/simit-satarak-elazigspora-destek-olmustu-bayragi-tabutuna-ortuldu_c6d3e05.jpg?resize=170%2C113 170w, https:\/\/i0.wp.com\/www.tvturk.com\/wp-content\/uploads\/2019\/02\/simit-satarak-elazigspora-destek-olmustu-bayragi-tabutuna-ortuldu_c6d3e05.jpg?resize=120%2C80 120w\" width=\"238\" height=\"159\" loading=\"lazy\" data-original-width=\"238\" data-original-height=\"159\" itemprop=\"http:\/\/schema.org\/image\" title=\"Simit satarak Elaz\u0131\u011fspor\u2019a destek olmu\u015ftu, bayra\u011f\u0131 tabutuna \u00f6rt\u00fcld\u00fc\" alt=\"Simit satarak Elaz\u0131\u011fspor\u2019a destek olmu\u015ftu, bayra\u011f\u0131 tabutuna \u00f6rt\u00fcld\u00fc\" style=\"width: 238px; height: 159px;\" \/> <\/a> <\/div> <div class=\"tiled-gallery-item tiled-gallery-item-small\" itemprop=\"associatedMedia\" itemscope itemtype=\"http:\/\/schema.org\/ImageObject\"> <a href=\"http:\/\/www.tvturk.com\/index.php\/simit-satarak-elazigspora-destek-olmustu-bayragi-tabutuna-ortuldu\/simit-satarak-elazigspora-destek-olmustu-bayragi-tabutuna-ortuldu-4\/\" border=\"0\" itemprop=\"url\"> <meta itemprop=\"width\" content=\"238\"> <meta itemprop=\"height\" content=\"158\"> <img decoding=\"async\" class=\"\" data-attachment-id=\"9779\" data-orig-file=\"http:\/\/www.tvturk.com\/wp-content\/uploads\/2019\/02\/simit-satarak-elazigspora-destek-olmustu-bayragi-tabutuna-ortuldu_fe07399.jpg\" data-orig-size=\"1000,666\" data-comments-opened=\"\" data-image-meta=\"{&quot;aperture&quot;:&quot;0&quot;,&quot;credit&quot;:&quot;IHA&quot;,&quot;camera&quot;:&quot;&quot;,&quot;caption&quot;:&quot;S\\u0130M\\u0130T SATARAK ELAZI\\u011eSPOR\\u0027A DESTEK OLMASIYLA HERKES\\u0130N TAKD\\u0130R\\u0130N\\u0130 KAZANAN 16 YA\\u015eINDAK\\u0130 MUHAMMET FURKAN G\\u00dcND\\u00dcZ, SON YOLCULU\\u011eUNA U\\u011eURLANDI. (M\\u00dcCAH\\u0130D KANTARCIO\\u011eLU\\\/ELAZI\\u011e-\\u0130HA)&quot;,&quot;created_timestamp&quot;:&quot;0&quot;,&quot;copyright&quot;:&quot;\\u0130HLAS HABER AJANSI, www.iha.com.tr&quot;,&quot;focal_length&quot;:&quot;0&quot;,&quot;iso&quot;:&quot;0&quot;,&quot;shutter_speed&quot;:&quot;0&quot;,&quot;title&quot;:&quot;S\\u0130M\\u0130T SATARAK ELAZI\\u011eSPOR\\u0027A DESTEK OLMU\\u015eTU, BAYRA\\u011eI TABUTUNA \\u00d6RT\\u00dcLD\\u00dc S\\u0130M\\u0130T SATARAK ELAZI\\u011eSPOR\\u0027A DESTEK OLMASIYLA HERKES\\u0130N TAKD\\u0130R\\u0130N\\u0130 KAZANAN 16 YA\\u015eINDAK\\u0130 MUHAMMED FURKAN G\\u00dcND\\u00dcZ, SON YOLCULU\\u011eUNA U\\u011eURLANDI.&quot;,&quot;orientation&quot;:&quot;0&quot;}\" data-image-title=\"Simit satarak Elaz\u0131\u011fspor\u2019a destek olmu\u015ftu, bayra\u011f\u0131 tabutuna \u00f6rt\u00fcld\u00fc\" data-image-description=\"&lt;p&gt;Simit satarak Elaz\u0131\u011fspor\u2019a destek olmu\u015ftu, bayra\u011f\u0131 tabutuna \u00f6rt\u00fcld\u00fc&lt;\/p&gt; \" data-medium-file=\"https:\/\/i0.wp.com\/www.tvturk.com\/wp-content\/uploads\/2019\/02\/simit-satarak-elazigspora-destek-olmustu-bayragi-tabutuna-ortuldu_fe07399.jpg?fit=300%2C200\" data-large-file=\"https:\/\/i0.wp.com\/www.tvturk.com\/wp-content\/uploads\/2019\/02\/simit-satarak-elazigspora-destek-olmustu-bayragi-tabutuna-ortuldu_fe07399.jpg?fit=1000%2C666\" src=\"https:\/\/i0.wp.com\/www.tvturk.com\/wp-content\/uploads\/2019\/02\/simit-satarak-elazigspora-destek-olmustu-bayragi-tabutuna-ortuldu_fe07399.jpg?w=238&#038;h=158\" srcset=\"https:\/\/i0.wp.com\/www.tvturk.com\/wp-content\/uploads\/2019\/02\/simit-satarak-elazigspora-destek-olmustu-bayragi-tabutuna-ortuldu_fe07399.jpg?w=1000 1000w, https:\/\/i0.wp.com\/www.tvturk.com\/wp-content\/uploads\/2019\/02\/simit-satarak-elazigspora-destek-olmustu-bayragi-tabutuna-ortuldu_fe07399.jpg?resize=150%2C100 150w, https:\/\/i0.wp.com\/www.tvturk.com\/wp-content\/uploads\/2019\/02\/simit-satarak-elazigspora-destek-olmustu-bayragi-tabutuna-ortuldu_fe07399.jpg?resize=300%2C200 300w, https:\/\/i0.wp.com\/www.tvturk.com\/wp-content\/uploads\/2019\/02\/simit-satarak-elazigspora-destek-olmustu-bayragi-tabutuna-ortuldu_fe07399.jpg?resize=768%2C511 768w, https:\/\/i0.wp.com\/www.tvturk.com\/wp-content\/uploads\/2019\/02\/simit-satarak-elazigspora-destek-olmustu-bayragi-tabutuna-ortuldu_fe07399.jpg?resize=170%2C113 170w, https:\/\/i0.wp.com\/www.tvturk.com\/wp-content\/uploads\/2019\/02\/simit-satarak-elazigspora-destek-olmustu-bayragi-tabutuna-ortuldu_fe07399.jpg?resize=120%2C80 120w\" width=\"238\" height=\"158\" loading=\"lazy\" data-original-width=\"238\" data-original-height=\"158\" itemprop=\"http:\/\/schema.org\/image\" title=\"Simit satarak Elaz\u0131\u011fspor\u2019a destek olmu\u015ftu, bayra\u011f\u0131 tabutuna \u00f6rt\u00fcld\u00fc\" alt=\"Simit satarak Elaz\u0131\u011fspor\u2019a destek olmu\u015ftu, bayra\u011f\u0131 tabutuna \u00f6rt\u00fcld\u00fc\" style=\"width: 238px; height: 158px;\" \/> <\/a> <\/div> <\/div> <!-- close group --> <div class=\"gallery-group images-1\" style=\"width: 258px; height: 325px;\" data-original-width=\"258\" data-original-height=\"325\" > <div class=\"tiled-gallery-item tiled-gallery-item-large\" itemprop=\"associatedMedia\" itemscope itemtype=\"http:\/\/schema.org\/ImageObject\"> <a href=\"http:\/\/www.tvturk.com\/index.php\/simit-satarak-elazigspora-destek-olmustu-bayragi-tabutuna-ortuldu\/simit-satarak-elazigspora-destek-olmustu-bayragi-tabutuna-ortuldu-5\/\" border=\"0\" itemprop=\"url\"> <meta itemprop=\"width\" content=\"254\"> <meta itemprop=\"height\" content=\"321\"> <img decoding=\"async\" class=\"\" data-attachment-id=\"9780\" data-orig-file=\"http:\/\/www.tvturk.com\/wp-content\/uploads\/2019\/02\/simit-satarak-elazigspora-destek-olmustu-bayragi-tabutuna-ortuldu_e07b4d5.jpg\" data-orig-size=\"713,903\" data-comments-opened=\"\" data-image-meta=\"{&quot;aperture&quot;:&quot;0&quot;,&quot;credit&quot;:&quot;IHA&quot;,&quot;camera&quot;:&quot;&quot;,&quot;caption&quot;:&quot;S\\u0130M\\u0130T SATARAK ELAZI\\u011eSPOR\\u0027A DESTEK OLMASIYLA HERKES\\u0130N TAKD\\u0130R\\u0130N\\u0130 KAZANAN 16 YA\\u015eINDAK\\u0130 MUHAMMED FURKAN G\\u00dcND\\u00dcZ, SON YOLCULU\\u011eUNA TAKIMIN BAYRA\\u011eI DA \\u00d6RT\\u00dcLEREK U\\u011eURLANDI. (M\\u00dcCAH\\u0130D KANTARCIO\\u011eLU\\\/ELAZI\\u011e-\\u0130HA)&quot;,&quot;created_timestamp&quot;:&quot;1549587840&quot;,&quot;copyright&quot;:&quot;\\u0130HLAS HABER AJANSI, www.iha.com.tr&quot;,&quot;focal_length&quot;:&quot;0&quot;,&quot;iso&quot;:&quot;0&quot;,&quot;shutter_speed&quot;:&quot;0&quot;,&quot;title&quot;:&quot;S\\u0130M\\u0130T SATARAK ELAZI\\u011eSPOR\\u0027A DESTEK OLMU\\u015eTU, BAYRA\\u011eI TABUTUNA \\u00d6RT\\u00dcLD\\u00dc S\\u0130M\\u0130T SATARAK ELAZI\\u011eSPOR\\u0027A DESTEK OLMASIYLA HERKES\\u0130N TAKD\\u0130R\\u0130N\\u0130 KAZANAN 16 YA\\u015eINDAK\\u0130 MUHAMMED FURKAN G\\u00dcND\\u00dcZ, SON YOLCULU\\u011eUNA U\\u011eURLANDI.&quot;,&quot;orientation&quot;:&quot;1&quot;}\" data-image-title=\"Simit satarak Elaz\u0131\u011fspor\u2019a destek olmu\u015ftu, bayra\u011f\u0131 tabutuna \u00f6rt\u00fcld\u00fc\" data-image-description=\"&lt;p&gt;Simit satarak Elaz\u0131\u011fspor\u2019a destek olmu\u015ftu, bayra\u011f\u0131 tabutuna \u00f6rt\u00fcld\u00fc&lt;\/p&gt; \" data-medium-file=\"https:\/\/i0.wp.com\/www.tvturk.com\/wp-content\/uploads\/2019\/02\/simit-satarak-elazigspora-destek-olmustu-bayragi-tabutuna-ortuldu_e07b4d5.jpg?fit=237%2C300\" data-large-file=\"https:\/\/i0.wp.com\/www.tvturk.com\/wp-content\/uploads\/2019\/02\/simit-satarak-elazigspora-destek-olmustu-bayragi-tabutuna-ortuldu_e07b4d5.jpg?fit=713%2C903\" src=\"https:\/\/i0.wp.com\/www.tvturk.com\/wp-content\/uploads\/2019\/02\/simit-satarak-elazigspora-destek-olmustu-bayragi-tabutuna-ortuldu_e07b4d5.jpg?w=254&#038;h=321\" srcset=\"https:\/\/i0.wp.com\/www.tvturk.com\/wp-content\/uploads\/2019\/02\/simit-satarak-elazigspora-destek-olmustu-bayragi-tabutuna-ortuldu_e07b4d5.jpg?w=713 713w, https:\/\/i0.wp.com\/www.tvturk.com\/wp-content\/uploads\/2019\/02\/simit-satarak-elazigspora-destek-olmustu-bayragi-tabutuna-ortuldu_e07b4d5.jpg?resize=118%2C150 118w, https:\/\/i0.wp.com\/www.tvturk.com\/wp-content\/uploads\/2019\/02\/simit-satarak-elazigspora-destek-olmustu-bayragi-tabutuna-ortuldu_e07b4d5.jpg?resize=237%2C300 237w\" width=\"254\" height=\"321\" loading=\"lazy\" data-original-width=\"254\" data-original-height=\"321\" itemprop=\"http:\/\/schema.org\/image\" title=\"Simit satarak Elaz\u0131\u011fspor\u2019a destek olmu\u015ftu, bayra\u011f\u0131 tabutuna \u00f6rt\u00fcld\u00fc\" alt=\"Simit satarak Elaz\u0131\u011fspor\u2019a destek olmu\u015ftu, bayra\u011f\u0131 tabutuna \u00f6rt\u00fcld\u00fc\" style=\"width: 254px; height: 321px;\" \/> <\/a> <\/div> <\/div> <!-- close group --> <\/div> <!-- close row --> <\/div><\/p>\n","protected":false},"excerpt":{"rendered":"<p>16 YA\u015eINDAK\u0130 MUHAMMET FURKAN G\u00dcND\u00dcZ, D\u00dcN GECE GAZ\u0130 CADDES\u0130&#8217;NDE KALP KR\u0130Z\u0130 GE\u00c7\u0130RD\u0130. FETH\u0130 SEK\u0130N \u015eEH\u0130R HASTANES\u0130NE AMBULANSLA KALDIRILAN G\u00dcND\u00dcZ, YAPILAN T\u00dcM M\u00dcDAHALELERE RA\u011eMEN KURTARILAMAYARAK HAYATINI KAYBETT\u0130.<\/p>\n","protected":false},"author":1,"featured_media":9777,"comment_status":"closed","ping_status":"open","sticky":false,"template":"","format":"standard","meta":{"jetpack_post_was_ever_published":false,"_jetpack_newsletter_access":"","_jetpack_dont_email_post_to_subs":false,"_jetpack_newsletter_tier_id":0,"_jetpack_memberships_contains_paywalled_content":false,"_jetpack_memberships_contains_paid_content":false,"footnotes":"","jetpack_publicize_message":"","jetpack_publicize_feature_enabled":true,"jetpack_social_post_already_shared":false,"jetpack_social_options":{"image_generator_settings":{"template":"highway","default_image_id":0,"font":"","enabled":false},"version":2}},"categories":[655],"tags":[5177,61,2521,5176,5179,5175,4027,5178],"class_list":["post-9776","post","type-post","status-publish","format-standard","has-post-thumbnail","hentry","category-son-dakika","tag-bayragi","tag-destek","tag-elazigspora","tag-olmustu","tag-ortuldu","tag-satarak","tag-simit","tag-tabutuna"],"jetpack_publicize_connections":[],"jetpack_featured_media_url":"https:\/\/i0.wp.com\/www.tvturk.com\/wp-content\/uploads\/2019\/02\/simit-satarak-elazigspora-destek-olmustu-bayragi-tabutuna-ortuldu_5b73a8d.jpg?fit=1000%2C666","jetpack_sharing_enabled":true,"jetpack_shortlink":"https:\/\/wp.me\/paKIfm-2xG","_links":{"self":[{"href":"http:\/\/www.tvturk.com\/index.php\/wp-json\/wp\/v2\/posts\/9776","targetHints":{"allow":["GET"]}}],"collection":[{"href":"http:\/\/www.tvturk.com\/index.php\/wp-json\/wp\/v2\/posts"}],"about":[{"href":"http:\/\/www.tvturk.com\/index.php\/wp-json\/wp\/v2\/types\/post"}],"author":[{"embeddable":true,"href":"http:\/\/www.tvturk.com\/index.php\/wp-json\/wp\/v2\/users\/1"}],"replies":[{"embeddable":true,"href":"http:\/\/www.tvturk.com\/index.php\/wp-json\/wp\/v2\/comments?post=9776"}],"version-history":[{"count":1,"href":"http:\/\/www.tvturk.com\/index.php\/wp-json\/wp\/v2\/posts\/9776\/revisions"}],"predecessor-version":[{"id":9781,"href":"http:\/\/www.tvturk.com\/index.php\/wp-json\/wp\/v2\/posts\/9776\/revisions\/9781"}],"wp:featuredmedia":[{"embeddable":true,"href":"http:\/\/www.tvturk.com\/index.php\/wp-json\/wp\/v2\/media\/9777"}],"wp:attachment":[{"href":"http:\/\/www.tvturk.com\/index.php\/wp-json\/wp\/v2\/media?parent=9776"}],"wp:term":[{"taxonomy":"category","embeddable":true,"href":"http:\/\/www.tvturk.com\/index.php\/wp-json\/wp\/v2\/categories?post=9776"},{"taxonomy":"post_tag","embeddable":true,"href":"http:\/\/www.tvturk.com\/index.php\/wp-json\/wp\/v2\/tags?post=9776"}],"curies":[{"name":"wp","href":"https:\/\/api.w.org\/{rel}","templated":true}]}}