{"id":9901,"date":"2019-02-07T17:29:54","date_gmt":"2019-02-07T14:29:54","guid":{"rendered":"http:\/\/www.tvturk.com\/index.php\/kuluda-okul-mudurleri-kurulu-toplantisi-yapildi\/"},"modified":"2019-02-07T17:29:55","modified_gmt":"2019-02-07T14:29:55","slug":"kuluda-okul-mudurleri-kurulu-toplantisi-yapildi","status":"publish","type":"post","link":"http:\/\/www.tvturk.com\/index.php\/kuluda-okul-mudurleri-kurulu-toplantisi-yapildi\/","title":{"rendered":"Kulu\u2019da Okul M\u00fcd\u00fcrleri Kurulu Toplant\u0131s\u0131 yap\u0131ld\u0131"},"content":{"rendered":"<p>Konya\u2019n\u0131n Kulu il\u00e7esinde 2018-2019 e\u011fitim-\u00f6\u011fretim y\u0131l\u0131 2. d\u00f6nem Okul M\u00fcd\u00fcrleri Kurulu Toplant\u0131s\u0131 ger\u00e7ekle\u015ftirildi.<\/p>\n<p>\u0130l\u00e7e Milli E\u011fitim M\u00fcd\u00fcrl\u00fc\u011f\u00fc taraf\u0131ndan Kulu Merkez \u0130lkokulu Konferans Salonunda d\u00fczenlenen program sayg\u0131 duru\u015funda bulunulmas\u0131 ve \u0130stiklal Mar\u015f\u0131\u2019n\u0131n okunmas\u0131yla ba\u015flad\u0131.<\/p>\n<p>Program\u0131n a\u00e7\u0131l\u0131\u015f konu\u015fmas\u0131n\u0131 ger\u00e7ekle\u015ftiren \u0130l\u00e7e Milli E\u011fitim M\u00fcd\u00fcr\u00fc Sultan Ahmet Kaymak, 2018-2019 e\u011fitim-\u00f6\u011fretim y\u0131l\u0131 2. d\u00f6neminin \u00fclke i\u00e7in ve e\u011fitim camias\u0131 i\u00e7in hay\u0131rl\u0131 ve u\u011furlu olmas\u0131 temennisinde bulundu.<\/p>\n<p>Ger\u00e7ekle\u015ftirilen toplant\u0131ya Kulu merkez ve \u00e7evre mahallelerdeki okullar\u0131n m\u00fcd\u00fcrleri kat\u0131ld\u0131. Ger\u00e7ekle\u015ftirilen programda 2. d\u00f6nem e\u011fitim-\u00f6\u011fretim y\u0131l\u0131n\u0131n planland\u0131\u011f\u0131, sorun ve \u00e7\u00f6z\u00fcm \u00f6nerileri ile ilgili g\u00fcndem maddelerinin isti\u015fare edildi\u011fi \u00f6\u011frenildi.<div class=\"tiled-gallery type-rectangular tiled-gallery-unresized\" data-original-width=\"500\" data-carousel-extra='null' itemscope itemtype=\"http:\/\/schema.org\/ImageGallery\" > <div class=\"gallery-row\" style=\"width: 500px; height: 334px;\" data-original-width=\"500\" data-original-height=\"334\" > <div class=\"gallery-group images-1\" style=\"width: 500px; height: 334px;\" data-original-width=\"500\" data-original-height=\"334\" > <div class=\"tiled-gallery-item tiled-gallery-item-large\" itemprop=\"associatedMedia\" itemscope itemtype=\"http:\/\/schema.org\/ImageObject\"> <a href=\"http:\/\/www.tvturk.com\/index.php\/kuluda-okul-mudurleri-kurulu-toplantisi-yapildi\/kuluda-okul-mudurleri-kurulu-toplantisi-yapildi-3\/\" border=\"0\" itemprop=\"url\"> <meta itemprop=\"width\" content=\"496\"> <meta itemprop=\"height\" content=\"330\"> <img decoding=\"async\" class=\"\" data-attachment-id=\"9903\" data-orig-file=\"http:\/\/www.tvturk.com\/wp-content\/uploads\/2019\/02\/kuluda-okul-mudurleri-kurulu-toplantisi-yapildi_0f01490.jpg\" data-orig-size=\"1000,666\" data-comments-opened=\"\" data-image-meta=\"{&quot;aperture&quot;:&quot;0&quot;,&quot;credit&quot;:&quot;IHA&quot;,&quot;camera&quot;:&quot;&quot;,&quot;caption&quot;:&quot;KONYA\\u2019NIN KULU \\u0130L\\u00c7E M\\u0130LL\\u0130 E\\u011e\\u0130T\\u0130M M\\u00dcD\\u00dcRL\\u00dc\\u011e\\u00dc TARAFINDAN 2018-2019 E\\u011e\\u0130T\\u0130M-\\u00d6\\u011eRET\\u0130M YILI 2. D\\u00d6NEM OKUL M\\u00dcD\\u00dcRLER\\u0130 KURULU TOPLANTISI GER\\u00c7EKLE\\u015eT\\u0130R\\u0130LD\\u0130. (\\u00d6MER KELE\\u015e\\\/KONYA-\\u0130HA)&quot;,&quot;created_timestamp&quot;:&quot;0&quot;,&quot;copyright&quot;:&quot;\\u0130HLAS HABER AJANSI, www.iha.com.tr&quot;,&quot;focal_length&quot;:&quot;0&quot;,&quot;iso&quot;:&quot;0&quot;,&quot;shutter_speed&quot;:&quot;0&quot;,&quot;title&quot;:&quot;KULU\\u2019DA OKUL M\\u00dcD\\u00dcRLER\\u0130 KURULU TOPLANTISI YAPILDI&quot;,&quot;orientation&quot;:&quot;0&quot;}\" data-image-title=\"Kulu\u2019da Okul M\u00fcd\u00fcrleri Kurulu Toplant\u0131s\u0131 yap\u0131ld\u0131\" data-image-description=\"&lt;p&gt;Kulu\u2019da Okul M\u00fcd\u00fcrleri Kurulu Toplant\u0131s\u0131 yap\u0131ld\u0131&lt;\/p&gt; \" data-medium-file=\"https:\/\/i0.wp.com\/www.tvturk.com\/wp-content\/uploads\/2019\/02\/kuluda-okul-mudurleri-kurulu-toplantisi-yapildi_0f01490.jpg?fit=300%2C200\" data-large-file=\"https:\/\/i0.wp.com\/www.tvturk.com\/wp-content\/uploads\/2019\/02\/kuluda-okul-mudurleri-kurulu-toplantisi-yapildi_0f01490.jpg?fit=1000%2C666\" src=\"https:\/\/i0.wp.com\/www.tvturk.com\/wp-content\/uploads\/2019\/02\/kuluda-okul-mudurleri-kurulu-toplantisi-yapildi_0f01490.jpg?w=496&#038;h=330\" srcset=\"https:\/\/i0.wp.com\/www.tvturk.com\/wp-content\/uploads\/2019\/02\/kuluda-okul-mudurleri-kurulu-toplantisi-yapildi_0f01490.jpg?w=1000 1000w, https:\/\/i0.wp.com\/www.tvturk.com\/wp-content\/uploads\/2019\/02\/kuluda-okul-mudurleri-kurulu-toplantisi-yapildi_0f01490.jpg?resize=150%2C100 150w, https:\/\/i0.wp.com\/www.tvturk.com\/wp-content\/uploads\/2019\/02\/kuluda-okul-mudurleri-kurulu-toplantisi-yapildi_0f01490.jpg?resize=300%2C200 300w, https:\/\/i0.wp.com\/www.tvturk.com\/wp-content\/uploads\/2019\/02\/kuluda-okul-mudurleri-kurulu-toplantisi-yapildi_0f01490.jpg?resize=768%2C511 768w, https:\/\/i0.wp.com\/www.tvturk.com\/wp-content\/uploads\/2019\/02\/kuluda-okul-mudurleri-kurulu-toplantisi-yapildi_0f01490.jpg?resize=170%2C113 170w, https:\/\/i0.wp.com\/www.tvturk.com\/wp-content\/uploads\/2019\/02\/kuluda-okul-mudurleri-kurulu-toplantisi-yapildi_0f01490.jpg?resize=120%2C80 120w\" width=\"496\" height=\"330\" loading=\"lazy\" data-original-width=\"496\" data-original-height=\"330\" itemprop=\"http:\/\/schema.org\/image\" title=\"Kulu\u2019da Okul M\u00fcd\u00fcrleri Kurulu Toplant\u0131s\u0131 yap\u0131ld\u0131\" alt=\"Kulu\u2019da Okul M\u00fcd\u00fcrleri Kurulu Toplant\u0131s\u0131 yap\u0131ld\u0131\" style=\"width: 496px; height: 330px;\" \/> <\/a> <\/div> <\/div> <!-- close group --> <\/div> <!-- close row --> <\/div><\/p>\n","protected":false},"excerpt":{"rendered":"<p>KONYA\u2019NIN KULU \u0130L\u00c7E M\u0130LL\u0130 E\u011e\u0130T\u0130M M\u00dcD\u00dcRL\u00dc\u011e\u00dc TARAFINDAN 2018-2019 E\u011e\u0130T\u0130M-\u00d6\u011eRET\u0130M YILI 2. D\u00d6NEM OKUL M\u00dcD\u00dcRLER\u0130 KURULU TOPLANTISI GER\u00c7EKLE\u015eT\u0130R\u0130LD\u0130.<\/p>\n","protected":false},"author":1,"featured_media":9902,"comment_status":"closed","ping_status":"open","sticky":false,"template":"","format":"standard","meta":{"jetpack_post_was_ever_published":false,"_jetpack_newsletter_access":"","_jetpack_dont_email_post_to_subs":false,"_jetpack_newsletter_tier_id":0,"_jetpack_memberships_contains_paywalled_content":false,"_jetpack_memberships_contains_paid_content":false,"footnotes":"","jetpack_publicize_message":"","jetpack_publicize_feature_enabled":true,"jetpack_social_post_already_shared":false,"jetpack_social_options":{"image_generator_settings":{"template":"highway","default_image_id":0,"font":"","enabled":false},"version":2}},"categories":[655],"tags":[3146,247,2469,120,347,117],"class_list":["post-9901","post","type-post","status-publish","format-standard","has-post-thumbnail","hentry","category-son-dakika","tag-kuluda","tag-kurulu","tag-mudurleri","tag-okul","tag-toplantisi","tag-yapildi"],"jetpack_publicize_connections":[],"jetpack_featured_media_url":"https:\/\/i0.wp.com\/www.tvturk.com\/wp-content\/uploads\/2019\/02\/kuluda-okul-mudurleri-kurulu-toplantisi-yapildi_6fd640b.jpg?fit=1000%2C666","jetpack_sharing_enabled":true,"jetpack_shortlink":"https:\/\/wp.me\/paKIfm-2zH","_links":{"self":[{"href":"http:\/\/www.tvturk.com\/index.php\/wp-json\/wp\/v2\/posts\/9901","targetHints":{"allow":["GET"]}}],"collection":[{"href":"http:\/\/www.tvturk.com\/index.php\/wp-json\/wp\/v2\/posts"}],"about":[{"href":"http:\/\/www.tvturk.com\/index.php\/wp-json\/wp\/v2\/types\/post"}],"author":[{"embeddable":true,"href":"http:\/\/www.tvturk.com\/index.php\/wp-json\/wp\/v2\/users\/1"}],"replies":[{"embeddable":true,"href":"http:\/\/www.tvturk.com\/index.php\/wp-json\/wp\/v2\/comments?post=9901"}],"version-history":[{"count":1,"href":"http:\/\/www.tvturk.com\/index.php\/wp-json\/wp\/v2\/posts\/9901\/revisions"}],"predecessor-version":[{"id":9904,"href":"http:\/\/www.tvturk.com\/index.php\/wp-json\/wp\/v2\/posts\/9901\/revisions\/9904"}],"wp:featuredmedia":[{"embeddable":true,"href":"http:\/\/www.tvturk.com\/index.php\/wp-json\/wp\/v2\/media\/9902"}],"wp:attachment":[{"href":"http:\/\/www.tvturk.com\/index.php\/wp-json\/wp\/v2\/media?parent=9901"}],"wp:term":[{"taxonomy":"category","embeddable":true,"href":"http:\/\/www.tvturk.com\/index.php\/wp-json\/wp\/v2\/categories?post=9901"},{"taxonomy":"post_tag","embeddable":true,"href":"http:\/\/www.tvturk.com\/index.php\/wp-json\/wp\/v2\/tags?post=9901"}],"curies":[{"name":"wp","href":"https:\/\/api.w.org\/{rel}","templated":true}]}}