{"id":99514,"date":"2019-03-18T12:40:10","date_gmt":"2019-03-18T09:40:10","guid":{"rendered":"http:\/\/www.tvturk.com\/index.php\/t129-atak-latin-amerikaya-cikartma-yapiyor\/"},"modified":"2019-03-18T12:40:11","modified_gmt":"2019-03-18T09:40:11","slug":"t129-atak-latin-amerikaya-cikartma-yapiyor","status":"publish","type":"post","link":"http:\/\/www.tvturk.com\/index.php\/t129-atak-latin-amerikaya-cikartma-yapiyor\/","title":{"rendered":"T129 Atak, Latin Amerika\u2019ya \u00e7\u0131kartma yap\u0131yor"},"content":{"rendered":"<p>T\u00fcrk Havac\u0131l\u0131k ve Uzay Sanayii, Rio de Janeiro\u2019da d\u00fczenlenecek olan LAAD\/Brezilya Savunma ve G\u00fcvenlik Fuar\u0131\u2019na kat\u0131lacak.<\/p>\n<p>T\u00fcrk Havac\u0131l\u0131k ve Uzay Sanayii, G\u00fcney Amerika b\u00f6lgesinde en b\u00fcy\u00fck savunma sanayi fuar\u0131 olarak bilinen ve 2-5 Nisan 2019 tarihleri aras\u0131nda Rio de Janeiro\u2019da d\u00fczenlenecek olan LAAD\/Brezilya Savunma ve G\u00fcvenlik Fuar\u0131\u2019na kat\u0131lacak. T129 ATAK helikopteri, fuar \u00f6ncesi iki farkl\u0131 \u015fehirde Brezilyal\u0131 yetkililere performans\u0131n\u0131 sergileyecek.<div class=\"tiled-gallery type-rectangular tiled-gallery-unresized\" data-original-width=\"500\" data-carousel-extra='null' itemscope itemtype=\"http:\/\/schema.org\/ImageGallery\" > <div class=\"gallery-row\" style=\"width: 500px; height: 334px;\" data-original-width=\"500\" data-original-height=\"334\" > <div class=\"gallery-group images-1\" style=\"width: 500px; height: 334px;\" data-original-width=\"500\" data-original-height=\"334\" > <div class=\"tiled-gallery-item tiled-gallery-item-large\" itemprop=\"associatedMedia\" itemscope itemtype=\"http:\/\/schema.org\/ImageObject\"> <a href=\"http:\/\/www.tvturk.com\/index.php\/t129-atak-latin-amerikaya-cikartma-yapiyor\/t129-atak-latin-amerikaya-cikartma-yapiyor-3\/\" border=\"0\" itemprop=\"url\"> <meta itemprop=\"width\" content=\"496\"> <meta itemprop=\"height\" content=\"330\"> <img decoding=\"async\" class=\"\" data-attachment-id=\"99516\" data-orig-file=\"http:\/\/www.tvturk.com\/wp-content\/uploads\/2019\/03\/t129-atak-latin-amerikaya-cikartma-yapiyor_002963a.jpg\" data-orig-size=\"1000,666\" data-comments-opened=\"\" data-image-meta=\"{&quot;aperture&quot;:&quot;0&quot;,&quot;credit&quot;:&quot;IHA&quot;,&quot;camera&quot;:&quot;&quot;,&quot;caption&quot;:&quot;T\\u00dcRK HAVACILIK VE UZAY SANAY\\u0130\\u0130, R\\u0130O DE JANE\\u0130RO\\u2019DA D\\u00dcZENLENECEK OLAN LAAD\\\/BREZ\\u0130LYA SAVUNMA VE G\\u00dcVENL\\u0130K FUARI\\u2019NA KATILACAK.T129 ATAK HEL\\u0130KOPTER\\u0130, FUAR \\u00d6NCES\\u0130 \\u0130K\\u0130 FARKLI \\u015eEH\\u0130RDE BREZ\\u0130LYALI YETK\\u0130L\\u0130LERE PERFORMANSINI SERG\\u0130LEYECEK. (\\u0130LKER TURAK\\\/ANKARA-\\u0130HA)&quot;,&quot;created_timestamp&quot;:&quot;0&quot;,&quot;copyright&quot;:&quot;\\u0130HLAS HABER AJANSI, www.iha.com.tr&quot;,&quot;focal_length&quot;:&quot;0&quot;,&quot;iso&quot;:&quot;0&quot;,&quot;shutter_speed&quot;:&quot;0&quot;,&quot;title&quot;:&quot;T129 ATAK, LAT\\u0130N AMER\\u0130KA\\u2019YA \\u00c7IKARTMA YAPIYOR&quot;,&quot;orientation&quot;:&quot;0&quot;}\" data-image-title=\"T129 Atak, Latin Amerika\u2019ya \u00e7\u0131kartma yap\u0131yor\" data-image-description=\"&lt;p&gt;T129 Atak, Latin Amerika\u2019ya \u00e7\u0131kartma yap\u0131yor&lt;\/p&gt; \" data-medium-file=\"https:\/\/i0.wp.com\/www.tvturk.com\/wp-content\/uploads\/2019\/03\/t129-atak-latin-amerikaya-cikartma-yapiyor_002963a.jpg?fit=300%2C200\" data-large-file=\"https:\/\/i0.wp.com\/www.tvturk.com\/wp-content\/uploads\/2019\/03\/t129-atak-latin-amerikaya-cikartma-yapiyor_002963a.jpg?fit=1000%2C666\" src=\"https:\/\/i0.wp.com\/www.tvturk.com\/wp-content\/uploads\/2019\/03\/t129-atak-latin-amerikaya-cikartma-yapiyor_002963a.jpg?w=496&#038;h=330\" srcset=\"https:\/\/i0.wp.com\/www.tvturk.com\/wp-content\/uploads\/2019\/03\/t129-atak-latin-amerikaya-cikartma-yapiyor_002963a.jpg?w=1000 1000w, https:\/\/i0.wp.com\/www.tvturk.com\/wp-content\/uploads\/2019\/03\/t129-atak-latin-amerikaya-cikartma-yapiyor_002963a.jpg?resize=150%2C100 150w, https:\/\/i0.wp.com\/www.tvturk.com\/wp-content\/uploads\/2019\/03\/t129-atak-latin-amerikaya-cikartma-yapiyor_002963a.jpg?resize=300%2C200 300w, https:\/\/i0.wp.com\/www.tvturk.com\/wp-content\/uploads\/2019\/03\/t129-atak-latin-amerikaya-cikartma-yapiyor_002963a.jpg?resize=768%2C511 768w, https:\/\/i0.wp.com\/www.tvturk.com\/wp-content\/uploads\/2019\/03\/t129-atak-latin-amerikaya-cikartma-yapiyor_002963a.jpg?resize=170%2C113 170w, https:\/\/i0.wp.com\/www.tvturk.com\/wp-content\/uploads\/2019\/03\/t129-atak-latin-amerikaya-cikartma-yapiyor_002963a.jpg?resize=120%2C80 120w\" width=\"496\" height=\"330\" loading=\"lazy\" data-original-width=\"496\" data-original-height=\"330\" itemprop=\"http:\/\/schema.org\/image\" title=\"T129 Atak, Latin Amerika\u2019ya \u00e7\u0131kartma yap\u0131yor\" alt=\"T129 Atak, Latin Amerika\u2019ya \u00e7\u0131kartma yap\u0131yor\" style=\"width: 496px; height: 330px;\" \/> <\/a> <\/div> <\/div> <!-- close group --> <\/div> <!-- close row --> <\/div><\/p>\n","protected":false},"excerpt":{"rendered":"<p>T\u00dcRK HAVACILIK VE UZAY SANAY\u0130\u0130, R\u0130O DE JANE\u0130RO\u2019DA D\u00dcZENLENECEK OLAN LAAD\/BREZ\u0130LYA SAVUNMA VE G\u00dcVENL\u0130K FUARI\u2019NA KATILACAK.T129 ATAK HEL\u0130KOPTER\u0130, FUAR \u00d6NCES\u0130 \u0130K\u0130 FARKLI \u015eEH\u0130RDE BREZ\u0130LYALI YETK\u0130L\u0130LERE PERFORMANSINI SERG\u0130LEYECEK.<\/p>\n","protected":false},"author":1,"featured_media":99515,"comment_status":"closed","ping_status":"open","sticky":false,"template":"","format":"standard","meta":{"jetpack_post_was_ever_published":false,"_jetpack_newsletter_access":"","_jetpack_dont_email_post_to_subs":false,"_jetpack_newsletter_tier_id":0,"_jetpack_memberships_contains_paywalled_content":false,"_jetpack_memberships_contains_paid_content":false,"footnotes":"","jetpack_publicize_message":"","jetpack_publicize_feature_enabled":true,"jetpack_social_post_already_shared":true,"jetpack_social_options":{"image_generator_settings":{"template":"highway","default_image_id":0,"font":"","enabled":false},"version":2}},"categories":[1],"tags":[19628,9670,25784,25783,25782,1685],"class_list":["post-99514","post","type-post","status-publish","format-standard","has-post-thumbnail","hentry","category-genel","tag-amerikaya","tag-atak","tag-cikartma","tag-latin","tag-t129","tag-yapiyor"],"jetpack_publicize_connections":[],"jetpack_featured_media_url":"https:\/\/i0.wp.com\/www.tvturk.com\/wp-content\/uploads\/2019\/03\/t129-atak-latin-amerikaya-cikartma-yapiyor_a4a9316.jpg?fit=1000%2C664","jetpack_sharing_enabled":true,"jetpack_shortlink":"https:\/\/wp.me\/paKIfm-pT4","_links":{"self":[{"href":"http:\/\/www.tvturk.com\/index.php\/wp-json\/wp\/v2\/posts\/99514","targetHints":{"allow":["GET"]}}],"collection":[{"href":"http:\/\/www.tvturk.com\/index.php\/wp-json\/wp\/v2\/posts"}],"about":[{"href":"http:\/\/www.tvturk.com\/index.php\/wp-json\/wp\/v2\/types\/post"}],"author":[{"embeddable":true,"href":"http:\/\/www.tvturk.com\/index.php\/wp-json\/wp\/v2\/users\/1"}],"replies":[{"embeddable":true,"href":"http:\/\/www.tvturk.com\/index.php\/wp-json\/wp\/v2\/comments?post=99514"}],"version-history":[{"count":1,"href":"http:\/\/www.tvturk.com\/index.php\/wp-json\/wp\/v2\/posts\/99514\/revisions"}],"predecessor-version":[{"id":99517,"href":"http:\/\/www.tvturk.com\/index.php\/wp-json\/wp\/v2\/posts\/99514\/revisions\/99517"}],"wp:featuredmedia":[{"embeddable":true,"href":"http:\/\/www.tvturk.com\/index.php\/wp-json\/wp\/v2\/media\/99515"}],"wp:attachment":[{"href":"http:\/\/www.tvturk.com\/index.php\/wp-json\/wp\/v2\/media?parent=99514"}],"wp:term":[{"taxonomy":"category","embeddable":true,"href":"http:\/\/www.tvturk.com\/index.php\/wp-json\/wp\/v2\/categories?post=99514"},{"taxonomy":"post_tag","embeddable":true,"href":"http:\/\/www.tvturk.com\/index.php\/wp-json\/wp\/v2\/tags?post=99514"}],"curies":[{"name":"wp","href":"https:\/\/api.w.org\/{rel}","templated":true}]}}