{"id":99565,"date":"2019-03-18T13:01:34","date_gmt":"2019-03-18T10:01:34","guid":{"rendered":"http:\/\/www.tvturk.com\/index.php\/saatlerdir-devam-eden-fabrika-yangininda-alev-toplari-yukseliyor\/"},"modified":"2019-03-18T13:01:37","modified_gmt":"2019-03-18T10:01:37","slug":"saatlerdir-devam-eden-fabrika-yangininda-alev-toplari-yukseliyor","status":"publish","type":"post","link":"http:\/\/www.tvturk.com\/index.php\/saatlerdir-devam-eden-fabrika-yangininda-alev-toplari-yukseliyor\/","title":{"rendered":"Saatlerdir devam eden fabrika yang\u0131n\u0131nda alev toplar\u0131 y\u00fckseliyor"},"content":{"rendered":"<p>Arnavutk\u00f6y\u2019de bulunan 3 katl\u0131 kimyasal fabrikas\u0131nda \u00e7\u0131kan yang\u0131n saatlerdir s\u00fcr\u00fcyor. Patlamalar\u0131n da meydana geldi\u011fi yang\u0131nda alev toplar\u0131 y\u00fckselirken \u00e7evreye yo\u011fun duman da yay\u0131l\u0131yor. Havadan \u00e7ekilen g\u00f6r\u00fcnt\u00fclerde ise kimyasallar\u0131n etkisiyle b\u00fcy\u00fcyen alevlerin t\u00fcm \u00e7at\u0131y\u0131 sard\u0131\u011f\u0131 g\u00f6r\u00fcl\u00fcyor.<\/p>\n<p>Arnavutk\u00f6y\u2019de bulunan 3 katl\u0131 kimyasal fabrikas\u0131nda hen\u00fcz bilinmeyen bir nedenle yang\u0131n \u00e7\u0131km\u0131\u015ft\u0131. Kimyasallar\u0131n etkisiyle b\u00fcy\u00fcyen yang\u0131n k\u0131sa s\u00fcrede fabrikan\u0131n \u00e7at\u0131s\u0131n\u0131 sard\u0131.    Zaman zaman patlamalar\u0131n meydana geldi\u011fi yang\u0131na \u00e7evre illerden onlarca itfaiye ekibi m\u00fcdahalede bulunurken hen\u00fcz kontrol alt\u0131na al\u0131nmayan yang\u0131nda fabrikadan alev toplar\u0131 y\u00fckseliyor. Patlaman\u0131n da meydana geldi\u011fi yang\u0131nda, yo\u011fun duman \u00e7evreye yay\u0131l\u0131rken yanan fabrikan\u0131n havadan \u00e7ekilen g\u00f6r\u00fcnt\u00fclerinde fabrikan\u0131n t\u00fcm \u00e7at\u0131s\u0131n\u0131n alevlere teslim oldu\u011fu g\u00f6r\u00fcl\u00fcyor.<div class=\"tiled-gallery type-rectangular tiled-gallery-unresized\" data-original-width=\"500\" data-carousel-extra='null' itemscope itemtype=\"http:\/\/schema.org\/ImageGallery\" > <div class=\"gallery-row\" style=\"width: 500px; height: 142px;\" data-original-width=\"500\" data-original-height=\"142\" > <div class=\"gallery-group images-1\" style=\"width: 250px; height: 142px;\" data-original-width=\"250\" data-original-height=\"142\" > <div class=\"tiled-gallery-item tiled-gallery-item-small\" itemprop=\"associatedMedia\" itemscope itemtype=\"http:\/\/schema.org\/ImageObject\"> <a href=\"http:\/\/www.tvturk.com\/index.php\/saatlerdir-devam-eden-fabrika-yangininda-alev-toplari-yukseliyor\/saatlerdir-devam-eden-fabrika-yangininda-alev-toplari-yukseliyor-3\/\" border=\"0\" itemprop=\"url\"> <meta itemprop=\"width\" content=\"246\"> <meta itemprop=\"height\" content=\"138\"> <img decoding=\"async\" class=\"\" data-attachment-id=\"99567\" data-orig-file=\"http:\/\/www.tvturk.com\/wp-content\/uploads\/2019\/03\/saatlerdir-devam-eden-fabrika-yangininda-alev-toplari-yukseliyor_edd1ba8.jpg\" data-orig-size=\"1000,562\" data-comments-opened=\"\" data-image-meta=\"{&quot;aperture&quot;:&quot;0&quot;,&quot;credit&quot;:&quot;IHA&quot;,&quot;camera&quot;:&quot;&quot;,&quot;caption&quot;:&quot;ARNAVUTK\\u00d6Y\\u0027DE BULUNAN 3 KATLI K\\u0130MYASAL FABR\\u0130KASINDA \\u00c7IKAN YANGIN SAATLERD\\u0130R S\\u00dcR\\u00dcYOR. PATLAMALARIN DA MEYDANA GELD\\u0130\\u011e\\u0130 YANGINDA ALEV TOPLARI Y\\u00dcKSEL\\u0130RKEN \\u00c7EVREYE YO\\u011eUN DUMAN DA YAYILIYOR. HAVADAN \\u00c7EK\\u0130LEN G\\u00d6R\\u00dcNT\\u00dcLERDE \\u0130SE K\\u0130MYASALLARIN ETK\\u0130S\\u0130YLE B\\u00dcY\\u00dcYEN ALEVLER\\u0130N T\\u00dcM \\u00c7ATIYI SARDI\\u011eI G\\u00d6R\\u00dcL\\u00dcYOR. (AHMET FARUK SARIKO\\u00c7 - SERDAL ALTINTEPE\\\/\\u0130STANBUL-\\u0130HA)&quot;,&quot;created_timestamp&quot;:&quot;0&quot;,&quot;copyright&quot;:&quot;\\u0130HLAS HABER AJANSI, www.iha.com.tr&quot;,&quot;focal_length&quot;:&quot;0&quot;,&quot;iso&quot;:&quot;0&quot;,&quot;shutter_speed&quot;:&quot;0&quot;,&quot;title&quot;:&quot;SAATLERD\\u0130R DEVAM EDEN FABR\\u0130KA YANGININDA ALEV TOPLARI Y\\u00dcKSEL\\u0130YOR YO\\u011eUN DUMANIN BULUNDU\\u011eU YANGINDA ALEVLER T\\u00dcM \\u00c7ATIYI SARDI&quot;,&quot;orientation&quot;:&quot;0&quot;}\" data-image-title=\"Saatlerdir devam eden fabrika yang\u0131n\u0131nda alev toplar\u0131 y\u00fckseliyor\" data-image-description=\"&lt;p&gt;Saatlerdir devam eden fabrika yang\u0131n\u0131nda alev toplar\u0131 y\u00fckseliyor&lt;\/p&gt; \" data-medium-file=\"https:\/\/i0.wp.com\/www.tvturk.com\/wp-content\/uploads\/2019\/03\/saatlerdir-devam-eden-fabrika-yangininda-alev-toplari-yukseliyor_edd1ba8.jpg?fit=300%2C169\" data-large-file=\"https:\/\/i0.wp.com\/www.tvturk.com\/wp-content\/uploads\/2019\/03\/saatlerdir-devam-eden-fabrika-yangininda-alev-toplari-yukseliyor_edd1ba8.jpg?fit=1000%2C562\" src=\"https:\/\/i0.wp.com\/www.tvturk.com\/wp-content\/uploads\/2019\/03\/saatlerdir-devam-eden-fabrika-yangininda-alev-toplari-yukseliyor_edd1ba8.jpg?w=246&#038;h=138\" srcset=\"https:\/\/i0.wp.com\/www.tvturk.com\/wp-content\/uploads\/2019\/03\/saatlerdir-devam-eden-fabrika-yangininda-alev-toplari-yukseliyor_edd1ba8.jpg?w=1000 1000w, https:\/\/i0.wp.com\/www.tvturk.com\/wp-content\/uploads\/2019\/03\/saatlerdir-devam-eden-fabrika-yangininda-alev-toplari-yukseliyor_edd1ba8.jpg?resize=150%2C84 150w, https:\/\/i0.wp.com\/www.tvturk.com\/wp-content\/uploads\/2019\/03\/saatlerdir-devam-eden-fabrika-yangininda-alev-toplari-yukseliyor_edd1ba8.jpg?resize=300%2C169 300w, https:\/\/i0.wp.com\/www.tvturk.com\/wp-content\/uploads\/2019\/03\/saatlerdir-devam-eden-fabrika-yangininda-alev-toplari-yukseliyor_edd1ba8.jpg?resize=768%2C432 768w, https:\/\/i0.wp.com\/www.tvturk.com\/wp-content\/uploads\/2019\/03\/saatlerdir-devam-eden-fabrika-yangininda-alev-toplari-yukseliyor_edd1ba8.jpg?resize=200%2C113 200w\" width=\"246\" height=\"138\" loading=\"lazy\" data-original-width=\"246\" data-original-height=\"138\" itemprop=\"http:\/\/schema.org\/image\" title=\"Saatlerdir devam eden fabrika yang\u0131n\u0131nda alev toplar\u0131 y\u00fckseliyor\" alt=\"Saatlerdir devam eden fabrika yang\u0131n\u0131nda alev toplar\u0131 y\u00fckseliyor\" style=\"width: 246px; height: 138px;\" \/> <\/a> <\/div> <\/div> <!-- close group --> <div class=\"gallery-group images-1\" style=\"width: 250px; height: 142px;\" data-original-width=\"250\" data-original-height=\"142\" > <div class=\"tiled-gallery-item tiled-gallery-item-small\" itemprop=\"associatedMedia\" itemscope itemtype=\"http:\/\/schema.org\/ImageObject\"> <a href=\"http:\/\/www.tvturk.com\/index.php\/saatlerdir-devam-eden-fabrika-yangininda-alev-toplari-yukseliyor\/saatlerdir-devam-eden-fabrika-yangininda-alev-toplari-yukseliyor-4\/\" border=\"0\" itemprop=\"url\"> <meta itemprop=\"width\" content=\"246\"> <meta itemprop=\"height\" content=\"138\"> <img decoding=\"async\" class=\"\" data-attachment-id=\"99568\" data-orig-file=\"http:\/\/www.tvturk.com\/wp-content\/uploads\/2019\/03\/saatlerdir-devam-eden-fabrika-yangininda-alev-toplari-yukseliyor_49d808e.jpg\" data-orig-size=\"1000,562\" data-comments-opened=\"\" data-image-meta=\"{&quot;aperture&quot;:&quot;0&quot;,&quot;credit&quot;:&quot;IHA&quot;,&quot;camera&quot;:&quot;&quot;,&quot;caption&quot;:&quot;ARNAVUTK\\u00d6Y\\u0027DE BULUNAN 3 KATLI K\\u0130MYASAL FABR\\u0130KASINDA \\u00c7IKAN YANGIN SAATLERD\\u0130R S\\u00dcR\\u00dcYOR. PATLAMALARIN DA MEYDANA GELD\\u0130\\u011e\\u0130 YANGINDA ALEV TOPLARI Y\\u00dcKSEL\\u0130RKEN \\u00c7EVREYE YO\\u011eUN DUMAN DA YAYILIYOR. HAVADAN \\u00c7EK\\u0130LEN G\\u00d6R\\u00dcNT\\u00dcLERDE \\u0130SE K\\u0130MYASALLARIN ETK\\u0130S\\u0130YLE B\\u00dcY\\u00dcYEN ALEVLER\\u0130N T\\u00dcM \\u00c7ATIYI SARDI\\u011eI G\\u00d6R\\u00dcL\\u00dcYOR. (AHMET FARUK SARIKO\\u00c7 - SERDAL ALTINTEPE\\\/\\u0130STANBUL-\\u0130HA)&quot;,&quot;created_timestamp&quot;:&quot;0&quot;,&quot;copyright&quot;:&quot;\\u0130HLAS HABER AJANSI, www.iha.com.tr&quot;,&quot;focal_length&quot;:&quot;0&quot;,&quot;iso&quot;:&quot;0&quot;,&quot;shutter_speed&quot;:&quot;0&quot;,&quot;title&quot;:&quot;SAATLERD\\u0130R DEVAM EDEN FABR\\u0130KA YANGININDA ALEV TOPLARI Y\\u00dcKSEL\\u0130YOR YO\\u011eUN DUMANIN BULUNDU\\u011eU YANGINDA ALEVLER T\\u00dcM \\u00c7ATIYI SARDI&quot;,&quot;orientation&quot;:&quot;0&quot;}\" data-image-title=\"Saatlerdir devam eden fabrika yang\u0131n\u0131nda alev toplar\u0131 y\u00fckseliyor\" data-image-description=\"&lt;p&gt;Saatlerdir devam eden fabrika yang\u0131n\u0131nda alev toplar\u0131 y\u00fckseliyor&lt;\/p&gt; \" data-medium-file=\"https:\/\/i0.wp.com\/www.tvturk.com\/wp-content\/uploads\/2019\/03\/saatlerdir-devam-eden-fabrika-yangininda-alev-toplari-yukseliyor_49d808e.jpg?fit=300%2C169\" data-large-file=\"https:\/\/i0.wp.com\/www.tvturk.com\/wp-content\/uploads\/2019\/03\/saatlerdir-devam-eden-fabrika-yangininda-alev-toplari-yukseliyor_49d808e.jpg?fit=1000%2C562\" src=\"https:\/\/i0.wp.com\/www.tvturk.com\/wp-content\/uploads\/2019\/03\/saatlerdir-devam-eden-fabrika-yangininda-alev-toplari-yukseliyor_49d808e.jpg?w=246&#038;h=138\" srcset=\"https:\/\/i0.wp.com\/www.tvturk.com\/wp-content\/uploads\/2019\/03\/saatlerdir-devam-eden-fabrika-yangininda-alev-toplari-yukseliyor_49d808e.jpg?w=1000 1000w, https:\/\/i0.wp.com\/www.tvturk.com\/wp-content\/uploads\/2019\/03\/saatlerdir-devam-eden-fabrika-yangininda-alev-toplari-yukseliyor_49d808e.jpg?resize=150%2C84 150w, https:\/\/i0.wp.com\/www.tvturk.com\/wp-content\/uploads\/2019\/03\/saatlerdir-devam-eden-fabrika-yangininda-alev-toplari-yukseliyor_49d808e.jpg?resize=300%2C169 300w, https:\/\/i0.wp.com\/www.tvturk.com\/wp-content\/uploads\/2019\/03\/saatlerdir-devam-eden-fabrika-yangininda-alev-toplari-yukseliyor_49d808e.jpg?resize=768%2C432 768w, https:\/\/i0.wp.com\/www.tvturk.com\/wp-content\/uploads\/2019\/03\/saatlerdir-devam-eden-fabrika-yangininda-alev-toplari-yukseliyor_49d808e.jpg?resize=200%2C113 200w\" width=\"246\" height=\"138\" loading=\"lazy\" data-original-width=\"246\" data-original-height=\"138\" itemprop=\"http:\/\/schema.org\/image\" title=\"Saatlerdir devam eden fabrika yang\u0131n\u0131nda alev toplar\u0131 y\u00fckseliyor\" alt=\"Saatlerdir devam eden fabrika yang\u0131n\u0131nda alev toplar\u0131 y\u00fckseliyor\" style=\"width: 246px; height: 138px;\" \/> <\/a> <\/div> <\/div> <!-- close group --> <\/div> <!-- close row --> <div class=\"gallery-row\" style=\"width: 500px; height: 283px;\" data-original-width=\"500\" data-original-height=\"283\" > <div class=\"gallery-group images-1\" style=\"width: 500px; height: 283px;\" data-original-width=\"500\" data-original-height=\"283\" > <div class=\"tiled-gallery-item tiled-gallery-item-large\" itemprop=\"associatedMedia\" itemscope itemtype=\"http:\/\/schema.org\/ImageObject\"> <a href=\"http:\/\/www.tvturk.com\/index.php\/saatlerdir-devam-eden-fabrika-yangininda-alev-toplari-yukseliyor\/saatlerdir-devam-eden-fabrika-yangininda-alev-toplari-yukseliyor-5\/\" border=\"0\" itemprop=\"url\"> <meta itemprop=\"width\" content=\"496\"> <meta itemprop=\"height\" content=\"279\"> <img decoding=\"async\" class=\"\" data-attachment-id=\"99569\" data-orig-file=\"http:\/\/www.tvturk.com\/wp-content\/uploads\/2019\/03\/saatlerdir-devam-eden-fabrika-yangininda-alev-toplari-yukseliyor_db8880c.jpg\" data-orig-size=\"1000,562\" data-comments-opened=\"\" data-image-meta=\"{&quot;aperture&quot;:&quot;0&quot;,&quot;credit&quot;:&quot;IHA&quot;,&quot;camera&quot;:&quot;&quot;,&quot;caption&quot;:&quot;ARNAVUTK\\u00d6Y\\u0027DE BULUNAN 3 KATLI K\\u0130MYASAL FABR\\u0130KASINDA \\u00c7IKAN YANGIN SAATLERD\\u0130R S\\u00dcR\\u00dcYOR. PATLAMALARIN DA MEYDANA GELD\\u0130\\u011e\\u0130 YANGINDA ALEV TOPLARI Y\\u00dcKSEL\\u0130RKEN \\u00c7EVREYE YO\\u011eUN DUMAN DA YAYILIYOR. HAVADAN \\u00c7EK\\u0130LEN G\\u00d6R\\u00dcNT\\u00dcLERDE \\u0130SE K\\u0130MYASALLARIN ETK\\u0130S\\u0130YLE B\\u00dcY\\u00dcYEN ALEVLER\\u0130N T\\u00dcM \\u00c7ATIYI SARDI\\u011eI G\\u00d6R\\u00dcL\\u00dcYOR. (AHMET FARUK SARIKO\\u00c7 - SERDAL ALTINTEPE\\\/\\u0130STANBUL-\\u0130HA)&quot;,&quot;created_timestamp&quot;:&quot;0&quot;,&quot;copyright&quot;:&quot;\\u0130HLAS HABER AJANSI, www.iha.com.tr&quot;,&quot;focal_length&quot;:&quot;0&quot;,&quot;iso&quot;:&quot;0&quot;,&quot;shutter_speed&quot;:&quot;0&quot;,&quot;title&quot;:&quot;SAATLERD\\u0130R DEVAM EDEN FABR\\u0130KA YANGININDA ALEV TOPLARI Y\\u00dcKSEL\\u0130YOR YO\\u011eUN DUMANIN BULUNDU\\u011eU YANGINDA ALEVLER T\\u00dcM \\u00c7ATIYI SARDI&quot;,&quot;orientation&quot;:&quot;0&quot;}\" data-image-title=\"Saatlerdir devam eden fabrika yang\u0131n\u0131nda alev toplar\u0131 y\u00fckseliyor\" data-image-description=\"&lt;p&gt;Saatlerdir devam eden fabrika yang\u0131n\u0131nda alev toplar\u0131 y\u00fckseliyor&lt;\/p&gt; \" data-medium-file=\"https:\/\/i0.wp.com\/www.tvturk.com\/wp-content\/uploads\/2019\/03\/saatlerdir-devam-eden-fabrika-yangininda-alev-toplari-yukseliyor_db8880c.jpg?fit=300%2C169\" data-large-file=\"https:\/\/i0.wp.com\/www.tvturk.com\/wp-content\/uploads\/2019\/03\/saatlerdir-devam-eden-fabrika-yangininda-alev-toplari-yukseliyor_db8880c.jpg?fit=1000%2C562\" src=\"https:\/\/i0.wp.com\/www.tvturk.com\/wp-content\/uploads\/2019\/03\/saatlerdir-devam-eden-fabrika-yangininda-alev-toplari-yukseliyor_db8880c.jpg?w=496&#038;h=279\" srcset=\"https:\/\/i0.wp.com\/www.tvturk.com\/wp-content\/uploads\/2019\/03\/saatlerdir-devam-eden-fabrika-yangininda-alev-toplari-yukseliyor_db8880c.jpg?w=1000 1000w, https:\/\/i0.wp.com\/www.tvturk.com\/wp-content\/uploads\/2019\/03\/saatlerdir-devam-eden-fabrika-yangininda-alev-toplari-yukseliyor_db8880c.jpg?resize=150%2C84 150w, https:\/\/i0.wp.com\/www.tvturk.com\/wp-content\/uploads\/2019\/03\/saatlerdir-devam-eden-fabrika-yangininda-alev-toplari-yukseliyor_db8880c.jpg?resize=300%2C169 300w, https:\/\/i0.wp.com\/www.tvturk.com\/wp-content\/uploads\/2019\/03\/saatlerdir-devam-eden-fabrika-yangininda-alev-toplari-yukseliyor_db8880c.jpg?resize=768%2C432 768w, https:\/\/i0.wp.com\/www.tvturk.com\/wp-content\/uploads\/2019\/03\/saatlerdir-devam-eden-fabrika-yangininda-alev-toplari-yukseliyor_db8880c.jpg?resize=200%2C113 200w\" width=\"496\" height=\"279\" loading=\"lazy\" data-original-width=\"496\" data-original-height=\"279\" itemprop=\"http:\/\/schema.org\/image\" title=\"Saatlerdir devam eden fabrika yang\u0131n\u0131nda alev toplar\u0131 y\u00fckseliyor\" alt=\"Saatlerdir devam eden fabrika yang\u0131n\u0131nda alev toplar\u0131 y\u00fckseliyor\" style=\"width: 496px; height: 279px;\" \/> <\/a> <\/div> <\/div> <!-- close group --> <\/div> <!-- close row --> <\/div><\/p>\n","protected":false},"excerpt":{"rendered":"<p>ARNAVUTK\u00d6Y&#8217;DE BULUNAN 3 KATLI K\u0130MYASAL FABR\u0130KASINDA \u00c7IKAN YANGIN SAATLERD\u0130R S\u00dcR\u00dcYOR. PATLAMALARIN DA MEYDANA GELD\u0130\u011e\u0130 YANGINDA ALEV TOPLARI Y\u00dcKSEL\u0130RKEN \u00c7EVREYE YO\u011eUN DUMAN DA YAYILIYOR. HAVADAN \u00c7EK\u0130LEN G\u00d6R\u00dcNT\u00dcLERDE \u0130SE K\u0130MYASALLARIN ETK\u0130S\u0130YLE B\u00dcY\u00dcYEN ALEVLER\u0130N T\u00dcM \u00c7ATIYI SARDI\u011eI G\u00d6R\u00dcL\u00dcYOR.<\/p>\n","protected":false},"author":1,"featured_media":99566,"comment_status":"closed","ping_status":"open","sticky":false,"template":"","format":"standard","meta":{"jetpack_post_was_ever_published":false,"_jetpack_newsletter_access":"","_jetpack_dont_email_post_to_subs":false,"_jetpack_newsletter_tier_id":0,"_jetpack_memberships_contains_paywalled_content":false,"_jetpack_memberships_contains_paid_content":false,"footnotes":"","jetpack_publicize_message":"","jetpack_publicize_feature_enabled":true,"jetpack_social_post_already_shared":true,"jetpack_social_options":{"image_generator_settings":{"template":"highway","default_image_id":0,"font":"","enabled":false},"version":2}},"categories":[1],"tags":[3301,522,2393,2271,10226,25799,9572,401],"class_list":["post-99565","post","type-post","status-publish","format-standard","has-post-thumbnail","hentry","category-genel","tag-alev","tag-devam","tag-eden","tag-fabrika","tag-saatlerdir","tag-toplari","tag-yangininda","tag-yukseliyor"],"jetpack_publicize_connections":[],"jetpack_featured_media_url":"https:\/\/i0.wp.com\/www.tvturk.com\/wp-content\/uploads\/2019\/03\/saatlerdir-devam-eden-fabrika-yangininda-alev-toplari-yukseliyor_2fb3c2f.jpg?fit=1000%2C562","jetpack_sharing_enabled":true,"jetpack_shortlink":"https:\/\/wp.me\/paKIfm-pTT","_links":{"self":[{"href":"http:\/\/www.tvturk.com\/index.php\/wp-json\/wp\/v2\/posts\/99565","targetHints":{"allow":["GET"]}}],"collection":[{"href":"http:\/\/www.tvturk.com\/index.php\/wp-json\/wp\/v2\/posts"}],"about":[{"href":"http:\/\/www.tvturk.com\/index.php\/wp-json\/wp\/v2\/types\/post"}],"author":[{"embeddable":true,"href":"http:\/\/www.tvturk.com\/index.php\/wp-json\/wp\/v2\/users\/1"}],"replies":[{"embeddable":true,"href":"http:\/\/www.tvturk.com\/index.php\/wp-json\/wp\/v2\/comments?post=99565"}],"version-history":[{"count":1,"href":"http:\/\/www.tvturk.com\/index.php\/wp-json\/wp\/v2\/posts\/99565\/revisions"}],"predecessor-version":[{"id":99570,"href":"http:\/\/www.tvturk.com\/index.php\/wp-json\/wp\/v2\/posts\/99565\/revisions\/99570"}],"wp:featuredmedia":[{"embeddable":true,"href":"http:\/\/www.tvturk.com\/index.php\/wp-json\/wp\/v2\/media\/99566"}],"wp:attachment":[{"href":"http:\/\/www.tvturk.com\/index.php\/wp-json\/wp\/v2\/media?parent=99565"}],"wp:term":[{"taxonomy":"category","embeddable":true,"href":"http:\/\/www.tvturk.com\/index.php\/wp-json\/wp\/v2\/categories?post=99565"},{"taxonomy":"post_tag","embeddable":true,"href":"http:\/\/www.tvturk.com\/index.php\/wp-json\/wp\/v2\/tags?post=99565"}],"curies":[{"name":"wp","href":"https:\/\/api.w.org\/{rel}","templated":true}]}}