{"id":99583,"date":"2019-03-18T13:09:04","date_gmt":"2019-03-18T10:09:04","guid":{"rendered":"http:\/\/www.tvturk.com\/index.php\/nato-gurcistan-ortak-egitim-tatbikati-2019-basladi\/"},"modified":"2019-03-18T13:09:04","modified_gmt":"2019-03-18T10:09:04","slug":"nato-gurcistan-ortak-egitim-tatbikati-2019-basladi","status":"publish","type":"post","link":"http:\/\/www.tvturk.com\/index.php\/nato-gurcistan-ortak-egitim-tatbikati-2019-basladi\/","title":{"rendered":"NATO-G\u00fcrcistan Ortak E\u011fitim Tatbikat\u0131 2019 ba\u015flad\u0131"},"content":{"rendered":"<p>T\u00fcrkiye\u2019nin de kat\u0131ld\u0131\u011f\u0131 NATO-G\u00fcrcistan Ortak E\u011fitim Tatbikat\u0131 2019, ba\u015fkent Tiflis\u2019te ba\u015flad\u0131.<\/p>\n<p>T\u00fcrkiye\u2019nin de kat\u0131ld\u0131\u011f\u0131 NATO-G\u00fcrcistan Ortak E\u011fitim Tatbikat\u0131 2019, ba\u015fkent Tiflis\u2019te ger\u00e7ekle\u015ftirilen resmi a\u00e7\u0131l\u0131\u015f t\u00f6reniyle ba\u015flad\u0131. G\u00fcrcistan\u2019\u0131n ba\u015fkenti Tiflis\u2019teki Savunma Bakanl\u0131\u011f\u0131 binas\u0131nda yer alan ordu salonunda ger\u00e7ekle\u015ftirilen t\u00f6rene G\u00fcrcistan Savunma Bakan\u0131 Yard\u0131mc\u0131s\u0131 Lela \u00c7ikovani ve Ortak E\u011fitim ve De\u011ferlendirme Merkezi Komutan Yard\u0131mc\u0131s\u0131 (JFTC), Tu\u011fgeneral Ladislav Jung ve di\u011fer davetliler kat\u0131ld\u0131.<\/p>\n<p>G\u00fcrcistan\u2019da 2\u2019ncisi d\u00fczenlenen NATO-G\u00fcrcistan Ortak E\u011fitim Tatbikat\u0131 2019\u2019da konu\u015fma yapan Tu\u011fgeneral Ladislav Jung, &#8220;Askeri tatbikat\u0131n yap\u0131lmas\u0131 NATO ve G\u00fcrcistan aras\u0131ndaki ili\u015fkilerin y\u00fcksek seviyede oldu\u011funu g\u00f6steriyor. Tatbikat\u0131n temel amac\u0131, NATO \u00fcye \u00fclkeleri ve ittifaktaki ortaklar\u0131yla savunma yeteneklerini ve deneyimlerin payla\u015f\u0131m\u0131n\u0131 g\u00fc\u00e7lendirmektir. G\u00fcrcistan \u0130ttifak\u0131n geni\u015f \u00e7apl\u0131 askeri e\u011fitimini destekleyen ancak NATO \u00fcyesi olmayan tek \u00fclkedir. T\u00fcm askerlere ba\u015far\u0131l\u0131 ve verimli e\u011fitimler diliyorum&#8221; dedi.<\/p>\n<p>G\u00fcrcistan Savunma Bakan Yard\u0131mc\u0131s\u0131 Lela \u00c7ikovani ise G\u00fcrcistan\u2019\u0131n NATO e\u011fitimine bir kez daha ev sahipli\u011fi yapmaktan gurur duydu\u011funu ifade etti. \u00c7ikovani, &#8220;NATO ve G\u00fcrcistan aras\u0131ndaki ili\u015fkiler dinamik ve yo\u011fun bir \u015fekilde geli\u015fiyor. NATO-G\u00fcrcistan 2019 tatbikat\u0131 bunu bir kez daha kan\u0131tlad\u0131. Bu tatbikat ayn\u0131 zamanda G\u00fcrcistan\u2019\u0131n NATO \u00fcyesi olmaya haz\u0131r oldu\u011funu da g\u00f6steriyor&#8221; diye konu\u015ftu.<\/p>\n<p>E\u011fitim tatbikat\u0131n\u0131n 343 askeri subay\u0131n kat\u0131l\u0131m\u0131yla Ba\u015fkent Tiflis yak\u0131nlar\u0131ndaki Krtsanisi Askeri \u00dcss\u00fc\u2019nde bulunan NATO-G\u00fcrcistan E\u011fitim Merkezi\u2019nde (JTEC) 18 Mart-29 Mart tarihleri aras\u0131nda ger\u00e7ekle\u015ftirilece\u011fi belirtildi. Tatbikatta, komuta ve karargah e\u011fitimleri olaca\u011f\u0131, tatbikat\u0131n ilk e\u011fitiminin ise G\u00fcrcistan Savunma Kuvvetleri taraf\u0131ndan y\u00f6netilen \u00e7ok uluslu bir ortak tugay d\u00fczeyindeki ilk komuta personeli tatbikatlar\u0131 olaca\u011f\u0131 aktar\u0131ld\u0131.<\/p>\n<p>Tatbikat\u0131n amac\u0131n\u0131n G\u00fcrcistan, Kuzey Atlantik \u0130ttifak\u0131 ve ortak \u00fclkelerin silahl\u0131 kuvvetlerinin birlikte \u00e7al\u0131\u015fabilirli\u011fini art\u0131rmak ve G\u00fcrcistan Savunma Kuvvetlerinin y\u00f6netim ve kontrol kabiliyetlerini artt\u0131rmak, sivil ve askeri i\u015fbirli\u011fini geli\u015ftirmek oldu\u011fu ifade edildi.<\/p>\n<p>G\u00fcrcistan\u2019da 2\u2019ncisi d\u00fczenlenen NATO-G\u00fcrcistan Ortak E\u011fitim Tatbikat\u0131 2019\u2019a T\u00fcrkiye\u2019de dahil G\u00fcrcistan, Azerbaycan, Arnavutluk, Bel\u00e7ika, Bulgaristan, \u00c7ekya, Danimarka, Estonya, Fransa, Yunanistan, \u0130ngiltere, Macaristan, Letonya, Litvanya, Hollanda, Norve\u00e7, Polonya, Portekiz, Romanya, Slovakya, ABD, \u0130sve\u00e7 ve Almanya olmak \u00fczere 24 \u00fclke kat\u0131ld\u0131. T\u00fcrkiye\u2019den 5 askeri subay\u0131n direk tatbikata kat\u0131laca\u011f\u0131 tatbikata Uluslararas\u0131 K\u0131z\u0131l Ha\u00e7 Komitesi (ICRC), Birle\u015fmi\u015f Milletler Bar\u0131\u015f Harekatlar\u0131 Dairesi (DPKO) ve D\u00fcnya Sa\u011fl\u0131k \u00d6rg\u00fct\u00fcn\u00fcn (WHO) g\u00f6zlemci olarak kat\u0131laca\u011f\u0131 aktar\u0131ld\u0131.<\/p>\n","protected":false},"excerpt":{"rendered":"<p>T\u00dcRK\u0130YE&#8217;N\u0130N DE KATILDI\u011eI NATO-G\u00dcRC\u0130STAN ORTAK E\u011e\u0130T\u0130M TATB\u0130KATI 2019 BE\u015eKENT T\u0130FL\u0130S&#8217;TE BA\u015eLADI<\/p>\n","protected":false},"author":1,"featured_media":99584,"comment_status":"closed","ping_status":"open","sticky":false,"template":"","format":"standard","meta":{"jetpack_post_was_ever_published":false,"_jetpack_newsletter_access":"","_jetpack_dont_email_post_to_subs":false,"_jetpack_newsletter_tier_id":0,"_jetpack_memberships_contains_paywalled_content":false,"_jetpack_memberships_contains_paid_content":false,"footnotes":"","jetpack_publicize_message":"","jetpack_publicize_feature_enabled":true,"jetpack_social_post_already_shared":true,"jetpack_social_options":{"image_generator_settings":{"template":"highway","default_image_id":0,"font":"","enabled":false},"version":2}},"categories":[10],"tags":[2705,55,398,25805,947,222],"class_list":["post-99583","post","type-post","status-publish","format-standard","has-post-thumbnail","hentry","category-dunya","tag-2705","tag-basladi","tag-egitim","tag-nato-gurcistan","tag-ortak","tag-tatbikati"],"jetpack_publicize_connections":[],"jetpack_featured_media_url":"https:\/\/i0.wp.com\/www.tvturk.com\/wp-content\/uploads\/2019\/03\/nato-gurcistan-ortak-egitim-tatbikati-2019-basladi_09073ed.jpg?fit=1000%2C516","jetpack_sharing_enabled":true,"jetpack_shortlink":"https:\/\/wp.me\/paKIfm-pUb","_links":{"self":[{"href":"http:\/\/www.tvturk.com\/index.php\/wp-json\/wp\/v2\/posts\/99583","targetHints":{"allow":["GET"]}}],"collection":[{"href":"http:\/\/www.tvturk.com\/index.php\/wp-json\/wp\/v2\/posts"}],"about":[{"href":"http:\/\/www.tvturk.com\/index.php\/wp-json\/wp\/v2\/types\/post"}],"author":[{"embeddable":true,"href":"http:\/\/www.tvturk.com\/index.php\/wp-json\/wp\/v2\/users\/1"}],"replies":[{"embeddable":true,"href":"http:\/\/www.tvturk.com\/index.php\/wp-json\/wp\/v2\/comments?post=99583"}],"version-history":[{"count":0,"href":"http:\/\/www.tvturk.com\/index.php\/wp-json\/wp\/v2\/posts\/99583\/revisions"}],"wp:featuredmedia":[{"embeddable":true,"href":"http:\/\/www.tvturk.com\/index.php\/wp-json\/wp\/v2\/media\/99584"}],"wp:attachment":[{"href":"http:\/\/www.tvturk.com\/index.php\/wp-json\/wp\/v2\/media?parent=99583"}],"wp:term":[{"taxonomy":"category","embeddable":true,"href":"http:\/\/www.tvturk.com\/index.php\/wp-json\/wp\/v2\/categories?post=99583"},{"taxonomy":"post_tag","embeddable":true,"href":"http:\/\/www.tvturk.com\/index.php\/wp-json\/wp\/v2\/tags?post=99583"}],"curies":[{"name":"wp","href":"https:\/\/api.w.org\/{rel}","templated":true}]}}