{"id":99585,"date":"2019-03-18T13:09:23","date_gmt":"2019-03-18T10:09:23","guid":{"rendered":"http:\/\/www.tvturk.com\/index.php\/metin-senturk-once-gorme-engelli-hayraniyla-telefonda-konustu-sonra-onu-ziyaret-etti\/"},"modified":"2019-03-18T13:09:27","modified_gmt":"2019-03-18T10:09:27","slug":"metin-senturk-once-gorme-engelli-hayraniyla-telefonda-konustu-sonra-onu-ziyaret-etti","status":"publish","type":"post","link":"http:\/\/www.tvturk.com\/index.php\/metin-senturk-once-gorme-engelli-hayraniyla-telefonda-konustu-sonra-onu-ziyaret-etti\/","title":{"rendered":"Metin \u015eent\u00fcrk \u00f6nce g\u00f6rme engelli hayran\u0131yla telefonda konu\u015ftu, sonra onu ziyaret etti"},"content":{"rendered":"<p>Marmaris\u2019te ya\u015fayan g\u00f6rme engelli Ya\u015far \u00c7etin, \u00fcnl\u00fc sanat\u00e7\u0131 Metin \u015eent\u00fcrk hayran\u0131 oldu\u011funu Cumhur \u0130ttifak\u0131 AK Parti Aday\u0131 Serkan Yaz\u0131c\u0131\u2019ya iletti. Yaz\u0131c\u0131, \u00f6nce telefonla ikiliyi g\u00f6r\u00fc\u015ft\u00fcrd\u00fc. Daha sonra ise Metin \u015eent\u00fcrk, Ya\u015far\u2019\u0131 ikamet etti\u011fi Turgut Mahallesi\u2019nde ziyaret etti.<\/p>\n<p>Se\u00e7im \u00e7al\u0131\u015fmalar\u0131 kapsam\u0131nda Turgut k\u00f6y\u00fcn\u00fc ziyarete giden Cumhur \u0130ttifak\u0131 AK Parti Marmaris Belediye Ba\u015fkan Aday\u0131 Serkan Yaz\u0131c\u0131, kar\u015f\u0131la\u015ft\u0131\u011f\u0131 g\u00f6rme engelli Ya\u015far \u00c7etin isimli vatanda\u015f\u0131n Metin \u015eent\u00fcrk hayran\u0131 oldu\u011funu s\u00f6ylemesi \u00fczerine 25 y\u0131ll\u0131k dostu olan g\u00f6rme engelli sanat\u00e7\u0131 Metin \u015eent\u00fcrk\u2019\u00fc telefonla arad\u0131. Yaz\u0131c\u0131, \u015eent\u00fcrk\u2019e g\u00f6rme engelli Ya\u015far \u00c7etin\u2019den bahsetti ve telefonu vatanda\u015fa vererek konu\u015fmalar\u0131n\u0131 sa\u011flad\u0131.<\/p>\n<p>\u00c7etin, Metin \u015eent\u00fcrk\u2019e kendisini tan\u0131tarak hayran\u0131 oldu\u011funu s\u00f6yledi. \u015eent\u00fcrk ise, \u201c\u00c7ok mutlu oldum tan\u0131\u015ft\u0131\u011f\u0131m\u0131za, Serkan bey benim \u00e7ok yak\u0131n dostumdur, o \u00e7ok \u00f6zel bir insand\u0131r. \u0130n\u015fallah biz de bu s\u00fcre\u00e7te gelece\u011fiz. K\u00f6ylere u\u011frad\u0131\u011f\u0131m\u0131zda seni de buluruz in\u015fallah\u201d dedi. Konu\u015fman\u0131n \u00fczerinden fazla zaman ge\u00e7meden Marmaris\u2019e gelen sanat\u00e7\u0131 Metin \u015eent\u00fcrk, Serkan Yaz\u0131c\u0131\u2019n\u0131n se\u00e7im ziyaretlerinde kendisine e\u015flik ederken, Serkan Yaz\u0131c\u0131, \u015eent\u00fcrk\u2019\u00fc \u00c7etin ile bir araya getirdi. Metin \u015eent\u00fcrk, hayran\u0131 oldu\u011fu sanat\u00e7\u0131 ile bir araya geldi\u011fi i\u00e7in \u00e7ok mutlu olan \u00c7etin\u2019e, &#8220;Bir ki\u015fiyi \u00f6nemseyen, koskoca Marmaris\u2019i ne kadar \u00f6nemser d\u00fc\u015f\u00fcn. O y\u00fczden s\u00f6z yerine geldi&#8221; dedi.<div class=\"tiled-gallery type-rectangular tiled-gallery-unresized\" data-original-width=\"500\" data-carousel-extra='null' itemscope itemtype=\"http:\/\/schema.org\/ImageGallery\" > <div class=\"gallery-row\" style=\"width: 500px; height: 142px;\" data-original-width=\"500\" data-original-height=\"142\" > <div class=\"gallery-group images-1\" style=\"width: 250px; height: 142px;\" data-original-width=\"250\" data-original-height=\"142\" > <div class=\"tiled-gallery-item tiled-gallery-item-small\" itemprop=\"associatedMedia\" itemscope itemtype=\"http:\/\/schema.org\/ImageObject\"> <a href=\"http:\/\/www.tvturk.com\/index.php\/metin-senturk-once-gorme-engelli-hayraniyla-telefonda-konustu-sonra-onu-ziyaret-etti\/metin-senturk-once-gorme-engelli-hayraniyla-telefonda-konustu-sonra-onu-ziyaret-etti-3\/\" border=\"0\" itemprop=\"url\"> <meta itemprop=\"width\" content=\"246\"> <meta itemprop=\"height\" content=\"138\"> <img decoding=\"async\" class=\"\" data-attachment-id=\"99587\" data-orig-file=\"http:\/\/www.tvturk.com\/wp-content\/uploads\/2019\/03\/metin-senturk-once-gorme-engelli-hayraniyla-telefonda-konustu-sonra-onu-ziyaret-etti_450b76f.jpg\" data-orig-size=\"1000,562\" data-comments-opened=\"\" data-image-meta=\"{&quot;aperture&quot;:&quot;0&quot;,&quot;credit&quot;:&quot;IHA&quot;,&quot;camera&quot;:&quot;&quot;,&quot;caption&quot;:&quot;MET\\u0130N \\u015eENT\\u00dcRK \\u00d6NCE G\\u00d6RME ENGELL\\u0130 HAYRANIYLA TELEFONDA KONU\\u015eTU, SONRA ONU Z\\u0130YARET ETT\\u0130 (RAMAZAN TERKOS\\\/MU\\u011eLA-\\u0130HA)&quot;,&quot;created_timestamp&quot;:&quot;0&quot;,&quot;copyright&quot;:&quot;\\u0130HLAS HABER AJANSI, www.iha.com.tr&quot;,&quot;focal_length&quot;:&quot;0&quot;,&quot;iso&quot;:&quot;0&quot;,&quot;shutter_speed&quot;:&quot;0&quot;,&quot;title&quot;:&quot;MET\\u0130N \\u015eENT\\u00dcRK \\u00d6NCE G\\u00d6RME ENGELL\\u0130 HAYRANIYLA TELEFONDA KONU\\u015eTU, SONRA ONU Z\\u0130YARET ETT\\u0130&quot;,&quot;orientation&quot;:&quot;0&quot;}\" data-image-title=\"Metin \u015eent\u00fcrk \u00f6nce g\u00f6rme engelli hayran\u0131yla telefonda konu\u015ftu, sonra onu ziyaret etti\" data-image-description=\"&lt;p&gt;Metin \u015eent\u00fcrk \u00f6nce g\u00f6rme engelli hayran\u0131yla telefonda konu\u015ftu, sonra onu ziyaret etti&lt;\/p&gt; \" data-medium-file=\"https:\/\/i0.wp.com\/www.tvturk.com\/wp-content\/uploads\/2019\/03\/metin-senturk-once-gorme-engelli-hayraniyla-telefonda-konustu-sonra-onu-ziyaret-etti_450b76f.jpg?fit=300%2C169\" data-large-file=\"https:\/\/i0.wp.com\/www.tvturk.com\/wp-content\/uploads\/2019\/03\/metin-senturk-once-gorme-engelli-hayraniyla-telefonda-konustu-sonra-onu-ziyaret-etti_450b76f.jpg?fit=1000%2C562\" src=\"https:\/\/i0.wp.com\/www.tvturk.com\/wp-content\/uploads\/2019\/03\/metin-senturk-once-gorme-engelli-hayraniyla-telefonda-konustu-sonra-onu-ziyaret-etti_450b76f.jpg?w=246&#038;h=138\" srcset=\"https:\/\/i0.wp.com\/www.tvturk.com\/wp-content\/uploads\/2019\/03\/metin-senturk-once-gorme-engelli-hayraniyla-telefonda-konustu-sonra-onu-ziyaret-etti_450b76f.jpg?w=1000 1000w, https:\/\/i0.wp.com\/www.tvturk.com\/wp-content\/uploads\/2019\/03\/metin-senturk-once-gorme-engelli-hayraniyla-telefonda-konustu-sonra-onu-ziyaret-etti_450b76f.jpg?resize=150%2C84 150w, https:\/\/i0.wp.com\/www.tvturk.com\/wp-content\/uploads\/2019\/03\/metin-senturk-once-gorme-engelli-hayraniyla-telefonda-konustu-sonra-onu-ziyaret-etti_450b76f.jpg?resize=300%2C169 300w, https:\/\/i0.wp.com\/www.tvturk.com\/wp-content\/uploads\/2019\/03\/metin-senturk-once-gorme-engelli-hayraniyla-telefonda-konustu-sonra-onu-ziyaret-etti_450b76f.jpg?resize=768%2C432 768w, https:\/\/i0.wp.com\/www.tvturk.com\/wp-content\/uploads\/2019\/03\/metin-senturk-once-gorme-engelli-hayraniyla-telefonda-konustu-sonra-onu-ziyaret-etti_450b76f.jpg?resize=200%2C113 200w\" width=\"246\" height=\"138\" loading=\"lazy\" data-original-width=\"246\" data-original-height=\"138\" itemprop=\"http:\/\/schema.org\/image\" title=\"Metin \u015eent\u00fcrk \u00f6nce g\u00f6rme engelli hayran\u0131yla telefonda konu\u015ftu, sonra onu ziyaret etti\" alt=\"Metin \u015eent\u00fcrk \u00f6nce g\u00f6rme engelli hayran\u0131yla telefonda konu\u015ftu, sonra onu ziyaret etti\" style=\"width: 246px; height: 138px;\" \/> <\/a> <\/div> <\/div> <!-- close group --> <div class=\"gallery-group images-1\" style=\"width: 250px; height: 142px;\" data-original-width=\"250\" data-original-height=\"142\" > <div class=\"tiled-gallery-item tiled-gallery-item-small\" itemprop=\"associatedMedia\" itemscope itemtype=\"http:\/\/schema.org\/ImageObject\"> <a href=\"http:\/\/www.tvturk.com\/index.php\/metin-senturk-once-gorme-engelli-hayraniyla-telefonda-konustu-sonra-onu-ziyaret-etti\/metin-senturk-once-gorme-engelli-hayraniyla-telefonda-konustu-sonra-onu-ziyaret-etti-4\/\" border=\"0\" itemprop=\"url\"> <meta itemprop=\"width\" content=\"246\"> <meta itemprop=\"height\" content=\"138\"> <img decoding=\"async\" class=\"\" data-attachment-id=\"99588\" data-orig-file=\"http:\/\/www.tvturk.com\/wp-content\/uploads\/2019\/03\/metin-senturk-once-gorme-engelli-hayraniyla-telefonda-konustu-sonra-onu-ziyaret-etti_78e27f5.jpg\" data-orig-size=\"1000,562\" data-comments-opened=\"\" data-image-meta=\"{&quot;aperture&quot;:&quot;0&quot;,&quot;credit&quot;:&quot;IHA&quot;,&quot;camera&quot;:&quot;&quot;,&quot;caption&quot;:&quot;MET\\u0130N \\u015eENT\\u00dcRK \\u00d6NCE G\\u00d6RME ENGELL\\u0130 HAYRANIYLA TELEFONDA KONU\\u015eTU, SONRA ONU Z\\u0130YARET ETT\\u0130 (RAMAZAN TERKOS\\\/MU\\u011eLA-\\u0130HA)&quot;,&quot;created_timestamp&quot;:&quot;0&quot;,&quot;copyright&quot;:&quot;\\u0130HLAS HABER AJANSI, www.iha.com.tr&quot;,&quot;focal_length&quot;:&quot;0&quot;,&quot;iso&quot;:&quot;0&quot;,&quot;shutter_speed&quot;:&quot;0&quot;,&quot;title&quot;:&quot;MET\\u0130N \\u015eENT\\u00dcRK \\u00d6NCE G\\u00d6RME ENGELL\\u0130 HAYRANIYLA TELEFONDA KONU\\u015eTU, SONRA ONU Z\\u0130YARET ETT\\u0130&quot;,&quot;orientation&quot;:&quot;0&quot;}\" data-image-title=\"Metin \u015eent\u00fcrk \u00f6nce g\u00f6rme engelli hayran\u0131yla telefonda konu\u015ftu, sonra onu ziyaret etti\" data-image-description=\"&lt;p&gt;Metin \u015eent\u00fcrk \u00f6nce g\u00f6rme engelli hayran\u0131yla telefonda konu\u015ftu, sonra onu ziyaret etti&lt;\/p&gt; \" data-medium-file=\"https:\/\/i0.wp.com\/www.tvturk.com\/wp-content\/uploads\/2019\/03\/metin-senturk-once-gorme-engelli-hayraniyla-telefonda-konustu-sonra-onu-ziyaret-etti_78e27f5.jpg?fit=300%2C169\" data-large-file=\"https:\/\/i0.wp.com\/www.tvturk.com\/wp-content\/uploads\/2019\/03\/metin-senturk-once-gorme-engelli-hayraniyla-telefonda-konustu-sonra-onu-ziyaret-etti_78e27f5.jpg?fit=1000%2C562\" src=\"https:\/\/i0.wp.com\/www.tvturk.com\/wp-content\/uploads\/2019\/03\/metin-senturk-once-gorme-engelli-hayraniyla-telefonda-konustu-sonra-onu-ziyaret-etti_78e27f5.jpg?w=246&#038;h=138\" srcset=\"https:\/\/i0.wp.com\/www.tvturk.com\/wp-content\/uploads\/2019\/03\/metin-senturk-once-gorme-engelli-hayraniyla-telefonda-konustu-sonra-onu-ziyaret-etti_78e27f5.jpg?w=1000 1000w, https:\/\/i0.wp.com\/www.tvturk.com\/wp-content\/uploads\/2019\/03\/metin-senturk-once-gorme-engelli-hayraniyla-telefonda-konustu-sonra-onu-ziyaret-etti_78e27f5.jpg?resize=150%2C84 150w, https:\/\/i0.wp.com\/www.tvturk.com\/wp-content\/uploads\/2019\/03\/metin-senturk-once-gorme-engelli-hayraniyla-telefonda-konustu-sonra-onu-ziyaret-etti_78e27f5.jpg?resize=300%2C169 300w, https:\/\/i0.wp.com\/www.tvturk.com\/wp-content\/uploads\/2019\/03\/metin-senturk-once-gorme-engelli-hayraniyla-telefonda-konustu-sonra-onu-ziyaret-etti_78e27f5.jpg?resize=768%2C432 768w, https:\/\/i0.wp.com\/www.tvturk.com\/wp-content\/uploads\/2019\/03\/metin-senturk-once-gorme-engelli-hayraniyla-telefonda-konustu-sonra-onu-ziyaret-etti_78e27f5.jpg?resize=200%2C113 200w\" width=\"246\" height=\"138\" loading=\"lazy\" data-original-width=\"246\" data-original-height=\"138\" itemprop=\"http:\/\/schema.org\/image\" title=\"Metin \u015eent\u00fcrk \u00f6nce g\u00f6rme engelli hayran\u0131yla telefonda konu\u015ftu, sonra onu ziyaret etti\" alt=\"Metin \u015eent\u00fcrk \u00f6nce g\u00f6rme engelli hayran\u0131yla telefonda konu\u015ftu, sonra onu ziyaret etti\" style=\"width: 246px; height: 138px;\" \/> <\/a> <\/div> <\/div> <!-- close group --> <\/div> <!-- close row --> <\/div><\/p>\n","protected":false},"excerpt":{"rendered":"<p>MET\u0130N \u015eENT\u00dcRK \u00d6NCE G\u00d6RME ENGELL\u0130 HAYRANIYLA TELEFONDA KONU\u015eTU, SONRA ONU Z\u0130YARET ETT\u0130<\/p>\n","protected":false},"author":1,"featured_media":99586,"comment_status":"closed","ping_status":"open","sticky":false,"template":"","format":"standard","meta":{"jetpack_post_was_ever_published":false,"_jetpack_newsletter_access":"","_jetpack_dont_email_post_to_subs":false,"_jetpack_newsletter_tier_id":0,"_jetpack_memberships_contains_paywalled_content":false,"_jetpack_memberships_contains_paid_content":false,"footnotes":"","jetpack_publicize_message":"","jetpack_publicize_feature_enabled":true,"jetpack_social_post_already_shared":true,"jetpack_social_options":{"image_generator_settings":{"template":"highway","default_image_id":0,"font":"","enabled":false},"version":2}},"categories":[1],"tags":[1784,207,8240,25806,4045,6345,232,9586,5296,2022,18603,150],"class_list":["post-99585","post","type-post","status-publish","format-standard","has-post-thumbnail","hentry","category-genel","tag-engelli","tag-etti","tag-gorme","tag-hayraniyla","tag-konustu","tag-metin","tag-once","tag-onu","tag-senturk","tag-sonra","tag-telefonda","tag-ziyaret"],"jetpack_publicize_connections":[],"jetpack_featured_media_url":"https:\/\/i0.wp.com\/www.tvturk.com\/wp-content\/uploads\/2019\/03\/metin-senturk-once-gorme-engelli-hayraniyla-telefonda-konustu-sonra-onu-ziyaret-etti_ee44e45.jpg?fit=1000%2C562","jetpack_sharing_enabled":true,"jetpack_shortlink":"https:\/\/wp.me\/paKIfm-pUd","_links":{"self":[{"href":"http:\/\/www.tvturk.com\/index.php\/wp-json\/wp\/v2\/posts\/99585","targetHints":{"allow":["GET"]}}],"collection":[{"href":"http:\/\/www.tvturk.com\/index.php\/wp-json\/wp\/v2\/posts"}],"about":[{"href":"http:\/\/www.tvturk.com\/index.php\/wp-json\/wp\/v2\/types\/post"}],"author":[{"embeddable":true,"href":"http:\/\/www.tvturk.com\/index.php\/wp-json\/wp\/v2\/users\/1"}],"replies":[{"embeddable":true,"href":"http:\/\/www.tvturk.com\/index.php\/wp-json\/wp\/v2\/comments?post=99585"}],"version-history":[{"count":1,"href":"http:\/\/www.tvturk.com\/index.php\/wp-json\/wp\/v2\/posts\/99585\/revisions"}],"predecessor-version":[{"id":99589,"href":"http:\/\/www.tvturk.com\/index.php\/wp-json\/wp\/v2\/posts\/99585\/revisions\/99589"}],"wp:featuredmedia":[{"embeddable":true,"href":"http:\/\/www.tvturk.com\/index.php\/wp-json\/wp\/v2\/media\/99586"}],"wp:attachment":[{"href":"http:\/\/www.tvturk.com\/index.php\/wp-json\/wp\/v2\/media?parent=99585"}],"wp:term":[{"taxonomy":"category","embeddable":true,"href":"http:\/\/www.tvturk.com\/index.php\/wp-json\/wp\/v2\/categories?post=99585"},{"taxonomy":"post_tag","embeddable":true,"href":"http:\/\/www.tvturk.com\/index.php\/wp-json\/wp\/v2\/tags?post=99585"}],"curies":[{"name":"wp","href":"https:\/\/api.w.org\/{rel}","templated":true}]}}