{"id":99673,"date":"2019-03-18T13:53:19","date_gmt":"2019-03-18T10:53:19","guid":{"rendered":"http:\/\/www.tvturk.com\/index.php\/ozel-haber-atalari-gibi-kuru-uzum-ve-ekmege-talim-ettiler\/"},"modified":"2019-03-18T13:53:23","modified_gmt":"2019-03-18T10:53:23","slug":"ozel-haber-atalari-gibi-kuru-uzum-ve-ekmege-talim-ettiler","status":"publish","type":"post","link":"http:\/\/www.tvturk.com\/index.php\/ozel-haber-atalari-gibi-kuru-uzum-ve-ekmege-talim-ettiler\/","title":{"rendered":"(\u00d6zel Haber) Atalar\u0131 gibi kuru \u00fcz\u00fcm ve ekme\u011fe talim ettiler"},"content":{"rendered":"<p>Denizli\u2019de bir ortaokulda \u00c7anakkale Sava\u015f\u0131\u2019n\u0131n y\u0131l d\u00f6n\u00fcm\u00fcnde, okul kantini kapat\u0131l\u0131p \u00f6\u011frencilere \u00f6\u011f\u00fcn olarak sava\u015fta T\u00fcrk askerinin yedi\u011fi kuru \u00fcz\u00fcm ve iki par\u00e7a ekmek verildi. K\u00fc\u00e7\u00fck bir po\u015fet i\u00e7erisindeki \u00f6\u011f\u00fcnle \u00f6\u011fle yeme\u011fini yiyen \u00f6\u011frenciler, ayn\u0131 \u00f6\u011f\u00fcn\u00fc yapt\u0131klar\u0131 sokak r\u00f6portaj\u0131nda vatanda\u015flara da verip bu \u00f6\u011f\u00fcnle doyup doyamayacaklar\u0131n\u0131 sordu.<\/p>\n<p>Pamukkale il\u00e7esinde bulunan Ra\u015fit \u00d6zkarde\u015fler Ortaokulu\u2019nda 18 Mart \u00c7anakkale Zaferi\u2019nin y\u0131l d\u00f6n\u00fcm\u00fc nedeniyle \u00e7e\u015fitli etkinlikler d\u00fczenlendi. Okulda bir g\u00fcnl\u00fc\u011f\u00fcne kantin kapat\u0131l\u0131p, \u00f6\u011frencilere \u00c7anakkale Sava\u015f\u0131\u2019nda askerlerimizin yedi\u011fi yemekler verildi. K\u00fc\u00e7\u00fck po\u015fetler i\u00e7erisinde kuru \u00fcz\u00fcm ve iki par\u00e7a ekmek konulup, \u00f6\u011frencilere askerlerin o d\u00f6nemde ne ya\u015fad\u0131klar\u0131 anlat\u0131lmaya \u00e7al\u0131\u015f\u0131ld\u0131. \u00d6\u011frenciler ayr\u0131ca, ayn\u0131 po\u015fetleri yapt\u0131klar\u0131 sokak r\u00f6portaj\u0131nda vatanda\u015flara da verip ak\u015fama po\u015fet i\u00e7erisindeki kuru \u00fcz\u00fcm ve iki par\u00e7a ekmekle yetinmeleri istendi. \u00d6\u011frenciler yapt\u0131klar\u0131 r\u00f6portajlarda, vatanda\u015flara \u00c7anakkale ruhunu anlat\u0131rken renkli g\u00f6r\u00fcnt\u00fcler ortaya \u00e7\u0131kt\u0131.<\/p>\n<p>\u201c\u00c7anakkale\u2019de zorluklarla kar\u015f\u0131la\u015fm\u0131\u015flar, yemekleri \u00e7ok az kalm\u0131\u015f\u201d<\/p>\n<p>Sokak r\u00f6portaj\u0131n\u0131 yapan ve askerlerin yedi\u011fi \u00f6\u011f\u00fcnle \u00f6\u011fle yeme\u011fini yiyen Tu\u011f\u00e7e G\u00f6\u00e7en isimli \u00f6\u011frenci, \u201c104 y\u0131l \u00f6nce \u00c7anakkale\u2019de \u015fehit olan dedelerimizi unutmayaca\u011f\u0131z. Onlar\u0131 rahmetle an\u0131yoruz ve unutturmayaca\u011f\u0131z. Biz bu \u00f6\u011f\u00fcnle asl\u0131nda doyamay\u0131z. O zamanlarda \u00c7anakkale\u2019de zorluklarla kar\u015f\u0131la\u015fm\u0131\u015flar, yemekleri \u00e7ok az kalm\u0131\u015f. Onlara \u00e7ok te\u015fekk\u00fcr ediyoruz. \u00c7anakkale\u2019mizi ve bu vatan\u0131 kurtarm\u0131\u015flar, bize \u00e7ok g\u00fczel bir memleket vermi\u015fler\u201d dedi. Naz Erda\u011f isimli \u00f6\u011frenci ise, Mehmet\u00e7i\u011fin yedi\u011fi \u00f6\u011f\u00fcnleri sayarak, \u201cSabah, \u00fcz\u00fcm ho\u015faf\u0131, \u00f6\u011fle yeme\u011fi yok ve ak\u015fam sadece kuru ekmek. Bunlarla yetiniyorlard\u0131\u201d diye konu\u015ftu.<\/p>\n<p>\u201cOnlar\u0131n neler \u00e7ekti\u011fini ya\u015fayarak \u00f6\u011frenmelerini istedik\u201d<\/p>\n<p>\u00d6\u011frencilere \u00c7anakkale ruhunu a\u015f\u0131lamak istediklerini aktaran Okul M\u00fcd\u00fcr\u00fc Erkan \u00c7aka, \u201cEtkinli\u011fimiz \u00c7anakkale gezimizle ba\u015flad\u0131. Gezide yer alan \u00f6\u011frencilerimizle birlikte halk r\u00f6portajlar\u0131 yapt\u0131k. Ayn\u0131 \u00f6\u011frencilerimizle, \u00c7anakkale \u015fehitlerimizin o d\u00f6nemde kar\u0131nlar\u0131n\u0131 doyurmaya \u00e7al\u0131\u015ft\u0131\u011f\u0131 yiyeceklerden bir \u00f6\u011f\u00fcn belirledik ve t\u00fcm g\u00fcn boyunca bu \u00f6\u011f\u00fcnlerle kar\u0131nlar\u0131n\u0131 doyuracaklar. Bir nebze olsun yaparak ve ya\u015fayarak \u00f6\u011frenilmeli, onlar\u0131n neler \u00e7ekti\u011fini kendileri de ya\u015fayarak \u00f6\u011frenmelerini sa\u011flamak istedik\u201d \u015feklinde konu\u015ftu.<\/p>\n<p>\u201cSosyal medya ilgisini yararl\u0131 hale getirmeye \u00e7al\u0131\u015ft\u0131k\u201d<\/p>\n<p>Projeden sorumlu \u00f6\u011fretmen O\u011fuz Bilgi\u00e7 ise \u00f6\u011frencilerin sosyal medyaya olan ilgilerini yararl\u0131 hale getirebilmek ve vatanda\u015flar\u0131n \u00c7anakkale \u015eehitlerini unutmamalar\u0131 amac\u0131yla b\u00f6yle bir proje ger\u00e7ekle\u015ftirdiklerini s\u00f6yledi. \u00d6te yandan \u00f6\u011frencilerin yapt\u0131\u011f\u0131 sokak r\u00f6portajlar\u0131nda birbirinden farkl\u0131 cevaplar gelirken vatanda\u015flar\u0131n b\u00fcy\u00fck bir \u00e7o\u011funlu\u011fu bu yemeklerle bir \u00f6\u011f\u00fcn\u00fcn\u00fc ge\u00e7iremeyece\u011fini belirtti.<div class=\"tiled-gallery type-rectangular tiled-gallery-unresized\" data-original-width=\"500\" data-carousel-extra='null' itemscope itemtype=\"http:\/\/schema.org\/ImageGallery\" > <div class=\"gallery-row\" style=\"width: 500px; height: 232px;\" data-original-width=\"500\" data-original-height=\"232\" > <div class=\"gallery-group images-1\" style=\"width: 348px; height: 232px;\" data-original-width=\"348\" data-original-height=\"232\" > <div class=\"tiled-gallery-item tiled-gallery-item-large\" itemprop=\"associatedMedia\" itemscope itemtype=\"http:\/\/schema.org\/ImageObject\"> <a href=\"http:\/\/www.tvturk.com\/index.php\/ozel-haber-atalari-gibi-kuru-uzum-ve-ekmege-talim-ettiler\/ozel-haber-atalari-gibi-kuru-uzum-ve-ekmege-talim-ettiler-3\/\" border=\"0\" itemprop=\"url\"> <meta itemprop=\"width\" content=\"344\"> <meta itemprop=\"height\" content=\"228\"> <img decoding=\"async\" class=\"\" data-attachment-id=\"99675\" data-orig-file=\"http:\/\/www.tvturk.com\/wp-content\/uploads\/2019\/03\/ozel-haber-atalari-gibi-kuru-uzum-ve-ekmege-talim-ettiler_2a253d1.jpg\" data-orig-size=\"1000,662\" data-comments-opened=\"\" data-image-meta=\"{&quot;aperture&quot;:&quot;0&quot;,&quot;credit&quot;:&quot;IHA&quot;,&quot;camera&quot;:&quot;&quot;,&quot;caption&quot;:&quot;DEN\\u0130ZL\\u0130\\u2019DE B\\u0130R ORTAOKULDA \\u00c7ANAKKALE SAVA\\u015eI\\u2019NIN YIL D\\u00d6N\\u00dcM\\u00dcNDE, OKUL KANT\\u0130N\\u0130 KAPATILIP \\u00d6\\u011eRENC\\u0130LERE \\u00d6\\u011e\\u00dcN OLARAK SAVA\\u015eTA T\\u00dcRK ASKER\\u0130N\\u0130N YED\\u0130\\u011e\\u0130 KURU \\u00dcZ\\u00dcM VE \\u0130K\\u0130 PAR\\u00c7A EKMEK VER\\u0130LD\\u0130. K\\u00dc\\u00c7\\u00dcK B\\u0130R PO\\u015eET \\u0130\\u00c7ER\\u0130S\\u0130NDEK\\u0130 \\u00d6\\u011e\\u00dcNLE \\u00d6\\u011eLE YEME\\u011e\\u0130N\\u0130 Y\\u0130YEN \\u00d6\\u011eRENC\\u0130LER, AYNI \\u00d6\\u011e\\u00dcN\\u00dc YAPTIKLARI SOKAK R\\u00d6PORTAJINDA VATANDA\\u015eLARA DA VER\\u0130P BU \\u00d6\\u011e\\u00dcNLE DOYUP DOYAMAYACAKLARINI SORDU. (AL\\u0130 \\u0130B\\u0130LEME\\\/DEN\\u0130ZL\\u0130-\\u0130HA)&quot;,&quot;created_timestamp&quot;:&quot;0&quot;,&quot;copyright&quot;:&quot;\\u0130HLAS HABER AJANSI, www.iha.com.tr&quot;,&quot;focal_length&quot;:&quot;0&quot;,&quot;iso&quot;:&quot;0&quot;,&quot;shutter_speed&quot;:&quot;0&quot;,&quot;title&quot;:&quot;(\\u00d6ZEL HABER) ATALARI G\\u0130B\\u0130 KURU \\u00dcZ\\u00dcM VE EKME\\u011eE TAL\\u0130M ETT\\u0130LER M\\u0130N\\u0130KLER\\u0130N KANT\\u0130N\\u0130 KAPATIP \\u00c7ANAKKALE SAVA\\u015eI MEN\\u00dcS\\u00dc VER\\u0130LD\\u0130 \\u00d6\\u011eRENC\\u0130LER\\u0130N \\u00c7ANAKKALE RUHU \\u0130\\u00c7\\u0130N YAPTI\\u011eI SOKAK R\\u00d6PORTAJINDA \\u0130LG\\u0130N\\u00c7 CEVAPLAR VER\\u0130LD\\u0130&quot;,&quot;orientation&quot;:&quot;0&quot;}\" data-image-title=\"(\u00d6zel Haber) Atalar\u0131 gibi kuru \u00fcz\u00fcm ve ekme\u011fe talim ettiler\" data-image-description=\"&lt;p&gt;(\u00d6zel Haber) Atalar\u0131 gibi kuru \u00fcz\u00fcm ve ekme\u011fe talim ettiler&lt;\/p&gt; \" data-medium-file=\"https:\/\/i0.wp.com\/www.tvturk.com\/wp-content\/uploads\/2019\/03\/ozel-haber-atalari-gibi-kuru-uzum-ve-ekmege-talim-ettiler_2a253d1.jpg?fit=300%2C199\" data-large-file=\"https:\/\/i0.wp.com\/www.tvturk.com\/wp-content\/uploads\/2019\/03\/ozel-haber-atalari-gibi-kuru-uzum-ve-ekmege-talim-ettiler_2a253d1.jpg?fit=1000%2C662\" src=\"https:\/\/i0.wp.com\/www.tvturk.com\/wp-content\/uploads\/2019\/03\/ozel-haber-atalari-gibi-kuru-uzum-ve-ekmege-talim-ettiler_2a253d1.jpg?w=344&#038;h=228\" srcset=\"https:\/\/i0.wp.com\/www.tvturk.com\/wp-content\/uploads\/2019\/03\/ozel-haber-atalari-gibi-kuru-uzum-ve-ekmege-talim-ettiler_2a253d1.jpg?w=1000 1000w, https:\/\/i0.wp.com\/www.tvturk.com\/wp-content\/uploads\/2019\/03\/ozel-haber-atalari-gibi-kuru-uzum-ve-ekmege-talim-ettiler_2a253d1.jpg?resize=150%2C99 150w, https:\/\/i0.wp.com\/www.tvturk.com\/wp-content\/uploads\/2019\/03\/ozel-haber-atalari-gibi-kuru-uzum-ve-ekmege-talim-ettiler_2a253d1.jpg?resize=300%2C200 300w, https:\/\/i0.wp.com\/www.tvturk.com\/wp-content\/uploads\/2019\/03\/ozel-haber-atalari-gibi-kuru-uzum-ve-ekmege-talim-ettiler_2a253d1.jpg?resize=768%2C508 768w, https:\/\/i0.wp.com\/www.tvturk.com\/wp-content\/uploads\/2019\/03\/ozel-haber-atalari-gibi-kuru-uzum-ve-ekmege-talim-ettiler_2a253d1.jpg?resize=170%2C113 170w, https:\/\/i0.wp.com\/www.tvturk.com\/wp-content\/uploads\/2019\/03\/ozel-haber-atalari-gibi-kuru-uzum-ve-ekmege-talim-ettiler_2a253d1.jpg?resize=120%2C80 120w\" width=\"344\" height=\"228\" loading=\"lazy\" data-original-width=\"344\" data-original-height=\"228\" itemprop=\"http:\/\/schema.org\/image\" title=\"(\u00d6zel Haber) Atalar\u0131 gibi kuru \u00fcz\u00fcm ve ekme\u011fe talim ettiler\" alt=\"(\u00d6zel Haber) Atalar\u0131 gibi kuru \u00fcz\u00fcm ve ekme\u011fe talim ettiler\" style=\"width: 344px; height: 228px;\" \/> <\/a> <\/div> <\/div> <!-- close group --> <div class=\"gallery-group images-2\" style=\"width: 152px; height: 232px;\" data-original-width=\"152\" data-original-height=\"232\" > <div class=\"tiled-gallery-item tiled-gallery-item-small\" itemprop=\"associatedMedia\" itemscope itemtype=\"http:\/\/schema.org\/ImageObject\"> <a href=\"http:\/\/www.tvturk.com\/index.php\/ozel-haber-atalari-gibi-kuru-uzum-ve-ekmege-talim-ettiler\/ozel-haber-atalari-gibi-kuru-uzum-ve-ekmege-talim-ettiler-4\/\" border=\"0\" itemprop=\"url\"> <meta itemprop=\"width\" content=\"148\"> <meta itemprop=\"height\" content=\"126\"> <img decoding=\"async\" class=\"\" data-attachment-id=\"99676\" data-orig-file=\"http:\/\/www.tvturk.com\/wp-content\/uploads\/2019\/03\/ozel-haber-atalari-gibi-kuru-uzum-ve-ekmege-talim-ettiler_76ce894.jpg\" data-orig-size=\"1000,847\" data-comments-opened=\"\" data-image-meta=\"{&quot;aperture&quot;:&quot;0&quot;,&quot;credit&quot;:&quot;IHA&quot;,&quot;camera&quot;:&quot;&quot;,&quot;caption&quot;:&quot;DEN\\u0130ZL\\u0130\\u2019DE B\\u0130R ORTAOKULDA \\u00c7ANAKKALE SAVA\\u015eI\\u2019NIN YIL D\\u00d6N\\u00dcM\\u00dcNDE, OKUL KANT\\u0130N\\u0130 KAPATILIP \\u00d6\\u011eRENC\\u0130LERE \\u00d6\\u011e\\u00dcN OLARAK SAVA\\u015eTA T\\u00dcRK ASKER\\u0130N\\u0130N YED\\u0130\\u011e\\u0130 KURU \\u00dcZ\\u00dcM VE \\u0130K\\u0130 PAR\\u00c7A EKMEK VER\\u0130LD\\u0130. K\\u00dc\\u00c7\\u00dcK B\\u0130R PO\\u015eET \\u0130\\u00c7ER\\u0130S\\u0130NDEK\\u0130 \\u00d6\\u011e\\u00dcNLE \\u00d6\\u011eLE YEME\\u011e\\u0130N\\u0130 Y\\u0130YEN \\u00d6\\u011eRENC\\u0130LER, AYNI \\u00d6\\u011e\\u00dcN\\u00dc YAPTIKLARI SOKAK R\\u00d6PORTAJINDA VATANDA\\u015eLARA DA VER\\u0130P BU \\u00d6\\u011e\\u00dcNLE DOYUP DOYAMAYACAKLARINI SORDU. (AL\\u0130 \\u0130B\\u0130LEME\\\/DEN\\u0130ZL\\u0130-\\u0130HA)&quot;,&quot;created_timestamp&quot;:&quot;0&quot;,&quot;copyright&quot;:&quot;\\u0130HLAS HABER AJANSI, www.iha.com.tr&quot;,&quot;focal_length&quot;:&quot;0&quot;,&quot;iso&quot;:&quot;0&quot;,&quot;shutter_speed&quot;:&quot;0&quot;,&quot;title&quot;:&quot;(\\u00d6ZEL HABER) ATALARI G\\u0130B\\u0130 KURU \\u00dcZ\\u00dcM VE EKME\\u011eE TAL\\u0130M ETT\\u0130LER M\\u0130N\\u0130KLER\\u0130N KANT\\u0130N\\u0130 KAPATIP \\u00c7ANAKKALE SAVA\\u015eI MEN\\u00dcS\\u00dc VER\\u0130LD\\u0130 \\u00d6\\u011eRENC\\u0130LER\\u0130N \\u00c7ANAKKALE RUHU \\u0130\\u00c7\\u0130N YAPTI\\u011eI SOKAK R\\u00d6PORTAJINDA \\u0130LG\\u0130N\\u00c7 CEVAPLAR VER\\u0130LD\\u0130&quot;,&quot;orientation&quot;:&quot;0&quot;}\" data-image-title=\"(\u00d6zel Haber) Atalar\u0131 gibi kuru \u00fcz\u00fcm ve ekme\u011fe talim ettiler\" data-image-description=\"&lt;p&gt;(\u00d6zel Haber) Atalar\u0131 gibi kuru \u00fcz\u00fcm ve ekme\u011fe talim ettiler&lt;\/p&gt; \" data-medium-file=\"https:\/\/i0.wp.com\/www.tvturk.com\/wp-content\/uploads\/2019\/03\/ozel-haber-atalari-gibi-kuru-uzum-ve-ekmege-talim-ettiler_76ce894.jpg?fit=300%2C254\" data-large-file=\"https:\/\/i0.wp.com\/www.tvturk.com\/wp-content\/uploads\/2019\/03\/ozel-haber-atalari-gibi-kuru-uzum-ve-ekmege-talim-ettiler_76ce894.jpg?fit=1000%2C847\" src=\"https:\/\/i0.wp.com\/www.tvturk.com\/wp-content\/uploads\/2019\/03\/ozel-haber-atalari-gibi-kuru-uzum-ve-ekmege-talim-ettiler_76ce894.jpg?w=148&#038;h=126\" srcset=\"https:\/\/i0.wp.com\/www.tvturk.com\/wp-content\/uploads\/2019\/03\/ozel-haber-atalari-gibi-kuru-uzum-ve-ekmege-talim-ettiler_76ce894.jpg?w=1000 1000w, https:\/\/i0.wp.com\/www.tvturk.com\/wp-content\/uploads\/2019\/03\/ozel-haber-atalari-gibi-kuru-uzum-ve-ekmege-talim-ettiler_76ce894.jpg?resize=150%2C127 150w, https:\/\/i0.wp.com\/www.tvturk.com\/wp-content\/uploads\/2019\/03\/ozel-haber-atalari-gibi-kuru-uzum-ve-ekmege-talim-ettiler_76ce894.jpg?resize=300%2C254 300w, https:\/\/i0.wp.com\/www.tvturk.com\/wp-content\/uploads\/2019\/03\/ozel-haber-atalari-gibi-kuru-uzum-ve-ekmege-talim-ettiler_76ce894.jpg?resize=768%2C650 768w\" width=\"148\" height=\"126\" loading=\"lazy\" data-original-width=\"148\" data-original-height=\"126\" itemprop=\"http:\/\/schema.org\/image\" title=\"(\u00d6zel Haber) Atalar\u0131 gibi kuru \u00fcz\u00fcm ve ekme\u011fe talim ettiler\" alt=\"(\u00d6zel Haber) Atalar\u0131 gibi kuru \u00fcz\u00fcm ve ekme\u011fe talim ettiler\" style=\"width: 148px; height: 126px;\" \/> <\/a> <\/div> <div class=\"tiled-gallery-item tiled-gallery-item-small\" itemprop=\"associatedMedia\" itemscope itemtype=\"http:\/\/schema.org\/ImageObject\"> <a href=\"http:\/\/www.tvturk.com\/index.php\/ozel-haber-atalari-gibi-kuru-uzum-ve-ekmege-talim-ettiler\/ozel-haber-atalari-gibi-kuru-uzum-ve-ekmege-talim-ettiler-5\/\" border=\"0\" itemprop=\"url\"> <meta itemprop=\"width\" content=\"148\"> <meta itemprop=\"height\" content=\"98\"> <img decoding=\"async\" class=\"\" data-attachment-id=\"99677\" data-orig-file=\"http:\/\/www.tvturk.com\/wp-content\/uploads\/2019\/03\/ozel-haber-atalari-gibi-kuru-uzum-ve-ekmege-talim-ettiler_9f2a697.jpg\" data-orig-size=\"1000,662\" data-comments-opened=\"\" data-image-meta=\"{&quot;aperture&quot;:&quot;0&quot;,&quot;credit&quot;:&quot;IHA&quot;,&quot;camera&quot;:&quot;&quot;,&quot;caption&quot;:&quot;DEN\\u0130ZL\\u0130\\u2019DE B\\u0130R ORTAOKULDA \\u00c7ANAKKALE SAVA\\u015eI\\u2019NIN YIL D\\u00d6N\\u00dcM\\u00dcNDE, OKUL KANT\\u0130N\\u0130 KAPATILIP \\u00d6\\u011eRENC\\u0130LERE \\u00d6\\u011e\\u00dcN OLARAK SAVA\\u015eTA T\\u00dcRK ASKER\\u0130N\\u0130N YED\\u0130\\u011e\\u0130 KURU \\u00dcZ\\u00dcM VE \\u0130K\\u0130 PAR\\u00c7A EKMEK VER\\u0130LD\\u0130. K\\u00dc\\u00c7\\u00dcK B\\u0130R PO\\u015eET \\u0130\\u00c7ER\\u0130S\\u0130NDEK\\u0130 \\u00d6\\u011e\\u00dcNLE \\u00d6\\u011eLE YEME\\u011e\\u0130N\\u0130 Y\\u0130YEN \\u00d6\\u011eRENC\\u0130LER, AYNI \\u00d6\\u011e\\u00dcN\\u00dc YAPTIKLARI SOKAK R\\u00d6PORTAJINDA VATANDA\\u015eLARA DA VER\\u0130P BU \\u00d6\\u011e\\u00dcNLE DOYUP DOYAMAYACAKLARINI SORDU. (AL\\u0130 \\u0130B\\u0130LEME\\\/DEN\\u0130ZL\\u0130-\\u0130HA)&quot;,&quot;created_timestamp&quot;:&quot;0&quot;,&quot;copyright&quot;:&quot;\\u0130HLAS HABER AJANSI, www.iha.com.tr&quot;,&quot;focal_length&quot;:&quot;0&quot;,&quot;iso&quot;:&quot;0&quot;,&quot;shutter_speed&quot;:&quot;0&quot;,&quot;title&quot;:&quot;(\\u00d6ZEL HABER) ATALARI G\\u0130B\\u0130 KURU \\u00dcZ\\u00dcM VE EKME\\u011eE TAL\\u0130M ETT\\u0130LER M\\u0130N\\u0130KLER\\u0130N KANT\\u0130N\\u0130 KAPATIP \\u00c7ANAKKALE SAVA\\u015eI MEN\\u00dcS\\u00dc VER\\u0130LD\\u0130 \\u00d6\\u011eRENC\\u0130LER\\u0130N \\u00c7ANAKKALE RUHU \\u0130\\u00c7\\u0130N YAPTI\\u011eI SOKAK R\\u00d6PORTAJINDA \\u0130LG\\u0130N\\u00c7 CEVAPLAR VER\\u0130LD\\u0130&quot;,&quot;orientation&quot;:&quot;0&quot;}\" data-image-title=\"(\u00d6zel Haber) Atalar\u0131 gibi kuru \u00fcz\u00fcm ve ekme\u011fe talim ettiler\" data-image-description=\"&lt;p&gt;(\u00d6zel Haber) Atalar\u0131 gibi kuru \u00fcz\u00fcm ve ekme\u011fe talim ettiler&lt;\/p&gt; \" data-medium-file=\"https:\/\/i0.wp.com\/www.tvturk.com\/wp-content\/uploads\/2019\/03\/ozel-haber-atalari-gibi-kuru-uzum-ve-ekmege-talim-ettiler_9f2a697.jpg?fit=300%2C199\" data-large-file=\"https:\/\/i0.wp.com\/www.tvturk.com\/wp-content\/uploads\/2019\/03\/ozel-haber-atalari-gibi-kuru-uzum-ve-ekmege-talim-ettiler_9f2a697.jpg?fit=1000%2C662\" src=\"https:\/\/i0.wp.com\/www.tvturk.com\/wp-content\/uploads\/2019\/03\/ozel-haber-atalari-gibi-kuru-uzum-ve-ekmege-talim-ettiler_9f2a697.jpg?w=148&#038;h=98\" srcset=\"https:\/\/i0.wp.com\/www.tvturk.com\/wp-content\/uploads\/2019\/03\/ozel-haber-atalari-gibi-kuru-uzum-ve-ekmege-talim-ettiler_9f2a697.jpg?w=1000 1000w, https:\/\/i0.wp.com\/www.tvturk.com\/wp-content\/uploads\/2019\/03\/ozel-haber-atalari-gibi-kuru-uzum-ve-ekmege-talim-ettiler_9f2a697.jpg?resize=150%2C99 150w, https:\/\/i0.wp.com\/www.tvturk.com\/wp-content\/uploads\/2019\/03\/ozel-haber-atalari-gibi-kuru-uzum-ve-ekmege-talim-ettiler_9f2a697.jpg?resize=300%2C200 300w, https:\/\/i0.wp.com\/www.tvturk.com\/wp-content\/uploads\/2019\/03\/ozel-haber-atalari-gibi-kuru-uzum-ve-ekmege-talim-ettiler_9f2a697.jpg?resize=768%2C508 768w, https:\/\/i0.wp.com\/www.tvturk.com\/wp-content\/uploads\/2019\/03\/ozel-haber-atalari-gibi-kuru-uzum-ve-ekmege-talim-ettiler_9f2a697.jpg?resize=170%2C113 170w, https:\/\/i0.wp.com\/www.tvturk.com\/wp-content\/uploads\/2019\/03\/ozel-haber-atalari-gibi-kuru-uzum-ve-ekmege-talim-ettiler_9f2a697.jpg?resize=120%2C80 120w\" width=\"148\" height=\"98\" loading=\"lazy\" data-original-width=\"148\" data-original-height=\"98\" itemprop=\"http:\/\/schema.org\/image\" title=\"(\u00d6zel Haber) Atalar\u0131 gibi kuru \u00fcz\u00fcm ve ekme\u011fe talim ettiler\" alt=\"(\u00d6zel Haber) Atalar\u0131 gibi kuru \u00fcz\u00fcm ve ekme\u011fe talim ettiler\" style=\"width: 148px; height: 98px;\" \/> <\/a> <\/div> <\/div> <!-- close group --> <\/div> <!-- close row --> <div class=\"gallery-row\" style=\"width: 500px; height: 167px;\" data-original-width=\"500\" data-original-height=\"167\" > <div class=\"gallery-group images-1\" style=\"width: 250px; height: 167px;\" data-original-width=\"250\" data-original-height=\"167\" > <div class=\"tiled-gallery-item tiled-gallery-item-small\" itemprop=\"associatedMedia\" itemscope itemtype=\"http:\/\/schema.org\/ImageObject\"> <a href=\"http:\/\/www.tvturk.com\/index.php\/ozel-haber-atalari-gibi-kuru-uzum-ve-ekmege-talim-ettiler\/ozel-haber-atalari-gibi-kuru-uzum-ve-ekmege-talim-ettiler-6\/\" border=\"0\" itemprop=\"url\"> <meta itemprop=\"width\" content=\"246\"> <meta itemprop=\"height\" content=\"163\"> <img decoding=\"async\" class=\"\" data-attachment-id=\"99678\" data-orig-file=\"http:\/\/www.tvturk.com\/wp-content\/uploads\/2019\/03\/ozel-haber-atalari-gibi-kuru-uzum-ve-ekmege-talim-ettiler_f7bb7be.jpg\" data-orig-size=\"1000,661\" data-comments-opened=\"\" data-image-meta=\"{&quot;aperture&quot;:&quot;0&quot;,&quot;credit&quot;:&quot;IHA&quot;,&quot;camera&quot;:&quot;&quot;,&quot;caption&quot;:&quot;DEN\\u0130ZL\\u0130\\u2019DE B\\u0130R ORTAOKULDA \\u00c7ANAKKALE SAVA\\u015eI\\u2019NIN YIL D\\u00d6N\\u00dcM\\u00dcNDE, OKUL KANT\\u0130N\\u0130 KAPATILIP \\u00d6\\u011eRENC\\u0130LERE \\u00d6\\u011e\\u00dcN OLARAK SAVA\\u015eTA T\\u00dcRK ASKER\\u0130N\\u0130N YED\\u0130\\u011e\\u0130 KURU \\u00dcZ\\u00dcM VE \\u0130K\\u0130 PAR\\u00c7A EKMEK VER\\u0130LD\\u0130. K\\u00dc\\u00c7\\u00dcK B\\u0130R PO\\u015eET \\u0130\\u00c7ER\\u0130S\\u0130NDEK\\u0130 \\u00d6\\u011e\\u00dcNLE \\u00d6\\u011eLE YEME\\u011e\\u0130N\\u0130 Y\\u0130YEN \\u00d6\\u011eRENC\\u0130LER, AYNI \\u00d6\\u011e\\u00dcN\\u00dc YAPTIKLARI SOKAK R\\u00d6PORTAJINDA VATANDA\\u015eLARA DA VER\\u0130P BU \\u00d6\\u011e\\u00dcNLE DOYUP DOYAMAYACAKLARINI SORDU. (AL\\u0130 \\u0130B\\u0130LEME\\\/DEN\\u0130ZL\\u0130-\\u0130HA)&quot;,&quot;created_timestamp&quot;:&quot;0&quot;,&quot;copyright&quot;:&quot;\\u0130HLAS HABER AJANSI, www.iha.com.tr&quot;,&quot;focal_length&quot;:&quot;0&quot;,&quot;iso&quot;:&quot;0&quot;,&quot;shutter_speed&quot;:&quot;0&quot;,&quot;title&quot;:&quot;(\\u00d6ZEL HABER) ATALARI G\\u0130B\\u0130 KURU \\u00dcZ\\u00dcM VE EKME\\u011eE TAL\\u0130M ETT\\u0130LER M\\u0130N\\u0130KLER\\u0130N KANT\\u0130N\\u0130 KAPATIP \\u00c7ANAKKALE SAVA\\u015eI MEN\\u00dcS\\u00dc VER\\u0130LD\\u0130 \\u00d6\\u011eRENC\\u0130LER\\u0130N \\u00c7ANAKKALE RUHU \\u0130\\u00c7\\u0130N YAPTI\\u011eI SOKAK R\\u00d6PORTAJINDA \\u0130LG\\u0130N\\u00c7 CEVAPLAR VER\\u0130LD\\u0130&quot;,&quot;orientation&quot;:&quot;0&quot;}\" data-image-title=\"(\u00d6zel Haber) Atalar\u0131 gibi kuru \u00fcz\u00fcm ve ekme\u011fe talim ettiler\" data-image-description=\"&lt;p&gt;(\u00d6zel Haber) Atalar\u0131 gibi kuru \u00fcz\u00fcm ve ekme\u011fe talim ettiler&lt;\/p&gt; \" data-medium-file=\"https:\/\/i0.wp.com\/www.tvturk.com\/wp-content\/uploads\/2019\/03\/ozel-haber-atalari-gibi-kuru-uzum-ve-ekmege-talim-ettiler_f7bb7be.jpg?fit=300%2C198\" data-large-file=\"https:\/\/i0.wp.com\/www.tvturk.com\/wp-content\/uploads\/2019\/03\/ozel-haber-atalari-gibi-kuru-uzum-ve-ekmege-talim-ettiler_f7bb7be.jpg?fit=1000%2C661\" src=\"https:\/\/i0.wp.com\/www.tvturk.com\/wp-content\/uploads\/2019\/03\/ozel-haber-atalari-gibi-kuru-uzum-ve-ekmege-talim-ettiler_f7bb7be.jpg?w=246&#038;h=163\" srcset=\"https:\/\/i0.wp.com\/www.tvturk.com\/wp-content\/uploads\/2019\/03\/ozel-haber-atalari-gibi-kuru-uzum-ve-ekmege-talim-ettiler_f7bb7be.jpg?w=1000 1000w, https:\/\/i0.wp.com\/www.tvturk.com\/wp-content\/uploads\/2019\/03\/ozel-haber-atalari-gibi-kuru-uzum-ve-ekmege-talim-ettiler_f7bb7be.jpg?resize=150%2C99 150w, https:\/\/i0.wp.com\/www.tvturk.com\/wp-content\/uploads\/2019\/03\/ozel-haber-atalari-gibi-kuru-uzum-ve-ekmege-talim-ettiler_f7bb7be.jpg?resize=300%2C200 300w, https:\/\/i0.wp.com\/www.tvturk.com\/wp-content\/uploads\/2019\/03\/ozel-haber-atalari-gibi-kuru-uzum-ve-ekmege-talim-ettiler_f7bb7be.jpg?resize=768%2C508 768w, https:\/\/i0.wp.com\/www.tvturk.com\/wp-content\/uploads\/2019\/03\/ozel-haber-atalari-gibi-kuru-uzum-ve-ekmege-talim-ettiler_f7bb7be.jpg?resize=170%2C113 170w, https:\/\/i0.wp.com\/www.tvturk.com\/wp-content\/uploads\/2019\/03\/ozel-haber-atalari-gibi-kuru-uzum-ve-ekmege-talim-ettiler_f7bb7be.jpg?resize=120%2C80 120w\" width=\"246\" height=\"163\" loading=\"lazy\" data-original-width=\"246\" data-original-height=\"163\" itemprop=\"http:\/\/schema.org\/image\" title=\"(\u00d6zel Haber) Atalar\u0131 gibi kuru \u00fcz\u00fcm ve ekme\u011fe talim ettiler\" alt=\"(\u00d6zel Haber) Atalar\u0131 gibi kuru \u00fcz\u00fcm ve ekme\u011fe talim ettiler\" style=\"width: 246px; height: 163px;\" \/> <\/a> <\/div> <\/div> <!-- close group --> <div class=\"gallery-group images-1\" style=\"width: 250px; height: 167px;\" data-original-width=\"250\" data-original-height=\"167\" > <div class=\"tiled-gallery-item tiled-gallery-item-small\" itemprop=\"associatedMedia\" itemscope itemtype=\"http:\/\/schema.org\/ImageObject\"> <a href=\"http:\/\/www.tvturk.com\/index.php\/ozel-haber-atalari-gibi-kuru-uzum-ve-ekmege-talim-ettiler\/ozel-haber-atalari-gibi-kuru-uzum-ve-ekmege-talim-ettiler-7\/\" border=\"0\" itemprop=\"url\"> <meta itemprop=\"width\" content=\"246\"> <meta itemprop=\"height\" content=\"163\"> <img decoding=\"async\" class=\"\" data-attachment-id=\"99679\" data-orig-file=\"http:\/\/www.tvturk.com\/wp-content\/uploads\/2019\/03\/ozel-haber-atalari-gibi-kuru-uzum-ve-ekmege-talim-ettiler_0a4780f.jpg\" data-orig-size=\"1000,662\" data-comments-opened=\"\" data-image-meta=\"{&quot;aperture&quot;:&quot;0&quot;,&quot;credit&quot;:&quot;IHA&quot;,&quot;camera&quot;:&quot;&quot;,&quot;caption&quot;:&quot;DEN\\u0130ZL\\u0130\\u2019DE B\\u0130R ORTAOKULDA \\u00c7ANAKKALE SAVA\\u015eI\\u2019NIN YIL D\\u00d6N\\u00dcM\\u00dcNDE, OKUL KANT\\u0130N\\u0130 KAPATILIP \\u00d6\\u011eRENC\\u0130LERE \\u00d6\\u011e\\u00dcN OLARAK SAVA\\u015eTA T\\u00dcRK ASKER\\u0130N\\u0130N YED\\u0130\\u011e\\u0130 KURU \\u00dcZ\\u00dcM VE \\u0130K\\u0130 PAR\\u00c7A EKMEK VER\\u0130LD\\u0130. K\\u00dc\\u00c7\\u00dcK B\\u0130R PO\\u015eET \\u0130\\u00c7ER\\u0130S\\u0130NDEK\\u0130 \\u00d6\\u011e\\u00dcNLE \\u00d6\\u011eLE YEME\\u011e\\u0130N\\u0130 Y\\u0130YEN \\u00d6\\u011eRENC\\u0130LER, AYNI \\u00d6\\u011e\\u00dcN\\u00dc YAPTIKLARI SOKAK R\\u00d6PORTAJINDA VATANDA\\u015eLARA DA VER\\u0130P BU \\u00d6\\u011e\\u00dcNLE DOYUP DOYAMAYACAKLARINI SORDU. (AL\\u0130 \\u0130B\\u0130LEME\\\/DEN\\u0130ZL\\u0130-\\u0130HA)&quot;,&quot;created_timestamp&quot;:&quot;0&quot;,&quot;copyright&quot;:&quot;\\u0130HLAS HABER AJANSI, www.iha.com.tr&quot;,&quot;focal_length&quot;:&quot;0&quot;,&quot;iso&quot;:&quot;0&quot;,&quot;shutter_speed&quot;:&quot;0&quot;,&quot;title&quot;:&quot;(\\u00d6ZEL HABER) ATALARI G\\u0130B\\u0130 KURU \\u00dcZ\\u00dcM VE EKME\\u011eE TAL\\u0130M ETT\\u0130LER M\\u0130N\\u0130KLER\\u0130N KANT\\u0130N\\u0130 KAPATIP \\u00c7ANAKKALE SAVA\\u015eI MEN\\u00dcS\\u00dc VER\\u0130LD\\u0130 \\u00d6\\u011eRENC\\u0130LER\\u0130N \\u00c7ANAKKALE RUHU \\u0130\\u00c7\\u0130N YAPTI\\u011eI SOKAK R\\u00d6PORTAJINDA \\u0130LG\\u0130N\\u00c7 CEVAPLAR VER\\u0130LD\\u0130&quot;,&quot;orientation&quot;:&quot;0&quot;}\" data-image-title=\"(\u00d6zel Haber) Atalar\u0131 gibi kuru \u00fcz\u00fcm ve ekme\u011fe talim ettiler\" data-image-description=\"&lt;p&gt;(\u00d6zel Haber) Atalar\u0131 gibi kuru \u00fcz\u00fcm ve ekme\u011fe talim ettiler&lt;\/p&gt; \" data-medium-file=\"https:\/\/i0.wp.com\/www.tvturk.com\/wp-content\/uploads\/2019\/03\/ozel-haber-atalari-gibi-kuru-uzum-ve-ekmege-talim-ettiler_0a4780f.jpg?fit=300%2C199\" data-large-file=\"https:\/\/i0.wp.com\/www.tvturk.com\/wp-content\/uploads\/2019\/03\/ozel-haber-atalari-gibi-kuru-uzum-ve-ekmege-talim-ettiler_0a4780f.jpg?fit=1000%2C662\" src=\"https:\/\/i0.wp.com\/www.tvturk.com\/wp-content\/uploads\/2019\/03\/ozel-haber-atalari-gibi-kuru-uzum-ve-ekmege-talim-ettiler_0a4780f.jpg?w=246&#038;h=163\" srcset=\"https:\/\/i0.wp.com\/www.tvturk.com\/wp-content\/uploads\/2019\/03\/ozel-haber-atalari-gibi-kuru-uzum-ve-ekmege-talim-ettiler_0a4780f.jpg?w=1000 1000w, https:\/\/i0.wp.com\/www.tvturk.com\/wp-content\/uploads\/2019\/03\/ozel-haber-atalari-gibi-kuru-uzum-ve-ekmege-talim-ettiler_0a4780f.jpg?resize=150%2C99 150w, https:\/\/i0.wp.com\/www.tvturk.com\/wp-content\/uploads\/2019\/03\/ozel-haber-atalari-gibi-kuru-uzum-ve-ekmege-talim-ettiler_0a4780f.jpg?resize=300%2C200 300w, https:\/\/i0.wp.com\/www.tvturk.com\/wp-content\/uploads\/2019\/03\/ozel-haber-atalari-gibi-kuru-uzum-ve-ekmege-talim-ettiler_0a4780f.jpg?resize=768%2C508 768w, https:\/\/i0.wp.com\/www.tvturk.com\/wp-content\/uploads\/2019\/03\/ozel-haber-atalari-gibi-kuru-uzum-ve-ekmege-talim-ettiler_0a4780f.jpg?resize=170%2C113 170w, https:\/\/i0.wp.com\/www.tvturk.com\/wp-content\/uploads\/2019\/03\/ozel-haber-atalari-gibi-kuru-uzum-ve-ekmege-talim-ettiler_0a4780f.jpg?resize=120%2C80 120w\" width=\"246\" height=\"163\" loading=\"lazy\" data-original-width=\"246\" data-original-height=\"163\" itemprop=\"http:\/\/schema.org\/image\" title=\"(\u00d6zel Haber) Atalar\u0131 gibi kuru \u00fcz\u00fcm ve ekme\u011fe talim ettiler\" alt=\"(\u00d6zel Haber) Atalar\u0131 gibi kuru \u00fcz\u00fcm ve ekme\u011fe talim ettiler\" style=\"width: 246px; height: 163px;\" \/> <\/a> <\/div> <\/div> <!-- close group --> <\/div> <!-- close row --> <\/div><\/p>\n","protected":false},"excerpt":{"rendered":"<p>DEN\u0130ZL\u0130\u2019DE B\u0130R ORTAOKULDA \u00c7ANAKKALE SAVA\u015eI\u2019NIN YIL D\u00d6N\u00dcM\u00dcNDE, OKUL KANT\u0130N\u0130 KAPATILIP \u00d6\u011eRENC\u0130LERE \u00d6\u011e\u00dcN OLARAK SAVA\u015eTA T\u00dcRK ASKER\u0130N\u0130N YED\u0130\u011e\u0130 KURU \u00dcZ\u00dcM VE \u0130K\u0130 PAR\u00c7A EKMEK VER\u0130LD\u0130. K\u00dc\u00c7\u00dcK B\u0130R PO\u015eET \u0130\u00c7ER\u0130S\u0130NDEK\u0130 \u00d6\u011e\u00dcNLE \u00d6\u011eLE YEME\u011e\u0130N\u0130 Y\u0130YEN \u00d6\u011eRENC\u0130LER, AYNI \u00d6\u011e\u00dcN\u00dc YAPTIKLARI SOKAK R\u00d6PORTAJINDA VATANDA\u015eLARA DA VER\u0130P BU \u00d6\u011e\u00dcNLE DOYUP DOYAMAYACAKLARINI SORDU.<\/p>\n","protected":false},"author":1,"featured_media":99674,"comment_status":"closed","ping_status":"open","sticky":false,"template":"","format":"standard","meta":{"jetpack_post_was_ever_published":false,"_jetpack_newsletter_access":"","_jetpack_dont_email_post_to_subs":false,"_jetpack_newsletter_tier_id":0,"_jetpack_memberships_contains_paywalled_content":false,"_jetpack_memberships_contains_paid_content":false,"footnotes":"","jetpack_publicize_message":"","jetpack_publicize_feature_enabled":true,"jetpack_social_post_already_shared":true,"jetpack_social_options":{"image_generator_settings":{"template":"highway","default_image_id":0,"font":"","enabled":false},"version":2}},"categories":[1],"tags":[1073,25815,25816,2739,981,1545,6361,24057,1108],"class_list":["post-99673","post","type-post","status-publish","format-standard","has-post-thumbnail","hentry","category-genel","tag-ozel","tag-atalari","tag-ekmege","tag-ettiler","tag-gibi","tag-haber","tag-kuru","tag-talim","tag-uzum"],"jetpack_publicize_connections":[],"jetpack_featured_media_url":"https:\/\/i0.wp.com\/www.tvturk.com\/wp-content\/uploads\/2019\/03\/ozel-haber-atalari-gibi-kuru-uzum-ve-ekmege-talim-ettiler_7c9349c.jpg?fit=1000%2C662","jetpack_sharing_enabled":true,"jetpack_shortlink":"https:\/\/wp.me\/paKIfm-pVD","_links":{"self":[{"href":"http:\/\/www.tvturk.com\/index.php\/wp-json\/wp\/v2\/posts\/99673","targetHints":{"allow":["GET"]}}],"collection":[{"href":"http:\/\/www.tvturk.com\/index.php\/wp-json\/wp\/v2\/posts"}],"about":[{"href":"http:\/\/www.tvturk.com\/index.php\/wp-json\/wp\/v2\/types\/post"}],"author":[{"embeddable":true,"href":"http:\/\/www.tvturk.com\/index.php\/wp-json\/wp\/v2\/users\/1"}],"replies":[{"embeddable":true,"href":"http:\/\/www.tvturk.com\/index.php\/wp-json\/wp\/v2\/comments?post=99673"}],"version-history":[{"count":1,"href":"http:\/\/www.tvturk.com\/index.php\/wp-json\/wp\/v2\/posts\/99673\/revisions"}],"predecessor-version":[{"id":99680,"href":"http:\/\/www.tvturk.com\/index.php\/wp-json\/wp\/v2\/posts\/99673\/revisions\/99680"}],"wp:featuredmedia":[{"embeddable":true,"href":"http:\/\/www.tvturk.com\/index.php\/wp-json\/wp\/v2\/media\/99674"}],"wp:attachment":[{"href":"http:\/\/www.tvturk.com\/index.php\/wp-json\/wp\/v2\/media?parent=99673"}],"wp:term":[{"taxonomy":"category","embeddable":true,"href":"http:\/\/www.tvturk.com\/index.php\/wp-json\/wp\/v2\/categories?post=99673"},{"taxonomy":"post_tag","embeddable":true,"href":"http:\/\/www.tvturk.com\/index.php\/wp-json\/wp\/v2\/tags?post=99673"}],"curies":[{"name":"wp","href":"https:\/\/api.w.org\/{rel}","templated":true}]}}