{"id":99763,"date":"2019-03-18T14:36:03","date_gmt":"2019-03-18T11:36:03","guid":{"rendered":"http:\/\/www.tvturk.com\/index.php\/cebeci-sehitliginde-gozyaslari-sel-oldu\/"},"modified":"2019-03-18T14:36:16","modified_gmt":"2019-03-18T11:36:16","slug":"cebeci-sehitliginde-gozyaslari-sel-oldu","status":"publish","type":"post","link":"http:\/\/www.tvturk.com\/index.php\/cebeci-sehitliginde-gozyaslari-sel-oldu\/","title":{"rendered":"Cebeci \u015fehitli\u011finde g\u00f6zya\u015flar\u0131 sel oldu"},"content":{"rendered":"<p>Ankara\u2019da 18 Mart \u00c7anakkale Deniz Zaferi\u2019nin 104\u2019\u00fcnc\u00fc y\u0131l d\u00f6n\u00fcm\u00fc ve \u015eehitleri Anma G\u00fcn\u00fc dolay\u0131s\u0131yla Cebeci askeri \u015fehitli\u011finde d\u00fczenlenen t\u00f6rende g\u00f6zya\u015flar\u0131 sel oldu.<\/p>\n<p>Cebeci \u015fehitli\u011finde 18 Mart \u00c7anakkale Deniz Zaferi ve \u015eehitleri Anma G\u00fcn\u00fc kapsam\u0131nda t\u00f6ren d\u00fczenlendi. Ankara Valisi Vasip \u015eahin g\u00fcn\u00fcn anlam ve \u00f6nemine ili\u015fkin konu\u015fma yapt\u0131. Program sayg\u0131 duru\u015funun ard\u0131ndan okunan \u0130stiklal Mar\u015f\u0131 ve sonras\u0131nda sayg\u0131 at\u0131\u015f\u0131n\u0131n yap\u0131lmas\u0131yla ba\u015flad\u0131. Uzman \u0130mam Hatip Yahya \u00c7elik\u2019in Kur\u2019an-\u0131 Kerim tilavetinin ard\u0131ndan Ankara M\u00fcft\u00fcs\u00fc Mehmet S\u00f6nmezo\u011flu da t\u00fcm \u015fehitler i\u00e7in dua etti. Vali \u015eahin, \u015fehitlik \u00f6zel defterini imzalad\u0131, ard\u0131ndan \u015fehit mezarlar\u0131 gezildi. Vali \u015eahin\u2019in yan\u0131 s\u0131ra, 4. Kolordu ve Ankara Garnizon Komutan\u0131 Ali Sivri, Ankara \u0130l Emniyet M\u00fcd\u00fcr\u00fc Servet Y\u0131lmaz, Ankara B\u00fcy\u00fck\u015fehir Belediye Ba\u015fkan\u0131 Mustafa Tuna, b\u00fcrokratlar ve \u015fehit aileleri t\u00f6rene kat\u0131ld\u0131.<\/p>\n<p>\u201cT\u00fckenmez g\u00fcc\u00fcm\u00fcze ilham kayna\u011f\u0131 oldunuz\u201d<\/p>\n<p>Vali \u015eahin, imzalad\u0131\u011f\u0131 \u015feref defterinde, \u201cAziz \u015fehitlerimiz, vatan\u0131n b\u00f6l\u00fcnmez b\u00fct\u00fcnl\u00fc\u011f\u00fc toplumun huzur ve g\u00fcvenli\u011finin temini i\u00e7in can\u0131 pahas\u0131na sava\u015farak \u015fehadet \u015ferbeti i\u00e7in siz aziz \u015fehitlerimize en derin minnet ve \u015f\u00fckranlar\u0131m\u0131z\u0131 iletiyoruz. Sizler vatan\u0131m\u0131z\u0131n her kar\u0131\u015f topra\u011f\u0131n\u0131 son damla kan\u0131n\u0131zla sulayarak, bu vatan\u0131 bize emanet ettiniz. G\u00f6sterdi\u011finiz kahramanl\u0131klarla T\u00fcrkiye Cumhuriyetine y\u00f6neltilecek her t\u00fcrl\u00fc tehdide kar\u015f\u0131 verece\u011fimiz m\u00fccadelede sars\u0131lmaz inanc\u0131m\u0131za ve t\u00fckenmez g\u00fcc\u00fcm\u00fcze ilham kayna\u011f\u0131 oldunuz\u201d dedi.<\/p>\n<p>\u201cT\u00fcm yokluk ve imkans\u0131zl\u0131klara kazan\u0131lan zafer\u201d<\/p>\n<p>G\u00fcn\u00fcn anlam ve \u00f6nemine ili\u015fkin konu\u015fmas\u0131 Muharebe Y\u00fczba\u015f\u0131 Arda G\u00fcrhan yapt\u0131. G\u00fcrhan, \u201cT\u00fcm yokluk ve imkans\u0131zl\u0131klara ra\u011fmen milletimizin kahraman evlatlar\u0131n\u0131, \u015fehadeti ve  gazili\u011fi pahas\u0131na kazan\u0131lan bu zafer, \u0130stiklal Harbimize nihayetinde T\u00fcrkiye Cumhuriyetine giden bu yolda \u00e7ok \u00f6nemli bir kilometre ta\u015f\u0131 olmu\u015ftur. \u015eanl\u0131 tarihimizde t\u00fcm g\u00f6rkemiyle yerini alan, azmin, fedakarl\u0131\u011f\u0131n ve say\u0131s\u0131z emsallerinin g\u00f6sterildi\u011fi \u00c7anakkale Sava\u015f\u0131 vatan\u0131n b\u00fct\u00fcnl\u00fc\u011f\u00fc ve ba\u011f\u0131ms\u0131zl\u0131\u011f\u0131 s\u00f6z konusu olunca T\u00fcrk milletinin vatan\u0131 i\u00e7in hangi zorluklara g\u00f6\u011f\u00fcs gerebilece\u011finin en g\u00fczel \u00f6rneklerinden birisidir\u201d diye konu\u015ftu.<div class=\"tiled-gallery type-rectangular tiled-gallery-unresized\" data-original-width=\"500\" data-carousel-extra='null' itemscope itemtype=\"http:\/\/schema.org\/ImageGallery\" > <div class=\"gallery-row\" style=\"width: 500px; height: 224px;\" data-original-width=\"500\" data-original-height=\"224\" > <div class=\"gallery-group images-1\" style=\"width: 334px; height: 224px;\" data-original-width=\"334\" data-original-height=\"224\" > <div class=\"tiled-gallery-item tiled-gallery-item-large\" itemprop=\"associatedMedia\" itemscope itemtype=\"http:\/\/schema.org\/ImageObject\"> <a href=\"http:\/\/www.tvturk.com\/index.php\/cebeci-sehitliginde-gozyaslari-sel-oldu\/cebeci-sehitliginde-gozyaslari-sel-oldu-3\/\" border=\"0\" itemprop=\"url\"> <meta itemprop=\"width\" content=\"330\"> <meta itemprop=\"height\" content=\"220\"> <img decoding=\"async\" class=\"\" data-attachment-id=\"99765\" data-orig-file=\"http:\/\/www.tvturk.com\/wp-content\/uploads\/2019\/03\/cebeci-sehitliginde-gozyaslari-sel-oldu_bcd5962.jpg\" data-orig-size=\"1000,666\" data-comments-opened=\"\" data-image-meta=\"{&quot;aperture&quot;:&quot;0&quot;,&quot;credit&quot;:&quot;IHA&quot;,&quot;camera&quot;:&quot;&quot;,&quot;caption&quot;:&quot;ANKARA\\u2019DA 18 MART \\u00c7ANAKKELE DEN\\u0130Z ZAFER\\u0130 VE \\u015eEH\\u0130TLER\\u0130 ANMA G\\u00dcN\\u00dc\\u2019N\\u00dcN 104\\u2019\\u00dcNC\\u00dc YIL D\\u00d6N\\u00dcM\\u00dcNDE CEBEC\\u0130 ASKER\\u0130 \\u015eEH\\u0130TL\\u0130\\u011e\\u0130NDE D\\u00dcZENLENEN T\\u00d6RENDE G\\u00d6Z YA\\u015eLARI SEL OLDU. (\\u0130RFAN \\u00c7ALI\\u015eKAN\\\/ANKARA-\\u0130HA)&quot;,&quot;created_timestamp&quot;:&quot;0&quot;,&quot;copyright&quot;:&quot;\\u0130HLAS HABER AJANSI, www.iha.com.tr&quot;,&quot;focal_length&quot;:&quot;0&quot;,&quot;iso&quot;:&quot;0&quot;,&quot;shutter_speed&quot;:&quot;0&quot;,&quot;title&quot;:&quot;CEBEC\\u0130 \\u015eEH\\u0130TL\\u0130\\u011e\\u0130NDE G\\u00d6ZYA\\u015eLARI SEL OLDU \\u00c7ANAKKALE \\u015eEH\\u0130TLER\\u0130 CEBEC\\u0130 \\u015eEH\\u0130TL\\u0130\\u011e\\u0130NDE D\\u00dcZENLENEN T\\u00d6RENLE ANILDI&quot;,&quot;orientation&quot;:&quot;0&quot;}\" data-image-title=\"Cebeci \u015fehitli\u011finde g\u00f6zya\u015flar\u0131 sel oldu\" data-image-description=\"&lt;p&gt;Cebeci \u015fehitli\u011finde g\u00f6zya\u015flar\u0131 sel oldu&lt;\/p&gt; \" data-medium-file=\"https:\/\/i0.wp.com\/www.tvturk.com\/wp-content\/uploads\/2019\/03\/cebeci-sehitliginde-gozyaslari-sel-oldu_bcd5962.jpg?fit=300%2C200\" data-large-file=\"https:\/\/i0.wp.com\/www.tvturk.com\/wp-content\/uploads\/2019\/03\/cebeci-sehitliginde-gozyaslari-sel-oldu_bcd5962.jpg?fit=1000%2C666\" src=\"https:\/\/i0.wp.com\/www.tvturk.com\/wp-content\/uploads\/2019\/03\/cebeci-sehitliginde-gozyaslari-sel-oldu_bcd5962.jpg?w=330&#038;h=220\" srcset=\"https:\/\/i0.wp.com\/www.tvturk.com\/wp-content\/uploads\/2019\/03\/cebeci-sehitliginde-gozyaslari-sel-oldu_bcd5962.jpg?w=1000 1000w, https:\/\/i0.wp.com\/www.tvturk.com\/wp-content\/uploads\/2019\/03\/cebeci-sehitliginde-gozyaslari-sel-oldu_bcd5962.jpg?resize=150%2C100 150w, https:\/\/i0.wp.com\/www.tvturk.com\/wp-content\/uploads\/2019\/03\/cebeci-sehitliginde-gozyaslari-sel-oldu_bcd5962.jpg?resize=300%2C200 300w, https:\/\/i0.wp.com\/www.tvturk.com\/wp-content\/uploads\/2019\/03\/cebeci-sehitliginde-gozyaslari-sel-oldu_bcd5962.jpg?resize=768%2C511 768w, https:\/\/i0.wp.com\/www.tvturk.com\/wp-content\/uploads\/2019\/03\/cebeci-sehitliginde-gozyaslari-sel-oldu_bcd5962.jpg?resize=170%2C113 170w, https:\/\/i0.wp.com\/www.tvturk.com\/wp-content\/uploads\/2019\/03\/cebeci-sehitliginde-gozyaslari-sel-oldu_bcd5962.jpg?resize=120%2C80 120w\" width=\"330\" height=\"220\" loading=\"lazy\" data-original-width=\"330\" data-original-height=\"220\" itemprop=\"http:\/\/schema.org\/image\" title=\"Cebeci \u015fehitli\u011finde g\u00f6zya\u015flar\u0131 sel oldu\" alt=\"Cebeci \u015fehitli\u011finde g\u00f6zya\u015flar\u0131 sel oldu\" style=\"width: 330px; height: 220px;\" \/> <\/a> <\/div> <\/div> <!-- close group --> <div class=\"gallery-group images-2\" style=\"width: 166px; height: 224px;\" data-original-width=\"166\" data-original-height=\"224\" > <div class=\"tiled-gallery-item tiled-gallery-item-small\" itemprop=\"associatedMedia\" itemscope itemtype=\"http:\/\/schema.org\/ImageObject\"> <a href=\"http:\/\/www.tvturk.com\/index.php\/cebeci-sehitliginde-gozyaslari-sel-oldu\/cebeci-sehitliginde-gozyaslari-sel-oldu-4\/\" border=\"0\" itemprop=\"url\"> <meta itemprop=\"width\" content=\"162\"> <meta itemprop=\"height\" content=\"108\"> <img decoding=\"async\" class=\"\" data-attachment-id=\"99766\" data-orig-file=\"http:\/\/www.tvturk.com\/wp-content\/uploads\/2019\/03\/cebeci-sehitliginde-gozyaslari-sel-oldu_f75ad23.jpg\" data-orig-size=\"1000,666\" data-comments-opened=\"\" data-image-meta=\"{&quot;aperture&quot;:&quot;0&quot;,&quot;credit&quot;:&quot;IHA&quot;,&quot;camera&quot;:&quot;&quot;,&quot;caption&quot;:&quot;ANKARA\\u2019DA 18 MART \\u00c7ANAKKELE DEN\\u0130Z ZAFER\\u0130 VE \\u015eEH\\u0130TLER\\u0130 ANMA G\\u00dcN\\u00dc\\u2019N\\u00dcN 104\\u2019\\u00dcNC\\u00dc YIL D\\u00d6N\\u00dcM\\u00dcNDE CEBEC\\u0130 ASKER\\u0130 \\u015eEH\\u0130TL\\u0130\\u011e\\u0130NDE D\\u00dcZENLENEN T\\u00d6RENDE G\\u00d6Z YA\\u015eLARI SEL OLDU. (\\u0130RFAN \\u00c7ALI\\u015eKAN\\\/ANKARA-\\u0130HA)&quot;,&quot;created_timestamp&quot;:&quot;0&quot;,&quot;copyright&quot;:&quot;\\u0130HLAS HABER AJANSI, www.iha.com.tr&quot;,&quot;focal_length&quot;:&quot;0&quot;,&quot;iso&quot;:&quot;0&quot;,&quot;shutter_speed&quot;:&quot;0&quot;,&quot;title&quot;:&quot;CEBEC\\u0130 \\u015eEH\\u0130TL\\u0130\\u011e\\u0130NDE G\\u00d6ZYA\\u015eLARI SEL OLDU \\u00c7ANAKKALE \\u015eEH\\u0130TLER\\u0130 CEBEC\\u0130 \\u015eEH\\u0130TL\\u0130\\u011e\\u0130NDE D\\u00dcZENLENEN T\\u00d6RENLE ANILDI&quot;,&quot;orientation&quot;:&quot;0&quot;}\" data-image-title=\"Cebeci \u015fehitli\u011finde g\u00f6zya\u015flar\u0131 sel oldu\" data-image-description=\"&lt;p&gt;Cebeci \u015fehitli\u011finde g\u00f6zya\u015flar\u0131 sel oldu&lt;\/p&gt; \" data-medium-file=\"https:\/\/i0.wp.com\/www.tvturk.com\/wp-content\/uploads\/2019\/03\/cebeci-sehitliginde-gozyaslari-sel-oldu_f75ad23.jpg?fit=300%2C200\" data-large-file=\"https:\/\/i0.wp.com\/www.tvturk.com\/wp-content\/uploads\/2019\/03\/cebeci-sehitliginde-gozyaslari-sel-oldu_f75ad23.jpg?fit=1000%2C666\" src=\"https:\/\/i0.wp.com\/www.tvturk.com\/wp-content\/uploads\/2019\/03\/cebeci-sehitliginde-gozyaslari-sel-oldu_f75ad23.jpg?w=162&#038;h=108\" srcset=\"https:\/\/i0.wp.com\/www.tvturk.com\/wp-content\/uploads\/2019\/03\/cebeci-sehitliginde-gozyaslari-sel-oldu_f75ad23.jpg?w=1000 1000w, https:\/\/i0.wp.com\/www.tvturk.com\/wp-content\/uploads\/2019\/03\/cebeci-sehitliginde-gozyaslari-sel-oldu_f75ad23.jpg?resize=150%2C100 150w, https:\/\/i0.wp.com\/www.tvturk.com\/wp-content\/uploads\/2019\/03\/cebeci-sehitliginde-gozyaslari-sel-oldu_f75ad23.jpg?resize=300%2C200 300w, https:\/\/i0.wp.com\/www.tvturk.com\/wp-content\/uploads\/2019\/03\/cebeci-sehitliginde-gozyaslari-sel-oldu_f75ad23.jpg?resize=768%2C511 768w, https:\/\/i0.wp.com\/www.tvturk.com\/wp-content\/uploads\/2019\/03\/cebeci-sehitliginde-gozyaslari-sel-oldu_f75ad23.jpg?resize=170%2C113 170w, https:\/\/i0.wp.com\/www.tvturk.com\/wp-content\/uploads\/2019\/03\/cebeci-sehitliginde-gozyaslari-sel-oldu_f75ad23.jpg?resize=120%2C80 120w\" width=\"162\" height=\"108\" loading=\"lazy\" data-original-width=\"162\" data-original-height=\"108\" itemprop=\"http:\/\/schema.org\/image\" title=\"Cebeci \u015fehitli\u011finde g\u00f6zya\u015flar\u0131 sel oldu\" alt=\"Cebeci \u015fehitli\u011finde g\u00f6zya\u015flar\u0131 sel oldu\" style=\"width: 162px; height: 108px;\" \/> <\/a> <\/div> <div class=\"tiled-gallery-item tiled-gallery-item-small\" itemprop=\"associatedMedia\" itemscope itemtype=\"http:\/\/schema.org\/ImageObject\"> <a href=\"http:\/\/www.tvturk.com\/index.php\/cebeci-sehitliginde-gozyaslari-sel-oldu\/cebeci-sehitliginde-gozyaslari-sel-oldu-5\/\" border=\"0\" itemprop=\"url\"> <meta itemprop=\"width\" content=\"162\"> <meta itemprop=\"height\" content=\"108\"> <img decoding=\"async\" class=\"\" data-attachment-id=\"99767\" data-orig-file=\"http:\/\/www.tvturk.com\/wp-content\/uploads\/2019\/03\/cebeci-sehitliginde-gozyaslari-sel-oldu_135b436.jpg\" data-orig-size=\"1000,666\" data-comments-opened=\"\" data-image-meta=\"{&quot;aperture&quot;:&quot;0&quot;,&quot;credit&quot;:&quot;IHA&quot;,&quot;camera&quot;:&quot;&quot;,&quot;caption&quot;:&quot;ANKARA\\u2019DA 18 MART \\u00c7ANAKKELE DEN\\u0130Z ZAFER\\u0130 VE \\u015eEH\\u0130TLER\\u0130 ANMA G\\u00dcN\\u00dc\\u2019N\\u00dcN 104\\u2019\\u00dcNC\\u00dc YIL D\\u00d6N\\u00dcM\\u00dcNDE CEBEC\\u0130 ASKER\\u0130 \\u015eEH\\u0130TL\\u0130\\u011e\\u0130NDE D\\u00dcZENLENEN T\\u00d6RENDE G\\u00d6Z YA\\u015eLARI SEL OLDU. (\\u0130RFAN \\u00c7ALI\\u015eKAN\\\/ANKARA-\\u0130HA)&quot;,&quot;created_timestamp&quot;:&quot;0&quot;,&quot;copyright&quot;:&quot;\\u0130HLAS HABER AJANSI, www.iha.com.tr&quot;,&quot;focal_length&quot;:&quot;0&quot;,&quot;iso&quot;:&quot;0&quot;,&quot;shutter_speed&quot;:&quot;0&quot;,&quot;title&quot;:&quot;CEBEC\\u0130 \\u015eEH\\u0130TL\\u0130\\u011e\\u0130NDE G\\u00d6ZYA\\u015eLARI SEL OLDU \\u00c7ANAKKALE \\u015eEH\\u0130TLER\\u0130 CEBEC\\u0130 \\u015eEH\\u0130TL\\u0130\\u011e\\u0130NDE D\\u00dcZENLENEN T\\u00d6RENLE ANILDI&quot;,&quot;orientation&quot;:&quot;0&quot;}\" data-image-title=\"Cebeci \u015fehitli\u011finde g\u00f6zya\u015flar\u0131 sel oldu\" data-image-description=\"&lt;p&gt;Cebeci \u015fehitli\u011finde g\u00f6zya\u015flar\u0131 sel oldu&lt;\/p&gt; \" data-medium-file=\"https:\/\/i0.wp.com\/www.tvturk.com\/wp-content\/uploads\/2019\/03\/cebeci-sehitliginde-gozyaslari-sel-oldu_135b436.jpg?fit=300%2C200\" data-large-file=\"https:\/\/i0.wp.com\/www.tvturk.com\/wp-content\/uploads\/2019\/03\/cebeci-sehitliginde-gozyaslari-sel-oldu_135b436.jpg?fit=1000%2C666\" src=\"https:\/\/i0.wp.com\/www.tvturk.com\/wp-content\/uploads\/2019\/03\/cebeci-sehitliginde-gozyaslari-sel-oldu_135b436.jpg?w=162&#038;h=108\" srcset=\"https:\/\/i0.wp.com\/www.tvturk.com\/wp-content\/uploads\/2019\/03\/cebeci-sehitliginde-gozyaslari-sel-oldu_135b436.jpg?w=1000 1000w, https:\/\/i0.wp.com\/www.tvturk.com\/wp-content\/uploads\/2019\/03\/cebeci-sehitliginde-gozyaslari-sel-oldu_135b436.jpg?resize=150%2C100 150w, https:\/\/i0.wp.com\/www.tvturk.com\/wp-content\/uploads\/2019\/03\/cebeci-sehitliginde-gozyaslari-sel-oldu_135b436.jpg?resize=300%2C200 300w, https:\/\/i0.wp.com\/www.tvturk.com\/wp-content\/uploads\/2019\/03\/cebeci-sehitliginde-gozyaslari-sel-oldu_135b436.jpg?resize=768%2C511 768w, https:\/\/i0.wp.com\/www.tvturk.com\/wp-content\/uploads\/2019\/03\/cebeci-sehitliginde-gozyaslari-sel-oldu_135b436.jpg?resize=170%2C113 170w, https:\/\/i0.wp.com\/www.tvturk.com\/wp-content\/uploads\/2019\/03\/cebeci-sehitliginde-gozyaslari-sel-oldu_135b436.jpg?resize=120%2C80 120w\" width=\"162\" height=\"108\" loading=\"lazy\" data-original-width=\"162\" data-original-height=\"108\" itemprop=\"http:\/\/schema.org\/image\" title=\"Cebeci \u015fehitli\u011finde g\u00f6zya\u015flar\u0131 sel oldu\" alt=\"Cebeci \u015fehitli\u011finde g\u00f6zya\u015flar\u0131 sel oldu\" style=\"width: 162px; height: 108px;\" \/> <\/a> <\/div> <\/div> <!-- close group --> <\/div> <!-- close row --> <div class=\"gallery-row\" style=\"width: 500px; height: 112px;\" data-original-width=\"500\" data-original-height=\"112\" > <div class=\"gallery-group images-1\" style=\"width: 167px; height: 112px;\" data-original-width=\"167\" data-original-height=\"112\" > <div class=\"tiled-gallery-item tiled-gallery-item-small\" itemprop=\"associatedMedia\" itemscope itemtype=\"http:\/\/schema.org\/ImageObject\"> <a href=\"http:\/\/www.tvturk.com\/index.php\/cebeci-sehitliginde-gozyaslari-sel-oldu\/cebeci-sehitliginde-gozyaslari-sel-oldu-6\/\" border=\"0\" itemprop=\"url\"> <meta itemprop=\"width\" content=\"163\"> <meta itemprop=\"height\" content=\"108\"> <img decoding=\"async\" class=\"\" data-attachment-id=\"99768\" data-orig-file=\"http:\/\/www.tvturk.com\/wp-content\/uploads\/2019\/03\/cebeci-sehitliginde-gozyaslari-sel-oldu_b990c9d.jpg\" data-orig-size=\"1000,666\" data-comments-opened=\"\" data-image-meta=\"{&quot;aperture&quot;:&quot;0&quot;,&quot;credit&quot;:&quot;IHA&quot;,&quot;camera&quot;:&quot;&quot;,&quot;caption&quot;:&quot;ANKARA\\u2019DA 18 MART \\u00c7ANAKKELE DEN\\u0130Z ZAFER\\u0130 VE \\u015eEH\\u0130TLER\\u0130 ANMA G\\u00dcN\\u00dc\\u2019N\\u00dcN 104\\u2019\\u00dcNC\\u00dc YIL D\\u00d6N\\u00dcM\\u00dcNDE CEBEC\\u0130 ASKER\\u0130 \\u015eEH\\u0130TL\\u0130\\u011e\\u0130NDE D\\u00dcZENLENEN T\\u00d6RENDE G\\u00d6Z YA\\u015eLARI SEL OLDU. (\\u0130RFAN \\u00c7ALI\\u015eKAN\\\/ANKARA-\\u0130HA)&quot;,&quot;created_timestamp&quot;:&quot;0&quot;,&quot;copyright&quot;:&quot;\\u0130HLAS HABER AJANSI, www.iha.com.tr&quot;,&quot;focal_length&quot;:&quot;0&quot;,&quot;iso&quot;:&quot;0&quot;,&quot;shutter_speed&quot;:&quot;0&quot;,&quot;title&quot;:&quot;CEBEC\\u0130 \\u015eEH\\u0130TL\\u0130\\u011e\\u0130NDE G\\u00d6ZYA\\u015eLARI SEL OLDU \\u00c7ANAKKALE \\u015eEH\\u0130TLER\\u0130 CEBEC\\u0130 \\u015eEH\\u0130TL\\u0130\\u011e\\u0130NDE D\\u00dcZENLENEN T\\u00d6RENLE ANILDI&quot;,&quot;orientation&quot;:&quot;0&quot;}\" data-image-title=\"Cebeci \u015fehitli\u011finde g\u00f6zya\u015flar\u0131 sel oldu\" data-image-description=\"&lt;p&gt;Cebeci \u015fehitli\u011finde g\u00f6zya\u015flar\u0131 sel oldu&lt;\/p&gt; \" data-medium-file=\"https:\/\/i0.wp.com\/www.tvturk.com\/wp-content\/uploads\/2019\/03\/cebeci-sehitliginde-gozyaslari-sel-oldu_b990c9d.jpg?fit=300%2C200\" data-large-file=\"https:\/\/i0.wp.com\/www.tvturk.com\/wp-content\/uploads\/2019\/03\/cebeci-sehitliginde-gozyaslari-sel-oldu_b990c9d.jpg?fit=1000%2C666\" src=\"https:\/\/i0.wp.com\/www.tvturk.com\/wp-content\/uploads\/2019\/03\/cebeci-sehitliginde-gozyaslari-sel-oldu_b990c9d.jpg?w=163&#038;h=108\" srcset=\"https:\/\/i0.wp.com\/www.tvturk.com\/wp-content\/uploads\/2019\/03\/cebeci-sehitliginde-gozyaslari-sel-oldu_b990c9d.jpg?w=1000 1000w, https:\/\/i0.wp.com\/www.tvturk.com\/wp-content\/uploads\/2019\/03\/cebeci-sehitliginde-gozyaslari-sel-oldu_b990c9d.jpg?resize=150%2C100 150w, https:\/\/i0.wp.com\/www.tvturk.com\/wp-content\/uploads\/2019\/03\/cebeci-sehitliginde-gozyaslari-sel-oldu_b990c9d.jpg?resize=300%2C200 300w, https:\/\/i0.wp.com\/www.tvturk.com\/wp-content\/uploads\/2019\/03\/cebeci-sehitliginde-gozyaslari-sel-oldu_b990c9d.jpg?resize=768%2C511 768w, https:\/\/i0.wp.com\/www.tvturk.com\/wp-content\/uploads\/2019\/03\/cebeci-sehitliginde-gozyaslari-sel-oldu_b990c9d.jpg?resize=170%2C113 170w, https:\/\/i0.wp.com\/www.tvturk.com\/wp-content\/uploads\/2019\/03\/cebeci-sehitliginde-gozyaslari-sel-oldu_b990c9d.jpg?resize=120%2C80 120w\" width=\"163\" height=\"108\" loading=\"lazy\" data-original-width=\"163\" data-original-height=\"108\" itemprop=\"http:\/\/schema.org\/image\" title=\"Cebeci \u015fehitli\u011finde g\u00f6zya\u015flar\u0131 sel oldu\" alt=\"Cebeci \u015fehitli\u011finde g\u00f6zya\u015flar\u0131 sel oldu\" style=\"width: 163px; height: 108px;\" \/> <\/a> <\/div> <\/div> <!-- close group --> <div class=\"gallery-group images-1\" style=\"width: 167px; height: 112px;\" data-original-width=\"167\" data-original-height=\"112\" > <div class=\"tiled-gallery-item tiled-gallery-item-small\" itemprop=\"associatedMedia\" itemscope itemtype=\"http:\/\/schema.org\/ImageObject\"> <a href=\"http:\/\/www.tvturk.com\/index.php\/cebeci-sehitliginde-gozyaslari-sel-oldu\/cebeci-sehitliginde-gozyaslari-sel-oldu-7\/\" border=\"0\" itemprop=\"url\"> <meta itemprop=\"width\" content=\"163\"> <meta itemprop=\"height\" content=\"108\"> <img decoding=\"async\" class=\"\" data-attachment-id=\"99769\" data-orig-file=\"http:\/\/www.tvturk.com\/wp-content\/uploads\/2019\/03\/cebeci-sehitliginde-gozyaslari-sel-oldu_22aa198.jpg\" data-orig-size=\"1000,666\" data-comments-opened=\"\" data-image-meta=\"{&quot;aperture&quot;:&quot;0&quot;,&quot;credit&quot;:&quot;IHA&quot;,&quot;camera&quot;:&quot;&quot;,&quot;caption&quot;:&quot;ANKARA\\u2019DA 18 MART \\u00c7ANAKKELE DEN\\u0130Z ZAFER\\u0130 VE \\u015eEH\\u0130TLER\\u0130 ANMA G\\u00dcN\\u00dc\\u2019N\\u00dcN 104\\u2019\\u00dcNC\\u00dc YIL D\\u00d6N\\u00dcM\\u00dcNDE CEBEC\\u0130 ASKER\\u0130 \\u015eEH\\u0130TL\\u0130\\u011e\\u0130NDE D\\u00dcZENLENEN T\\u00d6RENDE G\\u00d6Z YA\\u015eLARI SEL OLDU. (\\u0130RFAN \\u00c7ALI\\u015eKAN\\\/ANKARA-\\u0130HA)&quot;,&quot;created_timestamp&quot;:&quot;0&quot;,&quot;copyright&quot;:&quot;\\u0130HLAS HABER AJANSI, www.iha.com.tr&quot;,&quot;focal_length&quot;:&quot;0&quot;,&quot;iso&quot;:&quot;0&quot;,&quot;shutter_speed&quot;:&quot;0&quot;,&quot;title&quot;:&quot;CEBEC\\u0130 \\u015eEH\\u0130TL\\u0130\\u011e\\u0130NDE G\\u00d6ZYA\\u015eLARI SEL OLDU \\u00c7ANAKKALE \\u015eEH\\u0130TLER\\u0130 CEBEC\\u0130 \\u015eEH\\u0130TL\\u0130\\u011e\\u0130NDE D\\u00dcZENLENEN T\\u00d6RENLE ANILDI&quot;,&quot;orientation&quot;:&quot;0&quot;}\" data-image-title=\"Cebeci \u015fehitli\u011finde g\u00f6zya\u015flar\u0131 sel oldu\" data-image-description=\"&lt;p&gt;Cebeci \u015fehitli\u011finde g\u00f6zya\u015flar\u0131 sel oldu&lt;\/p&gt; \" data-medium-file=\"https:\/\/i0.wp.com\/www.tvturk.com\/wp-content\/uploads\/2019\/03\/cebeci-sehitliginde-gozyaslari-sel-oldu_22aa198.jpg?fit=300%2C200\" data-large-file=\"https:\/\/i0.wp.com\/www.tvturk.com\/wp-content\/uploads\/2019\/03\/cebeci-sehitliginde-gozyaslari-sel-oldu_22aa198.jpg?fit=1000%2C666\" src=\"https:\/\/i0.wp.com\/www.tvturk.com\/wp-content\/uploads\/2019\/03\/cebeci-sehitliginde-gozyaslari-sel-oldu_22aa198.jpg?w=163&#038;h=108\" srcset=\"https:\/\/i0.wp.com\/www.tvturk.com\/wp-content\/uploads\/2019\/03\/cebeci-sehitliginde-gozyaslari-sel-oldu_22aa198.jpg?w=1000 1000w, https:\/\/i0.wp.com\/www.tvturk.com\/wp-content\/uploads\/2019\/03\/cebeci-sehitliginde-gozyaslari-sel-oldu_22aa198.jpg?resize=150%2C100 150w, https:\/\/i0.wp.com\/www.tvturk.com\/wp-content\/uploads\/2019\/03\/cebeci-sehitliginde-gozyaslari-sel-oldu_22aa198.jpg?resize=300%2C200 300w, https:\/\/i0.wp.com\/www.tvturk.com\/wp-content\/uploads\/2019\/03\/cebeci-sehitliginde-gozyaslari-sel-oldu_22aa198.jpg?resize=768%2C511 768w, https:\/\/i0.wp.com\/www.tvturk.com\/wp-content\/uploads\/2019\/03\/cebeci-sehitliginde-gozyaslari-sel-oldu_22aa198.jpg?resize=170%2C113 170w, https:\/\/i0.wp.com\/www.tvturk.com\/wp-content\/uploads\/2019\/03\/cebeci-sehitliginde-gozyaslari-sel-oldu_22aa198.jpg?resize=120%2C80 120w\" width=\"163\" height=\"108\" loading=\"lazy\" data-original-width=\"163\" data-original-height=\"108\" itemprop=\"http:\/\/schema.org\/image\" title=\"Cebeci \u015fehitli\u011finde g\u00f6zya\u015flar\u0131 sel oldu\" alt=\"Cebeci \u015fehitli\u011finde g\u00f6zya\u015flar\u0131 sel oldu\" style=\"width: 163px; height: 108px;\" \/> <\/a> <\/div> <\/div> <!-- close group --> <div class=\"gallery-group images-1\" style=\"width: 166px; height: 112px;\" data-original-width=\"166\" data-original-height=\"112\" > <div class=\"tiled-gallery-item tiled-gallery-item-small\" itemprop=\"associatedMedia\" itemscope itemtype=\"http:\/\/schema.org\/ImageObject\"> <a href=\"http:\/\/www.tvturk.com\/index.php\/cebeci-sehitliginde-gozyaslari-sel-oldu\/cebeci-sehitliginde-gozyaslari-sel-oldu-8\/\" border=\"0\" itemprop=\"url\"> <meta itemprop=\"width\" content=\"162\"> <meta itemprop=\"height\" content=\"108\"> <img decoding=\"async\" class=\"\" data-attachment-id=\"99770\" data-orig-file=\"http:\/\/www.tvturk.com\/wp-content\/uploads\/2019\/03\/cebeci-sehitliginde-gozyaslari-sel-oldu_94baaf3.jpg\" data-orig-size=\"1000,666\" data-comments-opened=\"\" data-image-meta=\"{&quot;aperture&quot;:&quot;0&quot;,&quot;credit&quot;:&quot;IHA&quot;,&quot;camera&quot;:&quot;&quot;,&quot;caption&quot;:&quot;ANKARA\\u2019DA 18 MART \\u00c7ANAKKELE DEN\\u0130Z ZAFER\\u0130 VE \\u015eEH\\u0130TLER\\u0130 ANMA G\\u00dcN\\u00dc\\u2019N\\u00dcN 104\\u2019\\u00dcNC\\u00dc YIL D\\u00d6N\\u00dcM\\u00dcNDE CEBEC\\u0130 ASKER\\u0130 \\u015eEH\\u0130TL\\u0130\\u011e\\u0130NDE D\\u00dcZENLENEN T\\u00d6RENDE G\\u00d6Z YA\\u015eLARI SEL OLDU. (\\u0130RFAN \\u00c7ALI\\u015eKAN\\\/ANKARA-\\u0130HA)&quot;,&quot;created_timestamp&quot;:&quot;0&quot;,&quot;copyright&quot;:&quot;\\u0130HLAS HABER AJANSI, www.iha.com.tr&quot;,&quot;focal_length&quot;:&quot;0&quot;,&quot;iso&quot;:&quot;0&quot;,&quot;shutter_speed&quot;:&quot;0&quot;,&quot;title&quot;:&quot;CEBEC\\u0130 \\u015eEH\\u0130TL\\u0130\\u011e\\u0130NDE G\\u00d6ZYA\\u015eLARI SEL OLDU \\u00c7ANAKKALE \\u015eEH\\u0130TLER\\u0130 CEBEC\\u0130 \\u015eEH\\u0130TL\\u0130\\u011e\\u0130NDE D\\u00dcZENLENEN T\\u00d6RENLE ANILDI&quot;,&quot;orientation&quot;:&quot;0&quot;}\" data-image-title=\"Cebeci \u015fehitli\u011finde g\u00f6zya\u015flar\u0131 sel oldu\" data-image-description=\"&lt;p&gt;Cebeci \u015fehitli\u011finde g\u00f6zya\u015flar\u0131 sel oldu&lt;\/p&gt; \" data-medium-file=\"https:\/\/i0.wp.com\/www.tvturk.com\/wp-content\/uploads\/2019\/03\/cebeci-sehitliginde-gozyaslari-sel-oldu_94baaf3.jpg?fit=300%2C200\" data-large-file=\"https:\/\/i0.wp.com\/www.tvturk.com\/wp-content\/uploads\/2019\/03\/cebeci-sehitliginde-gozyaslari-sel-oldu_94baaf3.jpg?fit=1000%2C666\" src=\"https:\/\/i0.wp.com\/www.tvturk.com\/wp-content\/uploads\/2019\/03\/cebeci-sehitliginde-gozyaslari-sel-oldu_94baaf3.jpg?w=162&#038;h=108\" srcset=\"https:\/\/i0.wp.com\/www.tvturk.com\/wp-content\/uploads\/2019\/03\/cebeci-sehitliginde-gozyaslari-sel-oldu_94baaf3.jpg?w=1000 1000w, https:\/\/i0.wp.com\/www.tvturk.com\/wp-content\/uploads\/2019\/03\/cebeci-sehitliginde-gozyaslari-sel-oldu_94baaf3.jpg?resize=150%2C100 150w, https:\/\/i0.wp.com\/www.tvturk.com\/wp-content\/uploads\/2019\/03\/cebeci-sehitliginde-gozyaslari-sel-oldu_94baaf3.jpg?resize=300%2C200 300w, https:\/\/i0.wp.com\/www.tvturk.com\/wp-content\/uploads\/2019\/03\/cebeci-sehitliginde-gozyaslari-sel-oldu_94baaf3.jpg?resize=768%2C511 768w, https:\/\/i0.wp.com\/www.tvturk.com\/wp-content\/uploads\/2019\/03\/cebeci-sehitliginde-gozyaslari-sel-oldu_94baaf3.jpg?resize=170%2C113 170w, https:\/\/i0.wp.com\/www.tvturk.com\/wp-content\/uploads\/2019\/03\/cebeci-sehitliginde-gozyaslari-sel-oldu_94baaf3.jpg?resize=120%2C80 120w\" width=\"162\" height=\"108\" loading=\"lazy\" data-original-width=\"162\" data-original-height=\"108\" itemprop=\"http:\/\/schema.org\/image\" title=\"Cebeci \u015fehitli\u011finde g\u00f6zya\u015flar\u0131 sel oldu\" alt=\"Cebeci \u015fehitli\u011finde g\u00f6zya\u015flar\u0131 sel oldu\" style=\"width: 162px; height: 108px;\" \/> <\/a> <\/div> <\/div> <!-- close group --> <\/div> <!-- close row --> <div class=\"gallery-row\" style=\"width: 500px; height: 224px;\" data-original-width=\"500\" data-original-height=\"224\" > <div class=\"gallery-group images-2\" style=\"width: 166px; height: 224px;\" data-original-width=\"166\" data-original-height=\"224\" > <div class=\"tiled-gallery-item tiled-gallery-item-small\" itemprop=\"associatedMedia\" itemscope itemtype=\"http:\/\/schema.org\/ImageObject\"> <a href=\"http:\/\/www.tvturk.com\/index.php\/cebeci-sehitliginde-gozyaslari-sel-oldu\/cebeci-sehitliginde-gozyaslari-sel-oldu-9\/\" border=\"0\" itemprop=\"url\"> <meta itemprop=\"width\" content=\"162\"> <meta itemprop=\"height\" content=\"108\"> <img decoding=\"async\" class=\"\" data-attachment-id=\"99771\" data-orig-file=\"http:\/\/www.tvturk.com\/wp-content\/uploads\/2019\/03\/cebeci-sehitliginde-gozyaslari-sel-oldu_8443367.jpg\" data-orig-size=\"1000,666\" data-comments-opened=\"\" data-image-meta=\"{&quot;aperture&quot;:&quot;0&quot;,&quot;credit&quot;:&quot;IHA&quot;,&quot;camera&quot;:&quot;&quot;,&quot;caption&quot;:&quot;ANKARA\\u2019DA 18 MART \\u00c7ANAKKELE DEN\\u0130Z ZAFER\\u0130 VE \\u015eEH\\u0130TLER\\u0130 ANMA G\\u00dcN\\u00dc\\u2019N\\u00dcN 104\\u2019\\u00dcNC\\u00dc YIL D\\u00d6N\\u00dcM\\u00dcNDE CEBEC\\u0130 ASKER\\u0130 \\u015eEH\\u0130TL\\u0130\\u011e\\u0130NDE D\\u00dcZENLENEN T\\u00d6RENDE G\\u00d6Z YA\\u015eLARI SEL OLDU. (\\u0130RFAN \\u00c7ALI\\u015eKAN\\\/ANKARA-\\u0130HA)&quot;,&quot;created_timestamp&quot;:&quot;0&quot;,&quot;copyright&quot;:&quot;\\u0130HLAS HABER AJANSI, www.iha.com.tr&quot;,&quot;focal_length&quot;:&quot;0&quot;,&quot;iso&quot;:&quot;0&quot;,&quot;shutter_speed&quot;:&quot;0&quot;,&quot;title&quot;:&quot;CEBEC\\u0130 \\u015eEH\\u0130TL\\u0130\\u011e\\u0130NDE G\\u00d6ZYA\\u015eLARI SEL OLDU \\u00c7ANAKKALE \\u015eEH\\u0130TLER\\u0130 CEBEC\\u0130 \\u015eEH\\u0130TL\\u0130\\u011e\\u0130NDE D\\u00dcZENLENEN T\\u00d6RENLE ANILDI&quot;,&quot;orientation&quot;:&quot;0&quot;}\" data-image-title=\"Cebeci \u015fehitli\u011finde g\u00f6zya\u015flar\u0131 sel oldu\" data-image-description=\"&lt;p&gt;Cebeci \u015fehitli\u011finde g\u00f6zya\u015flar\u0131 sel oldu&lt;\/p&gt; \" data-medium-file=\"https:\/\/i0.wp.com\/www.tvturk.com\/wp-content\/uploads\/2019\/03\/cebeci-sehitliginde-gozyaslari-sel-oldu_8443367.jpg?fit=300%2C200\" data-large-file=\"https:\/\/i0.wp.com\/www.tvturk.com\/wp-content\/uploads\/2019\/03\/cebeci-sehitliginde-gozyaslari-sel-oldu_8443367.jpg?fit=1000%2C666\" src=\"https:\/\/i0.wp.com\/www.tvturk.com\/wp-content\/uploads\/2019\/03\/cebeci-sehitliginde-gozyaslari-sel-oldu_8443367.jpg?w=162&#038;h=108\" srcset=\"https:\/\/i0.wp.com\/www.tvturk.com\/wp-content\/uploads\/2019\/03\/cebeci-sehitliginde-gozyaslari-sel-oldu_8443367.jpg?w=1000 1000w, https:\/\/i0.wp.com\/www.tvturk.com\/wp-content\/uploads\/2019\/03\/cebeci-sehitliginde-gozyaslari-sel-oldu_8443367.jpg?resize=150%2C100 150w, https:\/\/i0.wp.com\/www.tvturk.com\/wp-content\/uploads\/2019\/03\/cebeci-sehitliginde-gozyaslari-sel-oldu_8443367.jpg?resize=300%2C200 300w, https:\/\/i0.wp.com\/www.tvturk.com\/wp-content\/uploads\/2019\/03\/cebeci-sehitliginde-gozyaslari-sel-oldu_8443367.jpg?resize=768%2C511 768w, https:\/\/i0.wp.com\/www.tvturk.com\/wp-content\/uploads\/2019\/03\/cebeci-sehitliginde-gozyaslari-sel-oldu_8443367.jpg?resize=170%2C113 170w, https:\/\/i0.wp.com\/www.tvturk.com\/wp-content\/uploads\/2019\/03\/cebeci-sehitliginde-gozyaslari-sel-oldu_8443367.jpg?resize=120%2C80 120w\" width=\"162\" height=\"108\" loading=\"lazy\" data-original-width=\"162\" data-original-height=\"108\" itemprop=\"http:\/\/schema.org\/image\" title=\"Cebeci \u015fehitli\u011finde g\u00f6zya\u015flar\u0131 sel oldu\" alt=\"Cebeci \u015fehitli\u011finde g\u00f6zya\u015flar\u0131 sel oldu\" style=\"width: 162px; height: 108px;\" \/> <\/a> <\/div> <div class=\"tiled-gallery-item tiled-gallery-item-small\" itemprop=\"associatedMedia\" itemscope itemtype=\"http:\/\/schema.org\/ImageObject\"> <a href=\"http:\/\/www.tvturk.com\/index.php\/cebeci-sehitliginde-gozyaslari-sel-oldu\/cebeci-sehitliginde-gozyaslari-sel-oldu-10\/\" border=\"0\" itemprop=\"url\"> <meta itemprop=\"width\" content=\"162\"> <meta itemprop=\"height\" content=\"108\"> <img decoding=\"async\" class=\"\" data-attachment-id=\"99772\" data-orig-file=\"http:\/\/www.tvturk.com\/wp-content\/uploads\/2019\/03\/cebeci-sehitliginde-gozyaslari-sel-oldu_03db1d9.jpg\" data-orig-size=\"1000,666\" data-comments-opened=\"\" data-image-meta=\"{&quot;aperture&quot;:&quot;0&quot;,&quot;credit&quot;:&quot;IHA&quot;,&quot;camera&quot;:&quot;&quot;,&quot;caption&quot;:&quot;ANKARA\\u2019DA 18 MART \\u00c7ANAKKELE DEN\\u0130Z ZAFER\\u0130 VE \\u015eEH\\u0130TLER\\u0130 ANMA G\\u00dcN\\u00dc\\u2019N\\u00dcN 104\\u2019\\u00dcNC\\u00dc YIL D\\u00d6N\\u00dcM\\u00dcNDE CEBEC\\u0130 ASKER\\u0130 \\u015eEH\\u0130TL\\u0130\\u011e\\u0130NDE D\\u00dcZENLENEN T\\u00d6RENDE G\\u00d6Z YA\\u015eLARI SEL OLDU. (\\u0130RFAN \\u00c7ALI\\u015eKAN\\\/ANKARA-\\u0130HA)&quot;,&quot;created_timestamp&quot;:&quot;0&quot;,&quot;copyright&quot;:&quot;\\u0130HLAS HABER AJANSI, www.iha.com.tr&quot;,&quot;focal_length&quot;:&quot;0&quot;,&quot;iso&quot;:&quot;0&quot;,&quot;shutter_speed&quot;:&quot;0&quot;,&quot;title&quot;:&quot;CEBEC\\u0130 \\u015eEH\\u0130TL\\u0130\\u011e\\u0130NDE G\\u00d6ZYA\\u015eLARI SEL OLDU \\u00c7ANAKKALE \\u015eEH\\u0130TLER\\u0130 CEBEC\\u0130 \\u015eEH\\u0130TL\\u0130\\u011e\\u0130NDE D\\u00dcZENLENEN T\\u00d6RENLE ANILDI&quot;,&quot;orientation&quot;:&quot;0&quot;}\" data-image-title=\"Cebeci \u015fehitli\u011finde g\u00f6zya\u015flar\u0131 sel oldu\" data-image-description=\"&lt;p&gt;Cebeci \u015fehitli\u011finde g\u00f6zya\u015flar\u0131 sel oldu&lt;\/p&gt; \" data-medium-file=\"https:\/\/i0.wp.com\/www.tvturk.com\/wp-content\/uploads\/2019\/03\/cebeci-sehitliginde-gozyaslari-sel-oldu_03db1d9.jpg?fit=300%2C200\" data-large-file=\"https:\/\/i0.wp.com\/www.tvturk.com\/wp-content\/uploads\/2019\/03\/cebeci-sehitliginde-gozyaslari-sel-oldu_03db1d9.jpg?fit=1000%2C666\" src=\"https:\/\/i0.wp.com\/www.tvturk.com\/wp-content\/uploads\/2019\/03\/cebeci-sehitliginde-gozyaslari-sel-oldu_03db1d9.jpg?w=162&#038;h=108\" srcset=\"https:\/\/i0.wp.com\/www.tvturk.com\/wp-content\/uploads\/2019\/03\/cebeci-sehitliginde-gozyaslari-sel-oldu_03db1d9.jpg?w=1000 1000w, https:\/\/i0.wp.com\/www.tvturk.com\/wp-content\/uploads\/2019\/03\/cebeci-sehitliginde-gozyaslari-sel-oldu_03db1d9.jpg?resize=150%2C100 150w, https:\/\/i0.wp.com\/www.tvturk.com\/wp-content\/uploads\/2019\/03\/cebeci-sehitliginde-gozyaslari-sel-oldu_03db1d9.jpg?resize=300%2C200 300w, https:\/\/i0.wp.com\/www.tvturk.com\/wp-content\/uploads\/2019\/03\/cebeci-sehitliginde-gozyaslari-sel-oldu_03db1d9.jpg?resize=768%2C511 768w, https:\/\/i0.wp.com\/www.tvturk.com\/wp-content\/uploads\/2019\/03\/cebeci-sehitliginde-gozyaslari-sel-oldu_03db1d9.jpg?resize=170%2C113 170w, https:\/\/i0.wp.com\/www.tvturk.com\/wp-content\/uploads\/2019\/03\/cebeci-sehitliginde-gozyaslari-sel-oldu_03db1d9.jpg?resize=120%2C80 120w\" width=\"162\" height=\"108\" loading=\"lazy\" data-original-width=\"162\" data-original-height=\"108\" itemprop=\"http:\/\/schema.org\/image\" title=\"Cebeci \u015fehitli\u011finde g\u00f6zya\u015flar\u0131 sel oldu\" alt=\"Cebeci \u015fehitli\u011finde g\u00f6zya\u015flar\u0131 sel oldu\" style=\"width: 162px; height: 108px;\" \/> <\/a> <\/div> <\/div> <!-- close group --> <div class=\"gallery-group images-1\" style=\"width: 334px; height: 224px;\" data-original-width=\"334\" data-original-height=\"224\" > <div class=\"tiled-gallery-item tiled-gallery-item-large\" itemprop=\"associatedMedia\" itemscope itemtype=\"http:\/\/schema.org\/ImageObject\"> <a href=\"http:\/\/www.tvturk.com\/index.php\/cebeci-sehitliginde-gozyaslari-sel-oldu\/cebeci-sehitliginde-gozyaslari-sel-oldu-11\/\" border=\"0\" itemprop=\"url\"> <meta itemprop=\"width\" content=\"330\"> <meta itemprop=\"height\" content=\"220\"> <img decoding=\"async\" class=\"\" data-attachment-id=\"99773\" data-orig-file=\"http:\/\/www.tvturk.com\/wp-content\/uploads\/2019\/03\/cebeci-sehitliginde-gozyaslari-sel-oldu_ead94f5.jpg\" data-orig-size=\"1000,666\" data-comments-opened=\"\" data-image-meta=\"{&quot;aperture&quot;:&quot;0&quot;,&quot;credit&quot;:&quot;IHA&quot;,&quot;camera&quot;:&quot;&quot;,&quot;caption&quot;:&quot;ANKARA\\u2019DA 18 MART \\u00c7ANAKKELE DEN\\u0130Z ZAFER\\u0130 VE \\u015eEH\\u0130TLER\\u0130 ANMA G\\u00dcN\\u00dc\\u2019N\\u00dcN 104\\u2019\\u00dcNC\\u00dc YIL D\\u00d6N\\u00dcM\\u00dcNDE CEBEC\\u0130 ASKER\\u0130 \\u015eEH\\u0130TL\\u0130\\u011e\\u0130NDE D\\u00dcZENLENEN T\\u00d6RENDE G\\u00d6Z YA\\u015eLARI SEL OLDU. (\\u0130RFAN \\u00c7ALI\\u015eKAN\\\/ANKARA-\\u0130HA)&quot;,&quot;created_timestamp&quot;:&quot;0&quot;,&quot;copyright&quot;:&quot;\\u0130HLAS HABER AJANSI, www.iha.com.tr&quot;,&quot;focal_length&quot;:&quot;0&quot;,&quot;iso&quot;:&quot;0&quot;,&quot;shutter_speed&quot;:&quot;0&quot;,&quot;title&quot;:&quot;CEBEC\\u0130 \\u015eEH\\u0130TL\\u0130\\u011e\\u0130NDE G\\u00d6ZYA\\u015eLARI SEL OLDU \\u00c7ANAKKALE \\u015eEH\\u0130TLER\\u0130 CEBEC\\u0130 \\u015eEH\\u0130TL\\u0130\\u011e\\u0130NDE D\\u00dcZENLENEN T\\u00d6RENLE ANILDI&quot;,&quot;orientation&quot;:&quot;0&quot;}\" data-image-title=\"Cebeci \u015fehitli\u011finde g\u00f6zya\u015flar\u0131 sel oldu\" data-image-description=\"&lt;p&gt;Cebeci \u015fehitli\u011finde g\u00f6zya\u015flar\u0131 sel oldu&lt;\/p&gt; \" data-medium-file=\"https:\/\/i0.wp.com\/www.tvturk.com\/wp-content\/uploads\/2019\/03\/cebeci-sehitliginde-gozyaslari-sel-oldu_ead94f5.jpg?fit=300%2C200\" data-large-file=\"https:\/\/i0.wp.com\/www.tvturk.com\/wp-content\/uploads\/2019\/03\/cebeci-sehitliginde-gozyaslari-sel-oldu_ead94f5.jpg?fit=1000%2C666\" src=\"https:\/\/i0.wp.com\/www.tvturk.com\/wp-content\/uploads\/2019\/03\/cebeci-sehitliginde-gozyaslari-sel-oldu_ead94f5.jpg?w=330&#038;h=220\" srcset=\"https:\/\/i0.wp.com\/www.tvturk.com\/wp-content\/uploads\/2019\/03\/cebeci-sehitliginde-gozyaslari-sel-oldu_ead94f5.jpg?w=1000 1000w, https:\/\/i0.wp.com\/www.tvturk.com\/wp-content\/uploads\/2019\/03\/cebeci-sehitliginde-gozyaslari-sel-oldu_ead94f5.jpg?resize=150%2C100 150w, https:\/\/i0.wp.com\/www.tvturk.com\/wp-content\/uploads\/2019\/03\/cebeci-sehitliginde-gozyaslari-sel-oldu_ead94f5.jpg?resize=300%2C200 300w, https:\/\/i0.wp.com\/www.tvturk.com\/wp-content\/uploads\/2019\/03\/cebeci-sehitliginde-gozyaslari-sel-oldu_ead94f5.jpg?resize=768%2C511 768w, https:\/\/i0.wp.com\/www.tvturk.com\/wp-content\/uploads\/2019\/03\/cebeci-sehitliginde-gozyaslari-sel-oldu_ead94f5.jpg?resize=170%2C113 170w, https:\/\/i0.wp.com\/www.tvturk.com\/wp-content\/uploads\/2019\/03\/cebeci-sehitliginde-gozyaslari-sel-oldu_ead94f5.jpg?resize=120%2C80 120w\" width=\"330\" height=\"220\" loading=\"lazy\" data-original-width=\"330\" data-original-height=\"220\" itemprop=\"http:\/\/schema.org\/image\" title=\"Cebeci \u015fehitli\u011finde g\u00f6zya\u015flar\u0131 sel oldu\" alt=\"Cebeci \u015fehitli\u011finde g\u00f6zya\u015flar\u0131 sel oldu\" style=\"width: 330px; height: 220px;\" \/> <\/a> <\/div> <\/div> <!-- close group --> <\/div> <!-- close row --> <div class=\"gallery-row\" style=\"width: 500px; height: 345px;\" data-original-width=\"500\" data-original-height=\"345\" > <div class=\"gallery-group images-3\" style=\"width: 164px; height: 345px;\" data-original-width=\"164\" data-original-height=\"345\" > <div class=\"tiled-gallery-item tiled-gallery-item-small\" itemprop=\"associatedMedia\" itemscope itemtype=\"http:\/\/schema.org\/ImageObject\"> <a href=\"http:\/\/www.tvturk.com\/index.php\/cebeci-sehitliginde-gozyaslari-sel-oldu\/cebeci-sehitliginde-gozyaslari-sel-oldu-12\/\" border=\"0\" itemprop=\"url\"> <meta itemprop=\"width\" content=\"160\"> <meta itemprop=\"height\" content=\"106\"> <img decoding=\"async\" class=\"\" data-attachment-id=\"99774\" data-orig-file=\"http:\/\/www.tvturk.com\/wp-content\/uploads\/2019\/03\/cebeci-sehitliginde-gozyaslari-sel-oldu_1a67330.jpg\" data-orig-size=\"1000,666\" data-comments-opened=\"\" data-image-meta=\"{&quot;aperture&quot;:&quot;0&quot;,&quot;credit&quot;:&quot;IHA&quot;,&quot;camera&quot;:&quot;&quot;,&quot;caption&quot;:&quot;ANKARA\\u2019DA 18 MART \\u00c7ANAKKELE DEN\\u0130Z ZAFER\\u0130 VE \\u015eEH\\u0130TLER\\u0130 ANMA G\\u00dcN\\u00dc\\u2019N\\u00dcN 104\\u2019\\u00dcNC\\u00dc YIL D\\u00d6N\\u00dcM\\u00dcNDE CEBEC\\u0130 ASKER\\u0130 \\u015eEH\\u0130TL\\u0130\\u011e\\u0130NDE D\\u00dcZENLENEN T\\u00d6RENDE G\\u00d6Z YA\\u015eLARI SEL OLDU. (\\u0130RFAN \\u00c7ALI\\u015eKAN\\\/ANKARA-\\u0130HA)&quot;,&quot;created_timestamp&quot;:&quot;0&quot;,&quot;copyright&quot;:&quot;\\u0130HLAS HABER AJANSI, www.iha.com.tr&quot;,&quot;focal_length&quot;:&quot;0&quot;,&quot;iso&quot;:&quot;0&quot;,&quot;shutter_speed&quot;:&quot;0&quot;,&quot;title&quot;:&quot;CEBEC\\u0130 \\u015eEH\\u0130TL\\u0130\\u011e\\u0130NDE G\\u00d6ZYA\\u015eLARI SEL OLDU \\u00c7ANAKKALE \\u015eEH\\u0130TLER\\u0130 CEBEC\\u0130 \\u015eEH\\u0130TL\\u0130\\u011e\\u0130NDE D\\u00dcZENLENEN T\\u00d6RENLE ANILDI&quot;,&quot;orientation&quot;:&quot;0&quot;}\" data-image-title=\"Cebeci \u015fehitli\u011finde g\u00f6zya\u015flar\u0131 sel oldu\" data-image-description=\"&lt;p&gt;Cebeci \u015fehitli\u011finde g\u00f6zya\u015flar\u0131 sel oldu&lt;\/p&gt; \" data-medium-file=\"https:\/\/i0.wp.com\/www.tvturk.com\/wp-content\/uploads\/2019\/03\/cebeci-sehitliginde-gozyaslari-sel-oldu_1a67330.jpg?fit=300%2C200\" data-large-file=\"https:\/\/i0.wp.com\/www.tvturk.com\/wp-content\/uploads\/2019\/03\/cebeci-sehitliginde-gozyaslari-sel-oldu_1a67330.jpg?fit=1000%2C666\" src=\"https:\/\/i0.wp.com\/www.tvturk.com\/wp-content\/uploads\/2019\/03\/cebeci-sehitliginde-gozyaslari-sel-oldu_1a67330.jpg?w=160&#038;h=106\" srcset=\"https:\/\/i0.wp.com\/www.tvturk.com\/wp-content\/uploads\/2019\/03\/cebeci-sehitliginde-gozyaslari-sel-oldu_1a67330.jpg?w=1000 1000w, https:\/\/i0.wp.com\/www.tvturk.com\/wp-content\/uploads\/2019\/03\/cebeci-sehitliginde-gozyaslari-sel-oldu_1a67330.jpg?resize=150%2C100 150w, https:\/\/i0.wp.com\/www.tvturk.com\/wp-content\/uploads\/2019\/03\/cebeci-sehitliginde-gozyaslari-sel-oldu_1a67330.jpg?resize=300%2C200 300w, https:\/\/i0.wp.com\/www.tvturk.com\/wp-content\/uploads\/2019\/03\/cebeci-sehitliginde-gozyaslari-sel-oldu_1a67330.jpg?resize=768%2C511 768w, https:\/\/i0.wp.com\/www.tvturk.com\/wp-content\/uploads\/2019\/03\/cebeci-sehitliginde-gozyaslari-sel-oldu_1a67330.jpg?resize=170%2C113 170w, https:\/\/i0.wp.com\/www.tvturk.com\/wp-content\/uploads\/2019\/03\/cebeci-sehitliginde-gozyaslari-sel-oldu_1a67330.jpg?resize=120%2C80 120w\" width=\"160\" height=\"106\" loading=\"lazy\" data-original-width=\"160\" data-original-height=\"106\" itemprop=\"http:\/\/schema.org\/image\" title=\"Cebeci \u015fehitli\u011finde g\u00f6zya\u015flar\u0131 sel oldu\" alt=\"Cebeci \u015fehitli\u011finde g\u00f6zya\u015flar\u0131 sel oldu\" style=\"width: 160px; height: 106px;\" \/> <\/a> <\/div> <div class=\"tiled-gallery-item tiled-gallery-item-small\" itemprop=\"associatedMedia\" itemscope itemtype=\"http:\/\/schema.org\/ImageObject\"> <a href=\"http:\/\/www.tvturk.com\/index.php\/cebeci-sehitliginde-gozyaslari-sel-oldu\/cebeci-sehitliginde-gozyaslari-sel-oldu-13\/\" border=\"0\" itemprop=\"url\"> <meta itemprop=\"width\" content=\"160\"> <meta itemprop=\"height\" content=\"111\"> <img decoding=\"async\" class=\"\" data-attachment-id=\"99775\" data-orig-file=\"http:\/\/www.tvturk.com\/wp-content\/uploads\/2019\/03\/cebeci-sehitliginde-gozyaslari-sel-oldu_c7f88eb.jpg\" data-orig-size=\"1000,694\" data-comments-opened=\"\" data-image-meta=\"{&quot;aperture&quot;:&quot;0&quot;,&quot;credit&quot;:&quot;IHA&quot;,&quot;camera&quot;:&quot;&quot;,&quot;caption&quot;:&quot;ANKARA\\u2019DA 18 MART \\u00c7ANAKKELE DEN\\u0130Z ZAFER\\u0130 VE \\u015eEH\\u0130TLER\\u0130 ANMA G\\u00dcN\\u00dc\\u2019N\\u00dcN 104\\u2019\\u00dcNC\\u00dc YIL D\\u00d6N\\u00dcM\\u00dcNDE CEBEC\\u0130 ASKER\\u0130 \\u015eEH\\u0130TL\\u0130\\u011e\\u0130NDE D\\u00dcZENLENEN T\\u00d6RENDE G\\u00d6Z YA\\u015eLARI SEL OLDU. (\\u0130RFAN \\u00c7ALI\\u015eKAN\\\/ANKARA-\\u0130HA)&quot;,&quot;created_timestamp&quot;:&quot;0&quot;,&quot;copyright&quot;:&quot;\\u0130HLAS HABER AJANSI, www.iha.com.tr&quot;,&quot;focal_length&quot;:&quot;0&quot;,&quot;iso&quot;:&quot;0&quot;,&quot;shutter_speed&quot;:&quot;0&quot;,&quot;title&quot;:&quot;CEBEC\\u0130 \\u015eEH\\u0130TL\\u0130\\u011e\\u0130NDE G\\u00d6ZYA\\u015eLARI SEL OLDU \\u00c7ANAKKALE \\u015eEH\\u0130TLER\\u0130 CEBEC\\u0130 \\u015eEH\\u0130TL\\u0130\\u011e\\u0130NDE D\\u00dcZENLENEN T\\u00d6RENLE ANILDI&quot;,&quot;orientation&quot;:&quot;0&quot;}\" data-image-title=\"Cebeci \u015fehitli\u011finde g\u00f6zya\u015flar\u0131 sel oldu\" data-image-description=\"&lt;p&gt;Cebeci \u015fehitli\u011finde g\u00f6zya\u015flar\u0131 sel oldu&lt;\/p&gt; \" data-medium-file=\"https:\/\/i0.wp.com\/www.tvturk.com\/wp-content\/uploads\/2019\/03\/cebeci-sehitliginde-gozyaslari-sel-oldu_c7f88eb.jpg?fit=300%2C208\" data-large-file=\"https:\/\/i0.wp.com\/www.tvturk.com\/wp-content\/uploads\/2019\/03\/cebeci-sehitliginde-gozyaslari-sel-oldu_c7f88eb.jpg?fit=1000%2C694\" src=\"https:\/\/i0.wp.com\/www.tvturk.com\/wp-content\/uploads\/2019\/03\/cebeci-sehitliginde-gozyaslari-sel-oldu_c7f88eb.jpg?w=160&#038;h=111\" srcset=\"https:\/\/i0.wp.com\/www.tvturk.com\/wp-content\/uploads\/2019\/03\/cebeci-sehitliginde-gozyaslari-sel-oldu_c7f88eb.jpg?w=1000 1000w, https:\/\/i0.wp.com\/www.tvturk.com\/wp-content\/uploads\/2019\/03\/cebeci-sehitliginde-gozyaslari-sel-oldu_c7f88eb.jpg?resize=150%2C104 150w, https:\/\/i0.wp.com\/www.tvturk.com\/wp-content\/uploads\/2019\/03\/cebeci-sehitliginde-gozyaslari-sel-oldu_c7f88eb.jpg?resize=300%2C208 300w, https:\/\/i0.wp.com\/www.tvturk.com\/wp-content\/uploads\/2019\/03\/cebeci-sehitliginde-gozyaslari-sel-oldu_c7f88eb.jpg?resize=768%2C533 768w, https:\/\/i0.wp.com\/www.tvturk.com\/wp-content\/uploads\/2019\/03\/cebeci-sehitliginde-gozyaslari-sel-oldu_c7f88eb.jpg?resize=80%2C55 80w\" width=\"160\" height=\"111\" loading=\"lazy\" data-original-width=\"160\" data-original-height=\"111\" itemprop=\"http:\/\/schema.org\/image\" title=\"Cebeci \u015fehitli\u011finde g\u00f6zya\u015flar\u0131 sel oldu\" alt=\"Cebeci \u015fehitli\u011finde g\u00f6zya\u015flar\u0131 sel oldu\" style=\"width: 160px; height: 111px;\" \/> <\/a> <\/div> <div class=\"tiled-gallery-item tiled-gallery-item-small\" itemprop=\"associatedMedia\" itemscope itemtype=\"http:\/\/schema.org\/ImageObject\"> <a href=\"http:\/\/www.tvturk.com\/index.php\/cebeci-sehitliginde-gozyaslari-sel-oldu\/cebeci-sehitliginde-gozyaslari-sel-oldu-14\/\" border=\"0\" itemprop=\"url\"> <meta itemprop=\"width\" content=\"160\"> <meta itemprop=\"height\" content=\"116\"> <img decoding=\"async\" class=\"\" data-attachment-id=\"99776\" data-orig-file=\"http:\/\/www.tvturk.com\/wp-content\/uploads\/2019\/03\/cebeci-sehitliginde-gozyaslari-sel-oldu_dbd66e7.jpg\" data-orig-size=\"1000,723\" data-comments-opened=\"\" data-image-meta=\"{&quot;aperture&quot;:&quot;0&quot;,&quot;credit&quot;:&quot;IHA&quot;,&quot;camera&quot;:&quot;&quot;,&quot;caption&quot;:&quot;ANKARA\\u2019DA 18 MART \\u00c7ANAKKELE DEN\\u0130Z ZAFER\\u0130 VE \\u015eEH\\u0130TLER\\u0130 ANMA G\\u00dcN\\u00dc\\u2019N\\u00dcN 104\\u2019\\u00dcNC\\u00dc YIL D\\u00d6N\\u00dcM\\u00dcNDE CEBEC\\u0130 ASKER\\u0130 \\u015eEH\\u0130TL\\u0130\\u011e\\u0130NDE D\\u00dcZENLENEN T\\u00d6RENDE G\\u00d6Z YA\\u015eLARI SEL OLDU. (\\u0130RFAN \\u00c7ALI\\u015eKAN\\\/ANKARA-\\u0130HA)&quot;,&quot;created_timestamp&quot;:&quot;0&quot;,&quot;copyright&quot;:&quot;\\u0130HLAS HABER AJANSI, www.iha.com.tr&quot;,&quot;focal_length&quot;:&quot;0&quot;,&quot;iso&quot;:&quot;0&quot;,&quot;shutter_speed&quot;:&quot;0&quot;,&quot;title&quot;:&quot;CEBEC\\u0130 \\u015eEH\\u0130TL\\u0130\\u011e\\u0130NDE G\\u00d6ZYA\\u015eLARI SEL OLDU \\u00c7ANAKKALE \\u015eEH\\u0130TLER\\u0130 CEBEC\\u0130 \\u015eEH\\u0130TL\\u0130\\u011e\\u0130NDE D\\u00dcZENLENEN T\\u00d6RENLE ANILDI&quot;,&quot;orientation&quot;:&quot;0&quot;}\" data-image-title=\"Cebeci \u015fehitli\u011finde g\u00f6zya\u015flar\u0131 sel oldu\" data-image-description=\"&lt;p&gt;Cebeci \u015fehitli\u011finde g\u00f6zya\u015flar\u0131 sel oldu&lt;\/p&gt; \" data-medium-file=\"https:\/\/i0.wp.com\/www.tvturk.com\/wp-content\/uploads\/2019\/03\/cebeci-sehitliginde-gozyaslari-sel-oldu_dbd66e7.jpg?fit=300%2C217\" data-large-file=\"https:\/\/i0.wp.com\/www.tvturk.com\/wp-content\/uploads\/2019\/03\/cebeci-sehitliginde-gozyaslari-sel-oldu_dbd66e7.jpg?fit=1000%2C723\" src=\"https:\/\/i0.wp.com\/www.tvturk.com\/wp-content\/uploads\/2019\/03\/cebeci-sehitliginde-gozyaslari-sel-oldu_dbd66e7.jpg?w=160&#038;h=116\" srcset=\"https:\/\/i0.wp.com\/www.tvturk.com\/wp-content\/uploads\/2019\/03\/cebeci-sehitliginde-gozyaslari-sel-oldu_dbd66e7.jpg?w=1000 1000w, https:\/\/i0.wp.com\/www.tvturk.com\/wp-content\/uploads\/2019\/03\/cebeci-sehitliginde-gozyaslari-sel-oldu_dbd66e7.jpg?resize=150%2C108 150w, https:\/\/i0.wp.com\/www.tvturk.com\/wp-content\/uploads\/2019\/03\/cebeci-sehitliginde-gozyaslari-sel-oldu_dbd66e7.jpg?resize=300%2C217 300w, https:\/\/i0.wp.com\/www.tvturk.com\/wp-content\/uploads\/2019\/03\/cebeci-sehitliginde-gozyaslari-sel-oldu_dbd66e7.jpg?resize=768%2C555 768w\" width=\"160\" height=\"116\" loading=\"lazy\" data-original-width=\"160\" data-original-height=\"116\" itemprop=\"http:\/\/schema.org\/image\" title=\"Cebeci \u015fehitli\u011finde g\u00f6zya\u015flar\u0131 sel oldu\" alt=\"Cebeci \u015fehitli\u011finde g\u00f6zya\u015flar\u0131 sel oldu\" style=\"width: 160px; height: 116px;\" \/> <\/a> <\/div> <\/div> <!-- close group --> <div class=\"gallery-group images-1\" style=\"width: 336px; height: 345px;\" data-original-width=\"336\" data-original-height=\"345\" > <div class=\"tiled-gallery-item tiled-gallery-item-large\" itemprop=\"associatedMedia\" itemscope itemtype=\"http:\/\/schema.org\/ImageObject\"> <a href=\"http:\/\/www.tvturk.com\/index.php\/cebeci-sehitliginde-gozyaslari-sel-oldu\/cebeci-sehitliginde-gozyaslari-sel-oldu-15\/\" border=\"0\" itemprop=\"url\"> <meta itemprop=\"width\" content=\"332\"> <meta itemprop=\"height\" content=\"341\"> <img decoding=\"async\" class=\"\" data-attachment-id=\"99777\" data-orig-file=\"http:\/\/www.tvturk.com\/wp-content\/uploads\/2019\/03\/cebeci-sehitliginde-gozyaslari-sel-oldu_3d99628.jpg\" data-orig-size=\"972,1000\" data-comments-opened=\"\" data-image-meta=\"{&quot;aperture&quot;:&quot;0&quot;,&quot;credit&quot;:&quot;IHA&quot;,&quot;camera&quot;:&quot;&quot;,&quot;caption&quot;:&quot;ANKARA\\u2019DA 18 MART \\u00c7ANAKKELE DEN\\u0130Z ZAFER\\u0130 VE \\u015eEH\\u0130TLER\\u0130 ANMA G\\u00dcN\\u00dc\\u2019N\\u00dcN 104\\u2019\\u00dcNC\\u00dc YIL D\\u00d6N\\u00dcM\\u00dcNDE CEBEC\\u0130 ASKER\\u0130 \\u015eEH\\u0130TL\\u0130\\u011e\\u0130NDE D\\u00dcZENLENEN T\\u00d6RENDE G\\u00d6Z YA\\u015eLARI SEL OLDU. (\\u0130RFAN \\u00c7ALI\\u015eKAN\\\/ANKARA-\\u0130HA)&quot;,&quot;created_timestamp&quot;:&quot;0&quot;,&quot;copyright&quot;:&quot;\\u0130HLAS HABER AJANSI, www.iha.com.tr&quot;,&quot;focal_length&quot;:&quot;0&quot;,&quot;iso&quot;:&quot;0&quot;,&quot;shutter_speed&quot;:&quot;0&quot;,&quot;title&quot;:&quot;CEBEC\\u0130 \\u015eEH\\u0130TL\\u0130\\u011e\\u0130NDE G\\u00d6ZYA\\u015eLARI SEL OLDU \\u00c7ANAKKALE \\u015eEH\\u0130TLER\\u0130 CEBEC\\u0130 \\u015eEH\\u0130TL\\u0130\\u011e\\u0130NDE D\\u00dcZENLENEN T\\u00d6RENLE ANILDI&quot;,&quot;orientation&quot;:&quot;0&quot;}\" data-image-title=\"Cebeci \u015fehitli\u011finde g\u00f6zya\u015flar\u0131 sel oldu\" data-image-description=\"&lt;p&gt;Cebeci \u015fehitli\u011finde g\u00f6zya\u015flar\u0131 sel oldu&lt;\/p&gt; \" data-medium-file=\"https:\/\/i0.wp.com\/www.tvturk.com\/wp-content\/uploads\/2019\/03\/cebeci-sehitliginde-gozyaslari-sel-oldu_3d99628.jpg?fit=292%2C300\" data-large-file=\"https:\/\/i0.wp.com\/www.tvturk.com\/wp-content\/uploads\/2019\/03\/cebeci-sehitliginde-gozyaslari-sel-oldu_3d99628.jpg?fit=972%2C1000\" src=\"https:\/\/i0.wp.com\/www.tvturk.com\/wp-content\/uploads\/2019\/03\/cebeci-sehitliginde-gozyaslari-sel-oldu_3d99628.jpg?w=332&#038;h=341\" srcset=\"https:\/\/i0.wp.com\/www.tvturk.com\/wp-content\/uploads\/2019\/03\/cebeci-sehitliginde-gozyaslari-sel-oldu_3d99628.jpg?w=972 972w, https:\/\/i0.wp.com\/www.tvturk.com\/wp-content\/uploads\/2019\/03\/cebeci-sehitliginde-gozyaslari-sel-oldu_3d99628.jpg?resize=146%2C150 146w, https:\/\/i0.wp.com\/www.tvturk.com\/wp-content\/uploads\/2019\/03\/cebeci-sehitliginde-gozyaslari-sel-oldu_3d99628.jpg?resize=292%2C300 292w, https:\/\/i0.wp.com\/www.tvturk.com\/wp-content\/uploads\/2019\/03\/cebeci-sehitliginde-gozyaslari-sel-oldu_3d99628.jpg?resize=768%2C790 768w\" width=\"332\" height=\"341\" loading=\"lazy\" data-original-width=\"332\" data-original-height=\"341\" itemprop=\"http:\/\/schema.org\/image\" title=\"Cebeci \u015fehitli\u011finde g\u00f6zya\u015flar\u0131 sel oldu\" alt=\"Cebeci \u015fehitli\u011finde g\u00f6zya\u015flar\u0131 sel oldu\" style=\"width: 332px; height: 341px;\" \/> <\/a> <\/div> <\/div> <!-- close group --> <\/div> <!-- close row --> <div class=\"gallery-row\" style=\"width: 500px; height: 749px;\" data-original-width=\"500\" data-original-height=\"749\" > <div class=\"gallery-group images-1\" style=\"width: 500px; height: 749px;\" data-original-width=\"500\" data-original-height=\"749\" > <div class=\"tiled-gallery-item tiled-gallery-item-large\" itemprop=\"associatedMedia\" itemscope itemtype=\"http:\/\/schema.org\/ImageObject\"> <a href=\"http:\/\/www.tvturk.com\/index.php\/cebeci-sehitliginde-gozyaslari-sel-oldu\/cebeci-sehitliginde-gozyaslari-sel-oldu-16\/\" border=\"0\" itemprop=\"url\"> <meta itemprop=\"width\" content=\"496\"> <meta itemprop=\"height\" content=\"745\"> <img decoding=\"async\" class=\"\" data-attachment-id=\"99778\" data-orig-file=\"http:\/\/www.tvturk.com\/wp-content\/uploads\/2019\/03\/cebeci-sehitliginde-gozyaslari-sel-oldu_042386b.jpg\" data-orig-size=\"666,1000\" data-comments-opened=\"\" data-image-meta=\"{&quot;aperture&quot;:&quot;0&quot;,&quot;credit&quot;:&quot;IHA&quot;,&quot;camera&quot;:&quot;&quot;,&quot;caption&quot;:&quot;ANKARA\\u2019DA 18 MART \\u00c7ANAKKELE DEN\\u0130Z ZAFER\\u0130 VE \\u015eEH\\u0130TLER\\u0130 ANMA G\\u00dcN\\u00dc\\u2019N\\u00dcN 104\\u2019\\u00dcNC\\u00dc YIL D\\u00d6N\\u00dcM\\u00dcNDE CEBEC\\u0130 ASKER\\u0130 \\u015eEH\\u0130TL\\u0130\\u011e\\u0130NDE D\\u00dcZENLENEN T\\u00d6RENDE G\\u00d6Z YA\\u015eLARI SEL OLDU. (\\u0130RFAN \\u00c7ALI\\u015eKAN\\\/ANKARA-\\u0130HA)&quot;,&quot;created_timestamp&quot;:&quot;0&quot;,&quot;copyright&quot;:&quot;\\u0130HLAS HABER AJANSI, www.iha.com.tr&quot;,&quot;focal_length&quot;:&quot;0&quot;,&quot;iso&quot;:&quot;0&quot;,&quot;shutter_speed&quot;:&quot;0&quot;,&quot;title&quot;:&quot;CEBEC\\u0130 \\u015eEH\\u0130TL\\u0130\\u011e\\u0130NDE G\\u00d6ZYA\\u015eLARI SEL OLDU \\u00c7ANAKKALE \\u015eEH\\u0130TLER\\u0130 CEBEC\\u0130 \\u015eEH\\u0130TL\\u0130\\u011e\\u0130NDE D\\u00dcZENLENEN T\\u00d6RENLE ANILDI&quot;,&quot;orientation&quot;:&quot;0&quot;}\" data-image-title=\"Cebeci \u015fehitli\u011finde g\u00f6zya\u015flar\u0131 sel oldu\" data-image-description=\"&lt;p&gt;Cebeci \u015fehitli\u011finde g\u00f6zya\u015flar\u0131 sel oldu&lt;\/p&gt; \" data-medium-file=\"https:\/\/i0.wp.com\/www.tvturk.com\/wp-content\/uploads\/2019\/03\/cebeci-sehitliginde-gozyaslari-sel-oldu_042386b.jpg?fit=200%2C300\" data-large-file=\"https:\/\/i0.wp.com\/www.tvturk.com\/wp-content\/uploads\/2019\/03\/cebeci-sehitliginde-gozyaslari-sel-oldu_042386b.jpg?fit=666%2C1000\" src=\"https:\/\/i0.wp.com\/www.tvturk.com\/wp-content\/uploads\/2019\/03\/cebeci-sehitliginde-gozyaslari-sel-oldu_042386b.jpg?w=496&#038;h=745\" srcset=\"https:\/\/i0.wp.com\/www.tvturk.com\/wp-content\/uploads\/2019\/03\/cebeci-sehitliginde-gozyaslari-sel-oldu_042386b.jpg?w=666 666w, https:\/\/i0.wp.com\/www.tvturk.com\/wp-content\/uploads\/2019\/03\/cebeci-sehitliginde-gozyaslari-sel-oldu_042386b.jpg?resize=100%2C150 100w, https:\/\/i0.wp.com\/www.tvturk.com\/wp-content\/uploads\/2019\/03\/cebeci-sehitliginde-gozyaslari-sel-oldu_042386b.jpg?resize=200%2C300 200w\" width=\"496\" height=\"745\" loading=\"lazy\" data-original-width=\"496\" data-original-height=\"745\" itemprop=\"http:\/\/schema.org\/image\" title=\"Cebeci \u015fehitli\u011finde g\u00f6zya\u015flar\u0131 sel oldu\" alt=\"Cebeci \u015fehitli\u011finde g\u00f6zya\u015flar\u0131 sel oldu\" style=\"width: 496px; height: 745px;\" \/> <\/a> <\/div> <\/div> <!-- close group --> <\/div> <!-- close row --> <\/div><\/p>\n","protected":false},"excerpt":{"rendered":"<p>ANKARA\u2019DA 18 MART \u00c7ANAKKELE DEN\u0130Z ZAFER\u0130 VE \u015eEH\u0130TLER\u0130 ANMA G\u00dcN\u00dc\u2019N\u00dcN  104\u2019\u00dcNC\u00dc YIL D\u00d6N\u00dcM\u00dcNDE CEBEC\u0130 ASKER\u0130 \u015eEH\u0130TL\u0130\u011e\u0130NDE D\u00dcZENLENEN T\u00d6RENDE G\u00d6Z YA\u015eLARI SEL OLDU.<\/p>\n","protected":false},"author":1,"featured_media":99764,"comment_status":"closed","ping_status":"open","sticky":false,"template":"","format":"standard","meta":{"jetpack_post_was_ever_published":false,"_jetpack_newsletter_access":"","_jetpack_dont_email_post_to_subs":false,"_jetpack_newsletter_tier_id":0,"_jetpack_memberships_contains_paywalled_content":false,"_jetpack_memberships_contains_paid_content":false,"footnotes":"","jetpack_publicize_message":"","jetpack_publicize_feature_enabled":true,"jetpack_social_post_already_shared":true,"jetpack_social_options":{"image_generator_settings":{"template":"highway","default_image_id":0,"font":"","enabled":false},"version":2}},"categories":[655],"tags":[695,25831,5268,77,25787],"class_list":["post-99763","post","type-post","status-publish","format-standard","has-post-thumbnail","hentry","category-son-dakika","tag-sel","tag-cebeci","tag-gozyaslari","tag-oldu","tag-sehitliginde"],"jetpack_publicize_connections":[],"jetpack_featured_media_url":"https:\/\/i0.wp.com\/www.tvturk.com\/wp-content\/uploads\/2019\/03\/cebeci-sehitliginde-gozyaslari-sel-oldu_8950313.jpg?fit=1000%2C727","jetpack_sharing_enabled":true,"jetpack_shortlink":"https:\/\/wp.me\/paKIfm-pX5","_links":{"self":[{"href":"http:\/\/www.tvturk.com\/index.php\/wp-json\/wp\/v2\/posts\/99763","targetHints":{"allow":["GET"]}}],"collection":[{"href":"http:\/\/www.tvturk.com\/index.php\/wp-json\/wp\/v2\/posts"}],"about":[{"href":"http:\/\/www.tvturk.com\/index.php\/wp-json\/wp\/v2\/types\/post"}],"author":[{"embeddable":true,"href":"http:\/\/www.tvturk.com\/index.php\/wp-json\/wp\/v2\/users\/1"}],"replies":[{"embeddable":true,"href":"http:\/\/www.tvturk.com\/index.php\/wp-json\/wp\/v2\/comments?post=99763"}],"version-history":[{"count":1,"href":"http:\/\/www.tvturk.com\/index.php\/wp-json\/wp\/v2\/posts\/99763\/revisions"}],"predecessor-version":[{"id":99779,"href":"http:\/\/www.tvturk.com\/index.php\/wp-json\/wp\/v2\/posts\/99763\/revisions\/99779"}],"wp:featuredmedia":[{"embeddable":true,"href":"http:\/\/www.tvturk.com\/index.php\/wp-json\/wp\/v2\/media\/99764"}],"wp:attachment":[{"href":"http:\/\/www.tvturk.com\/index.php\/wp-json\/wp\/v2\/media?parent=99763"}],"wp:term":[{"taxonomy":"category","embeddable":true,"href":"http:\/\/www.tvturk.com\/index.php\/wp-json\/wp\/v2\/categories?post=99763"},{"taxonomy":"post_tag","embeddable":true,"href":"http:\/\/www.tvturk.com\/index.php\/wp-json\/wp\/v2\/tags?post=99763"}],"curies":[{"name":"wp","href":"https:\/\/api.w.org\/{rel}","templated":true}]}}