{"id":99792,"date":"2019-03-18T14:38:59","date_gmt":"2019-03-18T11:38:59","guid":{"rendered":"http:\/\/www.tvturk.com\/index.php\/teslim-olan-teroristlerden-carpici-itiraflar\/"},"modified":"2019-03-18T14:38:59","modified_gmt":"2019-03-18T11:38:59","slug":"teslim-olan-teroristlerden-carpici-itiraflar","status":"publish","type":"post","link":"http:\/\/www.tvturk.com\/index.php\/teslim-olan-teroristlerden-carpici-itiraflar\/","title":{"rendered":"Teslim olan ter\u00f6ristlerden \u00e7arp\u0131c\u0131 itiraflar"},"content":{"rendered":"<p>G\u00fcvenlik kaynaklar\u0131, teslim olan ter\u00f6ristlerin ifadelerinde; ter\u00f6r \u00f6rg\u00fct\u00fcndeki \u00e7\u0131kar kavgalar\u0131, yoz ili\u015fkiler ve \u00f6rg\u00fctteki \u00e7\u00f6z\u00fclme ile ka\u00e7\u0131\u015f oranlar\u0131ndaki art\u0131\u015f\u0131n s\u0131kl\u0131kla belirtildi\u011fini bildirdi.<\/p>\n<p>Teslim olan E.A. adl\u0131 ter\u00f6ristin, ifadesinde; \u00f6rg\u00fcte erkek arkada\u015f\u0131n\u0131n etkisiyle kat\u0131ld\u0131\u011f\u0131n\u0131, Irak kuzeyindeki kamplarda bir s\u00fcre e\u011fitim ald\u0131\u011f\u0131n\u0131 ve sonradan di\u011fer b\u00f6lgelere g\u00f6nderildi\u011fini, bu s\u00fcre i\u00e7inde g\u00f6rd\u00fckleri ve ya\u015fad\u0131klar\u0131ndan dolay\u0131  pi\u015fmanl\u0131k duydu\u011funu ve ka\u00e7arak teslim oldu\u011funu s\u00f6yledi\u011fi \u00f6\u011frenildi.<\/p>\n<p>\u00c7arp\u0131k ili\u015fkiler ve \u00f6rg\u00fctten ka\u00e7\u0131\u015flarda art\u0131\u015f had safhada<\/p>\n<p>Ter\u00f6ristin ifadesinde, \u00f6rg\u00fct i\u00e7erisindeki huzursuzluk ve g\u00fcvensizlik ortam\u0131n\u0131n s\u00fcrekli artt\u0131\u011f\u0131n\u0131, homoseks\u00fcel, \u00e7arp\u0131k ve yoz ili\u015fkilerin \u00e7ok yayg\u0131n hale geldi\u011fini, \u00fcst d\u00fczey \u00f6rg\u00fct mensuplar\u0131n\u0131n hi\u00e7bir yasa\u011f\u0131 tan\u0131mad\u0131\u011f\u0131n\u0131, buna kar\u015f\u0131 yasa\u011fa uymayan alt d\u00fczeydeki \u00f6rg\u00fct mensuplar\u0131na ise i\u015fkence uyguland\u0131\u011f\u0131n\u0131, i\u015fkence ve tecav\u00fczler nedeniyle \u00f6rg\u00fctten ka\u00e7anlar\u0131n ve ka\u00e7mak isteyenlerin artt\u0131\u011f\u0131n\u0131, ka\u00e7amayanlar aras\u0131nda ise intihar edenlerin say\u0131s\u0131n\u0131n her ge\u00e7en g\u00fcn y\u00fckseldi\u011fini belirtti\u011fi \u00f6\u011frenildi.<\/p>\n","protected":false},"excerpt":{"rendered":"<p>G\u00dcVENL\u0130K KAYNAKLARINCA, TESL\u0130M OLAN TER\u00d6R\u0130STLER\u0130N \u0130FADELER\u0130NDE; TER\u00d6R \u00d6RG\u00dcT\u00dcNDEK\u0130 \u00c7IKAR KAVGALARI, YOZ \u0130L\u0130\u015eK\u0130LER VE \u00d6RG\u00dcTTEK\u0130 \u00c7\u00d6Z\u00dcLME \u0130LE KA\u00c7I\u015e ORANLARINDAK\u0130 ARTI\u015eIN SIKLIKLA  BEL\u0130RT\u0130LD\u0130\u011e\u0130 B\u0130LD\u0130R\u0130LD\u0130.<\/p>\n","protected":false},"author":1,"featured_media":99793,"comment_status":"closed","ping_status":"open","sticky":false,"template":"","format":"standard","meta":{"jetpack_post_was_ever_published":false,"_jetpack_newsletter_access":"","_jetpack_dont_email_post_to_subs":false,"_jetpack_newsletter_tier_id":0,"_jetpack_memberships_contains_paywalled_content":false,"_jetpack_memberships_contains_paid_content":false,"footnotes":"","jetpack_publicize_message":"","jetpack_publicize_feature_enabled":true,"jetpack_social_post_already_shared":true,"jetpack_social_options":{"image_generator_settings":{"template":"highway","default_image_id":0,"font":"","enabled":false},"version":2}},"categories":[655],"tags":[17863,25834,572,14918,169],"class_list":["post-99792","post","type-post","status-publish","format-standard","has-post-thumbnail","hentry","category-son-dakika","tag-carpici","tag-itiraflar","tag-olan","tag-teroristlerden","tag-teslim"],"jetpack_publicize_connections":[],"jetpack_featured_media_url":"https:\/\/i0.wp.com\/www.tvturk.com\/wp-content\/uploads\/2019\/03\/teslim-olan-teroristlerden-carpici-itiraflar_e18e31c.jpg?fit=687%2C500","jetpack_sharing_enabled":true,"jetpack_shortlink":"https:\/\/wp.me\/paKIfm-pXy","_links":{"self":[{"href":"http:\/\/www.tvturk.com\/index.php\/wp-json\/wp\/v2\/posts\/99792","targetHints":{"allow":["GET"]}}],"collection":[{"href":"http:\/\/www.tvturk.com\/index.php\/wp-json\/wp\/v2\/posts"}],"about":[{"href":"http:\/\/www.tvturk.com\/index.php\/wp-json\/wp\/v2\/types\/post"}],"author":[{"embeddable":true,"href":"http:\/\/www.tvturk.com\/index.php\/wp-json\/wp\/v2\/users\/1"}],"replies":[{"embeddable":true,"href":"http:\/\/www.tvturk.com\/index.php\/wp-json\/wp\/v2\/comments?post=99792"}],"version-history":[{"count":0,"href":"http:\/\/www.tvturk.com\/index.php\/wp-json\/wp\/v2\/posts\/99792\/revisions"}],"wp:featuredmedia":[{"embeddable":true,"href":"http:\/\/www.tvturk.com\/index.php\/wp-json\/wp\/v2\/media\/99793"}],"wp:attachment":[{"href":"http:\/\/www.tvturk.com\/index.php\/wp-json\/wp\/v2\/media?parent=99792"}],"wp:term":[{"taxonomy":"category","embeddable":true,"href":"http:\/\/www.tvturk.com\/index.php\/wp-json\/wp\/v2\/categories?post=99792"},{"taxonomy":"post_tag","embeddable":true,"href":"http:\/\/www.tvturk.com\/index.php\/wp-json\/wp\/v2\/tags?post=99792"}],"curies":[{"name":"wp","href":"https:\/\/api.w.org\/{rel}","templated":true}]}}