{"id":99831,"date":"2019-03-18T14:48:43","date_gmt":"2019-03-18T11:48:43","guid":{"rendered":"http:\/\/www.tvturk.com\/index.php\/odullu-piyanist-tofig-shikhiyev-urfa-divanini-piyano-ile-icra-etti\/"},"modified":"2019-03-18T14:48:46","modified_gmt":"2019-03-18T11:48:46","slug":"odullu-piyanist-tofig-shikhiyev-urfa-divanini-piyano-ile-icra-etti","status":"publish","type":"post","link":"http:\/\/www.tvturk.com\/index.php\/odullu-piyanist-tofig-shikhiyev-urfa-divanini-piyano-ile-icra-etti\/","title":{"rendered":"\u00d6d\u00fcll\u00fc piyanist Tofig Shikhiyev \u2019Urfa Divan\u0131\u2019n\u0131 piyano ile icra etti"},"content":{"rendered":"<p>\u00d6d\u00fcll\u00fc piyanist Tofig Shikhiyev, \u015eanl\u0131urfa B\u00fcy\u00fck\u015fehir Belediyesi K\u00fclt\u00fcr ve Turizm Daire Ba\u015fkanl\u0131\u011f\u0131 Konservatuvar \u015eube M\u00fcd\u00fcrl\u00fc\u011f\u00fc taraf\u0131ndan d\u00fczenlenen \u2019Piyano G\u00fcnleri\u2019 kapsam\u0131nda unutulmaz bir konser verdi. Shikhiyev konserde \u2019Urfa Divan\u0131\u2019n\u0131 piyano ile icra etti<\/p>\n<p>\u015eanl\u0131urfa B\u00fcy\u00fck\u015fehir Belediyesi K\u00fclt\u00fcr ve Turizm Daire Ba\u015fkanl\u0131\u011f\u0131 Konservatuvar \u015eube M\u00fcd\u00fcrl\u00fc\u011f\u00fc taraf\u0131ndan d\u00fczenlenen \u2019Piyano G\u00fcnleri\u2019 etkinlikleri kapsam\u0131nda, \u00f6d\u00fcll\u00fc piyanist Tofig Shikhiyev \u015eanl\u0131urfa\u2019da konser d\u00fczenledi. Vali Kemalettin Gazezo\u011flu K\u00fclt\u00fcr Merkezinde ger\u00e7ekle\u015ftirilen konsere sanatseverler b\u00fcy\u00fck ilgi g\u00f6sterdi. Sahneye \u00e7\u0131kan \u00f6d\u00fcll\u00fc piyanist Tofig Shikhiyev, birbirinden g\u00fczel eserleri icra ederken, izleyicilere unutulmaz bir m\u00fczik ziyafeti sundu. Shikhiyev konser sonunda davetlilere s\u00fcrpriz yaparak, Urfa Divan\u0131\u2019n\u0131 ilk kez piyanoyla icra etti ve uzun s\u00fcre ayakta alk\u0131\u015fland\u0131.<\/p>\n<p>Piyanist Tofig Shikhiyev, \u015eanl\u0131urfa B\u00fcy\u00fck\u015fehir Belediyesinin davetlisi olarak \u015eanl\u0131urfa\u2019da bulunmaktan b\u00fcy\u00fck mutluluk duydu\u011funu ifade etti. Shikhiyev, &#8220;K\u00f6kleri tarihin en derinlerine kadar dayanan b\u00f6ylesine bir \u015fehirde ve yine b\u00f6ylesine tarihi bir mekanda konser vermek benim i\u00e7in \u00e7ok g\u00fczeldi. Eme\u011fi ge\u00e7enlere te\u015fekk\u00fcr ediyorum&#8221; diye konu\u015ftu.<div class=\"tiled-gallery type-rectangular tiled-gallery-unresized\" data-original-width=\"500\" data-carousel-extra='null' itemscope itemtype=\"http:\/\/schema.org\/ImageGallery\" > <div class=\"gallery-row\" style=\"width: 500px; height: 196px;\" data-original-width=\"500\" data-original-height=\"196\" > <div class=\"gallery-group images-1\" style=\"width: 268px; height: 196px;\" data-original-width=\"268\" data-original-height=\"196\" > <div class=\"tiled-gallery-item tiled-gallery-item-large\" itemprop=\"associatedMedia\" itemscope itemtype=\"http:\/\/schema.org\/ImageObject\"> <a href=\"http:\/\/www.tvturk.com\/index.php\/odullu-piyanist-tofig-shikhiyev-urfa-divanini-piyano-ile-icra-etti\/odullu-piyanist-tofig-shikhiyev-urfa-divanini-piyano-ile-icra-etti-3\/\" border=\"0\" itemprop=\"url\"> <meta itemprop=\"width\" content=\"264\"> <meta itemprop=\"height\" content=\"192\"> <img decoding=\"async\" class=\"\" data-attachment-id=\"99833\" data-orig-file=\"http:\/\/www.tvturk.com\/wp-content\/uploads\/2019\/03\/odullu-piyanist-tofig-shikhiyev-urfa-divanini-piyano-ile-icra-etti_ab37c30.jpg\" data-orig-size=\"1000,728\" data-comments-opened=\"\" data-image-meta=\"{&quot;aperture&quot;:&quot;0&quot;,&quot;credit&quot;:&quot;IHA&quot;,&quot;camera&quot;:&quot;&quot;,&quot;caption&quot;:&quot;\\u00d6D\\u00dcLL\\u00dc P\\u0130YAN\\u0130ST TOF\\u0130G SH\\u0130KH\\u0130YEV URFA D\\u0130VANINI P\\u0130YANO \\u0130LE SERG\\u0130LED\\u0130 (SOLDA) (\\u0130HA\\\/\\u015eANLIURFA-\\u0130HA)&quot;,&quot;created_timestamp&quot;:&quot;0&quot;,&quot;copyright&quot;:&quot;\\u0130HLAS HABER AJANSI, www.iha.com.tr&quot;,&quot;focal_length&quot;:&quot;0&quot;,&quot;iso&quot;:&quot;0&quot;,&quot;shutter_speed&quot;:&quot;0&quot;,&quot;title&quot;:&quot;\\u00d6D\\u00dcLL\\u00dc P\\u0130YAN\\u0130ST TOF\\u0130G SH\\u0130KH\\u0130YEV \\u0027URFA D\\u0130VANI\\u0027NI P\\u0130YANO \\u0130LE \\u0130CRA ETT\\u0130 URFA D\\u0130VANI \\u0130LK KEZ P\\u0130YANOYLA \\u0130CRA ED\\u0130LD\\u0130&quot;,&quot;orientation&quot;:&quot;0&quot;}\" data-image-title=\"\u00d6d\u00fcll\u00fc piyanist Tofig Shikhiyev \u2019Urfa Divan\u0131\u2019n\u0131 piyano ile icra etti\" data-image-description=\"&lt;p&gt;\u00d6d\u00fcll\u00fc piyanist Tofig Shikhiyev \u2019Urfa Divan\u0131\u2019n\u0131 piyano ile icra etti&lt;\/p&gt; \" data-medium-file=\"https:\/\/i0.wp.com\/www.tvturk.com\/wp-content\/uploads\/2019\/03\/odullu-piyanist-tofig-shikhiyev-urfa-divanini-piyano-ile-icra-etti_ab37c30.jpg?fit=300%2C218\" data-large-file=\"https:\/\/i0.wp.com\/www.tvturk.com\/wp-content\/uploads\/2019\/03\/odullu-piyanist-tofig-shikhiyev-urfa-divanini-piyano-ile-icra-etti_ab37c30.jpg?fit=1000%2C728\" src=\"https:\/\/i0.wp.com\/www.tvturk.com\/wp-content\/uploads\/2019\/03\/odullu-piyanist-tofig-shikhiyev-urfa-divanini-piyano-ile-icra-etti_ab37c30.jpg?w=264&#038;h=192\" srcset=\"https:\/\/i0.wp.com\/www.tvturk.com\/wp-content\/uploads\/2019\/03\/odullu-piyanist-tofig-shikhiyev-urfa-divanini-piyano-ile-icra-etti_ab37c30.jpg?w=1000 1000w, https:\/\/i0.wp.com\/www.tvturk.com\/wp-content\/uploads\/2019\/03\/odullu-piyanist-tofig-shikhiyev-urfa-divanini-piyano-ile-icra-etti_ab37c30.jpg?resize=150%2C109 150w, https:\/\/i0.wp.com\/www.tvturk.com\/wp-content\/uploads\/2019\/03\/odullu-piyanist-tofig-shikhiyev-urfa-divanini-piyano-ile-icra-etti_ab37c30.jpg?resize=300%2C218 300w, https:\/\/i0.wp.com\/www.tvturk.com\/wp-content\/uploads\/2019\/03\/odullu-piyanist-tofig-shikhiyev-urfa-divanini-piyano-ile-icra-etti_ab37c30.jpg?resize=768%2C559 768w\" width=\"264\" height=\"192\" loading=\"lazy\" data-original-width=\"264\" data-original-height=\"192\" itemprop=\"http:\/\/schema.org\/image\" title=\"\u00d6d\u00fcll\u00fc piyanist Tofig Shikhiyev \u2019Urfa Divan\u0131\u2019n\u0131 piyano ile icra etti\" alt=\"\u00d6d\u00fcll\u00fc piyanist Tofig Shikhiyev \u2019Urfa Divan\u0131\u2019n\u0131 piyano ile icra etti\" style=\"width: 264px; height: 192px;\" \/> <\/a> <\/div> <\/div> <!-- close group --> <div class=\"gallery-group images-1\" style=\"width: 232px; height: 196px;\" data-original-width=\"232\" data-original-height=\"196\" > <div class=\"tiled-gallery-item tiled-gallery-item-small\" itemprop=\"associatedMedia\" itemscope itemtype=\"http:\/\/schema.org\/ImageObject\"> <a href=\"http:\/\/www.tvturk.com\/index.php\/odullu-piyanist-tofig-shikhiyev-urfa-divanini-piyano-ile-icra-etti\/odullu-piyanist-tofig-shikhiyev-urfa-divanini-piyano-ile-icra-etti-4\/\" border=\"0\" itemprop=\"url\"> <meta itemprop=\"width\" content=\"228\"> <meta itemprop=\"height\" content=\"192\"> <img decoding=\"async\" class=\"\" data-attachment-id=\"99834\" data-orig-file=\"http:\/\/www.tvturk.com\/wp-content\/uploads\/2019\/03\/odullu-piyanist-tofig-shikhiyev-urfa-divanini-piyano-ile-icra-etti_66600c3.jpg\" data-orig-size=\"1000,843\" data-comments-opened=\"\" data-image-meta=\"{&quot;aperture&quot;:&quot;0&quot;,&quot;credit&quot;:&quot;IHA&quot;,&quot;camera&quot;:&quot;&quot;,&quot;caption&quot;:&quot;\\u00d6D\\u00dcLL\\u00dc P\\u0130YAN\\u0130ST TOF\\u0130G SH\\u0130KH\\u0130YEV URFA D\\u0130VANINI P\\u0130YANO \\u0130LE SERG\\u0130LED\\u0130 (\\u0130HA\\\/\\u015eANLIURFA-\\u0130HA)&quot;,&quot;created_timestamp&quot;:&quot;0&quot;,&quot;copyright&quot;:&quot;\\u0130HLAS HABER AJANSI, www.iha.com.tr&quot;,&quot;focal_length&quot;:&quot;0&quot;,&quot;iso&quot;:&quot;0&quot;,&quot;shutter_speed&quot;:&quot;0&quot;,&quot;title&quot;:&quot;\\u00d6D\\u00dcLL\\u00dc P\\u0130YAN\\u0130ST TOF\\u0130G SH\\u0130KH\\u0130YEV \\u0027URFA D\\u0130VANI\\u0027NI P\\u0130YANO \\u0130LE \\u0130CRA ETT\\u0130 URFA D\\u0130VANI \\u0130LK KEZ P\\u0130YANOYLA \\u0130CRA ED\\u0130LD\\u0130&quot;,&quot;orientation&quot;:&quot;0&quot;}\" data-image-title=\"\u00d6d\u00fcll\u00fc piyanist Tofig Shikhiyev \u2019Urfa Divan\u0131\u2019n\u0131 piyano ile icra etti\" data-image-description=\"&lt;p&gt;\u00d6d\u00fcll\u00fc piyanist Tofig Shikhiyev \u2019Urfa Divan\u0131\u2019n\u0131 piyano ile icra etti&lt;\/p&gt; \" data-medium-file=\"https:\/\/i0.wp.com\/www.tvturk.com\/wp-content\/uploads\/2019\/03\/odullu-piyanist-tofig-shikhiyev-urfa-divanini-piyano-ile-icra-etti_66600c3.jpg?fit=300%2C253\" data-large-file=\"https:\/\/i0.wp.com\/www.tvturk.com\/wp-content\/uploads\/2019\/03\/odullu-piyanist-tofig-shikhiyev-urfa-divanini-piyano-ile-icra-etti_66600c3.jpg?fit=1000%2C843\" src=\"https:\/\/i0.wp.com\/www.tvturk.com\/wp-content\/uploads\/2019\/03\/odullu-piyanist-tofig-shikhiyev-urfa-divanini-piyano-ile-icra-etti_66600c3.jpg?w=228&#038;h=192\" srcset=\"https:\/\/i0.wp.com\/www.tvturk.com\/wp-content\/uploads\/2019\/03\/odullu-piyanist-tofig-shikhiyev-urfa-divanini-piyano-ile-icra-etti_66600c3.jpg?w=1000 1000w, https:\/\/i0.wp.com\/www.tvturk.com\/wp-content\/uploads\/2019\/03\/odullu-piyanist-tofig-shikhiyev-urfa-divanini-piyano-ile-icra-etti_66600c3.jpg?resize=150%2C126 150w, https:\/\/i0.wp.com\/www.tvturk.com\/wp-content\/uploads\/2019\/03\/odullu-piyanist-tofig-shikhiyev-urfa-divanini-piyano-ile-icra-etti_66600c3.jpg?resize=300%2C253 300w, https:\/\/i0.wp.com\/www.tvturk.com\/wp-content\/uploads\/2019\/03\/odullu-piyanist-tofig-shikhiyev-urfa-divanini-piyano-ile-icra-etti_66600c3.jpg?resize=768%2C647 768w\" width=\"228\" height=\"192\" loading=\"lazy\" data-original-width=\"228\" data-original-height=\"192\" itemprop=\"http:\/\/schema.org\/image\" title=\"\u00d6d\u00fcll\u00fc piyanist Tofig Shikhiyev \u2019Urfa Divan\u0131\u2019n\u0131 piyano ile icra etti\" alt=\"\u00d6d\u00fcll\u00fc piyanist Tofig Shikhiyev \u2019Urfa Divan\u0131\u2019n\u0131 piyano ile icra etti\" style=\"width: 228px; height: 192px;\" \/> <\/a> <\/div> <\/div> <!-- close group --> <\/div> <!-- close row --> <\/div><\/p>\n","protected":false},"excerpt":{"rendered":"<p>\u00d6D\u00dcLL\u00dc P\u0130YAN\u0130ST TOF\u0130G SH\u0130KH\u0130YEV URFA D\u0130VANINI P\u0130YANO \u0130LE SERG\u0130LED\u0130<\/p>\n","protected":false},"author":1,"featured_media":99832,"comment_status":"closed","ping_status":"open","sticky":false,"template":"","format":"standard","meta":{"jetpack_post_was_ever_published":false,"_jetpack_newsletter_access":"","_jetpack_dont_email_post_to_subs":false,"_jetpack_newsletter_tier_id":0,"_jetpack_memberships_contains_paywalled_content":false,"_jetpack_memberships_contains_paid_content":false,"footnotes":"","jetpack_publicize_message":"","jetpack_publicize_feature_enabled":true,"jetpack_social_post_already_shared":true,"jetpack_social_options":{"image_generator_settings":{"template":"highway","default_image_id":0,"font":"","enabled":false},"version":2}},"categories":[656],"tags":[25845,25846,207,4361,192,5777,25842,3994,25844,25843],"class_list":["post-99831","post","type-post","status-publish","format-standard","has-post-thumbnail","hentry","category-kultur-sanat","tag-urfa","tag-divanini","tag-etti","tag-icra","tag-ile","tag-odullu","tag-piyanist","tag-piyano","tag-shikhiyev","tag-tofig"],"jetpack_publicize_connections":[],"jetpack_featured_media_url":"https:\/\/i0.wp.com\/www.tvturk.com\/wp-content\/uploads\/2019\/03\/odullu-piyanist-tofig-shikhiyev-urfa-divanini-piyano-ile-icra-etti_9c9737c.jpg?fit=1000%2C636","jetpack_sharing_enabled":true,"jetpack_shortlink":"https:\/\/wp.me\/paKIfm-pYb","_links":{"self":[{"href":"http:\/\/www.tvturk.com\/index.php\/wp-json\/wp\/v2\/posts\/99831","targetHints":{"allow":["GET"]}}],"collection":[{"href":"http:\/\/www.tvturk.com\/index.php\/wp-json\/wp\/v2\/posts"}],"about":[{"href":"http:\/\/www.tvturk.com\/index.php\/wp-json\/wp\/v2\/types\/post"}],"author":[{"embeddable":true,"href":"http:\/\/www.tvturk.com\/index.php\/wp-json\/wp\/v2\/users\/1"}],"replies":[{"embeddable":true,"href":"http:\/\/www.tvturk.com\/index.php\/wp-json\/wp\/v2\/comments?post=99831"}],"version-history":[{"count":1,"href":"http:\/\/www.tvturk.com\/index.php\/wp-json\/wp\/v2\/posts\/99831\/revisions"}],"predecessor-version":[{"id":99835,"href":"http:\/\/www.tvturk.com\/index.php\/wp-json\/wp\/v2\/posts\/99831\/revisions\/99835"}],"wp:featuredmedia":[{"embeddable":true,"href":"http:\/\/www.tvturk.com\/index.php\/wp-json\/wp\/v2\/media\/99832"}],"wp:attachment":[{"href":"http:\/\/www.tvturk.com\/index.php\/wp-json\/wp\/v2\/media?parent=99831"}],"wp:term":[{"taxonomy":"category","embeddable":true,"href":"http:\/\/www.tvturk.com\/index.php\/wp-json\/wp\/v2\/categories?post=99831"},{"taxonomy":"post_tag","embeddable":true,"href":"http:\/\/www.tvturk.com\/index.php\/wp-json\/wp\/v2\/tags?post=99831"}],"curies":[{"name":"wp","href":"https:\/\/api.w.org\/{rel}","templated":true}]}}